{"id":169953,"date":"2020-11-02T05:52:19","date_gmt":"2020-11-02T04:52:19","guid":{"rendered":"https:\/\/www.radiopiu.net\/wordpress\/?p=169953"},"modified":"2020-11-02T06:00:21","modified_gmt":"2020-11-02T05:00:21","slug":"covid-in-provincia-2-decessi-nelle-ultime-24-ore-72-positivi-pazienti-in-ospedale-97","status":"publish","type":"post","link":"https:\/\/www.radiopiu.net\/wordpress\/covid-in-provincia-2-decessi-nelle-ultime-24-ore-72-positivi-pazienti-in-ospedale-97\/","title":{"rendered":"COVID IN PROVINCIA: 2 DECESSI NELLE ULTIME 24 ORE, +72 POSITIVI, PAZIENTI IN OSPEDALE 97"},"content":{"rendered":"<p><strong>BELLUNO<\/strong> Due decessi nelle ultime 24 ore, \u00a0una paziente covid positiva di 87 anni ricoverata in Geriatria Covid a Belluno e un paziente covid positivo di anni 99 ricoverato in Pneumologia Covid a Feltre.<\/p>\n<p><strong>SITUAZIONE EPIDEMIOLOGICA:<\/strong> Attualmente positivi in provincia 1933, nelle ultime 24 ore +72. RICOVERI San Martino Belluno 52, in terapia intensiva 4. Santa Maria del Prato Feltre 20, terapia intensiva 0.\u00a0 Ospedale di Comunit\u00e0 di Alano 5, Ospedale di Comunit\u00e0 di Feltre 12, Ospedale di Comunit\u00e0 di Agordo 4.<\/p>\n<p><strong>DIPARTMENTO PREVENZIONE <\/strong><span style=\"font-size: medium;\">Da domani <\/span><span style=\"font-size: medium;\">i drive-in tamponi con accesso libero di Tai di Cadore e Agordo anticipano l\u2019orario di attivit\u00e0 per consentire di sfruttare al meglio le ore di luce. <\/span><span style=\"font-size: medium;\">In particolare, da luned\u00ec 2 novembre saranno operativi: <\/span><span style=\"font-size: medium;\">Covid point<\/span><span style=\"font-size: medium;\"> Tai di Cadore<\/span><span style=\"font-size: medium;\"> \u2013 P.le Dolomiti: dal luned\u00ec al sabato <\/span><span style=\"font-size: medium;\">dalle 15.00 alle 17.00 <\/span><span style=\"font-size: medium;\">Covid point<\/span><span style=\"font-size: medium;\"> Agordo <\/span><span style=\"font-size: medium;\">\u2013 P.le Tamonich: luned\u00ec, mercoled\u00ec e venerd\u00ec <\/span><span style=\"font-size: medium;\">dalle 15.00 alle 17.00. <\/span><span style=\"font-size: medium;\">Alla luce di alcuni momenti critici nelle ore di punta, con code e disagi di accesso specie al drive-in di Belluno \u2013Sagrogna,<\/span><b> <\/b><span style=\"font-size: medium;\">si<\/span><b> <\/b><span style=\"font-size: medium;\">segnala la possibilit\u00e0 di usufruire del drive-in tamponi serale e notturno attivo dalle 19.00 alle 7.00, nell\u2019area dedicata dell\u2019Ospedale San Martino di Belluno.<\/span><\/p>\n","protected":false},"excerpt":{"rendered":"<p>BELLUNO Due decessi nelle ultime 24 ore, \u00a0una paziente covid positiva di 87 anni ricoverata in Geriatria Covid a Belluno e un paziente covid positivo di anni 99 ricoverato in Pneumologia Covid a Feltre. SITUAZIONE EPIDEMIOLOGICA: Attualmente positivi in provincia 1933, nelle ultime 24 ore +72. RICOVERI San Martino Belluno 52, in terapia intensiva 4.&hellip;<\/p>\n","protected":false},"author":4,"featured_media":121260,"comment_status":"closed","ping_status":"closed","sticky":false,"template":"","format":"standard","meta":{"_monsterinsights_skip_tracking":false,"_monsterinsights_sitenote_active":false,"_monsterinsights_sitenote_note":"","_monsterinsights_sitenote_category":0,"footnotes":""},"categories":[51,49],"tags":[],"class_list":["post-169953","post","type-post","status-publish","format-standard","has-post-thumbnail","hentry","category-evidenza-top","category-news-18","category-51","category-49","description-off"],"img_url":"https:\/\/www.radiopiu.net\/wordpress\/wp-content\/uploads\/2020\/03\/covid-ulss.jpg","_links":{"self":[{"href":"https:\/\/www.radiopiu.net\/wordpress\/wp-json\/wp\/v2\/posts\/169953","targetHints":{"allow":["GET"]}}],"collection":[{"href":"https:\/\/www.radiopiu.net\/wordpress\/wp-json\/wp\/v2\/posts"}],"about":[{"href":"https:\/\/www.radiopiu.net\/wordpress\/wp-json\/wp\/v2\/types\/post"}],"author":[{"embeddable":true,"href":"https:\/\/www.radiopiu.net\/wordpress\/wp-json\/wp\/v2\/users\/4"}],"replies":[{"embeddable":true,"href":"https:\/\/www.radiopiu.net\/wordpress\/wp-json\/wp\/v2\/comments?post=169953"}],"version-history":[{"count":0,"href":"https:\/\/www.radiopiu.net\/wordpress\/wp-json\/wp\/v2\/posts\/169953\/revisions"}],"wp:featuredmedia":[{"embeddable":true,"href":"https:\/\/www.radiopiu.net\/wordpress\/wp-json\/wp\/v2\/media\/121260"}],"wp:attachment":[{"href":"https:\/\/www.radiopiu.net\/wordpress\/wp-json\/wp\/v2\/media?parent=169953"}],"wp:term":[{"taxonomy":"category","embeddable":true,"href":"https:\/\/www.radiopiu.net\/wordpress\/wp-json\/wp\/v2\/categories?post=169953"},{"taxonomy":"post_tag","embeddable":true,"href":"https:\/\/www.radiopiu.net\/wordpress\/wp-json\/wp\/v2\/tags?post=169953"}],"curies":[{"name":"wp","href":"https:\/\/api.w.org\/{rel}","templated":true}]}}