{"id":170036,"date":"2020-11-02T11:31:22","date_gmt":"2020-11-02T10:31:22","guid":{"rendered":"https:\/\/www.radiopiu.net\/wordpress\/?p=170036"},"modified":"2020-11-02T11:31:22","modified_gmt":"2020-11-02T10:31:22","slug":"la-rai-risponde-a-bond-confermati-i-miei-dubbi-chi-risarcira-la-provincia-di-belluno","status":"publish","type":"post","link":"https:\/\/www.radiopiu.net\/wordpress\/la-rai-risponde-a-bond-confermati-i-miei-dubbi-chi-risarcira-la-provincia-di-belluno\/","title":{"rendered":"LA RAI RISPONDE A BOND &#8220;CONFERMATI I MIEI DUBBI, CHI RISARCIRA&#8217; LA PROVINCIA DI BELLUNO?&#8221;"},"content":{"rendered":"<p><strong><img decoding=\"async\" class=\"alignleft\" src=\"https:\/\/www.radiopiu.net\/wordpress\/wp-content\/uploads\/2020\/11\/download.png\" \/>ROMA<\/strong> \u00abLa Rai ha risposto alla interrogazione che ho presentato con il collega Mul\u00e9. E la risposta \u00e8 la conferma di quanto sostenevo: si tratta di studi probabilistici, nulla pi\u00f9. Che per\u00f2 hanno gettato discredito sul Bellunese, creando un danno di immagine. Chi lo risarcir\u00e0?\u00bb. Cos\u00ec in una nota il deputato di Forza Italia Dario Bond, riferendosi allo studio della Fondazione ISI di Torino, presentato al Tg1 delle 20 del 13 ottobre scorso, dal quale emergeva l\u2019immagine di Belluno come la provincia pi\u00f9 colpita d\u2019Italia per quanto riguarda il Covid. \u00abLa risposta dice testualmente: \u201cLa piattaforma mostra una stima del rischio di essere esposti al virus SARS-CoV-2 sulla base del numero di persone che partecipano ad un evento. Il rischio \u00e8 espresso come la probabilit\u00e0 che almeno un individuo positivo sia presente all&#8217;evento. Lo studio\/piattaforma non calcola la probabilit\u00e0 di contrarre l&#8217;infezione da virus SARS-CoV-2, ma solo di essere ad un evento dove almeno un altro individuo e virus SARS-CoV-2 positivo. Questo rischio ovviamente aumenta all&#8217;aumentare della dimensione dell&#8217;evento. La piattaforma non calcola il rischio di contrarre la malattia, quindi di essere contagiati, perch\u00e9 il contagio dipende da molti altri fattori quali la durata dell\u2019evento, lo spazio in cui si svolge e le misure di precauzione come mascherine e distanziamento\u201d. E gi\u00e0 qui ci sarebbero gli elementi per dichiarare che l\u2019immagine del Bellunese uscita dal servizio del Tg \u00e8 stata distorta. Ma la risposta della Rai va oltre. E prosegue cos\u00ec: \u201cLa piattaforma \u00e8 dinamica e fotografa la situazione in base alle condizioni presenti ad una certa data, ma non fornisce alcuna indicazione previsionale e non allo scopo di fare previsioni su andamenti futuri dell&#8217;epidemia che dipenderanno da misure individuali e strategie di contenimento delle autorit\u00e0. I numeri indicati durante il collegamento riflettevano pertanto le condizioni alla data del 13 ottobre e sono soggetti a cambiamenti quotidiani, tante vero che gi\u00e0 il 14 ottobre la provincia pi\u00f9 colpita risultava essere quella di Genova\u201d. Capito? Siamo stati solo sfortunati. Se il servizio fosse andato in onda il giorno dopo, sarebbe toccato a Genova anzich\u00e9 a Belluno. E adesso chi lo spiega agli albergatori che hanno subito un danno enorme alle loro attivit\u00e0? Chi pagher\u00e0 i danni di immagine all\u2019intera provincia? Faccio una proposta: la Rai &#8211; una volta superata l\u2019emergenza Covid &#8211; trasmetta per qualche mese servizi promozionali sul Bellunese. Potrebbe essere un buon modo per ripristinare la verit\u00e0\u00bb.<\/p>\n<p>&nbsp;<\/p>\n<p>LA LETTERA DELLA RAI<\/p>\n<a href=\"https:\/\/www.radiopiu.net\/wordpress\/wp-content\/uploads\/2020\/11\/2802D1437MuleCC802CBond28risposta29.pdf\" class=\"pdfemb-viewer\" style=\"\" data-width=\"max\" data-height=\"max\" data-toolbar=\"top\" data-toolbar-fixed=\"on\">2801437MuleBondrisposta<\/a>\n<div><\/div>\n","protected":false},"excerpt":{"rendered":"<p>ROMA \u00abLa Rai ha risposto alla interrogazione che ho presentato con il collega Mul\u00e9. E la risposta \u00e8 la conferma di quanto sostenevo: si tratta di studi probabilistici, nulla pi\u00f9. Che per\u00f2 hanno gettato discredito sul Bellunese, creando un danno di immagine. Chi lo risarcir\u00e0?\u00bb. Cos\u00ec in una nota il deputato di Forza Italia Dario&hellip;<\/p>\n","protected":false},"author":4,"featured_media":170038,"comment_status":"closed","ping_status":"closed","sticky":false,"template":"","format":"standard","meta":{"_monsterinsights_skip_tracking":false,"_monsterinsights_sitenote_active":false,"_monsterinsights_sitenote_note":"","_monsterinsights_sitenote_category":0,"footnotes":""},"categories":[49],"tags":[],"class_list":["post-170036","post","type-post","status-publish","format-standard","has-post-thumbnail","hentry","category-news-18","category-49","description-off"],"img_url":"https:\/\/www.radiopiu.net\/wordpress\/wp-content\/uploads\/2020\/11\/download.png","_links":{"self":[{"href":"https:\/\/www.radiopiu.net\/wordpress\/wp-json\/wp\/v2\/posts\/170036","targetHints":{"allow":["GET"]}}],"collection":[{"href":"https:\/\/www.radiopiu.net\/wordpress\/wp-json\/wp\/v2\/posts"}],"about":[{"href":"https:\/\/www.radiopiu.net\/wordpress\/wp-json\/wp\/v2\/types\/post"}],"author":[{"embeddable":true,"href":"https:\/\/www.radiopiu.net\/wordpress\/wp-json\/wp\/v2\/users\/4"}],"replies":[{"embeddable":true,"href":"https:\/\/www.radiopiu.net\/wordpress\/wp-json\/wp\/v2\/comments?post=170036"}],"version-history":[{"count":0,"href":"https:\/\/www.radiopiu.net\/wordpress\/wp-json\/wp\/v2\/posts\/170036\/revisions"}],"wp:featuredmedia":[{"embeddable":true,"href":"https:\/\/www.radiopiu.net\/wordpress\/wp-json\/wp\/v2\/media\/170038"}],"wp:attachment":[{"href":"https:\/\/www.radiopiu.net\/wordpress\/wp-json\/wp\/v2\/media?parent=170036"}],"wp:term":[{"taxonomy":"category","embeddable":true,"href":"https:\/\/www.radiopiu.net\/wordpress\/wp-json\/wp\/v2\/categories?post=170036"},{"taxonomy":"post_tag","embeddable":true,"href":"https:\/\/www.radiopiu.net\/wordpress\/wp-json\/wp\/v2\/tags?post=170036"}],"curies":[{"name":"wp","href":"https:\/\/api.w.org\/{rel}","templated":true}]}}