{"id":170049,"date":"2020-11-02T12:39:41","date_gmt":"2020-11-02T11:39:41","guid":{"rendered":"https:\/\/www.radiopiu.net\/wordpress\/?p=170049"},"modified":"2020-11-02T13:33:01","modified_gmt":"2020-11-02T12:33:01","slug":"in-veneto-si-prevede-il-picco-per-meta-novembre-parla-luca-zaia","status":"publish","type":"post","link":"https:\/\/www.radiopiu.net\/wordpress\/in-veneto-si-prevede-il-picco-per-meta-novembre-parla-luca-zaia\/","title":{"rendered":"IN VENETO SI PREVEDE IL PICCO PER META&#8217; NOVEMBRE, NON CI SONO I PRESUPPOSTI PER UN LOCKDOWN COME A PRIMAVERA. PARLA LUCA ZAIA"},"content":{"rendered":"<p><strong>VENEZIA<\/strong> Comunicazioni dalla Regione del Veneto in merito all&#8217;emergenza covid_19<\/p>\n<p><strong>I NUMERI 2.350.517 TAMPONI, 60.797 POSITIVI (+1500), 32.933 ATTUALMENTE POSITIVI, 15.743 PERSONE IN ISOLAMENTO (USCITE 1125 PERSONE IN 24 ORE), 981 RICOVERATI IN OSPEDALE (108 NEGATIVI) 141 PAZIENTI IN TERAPIA INTENSIVA (+5) 2427 DECESSI (+9). 4814 DIMESSI.<\/strong><\/p>\n<blockquote>\n<h2>LEGGI LA CONFERENZA STAMPA DI LUCA ZAIA: &#8220;In questo momento non intravediamo soluzioni con lockdown stile marzo&#8221;<\/h2>\n<p><em>Se decidessimo che 30mila tamponi al giorno li facessero i medici di base, sarebbero 10 tamponi al giorno. Mi sembra affrontabile. Il picco a met\u00e0 novembre \u00e8 una <\/em>\u00a0previsione <em>non considerando le misure restrittive, la spagnola\u00a0 \u00e8 arrivata nell&#8217;autunno 1918 per scomparire dopo tre mesi nel\u00a0 1919,\u00a0 ebbe una punta, scese e poi riprese e scomparve, poi torn\u00f2 nel 1919. Salvaguardadiamo gli anziani in maniera civile e non &#8220;diamo tre colpi di chiave e basta&#8221;.<br \/>\nLe chiusure alle 18 non sono servite a nulla, i numeri siano cambiati. Nelle riunioni non ho mai sentito la parola lockdown, ognuno ho presentato i numeri delle proprie Regioni, ora bisogna capire cosa proporr\u00e0 il Governo nelle prossime ore.<\/em><\/p><\/blockquote>\n<p>Dobbiamo iniziare a ragionare, ma parlo di previsioni non avendo la sfera della verit\u00e0 in mano, sul fatto che tutte queste pandemie non durano all&#8217;infinito ma hanno un esordio, una fase di crescita e poi la decrescita. Se guardiamo il picco di marco inizia il 21 febbraio sale fino al 29 marzo per poi calare, i processi durano una novantina di giorni. Per questo pensiamo al picco attorno a met\u00e0 novembre. Non ci sono i presupposti per un lockdwn stile primavera. Mi \u00e8 sembrato di capire che a Roma aspettano la discussione in Parlamento, prima di notte terzo incontro in 24 ore con Regioni, Province e Comuni e poi ci sar\u00e0 la proposta. Da parte nostra siamo pronti a dare corso ad eventuali restrizioni ma non sul fronte dell&#8217;attivit\u00e0 produttiva. Siamo convinti che oggi ci troviamo a fare incontri per colpa di pochi che sono convinti che il virus non esiste e ci ritroviamo a pensare tutti i giorni a restrizioni. Con mascherina e rispetto delle regole non ci sarebbe bisogno di misure coercitive.\u00a0 Oggi riunione in CTS per ricalibrare i servizi di alcuni ospedali covid, siamo a un migliaio di ricoverati, la met\u00e0 rispetto a marzo quando si \u00e8 raggiunto l&#8217;apice. Abbiamo pero&#8217; un migliaio di letti occupati, oggi va in CTS un&#8217;ulteriore proposta di adeguamento della sanit\u00e0 pubblica con una diminuzione di attivit\u00e0 programmate. In video conferenza con i direttori generali abbiamo parlato di cure domiciliari e\u00a0 dei medico con l&#8217;opportunit\u00e0 di rifornirli di tamponi che dovrebbero arrivare dal Governo tra stasera a domani. Portiamo avanti la produzione di un protocollo operativo con riferimento ai dispositivi, non ci sono proposte: chi dice che Roma debba far misure di minima e le restrizioni maggiori siano a carico delle regioni, e una opposta, ossia che il Governo prenda misure importanti a livello nazionale. Nelle regioni ci sono condizioni diverse da area e area, e cos\u00ec fra regioni e regioni. In Vento nella parte centrale e metropolitana del Veneto il virus \u00e8 pi\u00f9 presente nelle zona pi\u00f9 popolate. <strong>I MEDICI CHE SI RIFIUTANO DI FARE I TAMPONI (A PAGAMENTO A CURA DELLO STATO) SARANNO SANZIONATI:<\/strong> 650 medici su 3150 volontariamente e gratuitamente hanno scelto di aderire al progetto dei tamponi ai pazienti. In accordo con il ministro \u00e8 stato cambiato il contratto nazionale, pediatri e medici di base hanno l&#8217;obbligo di fare quello che \u00e8 stato fissato in quel contratto. Nessuno ha offeso i medici di base, ma se il contratto prevede che i dottori hanno l&#8217;obbligo di fare i tamponi peraltro pagati\u00a0 con 18 euro a test in ambulatorio e 12\u00a0 fuori, pi\u00f9\u00a0 le ore aggiuntive degli infermieri. Ogni settimana vi dar\u00f2 i dati: quanti medici hanno fatto i tamponi o\u00a0 chi non ne ha fatti alcuno. Uno non pu\u00f2 rifiutarsi e se lo far\u00e0 sar\u00e0 sanzionato perch\u00e9 lo prevede la legge, non mi pare di aver detto alcuna eresia.<strong> SCUOLA<\/strong> Decide il Governo e non la Regione, abbiamo chiesto\u00a0 che\u00a0 si guardi agli alunni che hanno bisogno di un tutoraggio e che il congedo parentale sia portato al 100%. <strong>COPRIFUOCO\u00a0<\/strong> Non c&#8217;\u00e8 nulla di certo solo ipotesi e non ho mai sentito parlare di\u00a0 orari nelle riunioni con il Governo. Le regioni si aspettano che le proposte vengano formalizzate. Si fissino delle regole a livello nazionale e poi vediamo quale sar\u00e0 la ricaduta. <strong>BRACCIO DI FERRO TRA REGIONI E GOVERNO?\u00a0<\/strong> Ho partecipato a una riunione dove ognuno ha portato le proprie idee, nessuna alzata di voce, non c&#8217;erano proposte sulle quali discutere <strong>LOCKDOWN<\/strong> Non vedo l&#8217;urgenza di chiudere le persone in casa, il vero tema \u00e8 il distanziamento sociale. Non siamo daccordo sullo stop alle attivit\u00e0 produttive.\u00a0 Non abbiamo bozze di Dpcm al momento attuale. <strong>SUPERMERCATO<\/strong> Proporrei degli ingressi scaglionati a seconda delle fasce d&#8217;et\u00e0 garantendo \u00a0alla fascia di anziani di poter andare a fare la spesa al mattino presto. <strong>SPOSTAMENTO TRA REGIONI<\/strong> Non ne abbiamo parlato,\u00a0 tutto deve essere deciso su base epidemiologica .<strong>ASPETTA IL GOVERNO E&#8217; COME RINUNCIARE ALL&#8217;AUTONOMIA?<\/strong> Non \u00e8 questo il caso, ho letto pareri come questo, ma non \u00e8 cos\u00ec.<\/p>\n<p>&nbsp;<\/p>\n<p>https:\/\/www.facebook.com\/zaiaufficiale\/videos\/773198033257330\/?v=773198033257330&#038;notif_id=1604316910461352&#038;notif_t=live_video_explicit<\/p>\n<p>&nbsp;<\/p>\n<p>&nbsp;<\/p>\n","protected":false},"excerpt":{"rendered":"<p>VENEZIA Comunicazioni dalla Regione del Veneto in merito all&#8217;emergenza covid_19 I NUMERI 2.350.517 TAMPONI, 60.797 POSITIVI (+1500), 32.933 ATTUALMENTE POSITIVI, 15.743 PERSONE IN ISOLAMENTO (USCITE 1125 PERSONE IN 24 ORE), 981 RICOVERATI IN OSPEDALE (108 NEGATIVI) 141 PAZIENTI IN TERAPIA INTENSIVA (+5) 2427 DECESSI (+9). 4814 DIMESSI. LEGGI LA CONFERENZA STAMPA DI LUCA ZAIA: &#8220;In&hellip;<\/p>\n","protected":false},"author":4,"featured_media":163839,"comment_status":"closed","ping_status":"closed","sticky":false,"template":"","format":"standard","meta":{"_monsterinsights_skip_tracking":false,"_monsterinsights_sitenote_active":false,"_monsterinsights_sitenote_note":"","_monsterinsights_sitenote_category":0,"footnotes":""},"categories":[51,49],"tags":[],"class_list":["post-170049","post","type-post","status-publish","format-standard","has-post-thumbnail","hentry","category-evidenza-top","category-news-18","category-51","category-49","description-off"],"img_url":"https:\/\/www.radiopiu.net\/wordpress\/wp-content\/uploads\/2020\/10\/NUOVO-TAMPONE-ZAIA-RIGOLI-2.jpg","_links":{"self":[{"href":"https:\/\/www.radiopiu.net\/wordpress\/wp-json\/wp\/v2\/posts\/170049","targetHints":{"allow":["GET"]}}],"collection":[{"href":"https:\/\/www.radiopiu.net\/wordpress\/wp-json\/wp\/v2\/posts"}],"about":[{"href":"https:\/\/www.radiopiu.net\/wordpress\/wp-json\/wp\/v2\/types\/post"}],"author":[{"embeddable":true,"href":"https:\/\/www.radiopiu.net\/wordpress\/wp-json\/wp\/v2\/users\/4"}],"replies":[{"embeddable":true,"href":"https:\/\/www.radiopiu.net\/wordpress\/wp-json\/wp\/v2\/comments?post=170049"}],"version-history":[{"count":0,"href":"https:\/\/www.radiopiu.net\/wordpress\/wp-json\/wp\/v2\/posts\/170049\/revisions"}],"wp:featuredmedia":[{"embeddable":true,"href":"https:\/\/www.radiopiu.net\/wordpress\/wp-json\/wp\/v2\/media\/163839"}],"wp:attachment":[{"href":"https:\/\/www.radiopiu.net\/wordpress\/wp-json\/wp\/v2\/media?parent=170049"}],"wp:term":[{"taxonomy":"category","embeddable":true,"href":"https:\/\/www.radiopiu.net\/wordpress\/wp-json\/wp\/v2\/categories?post=170049"},{"taxonomy":"post_tag","embeddable":true,"href":"https:\/\/www.radiopiu.net\/wordpress\/wp-json\/wp\/v2\/tags?post=170049"}],"curies":[{"name":"wp","href":"https:\/\/api.w.org\/{rel}","templated":true}]}}