{"id":170248,"date":"2020-11-03T06:02:19","date_gmt":"2020-11-03T05:02:19","guid":{"rendered":"https:\/\/www.radiopiu.net\/wordpress\/?p=170248"},"modified":"2020-11-03T08:59:54","modified_gmt":"2020-11-03T07:59:54","slug":"luxottica-stringe-sul-virus-minaccia-di-sanzioni-disciplinari","status":"publish","type":"post","link":"https:\/\/www.radiopiu.net\/wordpress\/luxottica-stringe-sul-virus-minaccia-di-sanzioni-disciplinari\/","title":{"rendered":"LUXOTTICA STRINGE SUL VIRUS, MINACCIA DI SANZIONI DISCIPLINARI"},"content":{"rendered":"<blockquote>\n<h3 style=\"text-align: left;\"><em>Una mascherina Ffp2 per i lavoratori Luxottica quando viaggiano in pullman. E per i fumatori, il consiglio a rinunciare alla sigaretta, soprattutto se in presenza di colleghi<\/em><\/h3>\n<\/blockquote>\n<p><strong><a class=\"dt-pswp-item\" href=\"https:\/\/www.radiopiu.net\/wordpress\/wp-content\/uploads\/2020\/07\/814ace46-a8a2-4c2d-a100-4d87aa509ef3.jpg\" data-dt-img-description=\"\" data-large_image_width=\"1560\" data-large_image_height=\"1170\"><img loading=\"lazy\" decoding=\"async\" class=\"size-medium wp-image-152483 alignleft\" src=\"https:\/\/www.radiopiu.net\/wordpress\/wp-content\/uploads\/2020\/07\/814ace46-a8a2-4c2d-a100-4d87aa509ef3-300x225.jpg\" alt=\"\" width=\"300\" height=\"225\" srcset=\"https:\/\/www.radiopiu.net\/wordpress\/wp-content\/uploads\/2020\/07\/814ace46-a8a2-4c2d-a100-4d87aa509ef3-300x225.jpg 300w, https:\/\/www.radiopiu.net\/wordpress\/wp-content\/uploads\/2020\/07\/814ace46-a8a2-4c2d-a100-4d87aa509ef3-1024x768.jpg 1024w, https:\/\/www.radiopiu.net\/wordpress\/wp-content\/uploads\/2020\/07\/814ace46-a8a2-4c2d-a100-4d87aa509ef3-768x576.jpg 768w, https:\/\/www.radiopiu.net\/wordpress\/wp-content\/uploads\/2020\/07\/814ace46-a8a2-4c2d-a100-4d87aa509ef3-1536x1152.jpg 1536w, https:\/\/www.radiopiu.net\/wordpress\/wp-content\/uploads\/2020\/07\/814ace46-a8a2-4c2d-a100-4d87aa509ef3.jpg 1560w\" sizes=\"auto, (max-width: 300px) 100vw, 300px\" \/><\/a>AGORDO<\/strong> Mentre i casi aumentano ovunque e il virus riprende forza, l\u2019azienda ha ulteriormente aggiornato il \u201cProtocollo per la gestione dell\u2019emergenza COVID-19\u201d <em>&#8220;per continuare a prenderci cura della nostra comunit\u00e0 quanto pi\u00f9 efficacemente possibile&#8221; <\/em>precisa Luxottica che invita a leggere le nuove dispozioni, soprattutto metterle in pratica ricordando che\u00a0 il mancato rispetto delle disposizioni previste nel documento in materia di salute e sicurezza \u00e8 sanzionabile disciplinarmente. L\u2019azienda sta inoltre implementando altre azioni mirate a potenziare il sistema di protezione e prevenzione, attraverso:\u00a0 distanziamento dei Turni; diminuzione del Numero di Persone presenti nelle sedi, tramite il rafforzamento dello Smart Working.<\/p>\n<blockquote><p><em>Osservare le indicazioni del Protocollo e tutte le altre disposizioni aziendali \u00e8 fondamentale per continuare a lavorare tutti insieme in sicurezza.<\/em><\/p><\/blockquote>\n<p>Il documento riporta molte novit\u00e0 gi\u00e0 introdotte o in prossima attuazione, contrassegnate dalla scritta \u201cnew\u201d, tra le quali troverete in particolare nuove indicazioni circa: \u00a0<strong>gestione dei Trasporti nel tragitto Lavoro-Casa-Lavoro<\/strong>\u00a0 consegna mascherina FFP2 su trasporti collettivi;\u00a0 indicazioni su Condivisione Auto con colleghi; \u00a0attivit\u00e0 di Formazione solo in modalit\u00e0 digitale;\u00a0 rafforzamento delle norme in Area Break e indicazioni su consumo di Cibo e Bevande; incremento delle Attivit\u00e0 di Sanificazione nelle aree comuni e in Mensa, dove sar\u00e0 implementata una nuova procedura per l\u2019identificazione dei tavoli utilizzabili; campagna Fumo e Aree Fumatori;sospensione delle Riunioni in presenza; massima limitazione delle Trasferte.<\/p>\n<p>&nbsp;<\/p>\n<h2><span style=\"color: #ff0000;\">DALLA FEMCA CISL:<\/span><\/h2>\n<p><a class=\"dt-pswp-item\" href=\"https:\/\/www.radiopiu.net\/wordpress\/wp-content\/uploads\/2020\/08\/LUXOTTICA-2020.jpg\" data-dt-img-description=\"\" data-large_image_width=\"2048\" data-large_image_height=\"1536\"><img loading=\"lazy\" decoding=\"async\" class=\" wp-image-157799 alignleft\" src=\"https:\/\/www.radiopiu.net\/wordpress\/wp-content\/uploads\/2020\/08\/LUXOTTICA-2020-300x225.jpg\" alt=\"\" width=\"231\" height=\"173\" srcset=\"https:\/\/www.radiopiu.net\/wordpress\/wp-content\/uploads\/2020\/08\/LUXOTTICA-2020-300x225.jpg 300w, https:\/\/www.radiopiu.net\/wordpress\/wp-content\/uploads\/2020\/08\/LUXOTTICA-2020-1024x768.jpg 1024w, https:\/\/www.radiopiu.net\/wordpress\/wp-content\/uploads\/2020\/08\/LUXOTTICA-2020-768x576.jpg 768w, https:\/\/www.radiopiu.net\/wordpress\/wp-content\/uploads\/2020\/08\/LUXOTTICA-2020-1536x1152.jpg 1536w, https:\/\/www.radiopiu.net\/wordpress\/wp-content\/uploads\/2020\/08\/LUXOTTICA-2020-640x480.jpg 640w, https:\/\/www.radiopiu.net\/wordpress\/wp-content\/uploads\/2020\/08\/LUXOTTICA-2020.jpg 2048w\" sizes=\"auto, (max-width: 231px) 100vw, 231px\" \/><\/a>Presso lo stabilimento di Agordo, azienda e Rsu si sono incontrate per fare il punto sulla situazione generale attraverso l&#8217;incontro del comitato di verifica protocollo.\u00a0<em> &#8220;Come stiamo purtroppo riscontrando in provincia il numero dei contagi \u00e8 in forte aumento&#8221;.\u00a0<\/em> Nell&#8217;incontro\u00a0 \u00e8 emerso che per salvaguardare la salute delle maestranze, purtroppo, era necessario prendere misure pi\u00f9 restrittive. <em>Nei prossimi giorni, continueremo a discutere con l&#8217;azienda, per cercare di risolvere al meglio le questioni ancora in sospeso e soprattutto dare risposte ai colleghi che vivono situazioni pi\u00f9 problematiche&#8221;.<\/em><\/p>\n<p>1) DISTANZIAMENTO TURNI Da luned\u00ec 9 novembre, si torner\u00e0 agli orarii scaglionati 2) ORARIO PTI Da luned\u00ec 9 novembre, i PTI torneranno alle 6 ore.\u00a03) TRASPORTI Stiamo discutendo con l&#8217;azienda per riuscire a istituire il maggior numero di tratte possibili.\u00a0 A tal proposito l&#8217;azienda ci conferma che saranno sicuramente presenti le corse attive oggi per i full-time. Per i PTI, purtroppo, ancora non ci sono certezze. A breve, a chi utilizza il mezzo pubblico sar\u00e0 fornita una mascherina FFP2. 4) FUMATORI L&#8217;azienda ci riferisce, che ha rilevato, un potenziale pericolo rispetto alle condizioni che si creano fra i fumatori.\u00a0 Il pericolo, in primis, deriva dal fatto che, le persone che fumano, scientificamente sono pi\u00f9 potenzialmente soggetti a rischio di contagio.Inoltre si \u00e8 rilevato, sempre pi\u00f9 frequentemente, il formarsi di assembramenti, cosa che rischia di essere un potenziale veicolo di contagio.\u00a0 Chiediamo, quindi, ai colleghi fumatori, di rispettare le distanze, soprattutto sotto alla mensa.5) SPOGLIATOI la situazione non consente di riaprirli in sicurezza chieste soluzioni alterntative. 6) ATTIVIT\u00c0 DI CONCILIAZIONE L&#8217;azienda ha comunicato alle varie RSU del gruppo, che intende rivedere le attivit\u00e0 di conciliazione,\u00a0 chiaramente tocca i soggetti pi\u00f9 in difficolt\u00e0, le varie Rsu degli stabilimenti Luxottica e le Segreterie, ritengono che prima di andare a modificare gli orari di queste persone, ci sia da fare, una profonda analisi delle situazioni, stabilimento per stabilimento, reparto per reparto. \u00a0CAMPAGNA TAMPONI Luxottica intende intensificare per aree omogenee la mappatura dei tamponi per riuscire a monitorare meglio la situazione.<br \/>\n\u00c8 stato definito quindi, solo temporaneamente, di sospendere le prenotazione on-line sia per i dipendenti, sia per i familiari\/coinquilini Questo, consentir\u00e0, al laboratorio di Padova di avere gli esiti dei dipendenti delle varie aree omogenee in tempi molto pi\u00f9 rapidi.<\/p>\n<p>&nbsp;<\/p>\n<p>Per concludere, comprendiamo che questa marcia indietro, creer\u00e0 ulteriori problemi a tutti, in primis ai colleghi che hanno situazioni di salute o familiari pi\u00f9 gravi che ormai non sanno pi\u00f9 come gestire, ma comprendiamo anche le richieste dell&#8217;azienda.<\/p>\n<p>Oggettivamente, nonostante ci sia stato un rallentamento della diffusione del covid durante i mesi estivi, ora., l&#8217;evoluzione della pandemia sia a livello nazionale che locale, costringe Luxottica a ritenere opportuno usare una maggiore cautela e tornare ad aumentare il distanziamento sociale.<\/p>\n<p>Dal canto nostro crediamo sia importante mettere in campo ogni soluzione utile a tutelare gli interessi di tutti, fermo restando l&#8217;impegno, come sempre, a chiarire i punti rimasti in sospeso e trovare soluzioni che consentano di risolvere eventuali problemi.<br \/>\nDa mesi, infatti, stiamo cercando di inventare soluzioni nuove che vadano a tutelare e a conciliare le esigenze delle persone, salvaguardardando un bene essenziale: la continuit\u00e0 produttiva.<\/p>\n<p>Buon fine settimana<\/p>\n<p>I delegati Femca Cisl<br \/>\nLuxottica Agordo<\/p>\n","protected":false},"excerpt":{"rendered":"<p>Una mascherina Ffp2 per i lavoratori Luxottica quando viaggiano in pullman. E per i fumatori, il consiglio a rinunciare alla sigaretta, soprattutto se in presenza di colleghi AGORDO Mentre i casi aumentano ovunque e il virus riprende forza, l\u2019azienda ha ulteriormente aggiornato il \u201cProtocollo per la gestione dell\u2019emergenza COVID-19\u201d &#8220;per continuare a prenderci cura della&hellip;<\/p>\n","protected":false},"author":4,"featured_media":152483,"comment_status":"closed","ping_status":"closed","sticky":false,"template":"","format":"standard","meta":{"_monsterinsights_skip_tracking":false,"_monsterinsights_sitenote_active":false,"_monsterinsights_sitenote_note":"","_monsterinsights_sitenote_category":0,"footnotes":""},"categories":[49],"tags":[],"class_list":["post-170248","post","type-post","status-publish","format-standard","has-post-thumbnail","hentry","category-news-18","category-49","description-off"],"img_url":"https:\/\/www.radiopiu.net\/wordpress\/wp-content\/uploads\/2020\/07\/814ace46-a8a2-4c2d-a100-4d87aa509ef3.jpg","_links":{"self":[{"href":"https:\/\/www.radiopiu.net\/wordpress\/wp-json\/wp\/v2\/posts\/170248","targetHints":{"allow":["GET"]}}],"collection":[{"href":"https:\/\/www.radiopiu.net\/wordpress\/wp-json\/wp\/v2\/posts"}],"about":[{"href":"https:\/\/www.radiopiu.net\/wordpress\/wp-json\/wp\/v2\/types\/post"}],"author":[{"embeddable":true,"href":"https:\/\/www.radiopiu.net\/wordpress\/wp-json\/wp\/v2\/users\/4"}],"replies":[{"embeddable":true,"href":"https:\/\/www.radiopiu.net\/wordpress\/wp-json\/wp\/v2\/comments?post=170248"}],"version-history":[{"count":0,"href":"https:\/\/www.radiopiu.net\/wordpress\/wp-json\/wp\/v2\/posts\/170248\/revisions"}],"wp:featuredmedia":[{"embeddable":true,"href":"https:\/\/www.radiopiu.net\/wordpress\/wp-json\/wp\/v2\/media\/152483"}],"wp:attachment":[{"href":"https:\/\/www.radiopiu.net\/wordpress\/wp-json\/wp\/v2\/media?parent=170248"}],"wp:term":[{"taxonomy":"category","embeddable":true,"href":"https:\/\/www.radiopiu.net\/wordpress\/wp-json\/wp\/v2\/categories?post=170248"},{"taxonomy":"post_tag","embeddable":true,"href":"https:\/\/www.radiopiu.net\/wordpress\/wp-json\/wp\/v2\/tags?post=170248"}],"curies":[{"name":"wp","href":"https:\/\/api.w.org\/{rel}","templated":true}]}}