{"id":170264,"date":"2020-11-03T08:29:08","date_gmt":"2020-11-03T07:29:08","guid":{"rendered":"https:\/\/www.radiopiu.net\/wordpress\/?p=170264"},"modified":"2020-11-03T08:59:17","modified_gmt":"2020-11-03T07:59:17","slug":"luxottica-terzo-trimestre-2020-forte-ripresa-sostenuta-dalla-resilienza-del-businnes-ottico","status":"publish","type":"post","link":"https:\/\/www.radiopiu.net\/wordpress\/luxottica-terzo-trimestre-2020-forte-ripresa-sostenuta-dalla-resilienza-del-businnes-ottico\/","title":{"rendered":"LUXOTTICA TERZO TRIMESTRE 2020: FORTE RIPRESA SOSTENUTA DALLA RESILIENZA DEL BUSINNES OTTICO"},"content":{"rendered":"<blockquote><p><strong>Fatturato in calo dell\u20191,1% a cambi costanti1 (- 5,2% a cambi correnti)<\/strong><br \/>\n<strong>\u2022 Business ottico e mercati maturi tornano a crescere anno su anno<\/strong><br \/>\n<strong>\u2022 Vendite online in costante crescita: + 40% da inizio anno record 878 milioni di euro<\/strong><br \/>\n<strong>\u2022 Forte generazione di cassa e liquidit\u00e0<\/strong><\/p><\/blockquote>\n<p><strong><img decoding=\"async\" src=\"https:\/\/www.radiopiu.net\/wordpress\/wp-content\/uploads\/2020\/06\/ddb318a9-1386-49f7-98fe-2934f2ece8eb.jpg\" \/>FRANCIA_MILANO_AGORDO<\/strong> EssilorLuxottica annuncia che i ricavi consolidati per il terzo trimestre 2020 sono stati pari a 4.085 milioni di euro, con una diminuzione del 5,2% rispetto allo stesso periodo dello scorso anno (-1,1% a cambi costanti), evidenziando una ripresa progressiva rispetto al secondo trimestre 2020. Nei primi nove mesi del 2020 i ricavi consolidati sono stati pari a 10.315 milioni di euro, con una diminuzione del 21,2% rispetto allo stesso periodo dell\u2019anno precedente (-20,0% a cambi costanti). <em>\u201cSiamo soddisfatti della significativa inversione di tendenza registrata dalla Societ\u00e0 nel terzo trimestre e orgogliosi di tutti i nostri dipendenti che l\u2019hanno resa possibile. Le nostre organizzazioni si sono rapidamente adattate a un ambiente particolarmente impegnativo e hanno abbracciato un nuovo <\/em><em>modo di lavorare, permettendo al Gruppo di proseguire il suo percorso verso una solida ripresa. La pandemia di COVID-19 sta nuovamente accelerando in tutta Europa, portando con s\u00e9 nuove restrizioni. La nostra priorit\u00e0 rimane quella di proteggere i nostri dipendenti e mantenere il nostro impegno verso clienti e stakeholder, garantendo la continuit\u00e0 operativa e il controllo dei costi. In questo difficile contesto di mercato, EssilorLuxottica \u00e8 diventata pi\u00f9 forte, grazie alla resilienza del business ottico e al mix equilibrato di prodotti, canali e aree geografiche&#8221;<\/em>\u00a0ha commentato Francesco Milleri, Vice Presidente e Amministratore Delegato di Luxottica e Paul du Saillant, Amministratore Delegato di Essilor. <strong>Aggiornamento sulla situazione COVID-19<\/strong> Negli ultimi mesi, il bisogno strutturale di una buona visione ha confermato la propria resilienza nonostante un contesto sanitario e lavorativo instabile. Il business ottico, che rappresenta un buon 70% del fatturato della Societ\u00e0, ha trainato il ritrovato slancio delle vendite. Tale aumento \u00e8 stato sostenuto non solo dalla domanda inespressa, ma anche da una maggiore consapevolezza da parte dei consumatori della necessit\u00e0 di prendersi cura dei propri occhi, in particolare con l\u2019aumentare del tempo passato di fronte agli schermi, nella nuova normalit\u00e0 imposta da COVID-19. Questo, a sua volta, ha favorito un rinnovato appetito dei consumatori per soluzioni visive con un alto valore aggiunto. Nell\u2019affrontare le sfide e le opportunit\u00e0 di questi tempi incerti, EssilorLuxottica \u00e8 stata all\u2019altezza della propria mission supportando i propri dipendenti e clienti proprio quando ne hanno avuto pi\u00f9 bisogno. La forte motivazione, l&#8217;impegno e la professionalit\u00e0 delle oltre 150.000 dipendenti e degli oltre 400.000 clienti ottici hanno consentito alla Societ\u00e0 di continuare ad agire con senso responsabilit\u00e0 e come azienda di riferimento del settore, grazie a una forte pipeline di prodotti innovativi adatti al nuovo scenario e al desiderio di migliorare ancor di pi\u00f9 l&#8217;esperienza del consumatore finale in negozio.<\/p>\n<blockquote><p><em>La crisi causata da COVID-19 si \u00e8 rivelata un\u2019opportunit\u00e0 per EssilorLuxottica, in quanto ha agito da catalizzatore per implementare le decisioni strategiche prese dalla Societ\u00e0 poco prima della pandemia: portare avanti l\u2019integrazione, semplificare l\u2019organizzazione aziendale, accelerare i processi decisionali, incrementare la digitalizzazione e sostenere la trasformazione del settore dell\u2019eyewear e dell\u2019eyecare, sempre contenendo i costi e preservando la cassa. La pandemia sta tornando a crescere in tutta Europa e questa seconda ondata aumenta il livello di incertezza delle prossime settimane. Nonostante ci\u00f2, questa area geografica ha la massima priorit\u00e0 per la Societ\u00e0 che mantiene un forte focus sulla sicurezza dei suoi dipendenti, sulla business continuity e\u00a0 sul rapporto di fiducia con i clienti e gli altri stakeholder.<\/em><\/p><\/blockquote>\n","protected":false},"excerpt":{"rendered":"<p>Fatturato in calo dell\u20191,1% a cambi costanti1 (- 5,2% a cambi correnti) \u2022 Business ottico e mercati maturi tornano a crescere anno su anno \u2022 Vendite online in costante crescita: + 40% da inizio anno record 878 milioni di euro \u2022 Forte generazione di cassa e liquidit\u00e0 FRANCIA_MILANO_AGORDO EssilorLuxottica annuncia che i ricavi consolidati per&hellip;<\/p>\n","protected":false},"author":1,"featured_media":144893,"comment_status":"closed","ping_status":"closed","sticky":false,"template":"","format":"standard","meta":{"_monsterinsights_skip_tracking":false,"_monsterinsights_sitenote_active":false,"_monsterinsights_sitenote_note":"","_monsterinsights_sitenote_category":0,"footnotes":""},"categories":[104,49],"tags":[],"class_list":["post-170264","post","type-post","status-publish","format-standard","has-post-thumbnail","hentry","category-evidenza_3","category-news-18","category-104","category-49","description-off"],"img_url":"https:\/\/www.radiopiu.net\/wordpress\/wp-content\/uploads\/2020\/06\/ddb318a9-1386-49f7-98fe-2934f2ece8eb.jpg","_links":{"self":[{"href":"https:\/\/www.radiopiu.net\/wordpress\/wp-json\/wp\/v2\/posts\/170264","targetHints":{"allow":["GET"]}}],"collection":[{"href":"https:\/\/www.radiopiu.net\/wordpress\/wp-json\/wp\/v2\/posts"}],"about":[{"href":"https:\/\/www.radiopiu.net\/wordpress\/wp-json\/wp\/v2\/types\/post"}],"author":[{"embeddable":true,"href":"https:\/\/www.radiopiu.net\/wordpress\/wp-json\/wp\/v2\/users\/1"}],"replies":[{"embeddable":true,"href":"https:\/\/www.radiopiu.net\/wordpress\/wp-json\/wp\/v2\/comments?post=170264"}],"version-history":[{"count":0,"href":"https:\/\/www.radiopiu.net\/wordpress\/wp-json\/wp\/v2\/posts\/170264\/revisions"}],"wp:featuredmedia":[{"embeddable":true,"href":"https:\/\/www.radiopiu.net\/wordpress\/wp-json\/wp\/v2\/media\/144893"}],"wp:attachment":[{"href":"https:\/\/www.radiopiu.net\/wordpress\/wp-json\/wp\/v2\/media?parent=170264"}],"wp:term":[{"taxonomy":"category","embeddable":true,"href":"https:\/\/www.radiopiu.net\/wordpress\/wp-json\/wp\/v2\/categories?post=170264"},{"taxonomy":"post_tag","embeddable":true,"href":"https:\/\/www.radiopiu.net\/wordpress\/wp-json\/wp\/v2\/tags?post=170264"}],"curies":[{"name":"wp","href":"https:\/\/api.w.org\/{rel}","templated":true}]}}