{"id":170346,"date":"2020-11-04T05:51:49","date_gmt":"2020-11-04T04:51:49","guid":{"rendered":"https:\/\/www.radiopiu.net\/wordpress\/?p=170346"},"modified":"2020-11-04T06:14:14","modified_gmt":"2020-11-04T05:14:14","slug":"lalluvione-del-1966-in-val-di-zoldo-e-quel-nubifragio-dellagosto-1890-di-renato-bona","status":"publish","type":"post","link":"https:\/\/www.radiopiu.net\/wordpress\/lalluvione-del-1966-in-val-di-zoldo-e-quel-nubifragio-dellagosto-1890-di-renato-bona\/","title":{"rendered":"L\u2019ALLUVIONE DEL 1966 IN VAL DI ZOLDO E QUEL NUBIFRAGIO DELL\u2019AGOSTO 1890 di RENATO BONA"},"content":{"rendered":"<div class=\"j83agx80 jwdofwj8 pby63qed\" data-testid=\"incoming_group\">\n<div class=\"rj1gh0hx buofh1pr hpfvmrgz\">\n<div role=\"row\">\n<div class=\"\">\n<div class=\"j83agx80 cbu4d94t\">\n<div class=\"j83agx80\">\n<div class=\"jn8vp64t l9j0dhe7 hpfvmrgz lzcic4wl\" tabindex=\"0\" role=\"gridcell\" data-scope=\"messages_table\" data-recover=\"true\">\n<div class=\"ni8dbmo4 stjgntxs g5ia77u1 ii04i59q\" data-testid=\"messenger_incoming_text_row\">\n<div class=\"l60d2q6s d1544ag0 sj5x9vvc tw6a2znq l9j0dhe7 ni8dbmo4 stjgntxs qlfml3jp inkptoze e72ty7fz qmr60zad jm1wdb64 qv66sw1b ljqsnud1 g6srhlxm\">\n<div class=\"oo9gr5id\" dir=\"auto\" style=\"text-align: left;\"><strong><a class=\"dt-pswp-item\" href=\"https:\/\/www.radiopiu.net\/wordpress\/wp-content\/uploads\/2020\/11\/123659228_272151274216460_8733474240361598409_n.jpg\" data-dt-img-description=\"\" data-large_image_width=\"2048\" data-large_image_height=\"1602\"><img loading=\"lazy\" decoding=\"async\" class=\"size-medium wp-image-170362 alignleft\" src=\"https:\/\/www.radiopiu.net\/wordpress\/wp-content\/uploads\/2020\/11\/123659228_272151274216460_8733474240361598409_n-300x235.jpg\" alt=\"\" width=\"300\" height=\"235\" srcset=\"https:\/\/www.radiopiu.net\/wordpress\/wp-content\/uploads\/2020\/11\/123659228_272151274216460_8733474240361598409_n-300x235.jpg 300w, https:\/\/www.radiopiu.net\/wordpress\/wp-content\/uploads\/2020\/11\/123659228_272151274216460_8733474240361598409_n-1024x801.jpg 1024w, https:\/\/www.radiopiu.net\/wordpress\/wp-content\/uploads\/2020\/11\/123659228_272151274216460_8733474240361598409_n-768x601.jpg 768w, https:\/\/www.radiopiu.net\/wordpress\/wp-content\/uploads\/2020\/11\/123659228_272151274216460_8733474240361598409_n-1536x1202.jpg 1536w, https:\/\/www.radiopiu.net\/wordpress\/wp-content\/uploads\/2020\/11\/123659228_272151274216460_8733474240361598409_n.jpg 2048w\" sizes=\"auto, (max-width: 300px) 100vw, 300px\" \/><\/a>VAL DI ZOLDO\u00a0<\/strong> Oggi, mercoled\u00ec 4 novembre 2020 giorno in cui ricorre il sessantaquattresimo anniversario della rovinosa alluvione del 1966, che provoc\u00f2 molte vittime ed ingenti danni anche in provincia di Belluno, e mentre \u00e8 ancora presente il pesantissimo bilancio del fenomeno Vaia dell\u2019ottobre di due anni fa, vogliamo ricordare che, a trent\u2019anni dall\u2019evento del 1966, il Comune di Forno di Zoldo e la Comunit\u00e0 montana Cadore, Longaronese, Zoldano, con il contributo di Cariverona ed il patrocinio dell\u2019Istituto culturale di Zoldo, curarono la pubblicazione del libro \u201cL\u2019alluvione del 1966 in Zoldo. Immagini storiche e profili di intervento\u201d (stampa Cierre Grafica di Sommacampagna in provincia di Verona, coordinamento editoriale di Paolo Lazzarin, grafica della Graphotek di Milano e fotografie del 1966 di: Franco Casal, Michele Corazza, Luigi De Fanti, Foto Eddy, Foto Pompanin, Paolo Lazzarin, Angelo Panciera, Arturo Panciera, Dario Pra Floriani). Il sindaco di Forno di Zoldo, che all\u2019epoca era Giacomo Renzo Scussel, nella prefazione evidenziava come \u201cIl 4 novembre 1966 \u00e8 una data che rimarr\u00e0 sempre impressa nella memoria degli abitanti di Zoldo: un nubifragio investi tutto il Bellunese con differente intensit\u00e0 e colp\u00ec anche Venezia e Firenze. In 48 ore si riversarono sul bacino del Ma\u00e8 50 milioni di metri cubi d\u2019acqua e lungo gli alvei e i versanti erosi dall\u2019acqua si misero in movimento masse enormi di ghiaia e fango. Le acque trascinarono a valle con veemenza alberi schiantati dal vento e l\u2019effetto combinato del deflusso con repentine alterazioni d\u2019alveo in prossimit\u00e0 di ponti e di confluenze provoc\u00f2 la fuoriuscita delle acque dagli alvei e la rovina di strade, ponti e case\u201d. C\u2019\u00e8 da aggiungere &#8211; sempre col Sindaco Scussel &#8211; che fortunatamente il nubifragio non provoc\u00f2 vittime in Zoldo ma i danni materiali furono enormi e ancora oggi il territorio porta i segni di quella catastrofe. Il primo cittadino di forno di Zoldo dava quindi giusto merito gli autori della documentazione fotografica sottolineando che \u201cLa raccolta delle immagini pi\u00f9 significative scattate durante e immediatamente dopo l\u2019evento, costituiscono la parte emotivamente pi\u00f9 coinvolgente di questo libro\u201d e precisava che le poche immagini <a class=\"dt-pswp-item\" href=\"https:\/\/www.radiopiu.net\/wordpress\/wp-content\/uploads\/2020\/11\/123717053_482541096048600_3589451545041142648_n.jpg\" data-dt-img-description=\"\" data-large_image_width=\"2048\" data-large_image_height=\"1514\"><img loading=\"lazy\" decoding=\"async\" class=\"size-medium wp-image-170352 alignright\" src=\"https:\/\/www.radiopiu.net\/wordpress\/wp-content\/uploads\/2020\/11\/123717053_482541096048600_3589451545041142648_n-300x222.jpg\" alt=\"\" width=\"300\" height=\"222\" srcset=\"https:\/\/www.radiopiu.net\/wordpress\/wp-content\/uploads\/2020\/11\/123717053_482541096048600_3589451545041142648_n-300x222.jpg 300w, https:\/\/www.radiopiu.net\/wordpress\/wp-content\/uploads\/2020\/11\/123717053_482541096048600_3589451545041142648_n-1024x757.jpg 1024w, https:\/\/www.radiopiu.net\/wordpress\/wp-content\/uploads\/2020\/11\/123717053_482541096048600_3589451545041142648_n-768x568.jpg 768w, https:\/\/www.radiopiu.net\/wordpress\/wp-content\/uploads\/2020\/11\/123717053_482541096048600_3589451545041142648_n-1536x1136.jpg 1536w, https:\/\/www.radiopiu.net\/wordpress\/wp-content\/uploads\/2020\/11\/123717053_482541096048600_3589451545041142648_n.jpg 2048w\" sizes=\"auto, (max-width: 300px) 100vw, 300px\" \/><\/a>che testimoniano le fasi di piena sono state scattate con grande tempismo da Angelo Panciera Coatel che ha girato anche alcuni metri di pellicola di rara efficacia testimoniale, mentre gran parte della documentazione dei giorni successivi alla piena \u00e8 dovuta all\u2019opera di Franco Casal, fotografo di Dozza di Zoldo e di altri cronisti fotografi\u201d. Si soffermava quindi ad esaltare l\u2019attivit\u00e0 della comunit\u00e0 zoldana che \u201ccon grande determinazione intraprese la ricostruzione appena le acque defluirono, lasciando un campo ingombro di macerie\u201d. Ma\u2026. \u201cL\u2019opera di regimazione idraulica del bacino del Ma\u00e8 non ebbe vita facile. Dopo 20 anni di aspre polemiche e battaglie giudiziarie, lo Stato riconobbe di dover intervenire vigorosamente. Il risultato di questo primo intervento \u00e8 ora visibile: molte opere di fondovalle sull\u2019asta principale, alcune opere di dosaggio del trasporto solido ben descritte nella prima relazione del libro (\u201cLe briglie a fessura a tutela degli abitati di Forno di Zoldo e Dont devastati dall\u2019alluvione del 1966\u201d di A. Cavinato, A. Fistarol, E. Fornari, G. Piccoli \u2013 ndr,) e pochissime opere di difesa dei versanti e dei torrenti minori\u201d. Ancora Scussel: \u201cIl completamento della sistemazione idraulica del bacino del Ma\u00e8 dovr\u00e0 essere imperniato sulla necessit\u00e0 di mitigare l\u2019erosione idrica e di dosare il trasporto solido, in particolare l\u2019erosione va combattuta con interventi estensivi, graduali, rispettosi della natura, di manutenzione del territorio\u201d. Poi, riferendosi alla seconda relazione (\u201cInterventi di difesa idrogeologica eseguiti dal Servizio Forestale Regionale di Belluno in comune di Forno di Zoldo\u201d di Giuseppe Poletti \u2013 ndr.) precisava che la stessa \u201cVuole testimoniare la volont\u00e0 e la capacita di intervento del Servizio Forestale della Regione Veneto di affrontare la sistemazione dei dissesti di versante con tecniche di ingegneria naturalistica all\u2019avanguardia nel settore, opere spesso <a class=\"dt-pswp-item\" href=\"https:\/\/www.radiopiu.net\/wordpress\/wp-content\/uploads\/2020\/11\/123653743_1260987117605304_1338700178989791858_n.jpg\" data-dt-img-description=\"\" data-large_image_width=\"2048\" data-large_image_height=\"1533\"><img loading=\"lazy\" decoding=\"async\" class=\"size-medium wp-image-170358 alignleft\" src=\"https:\/\/www.radiopiu.net\/wordpress\/wp-content\/uploads\/2020\/11\/123653743_1260987117605304_1338700178989791858_n-300x225.jpg\" alt=\"\" width=\"300\" height=\"225\" srcset=\"https:\/\/www.radiopiu.net\/wordpress\/wp-content\/uploads\/2020\/11\/123653743_1260987117605304_1338700178989791858_n-300x225.jpg 300w, https:\/\/www.radiopiu.net\/wordpress\/wp-content\/uploads\/2020\/11\/123653743_1260987117605304_1338700178989791858_n-1024x767.jpg 1024w, https:\/\/www.radiopiu.net\/wordpress\/wp-content\/uploads\/2020\/11\/123653743_1260987117605304_1338700178989791858_n-768x575.jpg 768w, https:\/\/www.radiopiu.net\/wordpress\/wp-content\/uploads\/2020\/11\/123653743_1260987117605304_1338700178989791858_n-1536x1150.jpg 1536w, https:\/\/www.radiopiu.net\/wordpress\/wp-content\/uploads\/2020\/11\/123653743_1260987117605304_1338700178989791858_n.jpg 2048w\" sizes=\"auto, (max-width: 300px) 100vw, 300px\" \/><\/a>poco appariscenti, ma efficaci\u201d. Concludeva sostenendo che \u201cMerita un\u2019attenzione particolare il breve resoconto dell\u2019alluvione del 1890: un evento ormai lontanissimo nel tempo, ma che il crudo elenco delle vittime rende oggi ancora minaccioso. Quell\u2019evento fu forse la causa scatenante del forte flusso migratorio verso le Americhe di fine secolo. Allora lo Stato non aveva l\u2019organizzazione e le risorse per aiutare gli alluvionati. Oggi le risorse ci sono, si tratta di impiegarle bene\u201d. Il capitolo intitolato \u201cIl nubifragio del 1890\u201d \u00e8 stato curato dallo zoldano don Floriano Pellegrini il quale, anche traducendo dal latino, riferisce che: \u201c\u2026 la descrizione del disastro si trova annotata nei registri parrocchiali di Goima, fatta dal parroco don Arcangelo Gregori, in quelli di Fusine fatta dal pievano don Gio. Batta Belli, e in quelli di Pieve ad opera dell\u2019arciprete don Gio. Maria Casaletti. Un passaggio: \u201c\u2026 Erano le 11, quando venne addosso agli abitanti di questa valle, tranquillamente riposanti, una terribile procella sviluppatasi tra i monti San Sebastiano, Moiazza, Civetta, Agnolezza e dur\u00f2 tremenda per mezz\u2019ora. I fulmini erano continui. Il giro delle nubi era vorticoso, non gocce scendevano ma cordicelle di acqua, frequentemente interrotte da grandine i cui grani, appena scesi a terra, si univano insieme per formare una lastra di ghiaccio. I tuoni non lasciavano sentire il suono delle campane. Il fragore era immenso e sembrava annunciare l\u2019ultima rovina!&#8230; E venne l\u2019aurora a far vedere il misero stato della valle; un\u2019immensa quantit\u00e0 di ghiaia con grossi massi venuti dal Livinal dal Bus (Moiazza) fu portata dappertutto dai torrenti formatisi sul Duran coprendo i ben coltivati campi. Poi la piena del Moiazza distrusse nel villaggio di Molin due officine, due stalle con animali e fieno, lasciando altri edifici crollati, continu\u00f2 la devastazione lungo la valle, finch\u00e9 arrivata a Dont distrusse in parte quel paese, asportando e seppellendo con le case anche gli abitanti in numero di 18\u2026\u201d. In realt\u00e0, con le acque del Ma\u00e8 che corsero torbide e grosse per 20 giorni, in tutto Zoldo le vittime del nubifragio della notte fra il 29 e il 30 agosto 1890 dovrebbero essere state 23! Come diligentemente annota don Floriano.<\/div>\n<\/div>\n<div dir=\"auto\"><\/div>\n<div class=\"l60d2q6s d1544ag0 sj5x9vvc tw6a2znq l9j0dhe7 ni8dbmo4 stjgntxs qlfml3jp inkptoze e72ty7fz qmr60zad jm1wdb64 qv66sw1b ljqsnud1 g6srhlxm\">\n<div dir=\"auto\">\n\n\t\t\t<style type='text\/css'>\n\t\t\t\t#gallery-1 {\n\t\t\t\t\tmargin: auto;\n\t\t\t\t}\n\t\t\t\t#gallery-1 .gallery-item {\n\t\t\t\t\tfloat: left;\n\t\t\t\t\tmargin-top: 10px;\n\t\t\t\t\ttext-align: center;\n\t\t\t\t\twidth: 12%;\n\t\t\t\t}\n\t\t\t\t#gallery-1 img {\n\t\t\t\t\tborder: 2px solid #cfcfcf;\n\t\t\t\t}\n\t\t\t\t#gallery-1 .gallery-caption {\n\t\t\t\t\tmargin-left: 0;\n\t\t\t\t}\n\t\t\t\t\/* see gallery_shortcode() in wp-includes\/media.php *\/\n\t\t\t<\/style>\n\t\t<div id='gallery-1' class='dt-gallery-container gallery galleryid-170346 gallery-columns-8 gallery-size-thumbnail'><dl class='gallery-item'>\n\t\t\t\t<dt class='gallery-icon landscape'>\n\t\t\t\t\t<a class=\"rollover\" href='https:\/\/www.radiopiu.net\/wordpress\/lalluvione-del-1966-in-val-di-zoldo-e-quel-nubifragio-dellagosto-1890-di-renato-bona\/123532449_2812510925691206_4368515442189903122_n\/'><img loading=\"lazy\" decoding=\"async\" width=\"150\" height=\"150\" src=\"https:\/\/www.radiopiu.net\/wordpress\/wp-content\/uploads\/2020\/11\/123532449_2812510925691206_4368515442189903122_n-150x150.jpg\" class=\"attachment-thumbnail size-thumbnail\" alt=\"\" \/><\/a>\n\t\t\t\t<\/dt><\/dl><dl class='gallery-item'>\n\t\t\t\t<dt class='gallery-icon landscape'>\n\t\t\t\t\t<a class=\"rollover\" href='https:\/\/www.radiopiu.net\/wordpress\/lalluvione-del-1966-in-val-di-zoldo-e-quel-nubifragio-dellagosto-1890-di-renato-bona\/123646521_2836315226645054_3015040831587122650_n\/'><img loading=\"lazy\" decoding=\"async\" width=\"150\" height=\"150\" src=\"https:\/\/www.radiopiu.net\/wordpress\/wp-content\/uploads\/2020\/11\/123646521_2836315226645054_3015040831587122650_n-150x150.jpg\" class=\"attachment-thumbnail size-thumbnail\" alt=\"\" \/><\/a>\n\t\t\t\t<\/dt><\/dl><dl class='gallery-item'>\n\t\t\t\t<dt class='gallery-icon landscape'>\n\t\t\t\t\t<a class=\"rollover\" href='https:\/\/www.radiopiu.net\/wordpress\/lalluvione-del-1966-in-val-di-zoldo-e-quel-nubifragio-dellagosto-1890-di-renato-bona\/123735002_659792151387082_1049913371925297829_n\/'><img loading=\"lazy\" decoding=\"async\" width=\"150\" height=\"150\" src=\"https:\/\/www.radiopiu.net\/wordpress\/wp-content\/uploads\/2020\/11\/123735002_659792151387082_1049913371925297829_n-150x150.jpg\" class=\"attachment-thumbnail size-thumbnail\" alt=\"\" \/><\/a>\n\t\t\t\t<\/dt><\/dl><dl class='gallery-item'>\n\t\t\t\t<dt class='gallery-icon landscape'>\n\t\t\t\t\t<a class=\"rollover\" href='https:\/\/www.radiopiu.net\/wordpress\/lalluvione-del-1966-in-val-di-zoldo-e-quel-nubifragio-dellagosto-1890-di-renato-bona\/123779529_2695161117402107_4530727769174634537_n\/'><img loading=\"lazy\" decoding=\"async\" width=\"150\" height=\"150\" src=\"https:\/\/www.radiopiu.net\/wordpress\/wp-content\/uploads\/2020\/11\/123779529_2695161117402107_4530727769174634537_n-150x150.jpg\" class=\"attachment-thumbnail size-thumbnail\" alt=\"\" \/><\/a>\n\t\t\t\t<\/dt><\/dl><dl class='gallery-item'>\n\t\t\t\t<dt class='gallery-icon landscape'>\n\t\t\t\t\t<a class=\"rollover\" href='https:\/\/www.radiopiu.net\/wordpress\/lalluvione-del-1966-in-val-di-zoldo-e-quel-nubifragio-dellagosto-1890-di-renato-bona\/123659228_2637683656543902_6053298459767197882_n\/'><img loading=\"lazy\" decoding=\"async\" width=\"150\" height=\"150\" src=\"https:\/\/www.radiopiu.net\/wordpress\/wp-content\/uploads\/2020\/11\/123659228_2637683656543902_6053298459767197882_n-150x150.jpg\" class=\"attachment-thumbnail size-thumbnail\" alt=\"\" \/><\/a>\n\t\t\t\t<\/dt><\/dl><dl class='gallery-item'>\n\t\t\t\t<dt class='gallery-icon landscape'>\n\t\t\t\t\t<a class=\"rollover\" href='https:\/\/www.radiopiu.net\/wordpress\/lalluvione-del-1966-in-val-di-zoldo-e-quel-nubifragio-dellagosto-1890-di-renato-bona\/123709610_1038722216601818_2863595380920099669_n\/'><img loading=\"lazy\" decoding=\"async\" width=\"150\" height=\"150\" src=\"https:\/\/www.radiopiu.net\/wordpress\/wp-content\/uploads\/2020\/11\/123709610_1038722216601818_2863595380920099669_n-150x150.jpg\" class=\"attachment-thumbnail size-thumbnail\" alt=\"\" \/><\/a>\n\t\t\t\t<\/dt><\/dl><dl class='gallery-item'>\n\t\t\t\t<dt class='gallery-icon landscape'>\n\t\t\t\t\t<a class=\"rollover\" href='https:\/\/www.radiopiu.net\/wordpress\/lalluvione-del-1966-in-val-di-zoldo-e-quel-nubifragio-dellagosto-1890-di-renato-bona\/123717053_482541096048600_3589451545041142648_n\/'><img loading=\"lazy\" decoding=\"async\" width=\"150\" height=\"150\" src=\"https:\/\/www.radiopiu.net\/wordpress\/wp-content\/uploads\/2020\/11\/123717053_482541096048600_3589451545041142648_n-150x150.jpg\" class=\"attachment-thumbnail size-thumbnail\" alt=\"\" \/><\/a>\n\t\t\t\t<\/dt><\/dl><dl class='gallery-item'>\n\t\t\t\t<dt class='gallery-icon landscape'>\n\t\t\t\t\t<a class=\"rollover\" href='https:\/\/www.radiopiu.net\/wordpress\/lalluvione-del-1966-in-val-di-zoldo-e-quel-nubifragio-dellagosto-1890-di-renato-bona\/123651546_350469402877736_3754530265123132744_n\/'><img loading=\"lazy\" decoding=\"async\" width=\"150\" height=\"150\" src=\"https:\/\/www.radiopiu.net\/wordpress\/wp-content\/uploads\/2020\/11\/123651546_350469402877736_3754530265123132744_n-150x150.jpg\" class=\"attachment-thumbnail size-thumbnail\" alt=\"\" \/><\/a>\n\t\t\t\t<\/dt><\/dl><br style=\"clear: both\" \/><dl class='gallery-item'>\n\t\t\t\t<dt class='gallery-icon landscape'>\n\t\t\t\t\t<a class=\"rollover\" href='https:\/\/www.radiopiu.net\/wordpress\/lalluvione-del-1966-in-val-di-zoldo-e-quel-nubifragio-dellagosto-1890-di-renato-bona\/123458290_2073063856158152_5904647245004152981_n\/'><img loading=\"lazy\" decoding=\"async\" width=\"150\" height=\"150\" src=\"https:\/\/www.radiopiu.net\/wordpress\/wp-content\/uploads\/2020\/11\/123458290_2073063856158152_5904647245004152981_n-150x150.jpg\" class=\"attachment-thumbnail size-thumbnail\" alt=\"\" \/><\/a>\n\t\t\t\t<\/dt><\/dl><dl class='gallery-item'>\n\t\t\t\t<dt class='gallery-icon landscape'>\n\t\t\t\t\t<a class=\"rollover\" href='https:\/\/www.radiopiu.net\/wordpress\/lalluvione-del-1966-in-val-di-zoldo-e-quel-nubifragio-dellagosto-1890-di-renato-bona\/123694377_3472360659543946_3820785643113694618_n\/'><img loading=\"lazy\" decoding=\"async\" width=\"150\" height=\"150\" src=\"https:\/\/www.radiopiu.net\/wordpress\/wp-content\/uploads\/2020\/11\/123694377_3472360659543946_3820785643113694618_n-150x150.jpg\" class=\"attachment-thumbnail size-thumbnail\" alt=\"\" \/><\/a>\n\t\t\t\t<\/dt><\/dl><dl class='gallery-item'>\n\t\t\t\t<dt class='gallery-icon landscape'>\n\t\t\t\t\t<a class=\"rollover\" href='https:\/\/www.radiopiu.net\/wordpress\/lalluvione-del-1966-in-val-di-zoldo-e-quel-nubifragio-dellagosto-1890-di-renato-bona\/123653743_1260987117605304_1338700178989791858_n\/'><img loading=\"lazy\" decoding=\"async\" width=\"150\" height=\"150\" src=\"https:\/\/www.radiopiu.net\/wordpress\/wp-content\/uploads\/2020\/11\/123653743_1260987117605304_1338700178989791858_n-150x150.jpg\" class=\"attachment-thumbnail size-thumbnail\" alt=\"\" \/><\/a>\n\t\t\t\t<\/dt><\/dl><dl class='gallery-item'>\n\t\t\t\t<dt class='gallery-icon landscape'>\n\t\t\t\t\t<a class=\"rollover\" href='https:\/\/www.radiopiu.net\/wordpress\/lalluvione-del-1966-in-val-di-zoldo-e-quel-nubifragio-dellagosto-1890-di-renato-bona\/123654067_3287713321341518_1260169435743742260_n\/'><img loading=\"lazy\" decoding=\"async\" width=\"150\" height=\"150\" src=\"https:\/\/www.radiopiu.net\/wordpress\/wp-content\/uploads\/2020\/11\/123654067_3287713321341518_1260169435743742260_n-150x150.jpg\" class=\"attachment-thumbnail size-thumbnail\" alt=\"\" \/><\/a>\n\t\t\t\t<\/dt><\/dl><dl class='gallery-item'>\n\t\t\t\t<dt class='gallery-icon landscape'>\n\t\t\t\t\t<a class=\"rollover\" href='https:\/\/www.radiopiu.net\/wordpress\/lalluvione-del-1966-in-val-di-zoldo-e-quel-nubifragio-dellagosto-1890-di-renato-bona\/123698351_694878794498651_7406190767402231573_n\/'><img loading=\"lazy\" decoding=\"async\" width=\"150\" height=\"150\" src=\"https:\/\/www.radiopiu.net\/wordpress\/wp-content\/uploads\/2020\/11\/123698351_694878794498651_7406190767402231573_n-150x150.jpg\" class=\"attachment-thumbnail size-thumbnail\" alt=\"\" \/><\/a>\n\t\t\t\t<\/dt><\/dl><dl class='gallery-item'>\n\t\t\t\t<dt class='gallery-icon landscape'>\n\t\t\t\t\t<a class=\"rollover\" href='https:\/\/www.radiopiu.net\/wordpress\/lalluvione-del-1966-in-val-di-zoldo-e-quel-nubifragio-dellagosto-1890-di-renato-bona\/123683541_443280306658248_3701223585707854907_n\/'><img loading=\"lazy\" decoding=\"async\" width=\"150\" height=\"150\" src=\"https:\/\/www.radiopiu.net\/wordpress\/wp-content\/uploads\/2020\/11\/123683541_443280306658248_3701223585707854907_n-150x150.jpg\" class=\"attachment-thumbnail size-thumbnail\" alt=\"\" \/><\/a>\n\t\t\t\t<\/dt><\/dl><dl class='gallery-item'>\n\t\t\t\t<dt class='gallery-icon landscape'>\n\t\t\t\t\t<a class=\"rollover\" href='https:\/\/www.radiopiu.net\/wordpress\/lalluvione-del-1966-in-val-di-zoldo-e-quel-nubifragio-dellagosto-1890-di-renato-bona\/123659228_272151274216460_8733474240361598409_n\/'><img loading=\"lazy\" decoding=\"async\" width=\"150\" height=\"150\" src=\"https:\/\/www.radiopiu.net\/wordpress\/wp-content\/uploads\/2020\/11\/123659228_272151274216460_8733474240361598409_n-150x150.jpg\" class=\"attachment-thumbnail size-thumbnail\" alt=\"\" \/><\/a>\n\t\t\t\t<\/dt><\/dl>\n\t\t\t\t<br style='clear: both' \/>\n\t\t\t<\/div>\n\n<\/div>\n<div class=\"oo9gr5id\" dir=\"auto\">NELLE FOTO (riproduzioni dal libro \u201cL\u2019alluvione del 1966 in Zoldo\u201d): la copertina della pubblicazione; Col da Molin; gente attonita a Dont; Forno (Barat); altre rovine nel capoluogo comunale; erosione della strada a Soccampo; devastazione a Pont Aut; alla ricerca di qualcosa\u2026; spettacolo da brividi con rovine ovunque.<\/div>\n<\/div>\n<\/div>\n<\/div>\n<div class=\"pfnyh3mw ewlkfwdl bp9cbjyn j83agx80 qnrpqo6b\">\n<div class=\"\">\n<div class=\"lzcic4wl\" tabindex=\"0\" role=\"gridcell\" data-scope=\"messages_table\">\n<div class=\"mkd47r93 rgmg9uty j83agx80 btwxx1t3\" role=\"menu\" aria-orientation=\"horizontal\" aria-label=\"Azioni dei messaggi\">\n<div>\n<div class=\"\">\n<div class=\"oajrlxb2 gs1a9yip g5ia77u1 mtkw9kbi tlpljxtp qensuy8j ppp5ayq2 goun2846 ccm00jje s44p3ltw mk2mc5f4 rt8b4zig n8ej3o3l agehan2d sk4xxmp2 rq0escxv nhd2j8a9 pq6dq46d mg4g778l btwxx1t3 pfnyh3mw p7hjln8o kvgmc6g5 cxmmr5t8 oygrvhab hcukyx3x tgvbjcpo hpfvmrgz jb3vyjys rz4wbd8a qt6c0cv9 a8nywdso l9j0dhe7 i1ao9s8h esuyzwwr f1sip0of du4w35lb lzcic4wl abiwlrkh p8dawk7l\" tabindex=\"0\" role=\"menuitem\" aria-expanded=\"false\" aria-haspopup=\"menu\" aria-label=\"Aggiungi una reazione\">\n<div class=\"hcukyx3x cxmmr5t8 b73ngqbp rgmg9uty j83agx80 s45kfl79 emlxlaya bkmhp75w spb7xbtv pfnyh3mw n5ue3fu6 bp9cbjyn taijpn5t oqcyycmt nhd2j8a9 opvtebq1 l9j0dhe7\">\n<div class=\"p1ueia1e pgctjfs5 l8rlqa9s sh06z9xi i2p6rm4e\"><\/div>\n<\/div>\n<\/div>\n<\/div>\n<\/div>\n<div>\n<div class=\"hcukyx3x cxmmr5t8 b73ngqbp rgmg9uty j83agx80 s45kfl79 emlxlaya bkmhp75w spb7xbtv pfnyh3mw n5ue3fu6 bp9cbjyn taijpn5t oqcyycmt nhd2j8a9 opvtebq1 l9j0dhe7\">\n<div class=\"oajrlxb2 gs1a9yip g5ia77u1 mtkw9kbi tlpljxtp qensuy8j ppp5ayq2 goun2846 ccm00jje s44p3ltw mk2mc5f4 rt8b4zig n8ej3o3l agehan2d sk4xxmp2 rq0escxv nhd2j8a9 pq6dq46d mg4g778l btwxx1t3 pfnyh3mw p7hjln8o kvgmc6g5 cxmmr5t8 oygrvhab hcukyx3x tgvbjcpo hpfvmrgz jb3vyjys rz4wbd8a qt6c0cv9 a8nywdso l9j0dhe7 i1ao9s8h esuyzwwr f1sip0of du4w35lb lzcic4wl abiwlrkh p8dawk7l\" tabindex=\"0\" role=\"menuitem\" aria-label=\"Rispondi\">\n<div class=\"p1ueia1e pgctjfs5 l8rlqa9s sh06z9xi i2p6rm4e\"><\/div>\n<\/div>\n<\/div>\n<\/div>\n<div>\n<div class=\"\">\n<div class=\"oajrlxb2 gs1a9yip g5ia77u1 mtkw9kbi tlpljxtp qensuy8j ppp5ayq2 goun2846 ccm00jje s44p3ltw mk2mc5f4 rt8b4zig n8ej3o3l agehan2d sk4xxmp2 rq0escxv nhd2j8a9 pq6dq46d mg4g778l btwxx1t3 pfnyh3mw p7hjln8o kvgmc6g5 cxmmr5t8 oygrvhab hcukyx3x tgvbjcpo hpfvmrgz jb3vyjys rz4wbd8a qt6c0cv9 a8nywdso l9j0dhe7 i1ao9s8h esuyzwwr f1sip0of du4w35lb lzcic4wl abiwlrkh p8dawk7l\" tabindex=\"0\" role=\"menuitem\" aria-expanded=\"false\" aria-haspopup=\"menu\" aria-label=\"Altro\">\n<div class=\"hcukyx3x cxmmr5t8 b73ngqbp rgmg9uty j83agx80 s45kfl79 emlxlaya bkmhp75w spb7xbtv pfnyh3mw n5ue3fu6 bp9cbjyn taijpn5t oqcyycmt nhd2j8a9 opvtebq1 l9j0dhe7\"><\/div>\n<\/div>\n<\/div>\n<\/div>\n<\/div>\n<\/div>\n<\/div>\n<\/div>\n<\/div>\n<\/div>\n<\/div>\n<\/div>\n<\/div>\n<\/div>\n<div class=\"j83agx80 jwdofwj8 pby63qed\" data-testid=\"incoming_group\">\n<div class=\"rj1gh0hx buofh1pr hpfvmrgz\">\n<div role=\"row\">\n<div class=\"\">\n<div class=\"j83agx80 cbu4d94t\">\n<div class=\"j83agx80\">\n<div class=\"pfnyh3mw ewlkfwdl bp9cbjyn j83agx80 qnrpqo6b\">\n<div class=\"\">\n<div class=\"lzcic4wl\" tabindex=\"0\" role=\"gridcell\" data-scope=\"messages_table\">\n<div class=\"oajrlxb2 gs1a9yip g5ia77u1 mtkw9kbi tlpljxtp qensuy8j ppp5ayq2 goun2846 ccm00jje s44p3ltw mk2mc5f4 rt8b4zig n8ej3o3l agehan2d sk4xxmp2 rq0escxv nhd2j8a9 j83agx80 mg4g778l btwxx1t3 pfnyh3mw p7hjln8o kvgmc6g5 cxmmr5t8 oygrvhab hcukyx3x tgvbjcpo hpfvmrgz jb3vyjys rz4wbd8a qt6c0cv9 a8nywdso l9j0dhe7 i1ao9s8h esuyzwwr f1sip0of du4w35lb lzcic4wl abiwlrkh p8dawk7l mkd47r93 rgmg9uty\" tabindex=\"-1\" role=\"button\" aria-expanded=\"false\" aria-haspopup=\"menu\" aria-label=\"Azioni dei messaggi\">\n<div class=\"n00je7tq arfg74bv qs9ysxi8 k77z8yql i09qtzwb n7fi1qx3 b5wmifdl hzruof5a pmk7jnqg j9ispegn kr520xx4 c5ndavph art1omkt ot9fgl3s\" data-visualcompletion=\"ignore\"><\/div>\n<\/div>\n<\/div>\n<\/div>\n<\/div>\n<\/div>\n<\/div>\n<\/div>\n<\/div>\n<\/div>\n<\/div>\n","protected":false},"excerpt":{"rendered":"<p>VAL DI ZOLDO\u00a0 Oggi, mercoled\u00ec 4 novembre 2020 giorno in cui ricorre il sessantaquattresimo anniversario della rovinosa alluvione del 1966, che provoc\u00f2 molte vittime ed ingenti danni anche in provincia di Belluno, e mentre \u00e8 ancora presente il pesantissimo bilancio del fenomeno Vaia dell\u2019ottobre di due anni fa, vogliamo ricordare che, a trent\u2019anni dall\u2019evento del&hellip;<\/p>\n","protected":false},"author":4,"featured_media":170357,"comment_status":"closed","ping_status":"closed","sticky":false,"template":"","format":"standard","meta":{"_monsterinsights_skip_tracking":false,"_monsterinsights_sitenote_active":false,"_monsterinsights_sitenote_note":"","_monsterinsights_sitenote_category":0,"footnotes":""},"categories":[51,104,49],"tags":[],"class_list":["post-170346","post","type-post","status-publish","format-standard","has-post-thumbnail","hentry","category-evidenza-top","category-evidenza_3","category-news-18","category-51","category-104","category-49","description-off"],"img_url":"https:\/\/www.radiopiu.net\/wordpress\/wp-content\/uploads\/2020\/11\/123532449_2812510925691206_4368515442189903122_n.jpg","_links":{"self":[{"href":"https:\/\/www.radiopiu.net\/wordpress\/wp-json\/wp\/v2\/posts\/170346","targetHints":{"allow":["GET"]}}],"collection":[{"href":"https:\/\/www.radiopiu.net\/wordpress\/wp-json\/wp\/v2\/posts"}],"about":[{"href":"https:\/\/www.radiopiu.net\/wordpress\/wp-json\/wp\/v2\/types\/post"}],"author":[{"embeddable":true,"href":"https:\/\/www.radiopiu.net\/wordpress\/wp-json\/wp\/v2\/users\/4"}],"replies":[{"embeddable":true,"href":"https:\/\/www.radiopiu.net\/wordpress\/wp-json\/wp\/v2\/comments?post=170346"}],"version-history":[{"count":0,"href":"https:\/\/www.radiopiu.net\/wordpress\/wp-json\/wp\/v2\/posts\/170346\/revisions"}],"wp:featuredmedia":[{"embeddable":true,"href":"https:\/\/www.radiopiu.net\/wordpress\/wp-json\/wp\/v2\/media\/170357"}],"wp:attachment":[{"href":"https:\/\/www.radiopiu.net\/wordpress\/wp-json\/wp\/v2\/media?parent=170346"}],"wp:term":[{"taxonomy":"category","embeddable":true,"href":"https:\/\/www.radiopiu.net\/wordpress\/wp-json\/wp\/v2\/categories?post=170346"},{"taxonomy":"post_tag","embeddable":true,"href":"https:\/\/www.radiopiu.net\/wordpress\/wp-json\/wp\/v2\/tags?post=170346"}],"curies":[{"name":"wp","href":"https:\/\/api.w.org\/{rel}","templated":true}]}}