{"id":170390,"date":"2020-11-04T04:59:25","date_gmt":"2020-11-04T03:59:25","guid":{"rendered":"https:\/\/www.radiopiu.net\/wordpress\/?p=170390"},"modified":"2020-11-04T06:08:35","modified_gmt":"2020-11-04T05:08:35","slug":"in-dubbio-la-continuazione-dellitalian-hockey-league","status":"publish","type":"post","link":"https:\/\/www.radiopiu.net\/wordpress\/in-dubbio-la-continuazione-dellitalian-hockey-league\/","title":{"rendered":"IN DUBBIO LA CONTINUAZIONE DELL&#8217;ITALIAN HOCKEY LEAGUE"},"content":{"rendered":"<p><strong><a class=\"dt-pswp-item\" href=\"https:\/\/www.radiopiu.net\/wordpress\/wp-content\/uploads\/2019\/01\/HOCKEY-PORTA.jpg\" data-dt-img-description=\"\" data-large_image_width=\"2000\" data-large_image_height=\"1000\"><img loading=\"lazy\" decoding=\"async\" class=\"size-medium wp-image-71539 alignleft\" src=\"https:\/\/www.radiopiu.net\/wordpress\/wp-content\/uploads\/2019\/01\/HOCKEY-PORTA-300x150.jpg\" alt=\"\" width=\"300\" height=\"150\" srcset=\"https:\/\/www.radiopiu.net\/wordpress\/wp-content\/uploads\/2019\/01\/HOCKEY-PORTA-300x150.jpg 300w, https:\/\/www.radiopiu.net\/wordpress\/wp-content\/uploads\/2019\/01\/HOCKEY-PORTA-768x384.jpg 768w, https:\/\/www.radiopiu.net\/wordpress\/wp-content\/uploads\/2019\/01\/HOCKEY-PORTA-1024x512.jpg 1024w, https:\/\/www.radiopiu.net\/wordpress\/wp-content\/uploads\/2019\/01\/HOCKEY-PORTA.jpg 2000w\" sizes=\"auto, (max-width: 300px) 100vw, 300px\" \/><\/a>ALLEGHE <\/strong>L&#8217;Italian Hockey League potrebbe subire uno stop, ma tutto dipende dal prossimo DPCM. L&#8217;Alleghe non si \u00e8 perso d&#8217;animo e ha subito chiesto chiarimenti alla federazione. A creare dei dubbi alla societ\u00e0 alleghese sono le possibili restrizioni per gli spostamenti tra regioni. Al momento le squadre senza problemi dovrebbero essere l&#8217;Alleghe, Val di Fiemme e Pergine. Le squadre lombarde e quelle altoatesine invece potrebbero avere dei problemi a riguardo. Come si sa, l&#8217;Alto Adige in questo momento non gode di ottima salute e c&#8217;\u00e8 la possibilit\u00e0 che, assieme alla Lombardia, rientri nella zona rossa del semaforo nazionale. Questo significa che non sar\u00e0 possibile accedere alla regione\/provincia se non per lavoro o motivi di salute. L&#8217;ultima ordinanza dell&#8217;Alto Adige consente lo svolgimento di eventi sportivi a carattere nazionale ma i paletti potrebbero essere messi dal Governo. &#8220;<em>Ci stiamo informando sul da farsi ed abbiamo gi\u00e0 contattato per mail la federazione &#8211; dice Patrick De Silvestro, dirigente dell&#8217;Alleghe Hockey &#8211; ma al momento non abbiamo avuto risposta anche perch\u00e9 il nuovo decreto non \u00e8 ancora uscito. Speriamo di avere delucidazioni a riguardo il prima possibile<\/em>&#8220;. Sabato prossimo le civette giocheranno in trasferta proprio in terra altoatesina contro l&#8217;Unterland Cavaliers.<\/p>\n","protected":false},"excerpt":{"rendered":"<p>ALLEGHE L&#8217;Italian Hockey League potrebbe subire uno stop, ma tutto dipende dal prossimo DPCM. L&#8217;Alleghe non si \u00e8 perso d&#8217;animo e ha subito chiesto chiarimenti alla federazione. A creare dei dubbi alla societ\u00e0 alleghese sono le possibili restrizioni per gli spostamenti tra regioni. Al momento le squadre senza problemi dovrebbero essere l&#8217;Alleghe, Val di Fiemme&hellip;<\/p>\n","protected":false},"author":4,"featured_media":71539,"comment_status":"closed","ping_status":"closed","sticky":false,"template":"","format":"standard","meta":{"_monsterinsights_skip_tracking":false,"_monsterinsights_sitenote_active":false,"_monsterinsights_sitenote_note":"","_monsterinsights_sitenote_category":0,"footnotes":""},"categories":[51,104,49,72],"tags":[],"class_list":["post-170390","post","type-post","status-publish","format-standard","has-post-thumbnail","hentry","category-evidenza-top","category-evidenza_3","category-news-18","category-sport","category-51","category-104","category-49","category-72","description-off"],"img_url":"https:\/\/www.radiopiu.net\/wordpress\/wp-content\/uploads\/2019\/01\/HOCKEY-PORTA.jpg","_links":{"self":[{"href":"https:\/\/www.radiopiu.net\/wordpress\/wp-json\/wp\/v2\/posts\/170390","targetHints":{"allow":["GET"]}}],"collection":[{"href":"https:\/\/www.radiopiu.net\/wordpress\/wp-json\/wp\/v2\/posts"}],"about":[{"href":"https:\/\/www.radiopiu.net\/wordpress\/wp-json\/wp\/v2\/types\/post"}],"author":[{"embeddable":true,"href":"https:\/\/www.radiopiu.net\/wordpress\/wp-json\/wp\/v2\/users\/4"}],"replies":[{"embeddable":true,"href":"https:\/\/www.radiopiu.net\/wordpress\/wp-json\/wp\/v2\/comments?post=170390"}],"version-history":[{"count":0,"href":"https:\/\/www.radiopiu.net\/wordpress\/wp-json\/wp\/v2\/posts\/170390\/revisions"}],"wp:featuredmedia":[{"embeddable":true,"href":"https:\/\/www.radiopiu.net\/wordpress\/wp-json\/wp\/v2\/media\/71539"}],"wp:attachment":[{"href":"https:\/\/www.radiopiu.net\/wordpress\/wp-json\/wp\/v2\/media?parent=170390"}],"wp:term":[{"taxonomy":"category","embeddable":true,"href":"https:\/\/www.radiopiu.net\/wordpress\/wp-json\/wp\/v2\/categories?post=170390"},{"taxonomy":"post_tag","embeddable":true,"href":"https:\/\/www.radiopiu.net\/wordpress\/wp-json\/wp\/v2\/tags?post=170390"}],"curies":[{"name":"wp","href":"https:\/\/api.w.org\/{rel}","templated":true}]}}