{"id":170447,"date":"2020-11-05T14:30:46","date_gmt":"2020-11-05T13:30:46","guid":{"rendered":"https:\/\/www.radiopiu.net\/wordpress\/?p=170447"},"modified":"2020-11-06T06:18:02","modified_gmt":"2020-11-06T05:18:02","slug":"giornale-radiopiu-05-novembre-2020-direttore-mirko-mezzacasa","status":"publish","type":"post","link":"https:\/\/www.radiopiu.net\/wordpress\/giornale-radiopiu-05-novembre-2020-direttore-mirko-mezzacasa\/","title":{"rendered":"GIORNALE RADIOPIU 05 NOVEMBRE 2020 DIRETTORE MIRKO MEZZACASA"},"content":{"rendered":"<blockquote>\n<h3><span style=\"color: #0000ff;\" data-offset-key=\"10fi2-0-0\">SITO INTERNET E TELEGRAM RADIO PIU IERI: PUBBLICATI 34 ARTICOLI, 91.082 VISUALIZZAZIONI.<\/span><\/h3>\n<\/blockquote>\n<h3>PER<strong> RICEVERE QUESTO NOTIZIARIO DIRETTAMENTE SUL TUO CELLULARE ISCRIVITI AL CANALE TELEGRAM <\/strong><strong>\u201cRADIO PIU\u00a0 INFORMAZIONE&#8221;<\/strong><\/h3>\n<p><em>ATTENZIONE: LA NUOVA APP PER IOS-IPHONE<\/em><\/p>\n<div>\n<div><a href=\"https:\/\/apps.apple.com\/it\/app\/radio-pi%C3%B9-emittente-agordina\/id1515939845\">https:\/\/apps.apple.com\/it\/app\/radio-pi%C3%B9-emittente-agordina\/id1515939845<\/a><\/div>\n<\/div>\n<div><\/div>\n<div>\n<div dir=\"auto\"><em>ATTENZIONE: LA NUOVA APP RADIO\u00a0 PER ANDROID<\/em><\/div>\n<\/div>\n<p><a href=\"https:\/\/play.google.com\/store\/apps\/details?id=net.radiopiu.iniko\" target=\"_blank\" rel=\"noopener noreferrer\">https:\/\/play.google.com\/store\/apps\/details?id=net.radiopiu.iniko\u00a0\u00a0<\/a><\/p>\n<p>&nbsp;<\/p>\n<div class=\"\" data-block=\"true\" data-editor=\"crvcq\" data-offset-key=\"6hlpb-0-0\">\n<blockquote>\n<h3 class=\"_1mf _1mj\" data-offset-key=\"6hlpb-0-0\"><span class=\"_247o\" spellcheck=\"false\" data-offset-key=\"6hlpb-0-0\"><span data-offset-key=\"6hlpb-0-0\">Fantastiche Dolomiti<\/span><\/span><span data-offset-key=\"6hlpb-1-0\"> OGGI ALLE 10.30 E 1900 LA TERZA PUNTATA&#8230; ALLA RADIO, Belluno 104.400 Mhz<\/span><\/h3>\n<\/blockquote>\n<\/div>\n<p>&nbsp;<\/p>\n<hr \/>\n<p>&nbsp;<\/p>\n<p>&nbsp;<\/p>\n<blockquote>\n<h3>ROMA Il presidente del Consiglio Giuseppe Conte. Il Veneto rientra in area GIALLA<\/h3>\n<\/blockquote>\n<p><iframe loading=\"lazy\" title=\"Dpcm 3 novembre 2020, conferenza stampa del Presidente Conte\" width=\"1200\" height=\"675\" src=\"https:\/\/www.youtube.com\/embed\/4GP58_BL7sw?feature=oembed\" frameborder=\"0\" allow=\"accelerometer; autoplay; clipboard-write; encrypted-media; gyroscope; picture-in-picture\" allowfullscreen><\/iframe><\/p>\n<p>&nbsp;<\/p>\n<hr \/>\n<blockquote>\n<h3>L&#8217;AUTOCERTIFICAZIONE DA UTILIZZARE TRA LE 22 E LE 5 DEL MATTINO E NELLE ZONE ROSSE<\/h3>\n<\/blockquote>\n<p><strong>RADIO PIU&#8217; <\/strong>Torna in vigore l&#8217;autocertificazione per gli\u00a0spostamenti tra le 22 e le 5 del mattino (coprifuoco) e anche nel caso di zona rossa valido per tutta la giornata.<\/p>\n<p><a href=\"https:\/\/www.radiopiu.net\/wordpress\/wp-content\/uploads\/2020\/11\/modello_autodichiarazione_editabile_ottobre_2020.pdf\">PER SCARICARE L&#8217;AUTOCERTIFICAZIONE CLICCA QUI<\/a><\/p>\n<a href=\"https:\/\/www.radiopiu.net\/wordpress\/wp-content\/uploads\/2020\/11\/modello_autodichiarazione_editabile_ottobre_2020.pdf\" class=\"pdfemb-viewer\" style=\"\" data-width=\"max\" data-height=\"max\" data-toolbar=\"top\" data-toolbar-fixed=\"on\">modello_autodichiarazione_editabile_ottobre_2020<\/a>\n<p>&nbsp;<\/p>\n<p>&nbsp;<\/p>\n<hr \/>\n<p>&nbsp;<\/p>\n<blockquote>\n<h3>DAL 15 NOVEMBRE L\u2019OBBLIGO DI PNEUMATICI DA NEVE O CATENE A BORDO<\/h3>\n<\/blockquote>\n<p><strong>SEDICO<\/strong> Veneto Strade ricorda che a partire dal 15 novembre 2020, e fino al 15 aprile 2021, tutti i veicoli circolanti lungo la viabilit\u00e0 devono essere muniti di pneumatici invernali\u00a0 o avere catene a bordo o altri mezzi antisdrucciolevoli omologati. Si ricorda che l\u2019obbligo \u00e8 prescritto in provincia di Belluno anche per la rete stradale ANAS e il tratto autostradale della A27.<\/p>\n<p>&nbsp;<\/p>\n<p>&nbsp;<\/p>\n<hr \/>\n<p>&nbsp;<\/p>\n<blockquote>\n<div class=\"page-title-head hgroup\">\n<h3 class=\"entry-title\">ACQUA\u00a0 SEMPRE INQUINATA A TAIBON<\/h3>\n<\/div>\n<div class=\"page-title-breadcrumbs\"><a class=\"dt-pswp-item pspw-wrap-ready\" href=\"https:\/\/i1.wp.com\/www.radiopiu.net\/wordpress\/wp-content\/uploads\/2019\/10\/ACQUA-SPORCA.jpeg?ssl=1\" data-dt-img-description=\"\" data-large_image_width=\"1024\" data-large_image_height=\"768\"><img loading=\"lazy\" decoding=\"async\" class=\" wp-image-104646 alignleft\" src=\"https:\/\/i1.wp.com\/www.radiopiu.net\/wordpress\/wp-content\/uploads\/2019\/10\/ACQUA-SPORCA.jpeg?resize=127%2C95&amp;ssl=1\" sizes=\"auto, (max-width: 127px) 100vw, 127px\" srcset=\"https:\/\/i1.wp.com\/www.radiopiu.net\/wordpress\/wp-content\/uploads\/2019\/10\/ACQUA-SPORCA.jpeg?resize=300%2C225&amp;ssl=1 300w, https:\/\/i1.wp.com\/www.radiopiu.net\/wordpress\/wp-content\/uploads\/2019\/10\/ACQUA-SPORCA.jpeg?resize=768%2C576&amp;ssl=1 768w, https:\/\/i1.wp.com\/www.radiopiu.net\/wordpress\/wp-content\/uploads\/2019\/10\/ACQUA-SPORCA.jpeg?w=1024&amp;ssl=1 1024w\" alt=\"\" width=\"96\" height=\"72\" \/><\/a><\/div>\n<\/blockquote>\n<p class=\"photoswipe-wrapper\">Acqua sempre inquinata (si puo&#8217; usare per scopi alimentari previa bollitura) in frazione Ronch di Bos e Nogarola a <strong>TAIBON\u00a0<\/strong><\/p>\n<p>&nbsp;<\/p>\n<p>&nbsp;<\/p>\n<hr \/>\n<p>&nbsp;<\/p>\n<p><strong>DURANTE LA NOTTE CHIUDE LA 52 CARNICA A LORENZAGO DI CADORE<\/strong><\/p>\n<p><strong>VENEZIA<\/strong>\u00a0 La limitazione \u00e8 in vigore nella sola fascia oraria notturna 20\u20136, festivi esclusi. Il traffico da Domegge di Cadore in direzione Tolmezzo sar\u00e0 indirizzato, tramite segnaletica in loco, verso Santo Stefano di Cadore, Sappada, Forni Avoltri, Ovaro e Villa Santina.<\/p>\n<p>&nbsp;<\/p>\n<p>&nbsp;<\/p>\n<hr \/>\n<p>&nbsp;<\/p>\n<p><strong>CHE GIORNATA&#8230; GLI ANNUNCI, UNA LUNGA ATTESA FINO A SERA QUINDI IL RINVIO DELL&#8217;ENTRA IN VIGORE DEL DPCM DI 24 ORE. LA NUOVA ATTESA, LA DIRETTA IMPROVVISATA, L&#8217;ANNUNCIO E POI IL SOLLIEVO. DA DOMANI E&#8217; COPRIFUOCO, DALLE 22 NON SI ESCE DI CASA NEMMENO CON GUINZAGLIO E CANE E CON I BLOCCHI RIECCO L&#8217;AUTOCERTIFICAZIONE PER CHI SI MUOVE DOPO LE 22 ANCHE IN ZONA GIALLA (VENETO). MASCHERINA OBBLIGATORIA ANCHE NELLE AULE SCOLASTICHE DAI 6 ANNI IN SU. DA SABATO NEI GIORNI FESTIVI E PREFESTIVI SERRANDE ABBASSATE ANCHE NEI CENTRI COMMERCIALI.<\/strong><\/p>\n<p>&nbsp;<\/p>\n<blockquote>\n<h3>IL VENETO RIENTRA IN ZONA GIALLA. COSA SI POTRA&#8217; FARE DA DOMANI<\/h3>\n<\/blockquote>\n<p><strong>ROMA\u00a0<\/strong>E&#8217; ufficiale. il Veneto rientra nella zona GIALLA con un rischio moderato. Questo per i prossimi 15 giorni poi il Ministero della Salute far\u00e0 il punto della situazione settimanalmente e in caso di RT in aumento e saturazione dei porti letto negli ospedali la regione potrebbe balzare in una categoria di rischio pi\u00f9 alta per i 15 giorni successivi.<\/p>\n<p><strong>GIALLA\u00a0<\/strong><span style=\"color: #008000;\">A LIVELLO NAZIONALE: Coprifuoco dalle 22 alle 5 con ritorno dell&#8217;autocertificazione, in queste ore gli spostamenti sono consentiti solo per comprovate esigenze di lavoro o salute. <\/span><span style=\"color: #008000;\">DIDATTICA A DISTANZA Al 100 per cento nelle scuole superiori <\/span><span style=\"color: #008000;\">CENTRI COMMERCIALI Chiusi nelle giornate prefestive e festive <\/span><span style=\"color: #008000;\">TRASPORTI Capienza dimezzata al 50% BAR E RISTORANTI aperti fino alle 18. Possibile asporto fino alle 22 e consegna a domicilio senza limite di orario.<\/span><\/p>\n<p><strong>LA TABELLA CHE RISPECCHIA COSA SI PUO&#8217; O NON SI PUO&#8217; FARE IN BASE AL COLORE IN CUI RIENTRA LA REGIONE DI APPARTENENZA<\/strong><\/p>\n<p><strong><a href=\"https:\/\/www.radiopiu.net\/wordpress\/il-veneto-rientra-in-zona-gialla\/unknown-1\/\" rel=\"attachment wp-att-170668\"><img loading=\"lazy\" decoding=\"async\" class=\"alignnone wp-image-170668 size-full\" src=\"https:\/\/www.radiopiu.net\/wordpress\/wp-content\/uploads\/2020\/11\/Unknown-1.jpeg\" alt=\"\" width=\"1280\" height=\"720\" srcset=\"https:\/\/www.radiopiu.net\/wordpress\/wp-content\/uploads\/2020\/11\/Unknown-1.jpeg 1280w, https:\/\/www.radiopiu.net\/wordpress\/wp-content\/uploads\/2020\/11\/Unknown-1-300x169.jpeg 300w, https:\/\/www.radiopiu.net\/wordpress\/wp-content\/uploads\/2020\/11\/Unknown-1-1024x576.jpeg 1024w, https:\/\/www.radiopiu.net\/wordpress\/wp-content\/uploads\/2020\/11\/Unknown-1-768x432.jpeg 768w\" sizes=\"auto, (max-width: 1280px) 100vw, 1280px\" \/><\/a><\/strong><\/p>\n<p>&nbsp;<\/p>\n<blockquote>\n<h3>IL MINISTRO FEDERICO D&#8217;INCA&#8217;<\/h3>\n<\/blockquote>\n<p><em>Da venerd\u00ec entrer\u00e0 in vigore il nuovo #Dpcm che imporr\u00e0 una serie di misure restrittive decise in base alle tre fasce individuate sul territorio nazionale. Non si utilizzeranno misure uniche, ma proporzionate alla gravit\u00e0 (gli scenari sono stati strutturati attraverso i dati forniti dal Ministero della Salute).<\/em><br \/>\n<em>La situazione ci impone di intervenire ulteriormente per potere frenare la corsa del virus e siamo consapevoli delle difficolt\u00e0 che molte attivit\u00e0 dovranno affrontare. Anche per questo motivo, come annunciato dal Presidente Giuseppe Conte, interverremo immediatamente con un nuovo provvedimento, un decreto \u2018ristori Bis\u2019 che segue quello gi\u00e0 emanato pochi giorni fa. Daremo risorse dirette alle categorie pi\u00f9 colpite e non lasceremo indietro nessuno.\u00a0<\/em><\/p>\n<p>&nbsp;<\/p>\n<blockquote>\n<h3>IL PRESIDENTE DELLA REGIONE LUCA ZAIA<\/h3>\n<\/blockquote>\n<p><em>\u201cLa classificazione delle Regioni in diverse aree non deve scatenare una guerra tra poveri. Non \u00e8 il caso di pensare adesso che ci siano primi della classe e sfortunati. Per quanto riguarda il Veneto, la nostra classificazione in area gialla dimostra che fino ad ora, ripeto fino ad ora, il sistema di gestione e il modello sanitario hanno tenuto\u201d.<\/em> Inizia cos\u00ec il primo commento del Presidente della Regione Veneto, Luca Zaia, sulle comunicazioni del premier Conte. <em>\u201cPer tutti noi \u2013 ammonisce Zaia \u2013 non \u00e8 un punto di arrivo, ma di partenza, perch\u00e9 il rischio che la situazione possa peggiorare \u00e8 dietro l\u2019angolo\u201d, <\/em><em>\u201cPer evitare un cambio di area \u2013 aggiunge il Governatore \u2013 \u00e8 necessario che ci impegniamo tutti con l\u2019uso ossessivo della mascherina, con il distanziamento evitando ogni possibile forma di assembramento, con l\u2019igienizzazione costante delle mani. Sono sfide semplici da affrontare per ognuno di noi, ma che ci permetteranno di fare un grande lavoro di squadra\u201d. <\/em><em>\u201cOra la partita \u00e8 nelle nostre mani \u2013 prosegue Zaia. La sanit\u00e0 ha bisogno di tutti noi, perch\u00e9 non possiamo correre il rischio di mandare in crisi gli ospedali\u201d.<\/em><br \/>\n<em>\u201cLa sfida e il futuro della nostra comunit\u00e0 \u2013 conclude \u2013 sono in mano a ognuno di noi. Forza veneti, pancia a terra e facciamo squadra\u201d.<\/em><\/p>\n<p>&nbsp;<\/p>\n<p>&nbsp;<\/p>\n<hr \/>\n<p>Pressione negli ospedali in Veneto dove la campagna tamponi continua a spron battuto. Dopo aver chiamato in causa i medici di base obbligandoli a tamponare il presidente Zaia chiede ai veterinari di fare altrettanto anche se il Presidente dell&#8217;ordine chiarisce <em>&#8220;Facciamo prelievi tutti i giorni ma la legge ci vieta di operare sugli umani&#8221;.\u00a0<\/em>Nelle case di riposo la situazione pi\u00f9 grave ad Auronzo mentre Andrea Fiocco dalla FP CGIL da giorni denuncia la grave carenza di personale.<\/p>\n<p>&nbsp;<\/p>\n<blockquote>\n<h3>COVID IN PROVINCIA: 2 DECESSI IL PRIMO DELLA SECONDA ONDATA ALL&#8217;OSPEDALE DI AGORDO, 102 NUOVI POSITIVI E 78 PERSONE RICOVERATE NEGLI OSPEDALI BELLUNESI<\/h3>\n<\/blockquote>\n<p><strong>BELLUNO<\/strong> Due i decessi delle ultime ore in Ulss 1 dolomiti. una donna di 81 anni ricoverata all\u2019Ospedale di Comunit\u00e0 di Agordo e una donna ricoverata in Geriatria Covid a Belluno.<\/p>\n<p><a href=\"https:\/\/www.radiopiu.net\/wordpress\/covid-in-provincia-2-decessi-102-nuovi-positivi-e-78-persone-ricoverate-negli-ospedali-bellunesi\/schermata-2020-11-04-alle-18-49-46\/\" rel=\"attachment wp-att-170639\"><img loading=\"lazy\" decoding=\"async\" class=\"alignnone wp-image-170639 size-full\" src=\"https:\/\/www.radiopiu.net\/wordpress\/wp-content\/uploads\/2020\/11\/Schermata-2020-11-04-alle-18.49.46.png\" alt=\"\" width=\"1024\" height=\"452\" srcset=\"https:\/\/www.radiopiu.net\/wordpress\/wp-content\/uploads\/2020\/11\/Schermata-2020-11-04-alle-18.49.46.png 1024w, https:\/\/www.radiopiu.net\/wordpress\/wp-content\/uploads\/2020\/11\/Schermata-2020-11-04-alle-18.49.46-300x132.png 300w, https:\/\/www.radiopiu.net\/wordpress\/wp-content\/uploads\/2020\/11\/Schermata-2020-11-04-alle-18.49.46-768x339.png 768w\" sizes=\"auto, (max-width: 1024px) 100vw, 1024px\" \/><\/a><\/p>\n<p>&nbsp;<\/p>\n<p><a href=\"https:\/\/www.radiopiu.net\/wordpress\/covid-in-provincia-2-decessi-102-nuovi-positivi-e-78-persone-ricoverate-negli-ospedali-bellunesi\/schermata-2020-11-04-alle-18-50-05\/\" rel=\"attachment wp-att-170640\"><img loading=\"lazy\" decoding=\"async\" class=\"alignnone wp-image-170640 size-large\" src=\"https:\/\/www.radiopiu.net\/wordpress\/wp-content\/uploads\/2020\/11\/Schermata-2020-11-04-alle-18.50.05-1024x702.png\" alt=\"\" width=\"1024\" height=\"702\" srcset=\"https:\/\/www.radiopiu.net\/wordpress\/wp-content\/uploads\/2020\/11\/Schermata-2020-11-04-alle-18.50.05-1024x702.png 1024w, https:\/\/www.radiopiu.net\/wordpress\/wp-content\/uploads\/2020\/11\/Schermata-2020-11-04-alle-18.50.05-300x206.png 300w, https:\/\/www.radiopiu.net\/wordpress\/wp-content\/uploads\/2020\/11\/Schermata-2020-11-04-alle-18.50.05-768x527.png 768w, https:\/\/www.radiopiu.net\/wordpress\/wp-content\/uploads\/2020\/11\/Schermata-2020-11-04-alle-18.50.05.png 1502w\" sizes=\"auto, (max-width: 1024px) 100vw, 1024px\" \/><\/a><\/p>\n<p>&nbsp;<\/p>\n<p><strong>ASPETTI ORGANIZZATIVI<\/strong><\/p>\n<p><strong>Ospedale di Belluno\u00a0<\/strong>L\u2019Ulss di Treviso ha comunicato la sospensione temporanea della presenza degli specialisti\u00a0 neurochirurghi all\u2019ospedale di Belluno prevista dalla convenzione in essere, per ragioni legate all\u2019epidemia Covid che ha comportato carenze di personale in servizio . Sono pertanto temporaneamente sospesi i ricoveri di neurochirurgia all\u2019ospedale di Belluno. Eventuali urgenze neurochirurgiche saranno dirottate direttamente su Treviso. E\u2019 invece confermata l\u2019attivit\u00e0 ambulatoriale del marted\u00ec e del gioved\u00ec.<\/p>\n<p>&nbsp;<\/p>\n<p><strong>DIPARTIMENTO DI PREVENZIONE<\/strong><\/p>\n<p><strong>Offerta vaccinale\u00a0<\/strong>Il Dipartimento di Prevenzione sta riorganizzando l\u2019offerta vaccinale che rimane attiva come da disposizioni regionali per la sola fascia 0-6 anni, le vaccinazioni urgenti (antitetanica) e per le vaccinazioni correlate alla situazione epidemiologica attuale (ad esempio antinfluenzale e antipneumococcica).\u00a0Questa riorganizzazione comprende due principali\u00a0 aspetti: personale dedicato (considerato lo spostamento di risorse umane al tema tamponi e al <em>contact tracing<\/em>) e logistica (per esempio le vaccinazioni al San Martino saranno spostate in un prefabbricato ad hoc o, per i bambini pi\u00f9 grandi, in modalit\u00e0 drive-in)\u00a0Qualche leggero ritardo nella somministrazione dei vaccini specie per le dosi di richiamo non compromette assolutamente la validit\u00e0 del ciclo vaccinale e la risposta immunitaria. E\u2019 attiva per situazioni particolari e per informazioni la mail <a href=\"mailto:vaccinazioni.bl@aulss1.veneto.it\">vaccinazioni.bl@aulss1.veneto.it<\/a><\/p>\n<p><strong>Drive in tamponi di Feltre <\/strong>Allestite \u00a0a cura del 7\u00b0 Alpini le strutture mobili a supporto e a miglioramento del drive-in tamponi di Feltre (loc. Peschiera ex Marangoni). Queste strutture consentiranno fin da subito una situazione di confort per il personale addetto all\u2019attivit\u00e0. Il contingente militare, che sostituir\u00e0 in parte gli operatori dell\u2019Ulss, sar\u00e0 collocato a Feltre dalla prossima settimana e sar\u00e0 composto da un ufficiale medico, due sottoufficiali infermieri e due militari di supporto.<\/p>\n<p>&nbsp;<\/p>\n<hr \/>\n<p>&nbsp;<\/p>\n<blockquote>\n<h3>MAPPA DEI CONTAGI, BEN POCHI SINDACI HANNO DECISO DI INFORMARE I LORO CONCITTADINI. LO FANNO SUI SOCIAL QUASI QUOTIDIANAMENTE. PER TUTTI GLI ALTRI BOCCHE CUCITE.<\/h3>\n<\/blockquote>\n<p>&nbsp;<\/p>\n<p>A Cortina i positivi aumentano di 6 unit\u00e0 portando il totale attuale a 148 (63 persone in quarantena -52 in 48 ore), ad Arsi\u00e8 27 positivi di cui uno ricoverato, ad Auronzo 54 contagiati e 34 persone in isolamento, in Alpago 40 positivi, San Vito 40. In tutti gli altri Comuni i sindaci hanno scelto di non comunicare ai loro cittadini la situazione epidemiologica diversamente da pochi altri che usano i canali social per essere pi\u00f9 vicini a chi li ha eletti.<\/p>\n<p><strong>GIANPIETRO GHEDINA SINDACO DI CORTINA<\/strong> <em>La nostra Casa di Riposo ha subito, nelle settimane scorse, un duro colpo. Tanti gli ospiti e gli operatori colpiti dal virus, tante purtroppo anche le perdite. Rivolgo una preghiera per coloro che ci hanno lasciato e mi stringo ai loro familiari. Oggi l\u2019emergenza pare rientrata. Registriamo infatti la negativizzazione di 21 ospiti e di 40 dipendenti. Con spirito di solidariet\u00e0 e senso di collaborazione abbiamo quindi deciso di accogliere 12 persone provenienti dalle Case di Riposo di Auronzo e di Santo Stefano di Cadore, che si trovano in momentanea difficolt\u00e0. Desidero esprimere un ringraziamento speciale agli infermieri, agli operatori sanitari, agli addetti e impiegati delle tante case di riposo che oggi affrontano l\u2019emergenza. Persone di grande professionalit\u00e0, umanit\u00e0 e senso del dovere. Grazie a tutti coloro che si prendono cura dei nostri nonni, i nostri tesori, la nostra memoria storica.<\/em><\/p>\n<p><strong>TATIANA PAIS BECHER SINDACO DI AURONZO<\/strong> <em>nel Comune di Auronzo di Cadore attualmente i casi positivi, esclusi ospiti e dipendenti della casa di riposo, sono saliti a 54, mentre i cittadini in isolamento presso la propria dimora sono 34, in quanto contatti stretti di persone positive. In ambito scolastico attualmente le classi interessate da casi positivi nel nostro Comune sono 3 nelle scuole elementari e 1 nella scuola media. Sabato mattina in localit\u00e0 Taiarezze il Comune e l\u2019Ulss1 prevedono di allestire una zona drive-in per effettuare i tamponi alle scolaresche e sgravare almeno un po\u2019 il carico di lavoro al drive-in di Tai. Vi invito a non puntare il dito contro coloro che sono colpiti dal virus e ad affrontare l\u2019emergenza come comunit\u00e0 responsabile, unita e solidale. L\u2019Amministrazione Comunale esprime la propria vicinanza a tutta la popolazione in questo difficile momento, siamo al vostro fianco e nessuno sar\u00e0 lasciato solo<\/em><\/p>\n<p><strong>LUCA STRAPAZZON SINDACO DI ARSIE&#8217;<\/strong><em> I positivi ufficiali nel nostro Comune ad oggi sono 27 di cui 1 ricoverato Le persone in isolamento fiduciario sono 24 Il mio augurio \u00e8 che possano guarire presto. Raccomando a tutti la massima prudenza: mascherina alzata sopra il naso, distanza di 1 metro e non toccarsi con le mani se non dopo averle lavate. L&#8217;emergenza non va sottovalutata se non vogliamo andare verso un nuovo blocco totale dell&#8217;economia, con conseguenze disastrose per tutti.\u00a0<\/em><\/p>\n<p>UMBERTO SOCCAL, SINDACO DI ALPAGO<\/p>\n<p>https:\/\/www.facebook.com\/1356376431176570\/videos\/1076320739504782<\/p>\n<p>&nbsp;<\/p>\n<p>&nbsp;<\/p>\n<hr \/>\n<p>&nbsp;<\/p>\n<blockquote>\n<h3>CARENZA DI PERSONALE E OPERATORI CHE SI AMMALANO<\/h3>\n<\/blockquote>\n<blockquote>\n<h3><a class=\"dt-pswp-item\" href=\"https:\/\/www.radiopiu.net\/wordpress\/wp-content\/uploads\/2018\/02\/ANDREA-FIOCCO.jpg\" data-dt-img-description=\"\" data-large_image_width=\"960\" data-large_image_height=\"960\"><img loading=\"lazy\" decoding=\"async\" class=\"wp-image-43617 alignleft\" src=\"https:\/\/www.radiopiu.net\/wordpress\/wp-content\/uploads\/2018\/02\/ANDREA-FIOCCO-300x300.jpg\" alt=\"\" width=\"97\" height=\"97\" srcset=\"https:\/\/www.radiopiu.net\/wordpress\/wp-content\/uploads\/2018\/02\/ANDREA-FIOCCO-300x300.jpg 300w, https:\/\/www.radiopiu.net\/wordpress\/wp-content\/uploads\/2018\/02\/ANDREA-FIOCCO-150x150.jpg 150w, https:\/\/www.radiopiu.net\/wordpress\/wp-content\/uploads\/2018\/02\/ANDREA-FIOCCO-768x768.jpg 768w, https:\/\/www.radiopiu.net\/wordpress\/wp-content\/uploads\/2018\/02\/ANDREA-FIOCCO.jpg 960w\" sizes=\"auto, (max-width: 97px) 100vw, 97px\" \/><\/a><\/h3>\n<\/blockquote>\n<p><strong>di ANDREA FIOCCO FUNZIONE PUBBLICA CGIL<\/strong><\/p>\n<audio class=\"wp-audio-shortcode\" id=\"audio-170447-1\" preload=\"none\" style=\"width: 100%;\" controls=\"controls\"><source type=\"audio\/mpeg\" src=\"https:\/\/www.radiopiu.net\/wordpress\/wp-content\/uploads\/2020\/11\/FIOCCO.mp3?_=1\" \/><a href=\"https:\/\/www.radiopiu.net\/wordpress\/wp-content\/uploads\/2020\/11\/FIOCCO.mp3\">https:\/\/www.radiopiu.net\/wordpress\/wp-content\/uploads\/2020\/11\/FIOCCO.mp3<\/a><\/audio>\n<p>&nbsp;<\/p>\n<p>&nbsp;<\/p>\n<blockquote>\n<hr \/>\n<h3><\/h3>\n<h3>DPCM,\u00a0 PER LA SCUOLA DAL MINISTRO LUCIA AZZOLINA<\/h3>\n<\/blockquote>\n<p><span style=\"color: #008000;\"><img loading=\"lazy\" decoding=\"async\" class=\"alignleft\" src=\"https:\/\/www.radiopiu.net\/wordpress\/wp-content\/uploads\/2020\/09\/scuola-primaria-agordo-1.jpg\" width=\"199\" height=\"149\" \/>ZONE GIALLE E ARANCIONI <\/span>Didattica digitale al 100% solo per le superiori di secondo grado. I dirigenti scolastici organizzeranno la didattica in presenza per le attivit\u00e0 laboratoriali e per studenti con bisogno educativi.\u00a0 Scuole per l&#8217;infanzia e primarie ma anche secondarie di primo grado in presenza. Mascherina obbligatoria dai 6 anni in su, cos\u00ec il metro di distanza, eccetto per soggetti con patologie e disabilit\u00e0. Concorso scuola sospeso sar\u00e0 riprogrammato. Riunioni degli organi collegiali solo a distanza. Sospesi i viaggi di istruzione, gemellaggio, visite guidate e uscite didattiche eccetto percorsi competenze trasversali e orientamento. (PTCO) <span style=\"color: #ff0000;\">IN PIU&#8217; NELLE ZONE ROSSE <\/span>Didattica digitale anche al secondo e terzo anno della secondaria di primo grado. Attivit\u00e0 in presenza per laboratori o inclusione scolastica degli alunni con bisogno educativi speciali.<\/p>\n<p>&nbsp;<\/p>\n<hr \/>\n<p>&nbsp;<\/p>\n<blockquote>\n<h3>CON UNA LETTERA LE REGIONI CONTESTANO CONTE, SPERANZA E BOCCIA<\/h3>\n<\/blockquote>\n<p><a class=\"dt-pswp-item\" href=\"https:\/\/www.radiopiu.net\/wordpress\/wp-content\/uploads\/2020\/11\/download-2.jpg\" data-dt-img-description=\"\" data-large_image_width=\"296\" data-large_image_height=\"170\"><img loading=\"lazy\" decoding=\"async\" class=\" wp-image-170546 alignleft\" src=\"https:\/\/www.radiopiu.net\/wordpress\/wp-content\/uploads\/2020\/11\/download-2.jpg\" alt=\"\" width=\"254\" height=\"146\" \/><\/a> Stefano Bonaccini a nome delle Regioni ha scritto al Premier Conte ed ai sui Ministri in merito allo schema di decreto sulle misure urgenti per fronteggiare l&#8217;emergenza covid19. La conferenza delle\u00a0 Regioni \u00a0ribadiscono la richiesta di univoche misure nazionali ed, in via integrativa, provvedimenti pi\u00f9 restrittivi di livello regionale e locale. Destano forti perplessit\u00e0 e preoccupazione le disposizioni\u00a0 che comprimono ed esautorano il ruolo e i compiti delle Regioni e delle Province autonome, ponendo in capo al Governo ogni scelta e decisione sulla base delle valutazioni svolte dagli organismi tecnici. Viene chiesto a gran voce\u00a0 un contraddittorio per l\u2019esame dei dati con i dipartimenti di prevenzione dei servizi sanitari regionali prima della adozione degli elenchi delle regioni cio\u00e8 le famose fasce. Non appaiono, infatti, chiare le procedure individuate e le modalit\u00e0 con le quali sono definite le aree e i territori a pi\u00f9 alto livello di rischio e le modalit\u00e0 e le tempistiche con le quali viene declassificato il livello di rischio. A questo percorso di analisi dei dati, le singole Regioni e Province autonome devono poter partecipare, anche in considerazione della ricaduta delle misure sul rispettivo territorio. Deve essere peraltro reso noto \u00a0l\u2019ammontare delle risorse, unitamente a modalit\u00e0 e tempi di erogazione delle stesse, con le quali si procede al ristoro delle attivit\u00e0 economiche che hanno subito limitazioni, sospensioni e\/o chiusure. Con il medesimo provvedimento \u00e8 necessario introdurre meccanismi di sospensione dei tributi relativi agli anni fiscali 2020 e 2021 per le stesse attivit\u00e0 economiche per scongiurare un effetto depressivo e conseguenti problemi sociali, assicurando la contemporaneit\u00e0 delle misure di contenimento dell\u2019epidemia con quelle di sostegno alle categorie economiche e sociali colpite. E\u2019, inoltre, necessario prevedere misure normative e adeguate risorse finanziarie per riconoscere ed estendere i congedi parentali per tutti i lavoratori dipendenti, pubblici e privati.<\/p>\n<p>&nbsp;<\/p>\n<p>&nbsp;<\/p>\n<hr \/>\n<p>&nbsp;<\/p>\n<blockquote>\n<h3>IL COMITATO DI SANITA&#8217; VUOLE CHIAREZZA SUL REPARTO ORTOPEDIA DELL&#8217;OSPEDALE DI AGORDO<\/h3>\n<\/blockquote>\n<p><strong><a href=\"https:\/\/www.radiopiu.net\/wordpress\/giornale-radio-piu-14-10-direttore-mirko-mezzacasa\/entrata-agordo-300x225\/\" rel=\"attachment wp-att-11952\"><img loading=\"lazy\" decoding=\"async\" class=\"size-medium wp-image-11952 alignleft\" src=\"https:\/\/www.radiopiu.net\/wordpress\/wp-content\/uploads\/2015\/10\/Entrata-Agordo-300x225-300x225.jpg\" alt=\"\" width=\"300\" height=\"225\" \/><\/a>AGORDO <\/strong><\/p>\n<p><strong>di\u00a0Gianni\u00a0<\/strong><b>Santomaso\u00a0<\/b><\/p>\n<audio class=\"wp-audio-shortcode\" id=\"audio-170447-2\" preload=\"none\" style=\"width: 100%;\" controls=\"controls\"><source type=\"audio\/mpeg\" src=\"https:\/\/www.radiopiu.net\/wordpress\/wp-content\/uploads\/2020\/11\/GIANNI-ORTOPEDIA-OSPEDALE-AGORDO.mp3?_=2\" \/><a href=\"https:\/\/www.radiopiu.net\/wordpress\/wp-content\/uploads\/2020\/11\/GIANNI-ORTOPEDIA-OSPEDALE-AGORDO.mp3\">https:\/\/www.radiopiu.net\/wordpress\/wp-content\/uploads\/2020\/11\/GIANNI-ORTOPEDIA-OSPEDALE-AGORDO.mp3<\/a><\/audio>\n<p>&nbsp;<\/p>\n<hr \/>\n<p>&nbsp;<\/p>\n<blockquote>\n<h3>GSP: FATTURA DA RIFARE CON UN SOSPIRO DI SOLLIEVO DI BARBARA<\/h3>\n<\/blockquote>\n<p><strong><a class=\"dt-pswp-item\" href=\"https:\/\/www.radiopiu.net\/wordpress\/wp-content\/uploads\/2020\/11\/contatore-acqua-bolletta-condominio-1200x818-1.jpg\" data-dt-img-description=\"\" data-large_image_width=\"1200\" data-large_image_height=\"818\"><img loading=\"lazy\" decoding=\"async\" class=\" wp-image-170500 alignleft\" src=\"https:\/\/www.radiopiu.net\/wordpress\/wp-content\/uploads\/2020\/11\/contatore-acqua-bolletta-condominio-1200x818-1-300x205.jpg\" alt=\"\" width=\"228\" height=\"156\" srcset=\"https:\/\/www.radiopiu.net\/wordpress\/wp-content\/uploads\/2020\/11\/contatore-acqua-bolletta-condominio-1200x818-1-300x205.jpg 300w, https:\/\/www.radiopiu.net\/wordpress\/wp-content\/uploads\/2020\/11\/contatore-acqua-bolletta-condominio-1200x818-1-1024x698.jpg 1024w, https:\/\/www.radiopiu.net\/wordpress\/wp-content\/uploads\/2020\/11\/contatore-acqua-bolletta-condominio-1200x818-1-768x524.jpg 768w, https:\/\/www.radiopiu.net\/wordpress\/wp-content\/uploads\/2020\/11\/contatore-acqua-bolletta-condominio-1200x818-1.jpg 1200w\" sizes=\"auto, (max-width: 228px) 100vw, 228px\" \/><\/a>AGORDO<\/strong> <em>&#8220;Meno male&#8221;<\/em> dice Barbara con un sospiro di sollievo. Meno male che era un errore e la bolletta per il consumo dell&#8217;acqua \u00e8 gi\u00e0 stata rettificata. Il problema era emerso lo scorso mese quando Barbara si era vista recapitare un salato conto, oltre i 1000 euro per un&#8217;utenza di uso civile-domestico come residente. I Servizi amministrativi-Gestione reclami hanno inoltrato una missiva che fa chiarezza: <em>&#8220;Facendo seguito alla sua mail del 9 ottobre con la quale ci chiedeva la verifica della lettura dei metri cubi, comunichiamo di aver accolto la\u00a0 richiesta, il 19 ottobre abbiamo rilevato le nuove letture considerando l&#8217;errata indicazione precedente, per questo sar\u00e0 emessa una nuova fattura (corretta ndr.) che sar\u00e0 prossimamente recapitata&#8221;.<\/em><\/p>\n<p>&nbsp;<\/p>\n<p><span style=\"color: #ff0000;\"><strong>ARTICOLO PRECEDENTE 9 OTTOBRE 2020<\/strong><\/span><\/p>\n<p><strong>AGORDO<\/strong>\u00a0 Quando Barbara si \u00e8 vista recapitare la bolletta del servizio idrico ha fatto un balzo sulla sedia&#8230;oltre 1000 euro da pagare entro il 9 novembre. Oltre 500 euro per l&#8217;acquedotto, 139 per la fognatura e 261 per la depurazione. Non male un consumo di 374 metri cubi per un&#8217;abitazione privata.<br \/>\n<em>&#8220;Evidentemente un errore &#8211; dice Barbara &#8211;\u00a0 oppure lo considero un regalo a GSP. Avrei consumato 374mc di acqua in 210 giorni, giuro che non ho una piscina, n\u00e8 all&#8217;aperto n\u00e8 all&#8217;esterno. Mia sorella si \u00e8 trovata in conto 120 euro di spurghi che in bollette precedenti non erano mai stati messi come riepilogo importi&#8221;. <\/em>La bolletta GSP riporta come periodo iniziale di lettura il 15 gennaio 2020, come finale il 4 agosto e somma 404 giorni che non sono i 210 del calendario. <strong><em>Il consumo medio di una famiglia media\u00a0italiana \u00e8 pari a circa\u00a0200 metri cubi all&#8217;anno. <\/em><\/strong>I \u00a0consumi di acqua dipendono dal comportamento degli utenti. Ecco quant&#8217;\u00e8 il consumo di acqua in una casa per: lavastoviglie: 18\/30 litri ogni lavaggio lavatrice: 60\/90 litri ogni lavaggio scarico del gabinetto a cassetta: 8 litri lavaggio denti con il rubinetto aperto: 30 litri radersi la barba con il rubinetto aperto: 70 litri farsi la doccia (10 minuti): 120 litri (fonte:\u00a0 luce-gas.it)<\/p>\n<p>&nbsp;<\/p>\n<p>&nbsp;<\/p>\n<hr \/>\n<blockquote>\n<h3>STATI GENERALI OCCHIALERIA, SITUAZIONE DRAMMATICA MA SETTORI DEL LUSSO PERNI DEL RILANCIO<\/h3>\n<\/blockquote>\n<p><strong><a class=\"dt-pswp-item\" href=\"https:\/\/www.radiopiu.net\/wordpress\/wp-content\/uploads\/2020\/07\/CORSO-MANUTENTORE-PER-LOCCHIALERIA-21.jpeg\" data-dt-img-description=\"\" data-large_image_width=\"1600\" data-large_image_height=\"1200\"><img loading=\"lazy\" decoding=\"async\" class=\" wp-image-150703 alignleft\" src=\"https:\/\/www.radiopiu.net\/wordpress\/wp-content\/uploads\/2020\/07\/CORSO-MANUTENTORE-PER-LOCCHIALERIA-21-300x225.jpeg\" alt=\"\" width=\"196\" height=\"147\" srcset=\"https:\/\/www.radiopiu.net\/wordpress\/wp-content\/uploads\/2020\/07\/CORSO-MANUTENTORE-PER-LOCCHIALERIA-21-300x225.jpeg 300w, https:\/\/www.radiopiu.net\/wordpress\/wp-content\/uploads\/2020\/07\/CORSO-MANUTENTORE-PER-LOCCHIALERIA-21-1024x768.jpeg 1024w, https:\/\/www.radiopiu.net\/wordpress\/wp-content\/uploads\/2020\/07\/CORSO-MANUTENTORE-PER-LOCCHIALERIA-21-768x576.jpeg 768w, https:\/\/www.radiopiu.net\/wordpress\/wp-content\/uploads\/2020\/07\/CORSO-MANUTENTORE-PER-LOCCHIALERIA-21-1536x1152.jpeg 1536w, https:\/\/www.radiopiu.net\/wordpress\/wp-content\/uploads\/2020\/07\/CORSO-MANUTENTORE-PER-LOCCHIALERIA-21.jpeg 1600w\" sizes=\"auto, (max-width: 196px) 100vw, 196px\" \/><\/a>VENEZIA\u00a0<\/strong> <span style=\"font-size: medium;\">Sono tornati a riunirsi gli Stati Generali dell\u2019Occhialeria. Un tavolo di confronto nazionale nato un anno fa a Longarone spinto all\u2019epoca\u00a0 dall\u2019esigenza del mondo sindacale e imprenditoriale di fare il punto su un settore di riferimento per il PIL nazionale che ha la peculiarit\u00e0 di avere la sua massima espressione produttiva proprio in Veneto.<\/span> <span style=\"font-size: medium;\">I temi trattati un anno fa furono quelli relativi all\u2019aggiornamento delle competenze delle imprese e dei lavoratori, il maggiore sostegno all\u2019internazionalizzazione, oltre a porre l\u2019accento sulla difesa del vero Made in Italy.\u00a0 Un anno dopo, e con i danni di una pandemia ancora in corso, sono stati ripresi tre macrotemi, alla luce di una cassa integrazione che ha registrato un aumento del 1.850%, di un crollo delle assunzioni a tempo determinato per i lavoratori con bassa qualifica e di una necessit\u00e0, nell\u2019unico segno positivo, delle assunzioni per professioni ibride e di alto profilo. Il prossimo incontro degli Stati Generali dell\u2019Occhialeria \u00e8 previsto entro <a class=\"dt-pswp-item\" href=\"https:\/\/www.radiopiu.net\/wordpress\/wp-content\/uploads\/2020\/04\/DONAZZAN-1.jpg\" data-dt-img-description=\"\" data-large_image_width=\"2048\" data-large_image_height=\"2048\"><img loading=\"lazy\" decoding=\"async\" class=\" wp-image-133654 alignright\" src=\"https:\/\/www.radiopiu.net\/wordpress\/wp-content\/uploads\/2020\/04\/DONAZZAN-1-300x300.jpg\" alt=\"\" width=\"244\" height=\"244\" srcset=\"https:\/\/www.radiopiu.net\/wordpress\/wp-content\/uploads\/2020\/04\/DONAZZAN-1-300x300.jpg 300w, https:\/\/www.radiopiu.net\/wordpress\/wp-content\/uploads\/2020\/04\/DONAZZAN-1-1024x1024.jpg 1024w, https:\/\/www.radiopiu.net\/wordpress\/wp-content\/uploads\/2020\/04\/DONAZZAN-1-150x150.jpg 150w, https:\/\/www.radiopiu.net\/wordpress\/wp-content\/uploads\/2020\/04\/DONAZZAN-1-768x768.jpg 768w, https:\/\/www.radiopiu.net\/wordpress\/wp-content\/uploads\/2020\/04\/DONAZZAN-1-1536x1536.jpg 1536w, https:\/\/www.radiopiu.net\/wordpress\/wp-content\/uploads\/2020\/04\/DONAZZAN-1.jpg 2048w\" sizes=\"auto, (max-width: 244px) 100vw, 244px\" \/><\/a>la fine dell\u2019anno.<\/span><\/p>\n<blockquote>\n<p align=\"JUSTIFY\"><em>\u201c<span style=\"font-size: medium;\">Il mondo del lusso &#8211; dice l&#8217;assessore Elena Donazzan &#8211;\u00a0 ha subito il peggior contraccolpo da questa pandemia: le produzioni italiane e l\u2019occhiale, divenuto riferimento di questo segmento di consumo, devono fare i conti con l\u2019annullamento dell\u2019importante fiera MIDO di Milano, della chiusura di molti negozi di lusso negli aeroporti e nelle maggiori citt\u00e0 di tutto il mondo, oltre ad un arresto del turismo con grande capacit\u00e0 di spesa che veniva in Italia per acquistare questo tipo di beni tuttavia, oggi, abbiamo riallacciato il filo del pensiero di uno sviluppo possibile per un distretto dai confini e dall\u2019identit\u00e0 precisi, per il quale molti strumenti sono gi\u00e0 alla valutazione delle parti\u201d.<\/span><\/em><\/p>\n<\/blockquote>\n<p>&nbsp;<\/p>\n<p>&nbsp;<\/p>\n<hr \/>\n<h3><\/h3>\n<p>&nbsp;<\/p>\n<blockquote>\n<h3>4 novembre IL PENSIERO AI CADUTI, CERIMONIA SOBRIE IN TEMPI DI COVID19<\/h3>\n<\/blockquote>\n<p><img loading=\"lazy\" decoding=\"async\" class=\"alignleft\" src=\"https:\/\/www.radiopiu.net\/wordpress\/wp-content\/uploads\/2020\/11\/e2d31571-2b15-47d6-bdf3-14408c0623df.jpg\" width=\"170\" height=\"227\" \/><strong>AGORDO<\/strong> Cerimonie intime, senza partecipazione popolare nel rispetto delle norme anticovid nel giorno del ricordo dei Caduti di tutte le Guerre, ma anche nel ricordo dei morti dei giorni dell&#8217;alluvione di\u00a0 54 anni fa, nell&#8217;Agordino il pensiero va alle vittime di Somor a Falcade. Anche nel capoluogo la cerimonia con la messa nell&#8217;Arcidiaconale e la successiva posa della corona al Monumento dei Caduti con l&#8217;agente di Polizia Locale e gli assessore Claudio Sito e Chiara Fontanive. (foto presso il Monumeto di via Cesare Battisti).<\/p>\n<p><strong>BELLUNO <\/strong>Si sono tenute a Belluno, le cerimonie in occasione del Giorno dell\u2019Unit\u00e0 Nazionale e Giornata delle Forze Armate. Il Prefetto, il Presidente della Provincia, il Sindaco di Belluno e i vertici provinciali delle Forze Armate hanno assistito all\u2019alzabandiera e alla deposizione di una corona alla Stele Commemorativa\u00a0 dei Caduti delle Guerre 1915\/18 e 1940\/45 in Viale Fantuzzi. Successivamente si sono recati al Campo Militare del cimitero urbano per la posa di due corone al Monumento ai Caduti Italiani e al Monumento ai Caduti Austriaci\u00a0 e\u00a0 di un mazzo di fiori al cippo commemorativo degli Esuli istriani, fiumani e dalmati<\/p>\n\n\t\t\t<style type='text\/css'>\n\t\t\t\t#gallery-1 {\n\t\t\t\t\tmargin: auto;\n\t\t\t\t}\n\t\t\t\t#gallery-1 .gallery-item {\n\t\t\t\t\tfloat: left;\n\t\t\t\t\tmargin-top: 10px;\n\t\t\t\t\ttext-align: center;\n\t\t\t\t\twidth: 33%;\n\t\t\t\t}\n\t\t\t\t#gallery-1 img {\n\t\t\t\t\tborder: 2px solid #cfcfcf;\n\t\t\t\t}\n\t\t\t\t#gallery-1 .gallery-caption {\n\t\t\t\t\tmargin-left: 0;\n\t\t\t\t}\n\t\t\t\t\/* see gallery_shortcode() in wp-includes\/media.php *\/\n\t\t\t<\/style>\n\t\t<div id='gallery-1' class='dt-gallery-container gallery galleryid-170447 gallery-columns-3 gallery-size-thumbnail'><dl class='gallery-item'>\n\t\t\t\t<dt class='gallery-icon landscape'>\n\t\t\t\t\t<a class=\"rollover rollover-zoom dt-pswp-item\" title=\"IMG-20201104-WA0004\" data-dt-img-description=\"\" data-large_image_width=\"1599\" data-large_image_height=\"738\"href='https:\/\/www.radiopiu.net\/wordpress\/wp-content\/uploads\/2020\/11\/IMG-20201104-WA0004.jpg'><img loading=\"lazy\" decoding=\"async\" width=\"150\" height=\"150\" src=\"https:\/\/www.radiopiu.net\/wordpress\/wp-content\/uploads\/2020\/11\/IMG-20201104-WA0004-150x150.jpg\" class=\"attachment-thumbnail size-thumbnail\" alt=\"\" \/><\/a>\n\t\t\t\t<\/dt><\/dl><dl class='gallery-item'>\n\t\t\t\t<dt class='gallery-icon portrait'>\n\t\t\t\t\t<a class=\"rollover rollover-zoom dt-pswp-item\" title=\"IMG-20201104-WA0013\" data-dt-img-description=\"\" data-large_image_width=\"738\" data-large_image_height=\"1600\"href='https:\/\/www.radiopiu.net\/wordpress\/wp-content\/uploads\/2020\/11\/IMG-20201104-WA0013.jpg'><img loading=\"lazy\" decoding=\"async\" width=\"150\" height=\"150\" src=\"https:\/\/www.radiopiu.net\/wordpress\/wp-content\/uploads\/2020\/11\/IMG-20201104-WA0013-150x150.jpg\" class=\"attachment-thumbnail size-thumbnail\" alt=\"\" \/><\/a>\n\t\t\t\t<\/dt><\/dl><dl class='gallery-item'>\n\t\t\t\t<dt class='gallery-icon landscape'>\n\t\t\t\t\t<a class=\"rollover rollover-zoom dt-pswp-item\" title=\"IMG-20201104-WA0005\" data-dt-img-description=\"\" data-large_image_width=\"1599\" data-large_image_height=\"738\"href='https:\/\/www.radiopiu.net\/wordpress\/wp-content\/uploads\/2020\/11\/IMG-20201104-WA0005.jpg'><img loading=\"lazy\" decoding=\"async\" width=\"150\" height=\"150\" src=\"https:\/\/www.radiopiu.net\/wordpress\/wp-content\/uploads\/2020\/11\/IMG-20201104-WA0005-150x150.jpg\" class=\"attachment-thumbnail size-thumbnail\" alt=\"\" \/><\/a>\n\t\t\t\t<\/dt><\/dl><br style=\"clear: both\" \/>\n\t\t\t<\/div>\n\n<p>&nbsp;<\/p>\n<p><strong>FELTRE<\/strong>\u00a0 Il sindaco\u00a0 Paolo Perenzin, accompagnato dal gonfalone del Comune, ha deposto una corona di alloro presso il Cimitero Militare Germanico in localit\u00e0 San Paolo, al Sacrario Italiano e al Cimitero Austro-Ungarico presso il Cimitero Urbano e quindi, con i locali rappresentanti delle Forze dell\u2019Ordine, presso il Monumento ai Caduti di tutte le Guerre in citt\u00e0, dove il Gruppo Alpini di Farra, a cui va un sentito ringraziamento, ha curato l\u2019alzabandiera. <em>\u201cIl difficile periodo che stiamo vivendo oramai da alcuni mesi incide forzatamente anche sui momenti pubblici e ufficiali, come la Giornata del 4 novembre. Ci\u00f2 nonostante, e anzi a maggior ragione &#8211; sottolinea il sindaco Perenzin &#8211; deve restare vivo nei nostri cuori il ricordo di che cosa abbiano rappresentato le Guerre, soprattutto il primo conflitto mondiale, per i nostri territori e la nostra gente e quale sia il significato profondo del sacrificio di tanti nostri concittadini. Proprio una giornata come questa deve darci la forza e nuove motivazioni per dimostrare che con lo spirito di comunit\u00e0 che ci ha sempre contraddistinto possiamo affrontare e superare anche la prova che stiamo vivendo.\u201d<\/em><\/p>\n\n\t\t\t<style type='text\/css'>\n\t\t\t\t#gallery-2 {\n\t\t\t\t\tmargin: auto;\n\t\t\t\t}\n\t\t\t\t#gallery-2 .gallery-item {\n\t\t\t\t\tfloat: left;\n\t\t\t\t\tmargin-top: 10px;\n\t\t\t\t\ttext-align: center;\n\t\t\t\t\twidth: 33%;\n\t\t\t\t}\n\t\t\t\t#gallery-2 img {\n\t\t\t\t\tborder: 2px solid #cfcfcf;\n\t\t\t\t}\n\t\t\t\t#gallery-2 .gallery-caption {\n\t\t\t\t\tmargin-left: 0;\n\t\t\t\t}\n\t\t\t\t\/* see gallery_shortcode() in wp-includes\/media.php *\/\n\t\t\t<\/style>\n\t\t<div id='gallery-2' class='dt-gallery-container gallery galleryid-170447 gallery-columns-3 gallery-size-medium'><dl class='gallery-item'>\n\t\t\t\t<dt class='gallery-icon landscape'>\n\t\t\t\t\t<a class=\"rollover\" href='https:\/\/www.radiopiu.net\/wordpress\/4-novembre-il-pensiero-ai-caduti-e-alle-vittime-dellalluvione-del-1966\/cer-4-novembre-16\/'><img loading=\"lazy\" decoding=\"async\" width=\"300\" height=\"169\" src=\"https:\/\/www.radiopiu.net\/wordpress\/wp-content\/uploads\/2020\/11\/Cer.-4-novembre-16-300x169.jpg\" class=\"attachment-medium size-medium\" alt=\"\" srcset=\"https:\/\/www.radiopiu.net\/wordpress\/wp-content\/uploads\/2020\/11\/Cer.-4-novembre-16-300x169.jpg 300w, https:\/\/www.radiopiu.net\/wordpress\/wp-content\/uploads\/2020\/11\/Cer.-4-novembre-16-1024x576.jpg 1024w, https:\/\/www.radiopiu.net\/wordpress\/wp-content\/uploads\/2020\/11\/Cer.-4-novembre-16-768x432.jpg 768w, https:\/\/www.radiopiu.net\/wordpress\/wp-content\/uploads\/2020\/11\/Cer.-4-novembre-16-1536x864.jpg 1536w, https:\/\/www.radiopiu.net\/wordpress\/wp-content\/uploads\/2020\/11\/Cer.-4-novembre-16-2048x1152.jpg 2048w\" sizes=\"auto, (max-width: 300px) 100vw, 300px\" \/><\/a>\n\t\t\t\t<\/dt><\/dl><dl class='gallery-item'>\n\t\t\t\t<dt class='gallery-icon landscape'>\n\t\t\t\t\t<a class=\"rollover\" href='https:\/\/www.radiopiu.net\/wordpress\/4-novembre-il-pensiero-ai-caduti-e-alle-vittime-dellalluvione-del-1966\/cer-4-novembre-1\/'><img loading=\"lazy\" decoding=\"async\" width=\"300\" height=\"225\" src=\"https:\/\/www.radiopiu.net\/wordpress\/wp-content\/uploads\/2020\/11\/Cer.-4-novembre-1-300x225.jpg\" class=\"attachment-medium size-medium\" alt=\"\" srcset=\"https:\/\/www.radiopiu.net\/wordpress\/wp-content\/uploads\/2020\/11\/Cer.-4-novembre-1-300x225.jpg 300w, https:\/\/www.radiopiu.net\/wordpress\/wp-content\/uploads\/2020\/11\/Cer.-4-novembre-1-1024x768.jpg 1024w, https:\/\/www.radiopiu.net\/wordpress\/wp-content\/uploads\/2020\/11\/Cer.-4-novembre-1-768x576.jpg 768w, https:\/\/www.radiopiu.net\/wordpress\/wp-content\/uploads\/2020\/11\/Cer.-4-novembre-1-1536x1152.jpg 1536w, https:\/\/www.radiopiu.net\/wordpress\/wp-content\/uploads\/2020\/11\/Cer.-4-novembre-1-2048x1536.jpg 2048w\" sizes=\"auto, (max-width: 300px) 100vw, 300px\" \/><\/a>\n\t\t\t\t<\/dt><\/dl>\n\t\t\t\t<br style='clear: both' \/>\n\t\t\t<\/div>\n\n<p>&nbsp;<\/p>\n<blockquote>\n<h3>ANCHE GLI ALPINI DI BELLUNO PER LA GIORNATA DELLE FORZE ARMATE<\/h3>\n<\/blockquote>\n<p><strong><a href=\"https:\/\/www.radiopiu.net\/wordpress\/giornale-radiopiu-05-novembre-2020-direttore-mirko-mezzacasa\/cerimonia-ponte-alpini-belluno-4-11-2020\/\" rel=\"attachment wp-att-170609\"><img loading=\"lazy\" decoding=\"async\" class=\"size-medium wp-image-170609 alignleft\" src=\"https:\/\/www.radiopiu.net\/wordpress\/wp-content\/uploads\/2020\/11\/cerimonia-ponte-alpini-belluno-4.11.2020-300x225.jpg\" alt=\"\" width=\"300\" height=\"225\" srcset=\"https:\/\/www.radiopiu.net\/wordpress\/wp-content\/uploads\/2020\/11\/cerimonia-ponte-alpini-belluno-4.11.2020-300x225.jpg 300w, https:\/\/www.radiopiu.net\/wordpress\/wp-content\/uploads\/2020\/11\/cerimonia-ponte-alpini-belluno-4.11.2020-1024x768.jpg 1024w, https:\/\/www.radiopiu.net\/wordpress\/wp-content\/uploads\/2020\/11\/cerimonia-ponte-alpini-belluno-4.11.2020-768x576.jpg 768w, https:\/\/www.radiopiu.net\/wordpress\/wp-content\/uploads\/2020\/11\/cerimonia-ponte-alpini-belluno-4.11.2020-1536x1152.jpg 1536w, https:\/\/www.radiopiu.net\/wordpress\/wp-content\/uploads\/2020\/11\/cerimonia-ponte-alpini-belluno-4.11.2020.jpg 2000w\" sizes=\"auto, (max-width: 300px) 100vw, 300px\" \/><\/a>BELLUNO\u00a0<\/strong>Gli alpini della Sezione A.N.A. di Belluno hanno voluto solennizzare la Giornata delle Forze Armate con un omaggio alla memoria di chi \u00e8 \u201candato avanti\u201d recandosi alle due testate del Ponte degli Alpini che in citt\u00e0 sovrasta il corso del torrente Ardo.\u00a0Davanti ai monumenti all\u2019Alpino, opera dello scultore bellunese Franco Fiabane, sono state deposte due corona d\u2019alloro al suono del \u201cSilenzio\u201d eseguito alla tromba da Ivan Roldo, componente della Fanfara congedati della Brigata \u201cCadore\u201d.\u00a0Alla sobria cerimonia erano presenti il presidente sezionale A.N.A. Lino De Pra con il segretario Giuliano Pastori, i consiglieri Giancarlo Sartori con il vessillo e Fabio Barattin con il gagliardetto del Gruppo di Cavarzano\/Oltrardo, il comandante del 7\u00b0 Reggimento Alpini\u00a0 col. Stefano Fregona con il luogotenente Leonardo Ronzani.<\/p>\n<blockquote><p><strong>LONGARONE<\/strong> Il 4 Novembre, festa dell\u2019Unit\u00e0 Nazionale e delle Forze Armate verr\u00e0 celebrato domenica 8 novembre in forma ristretta con la sola presenza del Sindaco e dei due capigruppo degli Alpini presso il Monumento ai Caduti di Pirago<\/p>\n<p>&nbsp;<\/p>\n<p>&nbsp;<\/p><\/blockquote>\n<hr \/>\n<blockquote>\n<h3>QUANDO IL PELMO SI SBRICIOLA<\/h3>\n<\/blockquote>\n<p><strong>VAL DI ZOLDO\u00a0<\/strong> Ancora scariche di sassi lungo la parete sud del Pelmo. Ieri pomeriggio \u00e8 stato avvertito un boato sopra l&#8217;abitato di Coi\u00a0 provocato dalla caduta di sassi.\u00a0 Ormai calato il buio, non \u00e8 stato possibile stabilire la reale entit\u00e0 del crollo. Non sono stati segnalati danni a persone o cose.<\/p>\n<p>&nbsp;<\/p>\n<p>&nbsp;<\/p>\n<hr \/>\n<p>&nbsp;<\/p>\n<blockquote>\n<h3>CANCIA (BORCA DI CADORE), CANTIERE IN DIRITTURA D\u2019ARRIVO: \u00c8 COMINCIATO L\u2019ASSEMBLAGGIO DELLA SABO DAM, PRIMA BRIGLIA DI TECNOLOGIA GIAPPONESE IN ITALIA<\/h3>\n<\/blockquote>\n<p><strong><a href=\"https:\/\/www.radiopiu.net\/wordpress\/cancia-borca-di-cadore-cantiere-in-dirittura-darrivo-e-cominciato-lassemblaggio-della-sabo-dam-prima-briglia-di-tecnologia-giapponese-in-italia\/bfa6fc0a-ebaa-4af6-bdb4-0c4a3334d1a2\/\" rel=\"attachment wp-att-170611\"><img loading=\"lazy\" decoding=\"async\" class=\"size-medium wp-image-170611 alignleft\" src=\"https:\/\/www.radiopiu.net\/wordpress\/wp-content\/uploads\/2020\/11\/bfa6fc0a-ebaa-4af6-bdb4-0c4a3334d1a2-300x135.jpg\" alt=\"\" width=\"300\" height=\"135\" srcset=\"https:\/\/www.radiopiu.net\/wordpress\/wp-content\/uploads\/2020\/11\/bfa6fc0a-ebaa-4af6-bdb4-0c4a3334d1a2-300x135.jpg 300w, https:\/\/www.radiopiu.net\/wordpress\/wp-content\/uploads\/2020\/11\/bfa6fc0a-ebaa-4af6-bdb4-0c4a3334d1a2-1024x462.jpg 1024w, https:\/\/www.radiopiu.net\/wordpress\/wp-content\/uploads\/2020\/11\/bfa6fc0a-ebaa-4af6-bdb4-0c4a3334d1a2-768x346.jpg 768w, https:\/\/www.radiopiu.net\/wordpress\/wp-content\/uploads\/2020\/11\/bfa6fc0a-ebaa-4af6-bdb4-0c4a3334d1a2-1536x692.jpg 1536w, https:\/\/www.radiopiu.net\/wordpress\/wp-content\/uploads\/2020\/11\/bfa6fc0a-ebaa-4af6-bdb4-0c4a3334d1a2.jpg 2048w\" sizes=\"auto, (max-width: 300px) 100vw, 300px\" \/><\/a>BELLUNO \u00a0<\/strong>I tubi in acciaio arrivati qualche settimana fa sono stati installati oggi: la briglia Sabo Dam, la prima di tecnologia giapponese montata in Italia, comincia a prendere forma. E il cantiere di Cancia (Borca di Cadore) vede la conclusione.\u00a0Il primo stralcio &#8211; da 4 milioni 135mila euro &#8211; prevedeva la realizzazione di tre operazioni: la deviazione del Bus del Diau e la creazione di una vasca di dissipazione per l\u2019acqua (con separazione della colata liquida dalla parte solida); la risagomatura della rovina di Cancia; e soprattutto l\u2019installazione di una grande briglia frangicolata alta circa 6 metri, per trattenere i massi delle eventuali colate detritiche.\u00a0Il cantiere \u00e8 iniziato nel mese di settembre 2019, secondo un cronoprogramma di oltre 600 giorni. \u00ab<em>La celerit\u00e0 d\u2019intervento per\u00f2 ha consentito di ridurre sensibilmente i tempi d\u2019intervento &#8211; spiega il consigliere provinciale delegato alla difesa del suolo, Massimo Bortoluzzi -. Con l\u2019assemblaggio della Sabo Dam possiamo davvero guardare verso la conclusione dei lavori. Se dovessero verificarsi eventi meteo nelle prossime settimane &#8211; cosa che ci auguriamo non avvenga &#8211; la briglia sar\u00e0 gi\u00e0 in grado di fare il suo lavoro. E archiviato il primo stralcio, cominciamo a pensare al secondo, che consister\u00e0 nella realizzazione delle altre briglie frangicolata e nel completamento del canale per portare via dal cono di frana la parte liquida, senza che incontri la parte solida. La Provincia si impegner\u00e0 al massimo per chiudere definitivamente la partita Cancia, un problema annoso che negli anni ha provocato anche vittime.<a href=\"https:\/\/www.radiopiu.net\/wordpress\/cancia-borca-di-cadore-cantiere-in-dirittura-darrivo-e-cominciato-lassemblaggio-della-sabo-dam-prima-briglia-di-tecnologia-giapponese-in-italia\/fe324ca9-7124-4a0b-afe6-63dd1a85afb2\/\" rel=\"attachment wp-att-170612\"><img loading=\"lazy\" decoding=\"async\" class=\"size-medium wp-image-170612 alignright\" src=\"https:\/\/www.radiopiu.net\/wordpress\/wp-content\/uploads\/2020\/11\/fe324ca9-7124-4a0b-afe6-63dd1a85afb2-300x135.jpg\" alt=\"\" width=\"300\" height=\"135\" srcset=\"https:\/\/www.radiopiu.net\/wordpress\/wp-content\/uploads\/2020\/11\/fe324ca9-7124-4a0b-afe6-63dd1a85afb2-300x135.jpg 300w, https:\/\/www.radiopiu.net\/wordpress\/wp-content\/uploads\/2020\/11\/fe324ca9-7124-4a0b-afe6-63dd1a85afb2-1024x462.jpg 1024w, https:\/\/www.radiopiu.net\/wordpress\/wp-content\/uploads\/2020\/11\/fe324ca9-7124-4a0b-afe6-63dd1a85afb2-768x346.jpg 768w, https:\/\/www.radiopiu.net\/wordpress\/wp-content\/uploads\/2020\/11\/fe324ca9-7124-4a0b-afe6-63dd1a85afb2-1536x692.jpg 1536w, https:\/\/www.radiopiu.net\/wordpress\/wp-content\/uploads\/2020\/11\/fe324ca9-7124-4a0b-afe6-63dd1a85afb2.jpg 2048w\" sizes=\"auto, (max-width: 300px) 100vw, 300px\" \/><\/a> Nel contempo cercheremo di fare sintesi con la Valboite per individuare il luogo pi\u00f9 idoneo al deposito del materiale che si fermer\u00e0 sulla briglia, e del materiale degli altri dissesti della zona<\/em>\u00bb.\u00a0\u00ab<em>La Provincia si conferma ente a servizio dei Comuni e del territorio &#8211; aggiunge il presidente, Roberto Padrin -. Il cantiere di Cancia \u00e8 il principale, e il pi\u00f9 oneroso, che abbiamo avviato negli ultimi anni. Ma non dimentichiamo nessuna delle altre situazioni di dissesto. La vivibilit\u00e0 della montagna passa anche dai piccoli interventi e con il settore difesa del suolo stiamo lavorando proprio per questo<\/em>\u00bb.<\/p>\n<p>&nbsp;<\/p>\n<p>&nbsp;<\/p>\n<hr \/>\n<p>&nbsp;<\/p>\n<blockquote>\n<h3>OLIMPIADI 2026, BOND (FI): \u00abSODDISFAZIONE PER LE RISORSE. ADESSO APPLICHIAMO LA LOGICA DELLE OPERE NECESSARIE E DELLE PRIORIT\u00c0\u00bb<\/h3>\n<\/blockquote>\n<p><strong><a href=\"https:\/\/www.radiopiu.net\/wordpress\/giornale-radiopiu-20-maggio-2020-direttore-mirko-mezzacasa\/dario-bond-11\/\" rel=\"attachment wp-att-138833\"><img loading=\"lazy\" decoding=\"async\" class=\"size-full wp-image-138833 alignleft\" src=\"https:\/\/www.radiopiu.net\/wordpress\/wp-content\/uploads\/2020\/05\/Dario-Bond.jpg\" alt=\"\" width=\"165\" height=\"228\" \/><\/a>ROMA\u00a0<\/strong>\u00ab<em>Un miliardo di euro per le opere infrastrutturali dedicate alle Olimpiadi 2026. Non possiamo che esserne lieti. Questa \u00e8 la base per tutti i lavori futuri, visto che i Giochi di Milano-Cortina dovranno essere il volano dello sviluppo della montagna, bellunese, veneta e italiana<\/em>\u00bb. \u00c8 quanto afferma il deputato di Forza Italia Dario Bond, alla notizia che la ministra De Micheli ha firmato il decreto di finanziamento delle opere per Milano-Cortina 2026.\u00a0\u00ab<em>Risorse che consentiranno di migliorare i collegamenti e le infrastrutture dei territori. Penso soprattutto alla mia provincia, il Bellunese, che da sempre soffre del problema della perifericit\u00e0. I Mondiali prima e le Olimpiadi poi saranno i mezzi giusti per cambiare questo stato di cose. A patto per\u00f2 che si applichi la logica delle priorit\u00e0 e delle opere necessarie. Le Olimpiadi dovranno lasciare in eredit\u00e0 ai territori opere utili, non solo per il grande evento sportivo, ma per l\u2019avvenire. In questo senso, saranno fondamentali gli investimenti per la ricettivit\u00e0, con la prospettiva che il turismo diventi il core business dei territori di montagna<\/em>\u00bb.<\/p>\n<p><strong>AI MICROFONI DI RADIO PIU&#8217; DARIO BOND<\/strong><\/p>\n<audio class=\"wp-audio-shortcode\" id=\"audio-170447-3\" preload=\"none\" style=\"width: 100%;\" controls=\"controls\"><source type=\"audio\/mpeg\" src=\"https:\/\/www.radiopiu.net\/wordpress\/wp-content\/uploads\/2020\/11\/BOND-OLIMPIADI.mp3?_=3\" \/><a href=\"https:\/\/www.radiopiu.net\/wordpress\/wp-content\/uploads\/2020\/11\/BOND-OLIMPIADI.mp3\">https:\/\/www.radiopiu.net\/wordpress\/wp-content\/uploads\/2020\/11\/BOND-OLIMPIADI.mp3<\/a><\/audio>\n<p>&nbsp;<\/p>\n<hr \/>\n<p>&nbsp;<\/p>\n<blockquote>\n<h3>CORTINA 2026, D\u2019INC\u00c0: \u201cIL MIT FIRMA IL DECRETO CHE ASSEGNA 325 MILIONI AL VENETO\u201d<\/h3>\n<\/blockquote>\n<p><strong><a href=\"https:\/\/www.radiopiu.net\/wordpress\/giornale-radiopiu-23-aprile-2020-direttore-mirko-mezzacasa\/federico-dinca-3\/\" rel=\"attachment wp-att-132319\"><img loading=\"lazy\" decoding=\"async\" class=\"size-medium wp-image-132319 alignleft\" src=\"https:\/\/www.radiopiu.net\/wordpress\/wp-content\/uploads\/2020\/04\/FEDERICO-DINCA-237x300.png\" alt=\"\" width=\"237\" height=\"300\" srcset=\"https:\/\/www.radiopiu.net\/wordpress\/wp-content\/uploads\/2020\/04\/FEDERICO-DINCA-237x300.png 237w, https:\/\/www.radiopiu.net\/wordpress\/wp-content\/uploads\/2020\/04\/FEDERICO-DINCA-808x1024.png 808w, https:\/\/www.radiopiu.net\/wordpress\/wp-content\/uploads\/2020\/04\/FEDERICO-DINCA-768x973.png 768w, https:\/\/www.radiopiu.net\/wordpress\/wp-content\/uploads\/2020\/04\/FEDERICO-DINCA.png 1018w\" sizes=\"auto, (max-width: 237px) 100vw, 237px\" \/><\/a>ROMA\u00a0<\/strong>\u201c<em>Il decreto che finanzia le opere infrastrutturali per le Olimpiadi di Milano-Cortina del 2026 \u00e8 stato firmato dalla Ministra De Micheli: come avevamo gi\u00e0 annunciato, per il Veneto sono stati stanziati 325 milioni di euro. \u00c8 un passo importante verso un evento su cui il Governo Conte crede fortemente e che porter\u00e0 un\u2019immensa visibilit\u00e0 al nostro territorio, proiettandolo su uno scenario internazionale<\/em>\u201d.\u00a0Lo afferma Federico D\u2019Inc\u00e0, Ministro per i Rapporti con il Parlamento, in seguito al decreto firmato dal Ministro delle Infrastrutture e dei Trasporti Paola De Micheli attraverso cui sono stanziate le risorse per le opere delle Olimpiadi invernali del 2026.\u00a0\u201c<em>Questo provvedimento &#8211; prosegue D\u2019Inc\u00e0 &#8211; nasce da un confronto con le Regioni e gli enti locali che era stato avviato nei mesi passati per la realizzazione di interventi infrastrutturali socialmente utili a beneficio del territorio e della collettivit\u00e0. Abbiamo sempre sottolineato la nostra attenzione per l\u2019evento e il pieno impegno per vigilare sulle opere che saranno realizzate. Gli interventi stradali e ferroviari saranno l\u2019occasione per potenziare la viabilit\u00e0 e i collegamenti del territorio bellunese e, come \u00e8 stato nuovamente confermato, si realizzeranno nell\u2019ottica della sostenibilit\u00e0 ambientale<\/em>\u201d. D\u2019Inc\u00e0 ricorda che \u201cl<em>o sport \u00e8 un volano straordinario per dare sostegno al nostro territorio: ci troviamo di fronte a una grandissima opportunit\u00e0 di rilancio per il turismo e per le attivit\u00e0 produttive, che sapremo cogliere al meglio anche dopo la difficile situazione provocata dalla pandemia del Coronavirus. Anche oggi arriva la conferma che il Governo crede fortemente nelle potenzialit\u00e0 del Veneto e del bellunese<\/em>\u201d.<\/p>\n<p>&nbsp;<\/p>\n<p>&nbsp;<\/p>\n<hr \/>\n<p>&nbsp;<\/p>\n<blockquote>\n<h3>DE MENECH: OTTIMO LAVORO DELLA MINISTRA DE MICHELI. SUBITO I PROGETTI<\/h3>\n<\/blockquote>\n<p>AUDIO<\/p>\n<audio class=\"wp-audio-shortcode\" id=\"audio-170447-4\" preload=\"none\" style=\"width: 100%;\" controls=\"controls\"><source type=\"audio\/mpeg\" src=\"https:\/\/www.radiopiu.net\/wordpress\/wp-content\/uploads\/2020\/11\/ROGER-1.mp3?_=4\" \/><a href=\"https:\/\/www.radiopiu.net\/wordpress\/wp-content\/uploads\/2020\/11\/ROGER-1.mp3\">https:\/\/www.radiopiu.net\/wordpress\/wp-content\/uploads\/2020\/11\/ROGER-1.mp3<\/a><\/audio>\n<p><strong><a href=\"https:\/\/www.radiopiu.net\/wordpress\/speciale-feltre-fondi-di-confine-e-biblioteche-dal-gr-pomeriggio-di-radio-piu\/roger_de_menech_daticamera\/\" rel=\"attachment wp-att-49599\"><img loading=\"lazy\" decoding=\"async\" class=\"size-full wp-image-49599 alignleft\" src=\"https:\/\/www.radiopiu.net\/wordpress\/wp-content\/uploads\/2018\/05\/Roger_De_Menech_daticamera.jpg\" alt=\"\" width=\"165\" height=\"228\" \/><\/a>ROMA\u00a0<\/strong>\u00ab<em>Ora che i finanziamenti sono stati stanziati, dobbiamo darci da fare per mettere nero su bianco i progetti e bisogna farlo presto\u00bb. Il relatore della legge olimpica, il bellunese\u00a0Roger De Menech\u00a0esprime il proprio plauso alla ministra delle infrastrutture, Paola De Micheli, \u00abper aver mantenuto gli impegni presi in Parlamento ed essere riuscita a finalizzare il provvedimento con le risorse economiche per le Olimpiadi del 2026. Non era facile in questi mesi e sopratutto in queste settimane in cui tutto il lavoro del governo e dei ministeri \u00e8 concentrato sul contenimento della pandemi<\/em>a\u00bb.\u00a0\u00ab<em>Come avevamo chiesto e preannunciato, la disponibilit\u00e0 economica per le infrastrutture a sostegno della manifestazione \u00e8 di un miliardo di euro. Un terzo, pari a 325 milioni, \u00e8 per le opere da realizzare in Veneto<\/em>\u00bb, spiega De Menech.\u00a0\u00ab<em>Il piano delle azioni \u00e8 pronto, sappiamo al 90-95 per cento quali saranno gli interventi e la loro funzione a lungo termine. La societ\u00e0 per la gestione \u00e8 stata costituita. Ora corriamo per fare i progetti e avviare i cantieri prima possibile. Le Olimpiadi devono diventare un tassello della ripresa economica e il simbolo della ripartenza dell\u2019Italia dopo questa terribile crisi dovuta al Covid-19<\/em>\u00bb, conclude il deputato.<\/p>\n<p>&nbsp;<\/p>\n<p>&nbsp;<\/p>\n<hr \/>\n<p>&nbsp;<\/p>\n<blockquote>\n<h3>A ROCCA PIETORE VOLONTARI CARICHI E UNITI NELL&#8217;IMPEGNO QUOTIDIANO CON IL NUOVO DIRETTIVO<\/h3>\n<\/blockquote>\n<p><strong><a href=\"https:\/\/www.radiopiu.net\/wordpress\/a-rocca-pietore-volontari-carichi-e-uniti-nellimpegno-quotidiano-con-il-nuovo-direttivo\/andrea-zanvit\/\" rel=\"attachment wp-att-170649\"><img loading=\"lazy\" decoding=\"async\" class=\"size-medium wp-image-170649 alignleft\" src=\"https:\/\/www.radiopiu.net\/wordpress\/wp-content\/uploads\/2020\/11\/ANDREA-ZANVIT-300x200.jpg\" alt=\"\" width=\"300\" height=\"200\" srcset=\"https:\/\/www.radiopiu.net\/wordpress\/wp-content\/uploads\/2020\/11\/ANDREA-ZANVIT-300x200.jpg 300w, https:\/\/www.radiopiu.net\/wordpress\/wp-content\/uploads\/2020\/11\/ANDREA-ZANVIT-1024x682.jpg 1024w, https:\/\/www.radiopiu.net\/wordpress\/wp-content\/uploads\/2020\/11\/ANDREA-ZANVIT-768x512.jpg 768w, https:\/\/www.radiopiu.net\/wordpress\/wp-content\/uploads\/2020\/11\/ANDREA-ZANVIT-1536x1023.jpg 1536w, https:\/\/www.radiopiu.net\/wordpress\/wp-content\/uploads\/2020\/11\/ANDREA-ZANVIT.jpg 1600w\" sizes=\"auto, (max-width: 300px) 100vw, 300px\" \/><\/a>ROCCA PIETORE<\/strong> Buon lavoro ad Andrea Zanvit, nominato nuovo presidente dell&#8217;associazione volontari ambulanza di Rocca Pietore- Nel suo importante mandato,\u00a0 in un momento peraltro impegnativo per i problemi di pandemia che attanagliano il mondo, ma anche per i problemi che riscontra quotidianamente il mondo del volontariato, sar\u00e0 coadiuvato dal vice-Presidente: Severino Darman, dal Segretario: Dario Franceschini e dai consiglieri\u00a0 Daniele \u00a0Cattonar, Anna Chenet, Dario\u00a0 Darman e Cecilia De Dorigo.\u00a0Il consiglio ha anche deliberato con voto unanime di lavorare congiuntamente a degli esperti esterni al consiglio (Domenico Sorar\u00f9 e Cinzia Del Zenero) per lo svolgimento di alcune importanti mansioni indispensabili per l\u2019associazione.\u00a0&#8220;<em>Colgo l\u2019occasione &#8211; dice il neo eletto Presidente Andrea Zanvit -per ringraziare le due persone uscenti dal consiglio Teresa Schena (gi\u00e0 presidente) e\u00a0 Daniela Pezz\u00e8 Daniela (ex segretaria) per l\u2019enorme e l\u2019encomiabile lavoro svolto in tutti questi lunghi anni, investendo moltissimo tempo e mettendoci il cuore in ogni azione fatta e decisione presa. Ringraziio anche la famiglia Bartolini per il servizio di tenuta della \u201dBase Radio\u201d, ed il Coordinamento Ambulanze Agordino-Zoldano ed il CSV di Belluno per il costante supporto e impegno<\/em>&#8220;.\u00a0Anche per i volontari ai piedi della Marmolada, come per tutte le altre associazioni, \u00e8 sempre difficile riuscire a coprire i turni 24 ore al giorno per tutto l&#8217;anno, sabato e domenica compresi, in vista della stagione invernale in arrivo, l\u2019associazione sta valutando (dipendente anche dall\u2019evoluzione sanitaria in arrivo) un&#8217;assunzione stagionale. Eventuali interessati possono gi\u00e0 inviare il proprio\u00a0 curriculum a: ambulanza.rocca@gmail.com\u00a0&#8220;<em>Da tutto il consiglio &#8211; conclude Zanvit &#8211; il grazie a tutti i volontari e tutte le persone che collaborano attivamente, noi iniziamo caricati e uniti\u00a0 un&#8217;avventura\u00a0 che inizia in un periodo \u201cburrascoso\u201d vista la complessa situazione sanitaria mondiale<\/em>&#8220;.<\/p>\n<p>&nbsp;<\/p>\n<blockquote>\n<h3>DOPO FALCADE ALLEGHE, MENTRE LA REGIONE AI MEDICI DI BASE PAGA 18 EURO A TAMPONE&#8230;e qualcuno pure si lamenta<\/h3>\n<\/blockquote>\n<p><strong><a class=\"dt-pswp-item\" href=\"https:\/\/www.radiopiu.net\/wordpress\/wp-content\/uploads\/2018\/07\/ambulanza.jpg\" data-dt-img-description=\"\" data-large_image_width=\"1280\" data-large_image_height=\"960\"><img loading=\"lazy\" decoding=\"async\" class=\" wp-image-55783 alignleft\" src=\"https:\/\/www.radiopiu.net\/wordpress\/wp-content\/uploads\/2018\/07\/ambulanza-300x225.jpg\" alt=\"\" width=\"231\" height=\"173\" srcset=\"https:\/\/www.radiopiu.net\/wordpress\/wp-content\/uploads\/2018\/07\/ambulanza-300x225.jpg 300w, https:\/\/www.radiopiu.net\/wordpress\/wp-content\/uploads\/2018\/07\/ambulanza-768x576.jpg 768w, https:\/\/www.radiopiu.net\/wordpress\/wp-content\/uploads\/2018\/07\/ambulanza-1024x768.jpg 1024w, https:\/\/www.radiopiu.net\/wordpress\/wp-content\/uploads\/2018\/07\/ambulanza.jpg 1280w\" sizes=\"auto, (max-width: 231px) 100vw, 231px\" \/><\/a>ALLEGHE_ROCCA PIETORE<\/strong> Come lo scorso anno, come a Falcade la scorsa settimana. I volontari della Croce Verde di Alleghe e i colleghi di Rocca Pietore chiedono aiuto per i turni scoperti. In Val Cordevole il servizio non sar\u00e0 sospeso,\u00a0 grazie\u00a0 alla collaborazione tra le due associazioni. Sono sempre pi\u00f9 frequenti\u00a0 i disservizi per la mancanza di volontari del Coordinamento Agordino Zoldano nonostante il grande impegno per la ricerca di uomini e donne disponibili per la copertura dei turni. Ad Alleghe alla Croce Verde i turni mancanti saranno coperti dai volontari di Rocca Pietore e viceversa. I turni scoperti di Rocca Pietore: dalle 20 del 19 novembre alle 20 del 22 novembre e dalle 20 del 30 novembre alle 20 del 1 dicembre; i turni scoperti di Alleghe dalle 7 del 9 novembre alle 19 del 14 novembre. Come detto grazie alla collaborazione delle due associazioni non vi saranno turni scoperti n\u00e8 ad Alleghe (San Tomaso) n\u00e8 a Rocca Pietore, almeno fino al 1 dicembre. Una risposta encomiabile dei volontari, una grande collaborazione tra i due presidenti che condividono gli intenti tra un interesse di &#8220;altri&#8221; sempre minore.<\/p>\n<p>&nbsp;<\/p>\n<h2><span style=\"color: #ff0000;\">DILLO A RADIO PIU&#8230;.<\/span><\/h2>\n<blockquote><p><strong>Sto ascoltando la tua lettura delle notizie, e in merito alla carenza di volontari delle varie ambulanze di vallata pensavo che questa cosa stride con quella cinquantina di volontari di Protezione civile di cui si sbandierava tempo fa. Non c \u00e8 possibilit\u00e0 di collaborazione fra le associazioni e il corpo di Protezione Civile?\u00a0<\/strong><\/p><\/blockquote>\n<h3>L&#8217;IMMEDIATA RISPOSTA DEL PRESIDENTE DELLA CROCE VERDE VAL BIOIS, STEFANO MURER<\/h3>\n<audio class=\"wp-audio-shortcode\" id=\"audio-170447-5\" preload=\"none\" style=\"width: 100%;\" controls=\"controls\"><source type=\"audio\/mpeg\" src=\"https:\/\/www.radiopiu.net\/wordpress\/wp-content\/uploads\/2020\/11\/MURER.mp3?_=5\" \/><a href=\"https:\/\/www.radiopiu.net\/wordpress\/wp-content\/uploads\/2020\/11\/MURER.mp3\">https:\/\/www.radiopiu.net\/wordpress\/wp-content\/uploads\/2020\/11\/MURER.mp3<\/a><\/audio>\n<p>&nbsp;<\/p>\n<h2><span style=\"color: #ff0000;\">DILLO A RADIO PIU&#8230;.<\/span><\/h2>\n<p>Gianni Pezz\u00e8 per tanto tempo volontario con Rocca Pietore e sempre impegnato in questo mondo: <em>&#8220;Scrivo a riguardo della bella notizia sulla collaborazione tra le associazioni Ambulanza di Alleghe e Rocca Pietore. Un plauso ai 2 presidenti e al presidente del Coordinamento Agordino Zoldano \u00e8 alle rispettive associazioni per essere stati capaci di superare i campanili e mettere in essere una preziosa collaborazione nell&#8217;interesse delle popolazioni del territorio. Spero vivamente che sia solo l&#8217;inizio. Lo spirito prezioso di collaborazione lo avevamo gi\u00e0 dimostrato ai tempi della crisi di Arabba. Dico un bravo a tutti i volotnari che in questo particolare momento si rendono disponibili a prestare servizio per il soccorso tecnico urgente sul territorio GRAZIE\u00a0 siete dei grandi&#8221;.<\/em><\/p>\n<p>&nbsp;<\/p>\n<p>&nbsp;<\/p>\n<hr \/>\n<p>&nbsp;<\/p>\n<blockquote>\n<h2>A CANALE D&#8217;AGORDO, TAIBON FALCADE E CENCENIGHE NON SI CANTA SAN MARTIN<\/h2>\n<\/blockquote>\n<p><strong><a class=\"dt-pswp-item\" href=\"https:\/\/www.radiopiu.net\/wordpress\/wp-content\/uploads\/2020\/11\/santo7275med.jpg\" data-dt-img-description=\"\" data-large_image_width=\"250\" data-large_image_height=\"355\"><img loading=\"lazy\" decoding=\"async\" class=\"size-medium wp-image-170489 alignleft\" src=\"https:\/\/www.radiopiu.net\/wordpress\/wp-content\/uploads\/2020\/11\/santo7275med-211x300.jpg\" alt=\"\" width=\"211\" height=\"300\" srcset=\"https:\/\/www.radiopiu.net\/wordpress\/wp-content\/uploads\/2020\/11\/santo7275med-211x300.jpg 211w, https:\/\/www.radiopiu.net\/wordpress\/wp-content\/uploads\/2020\/11\/santo7275med.jpg 250w\" sizes=\"auto, (max-width: 211px) 100vw, 211px\" \/><\/a>CENCENIGHE_TAIBON_FALCADE_CANALE D&#8217;AGORDO <\/strong>\u00a0I sindaci Mauro Soppelsa, Flavio Colcergnan, SIlvia Tormen \u00a0e\u00a0 Michele Costa ordinano che a salvaguardia della salute pubblica e stanti le vigenti misure statali per far fronte all&#8217;emergenza epidemiologica legata alla diffusione del virus covid19 \u00e8 vietata su tutto il territorio comunale di Cencenighe, Taibon, Canale e Falcade\u00a0 la pratica tradizionale del &#8220;canta&#8217; San Martin&#8221; casa per casa. Quindi il 10 novembre a nessuno sar\u00e0 permesso suonare il campanello delle case come succede alla vigilia della festa di San Martino.<\/p>\n<p>&nbsp;<\/p>\n<p>&nbsp;<\/p>\n<p>&nbsp;<\/p>\n<p>&nbsp;<\/p>\n<p>&nbsp;<\/p>\n<p>&nbsp;<\/p>\n<hr \/>\n<p>&nbsp;<\/p>\n<blockquote class=\"wp-embedded-content\" data-secret=\"O9kAUpW4gN\"><p><a href=\"https:\/\/www.radiopiu.net\/wordpress\/coronavirus-aggiornamento-nazionale-04-novembre\/\">CORONAVIRUS: AGGIORNAMENTO NAZIONALE 04 NOVEMBRE<\/a><\/p><\/blockquote>\n<p><iframe loading=\"lazy\" class=\"wp-embedded-content\" sandbox=\"allow-scripts\" security=\"restricted\" style=\"position: absolute; clip: rect(1px, 1px, 1px, 1px);\" title=\"&#8220;CORONAVIRUS: AGGIORNAMENTO NAZIONALE 04 NOVEMBRE&#8221; &#8212; Radio Pi\u00f9\" src=\"https:\/\/www.radiopiu.net\/wordpress\/coronavirus-aggiornamento-nazionale-04-novembre\/embed\/#?secret=O9kAUpW4gN\" data-secret=\"O9kAUpW4gN\" width=\"600\" height=\"338\" frameborder=\"0\" marginwidth=\"0\" marginheight=\"0\" scrolling=\"no\"><\/iframe><\/p>\n<p>&nbsp;<\/p>\n<hr \/>\n<p>&nbsp;<\/p>\n<blockquote class=\"wp-embedded-content\" data-secret=\"pWaT2ze8sP\"><p><a href=\"https:\/\/www.radiopiu.net\/wordpress\/2665-nuovi-positivi-in-veneto-nelle-ultime-24-ore-19-decessi-in-un-giorno-e-ricoveri-sempre-in-aumento-a-belluno-sono-102-i-nuovi-positivi-ma-al-san-martino-calano-i-pazienti\/\">2665 NUOVI POSITIVI IN VENETO NELLE ULTIME 24 ORE. 19 DECESSI IN UN GIORNO E RICOVERI SEMPRE IN AUMENTO. A BELLUNO SONO 102 I NUOVI POSITIVI MA AL SAN MARTINO CALANO I PAZIENTI<\/a><\/p><\/blockquote>\n<p><iframe loading=\"lazy\" class=\"wp-embedded-content\" sandbox=\"allow-scripts\" security=\"restricted\" style=\"position: absolute; clip: rect(1px, 1px, 1px, 1px);\" title=\"&#8220;2665 NUOVI POSITIVI IN VENETO NELLE ULTIME 24 ORE. 19 DECESSI IN UN GIORNO E RICOVERI SEMPRE IN AUMENTO. A BELLUNO SONO 102 I NUOVI POSITIVI MA AL SAN MARTINO CALANO I PAZIENTI&#8221; &#8212; Radio Pi\u00f9\" src=\"https:\/\/www.radiopiu.net\/wordpress\/2665-nuovi-positivi-in-veneto-nelle-ultime-24-ore-19-decessi-in-un-giorno-e-ricoveri-sempre-in-aumento-a-belluno-sono-102-i-nuovi-positivi-ma-al-san-martino-calano-i-pazienti\/embed\/#?secret=pWaT2ze8sP\" data-secret=\"pWaT2ze8sP\" width=\"600\" height=\"338\" frameborder=\"0\" marginwidth=\"0\" marginheight=\"0\" scrolling=\"no\"><\/iframe><\/p>\n<p>&nbsp;<\/p>\n<hr \/>\n<p>&nbsp;<\/p>\n<blockquote>\n<h3>I GRAFICI DI TIZIANO DE COL<\/h3>\n<\/blockquote>\n\n\t\t\t<style type='text\/css'>\n\t\t\t\t#gallery-3 {\n\t\t\t\t\tmargin: auto;\n\t\t\t\t}\n\t\t\t\t#gallery-3 .gallery-item {\n\t\t\t\t\tfloat: left;\n\t\t\t\t\tmargin-top: 10px;\n\t\t\t\t\ttext-align: center;\n\t\t\t\t\twidth: 50%;\n\t\t\t\t}\n\t\t\t\t#gallery-3 img {\n\t\t\t\t\tborder: 2px solid #cfcfcf;\n\t\t\t\t}\n\t\t\t\t#gallery-3 .gallery-caption {\n\t\t\t\t\tmargin-left: 0;\n\t\t\t\t}\n\t\t\t\t\/* see gallery_shortcode() in wp-includes\/media.php *\/\n\t\t\t<\/style>\n\t\t<div id='gallery-3' class='dt-gallery-container gallery galleryid-170447 gallery-columns-2 gallery-size-medium'><dl class='gallery-item'>\n\t\t\t\t<dt class='gallery-icon landscape'>\n\t\t\t\t\t<a class=\"rollover rollover-zoom dt-pswp-item\" title=\"0df71a96-5f0d-498a-9850-616cf7d34f37\" data-dt-img-description=\"\" data-large_image_width=\"590\" data-large_image_height=\"334\"href='https:\/\/www.radiopiu.net\/wordpress\/wp-content\/uploads\/2020\/11\/0df71a96-5f0d-498a-9850-616cf7d34f37.jpg'><img loading=\"lazy\" decoding=\"async\" width=\"300\" height=\"170\" src=\"https:\/\/www.radiopiu.net\/wordpress\/wp-content\/uploads\/2020\/11\/0df71a96-5f0d-498a-9850-616cf7d34f37-300x170.jpg\" class=\"attachment-medium size-medium\" alt=\"\" srcset=\"https:\/\/www.radiopiu.net\/wordpress\/wp-content\/uploads\/2020\/11\/0df71a96-5f0d-498a-9850-616cf7d34f37-300x170.jpg 300w, https:\/\/www.radiopiu.net\/wordpress\/wp-content\/uploads\/2020\/11\/0df71a96-5f0d-498a-9850-616cf7d34f37.jpg 590w\" sizes=\"auto, (max-width: 300px) 100vw, 300px\" \/><\/a>\n\t\t\t\t<\/dt><\/dl><dl class='gallery-item'>\n\t\t\t\t<dt class='gallery-icon landscape'>\n\t\t\t\t\t<a class=\"rollover rollover-zoom dt-pswp-item\" title=\"1c268b9c-de53-475f-a063-43c495f960e3\" data-dt-img-description=\"\" data-large_image_width=\"790\" data-large_image_height=\"546\"href='https:\/\/www.radiopiu.net\/wordpress\/wp-content\/uploads\/2020\/11\/1c268b9c-de53-475f-a063-43c495f960e3.jpg'><img loading=\"lazy\" decoding=\"async\" width=\"300\" height=\"207\" src=\"https:\/\/www.radiopiu.net\/wordpress\/wp-content\/uploads\/2020\/11\/1c268b9c-de53-475f-a063-43c495f960e3-300x207.jpg\" class=\"attachment-medium size-medium\" alt=\"\" srcset=\"https:\/\/www.radiopiu.net\/wordpress\/wp-content\/uploads\/2020\/11\/1c268b9c-de53-475f-a063-43c495f960e3-300x207.jpg 300w, https:\/\/www.radiopiu.net\/wordpress\/wp-content\/uploads\/2020\/11\/1c268b9c-de53-475f-a063-43c495f960e3-768x531.jpg 768w, https:\/\/www.radiopiu.net\/wordpress\/wp-content\/uploads\/2020\/11\/1c268b9c-de53-475f-a063-43c495f960e3.jpg 790w\" sizes=\"auto, (max-width: 300px) 100vw, 300px\" \/><\/a>\n\t\t\t\t<\/dt><\/dl><br style=\"clear: both\" \/>\n\t\t\t<\/div>\n\n<p>&nbsp;<\/p>\n<p>&nbsp;<\/p>\n<hr \/>\n<p>&nbsp;<\/p>\n<blockquote>\n<h3>RICOVERI IN ASCESA, ANCHE I VETERINARI CHIAMATI A FARE TAMPONI ALLE 13.00 LA REGIONE NON SA ANCORA IN QUALE FASCIA E&#8217;, PARLA LUCA ZAIA<\/h3>\n<\/blockquote>\n<p>&nbsp;<\/p>\n<blockquote>\n<h2>LEGGI LA CONFERENZA STAMPA<\/h2>\n<\/blockquote>\n<p><em>Ora c&#8217;\u00e8 anche il comitato di crisi. In che vascia siamo? Non abbiamo ancora notizie. Adesso facciamo un lavoro di squadra, di comunit\u00e0, tutti stiano attenti alle regole con l&#8217;obiettivo di non passare di fascia&#8230;e ci andr\u00e0 bene<\/em><\/p>\n<p>E&#8217; stata una notte intensa. Crescono i numeri tra ricoverati e terapia intensiva. Abbiamo la mole degli isolati a domicilio che sono un impegno. C&#8217;\u00e8 pressione negli ospedali, e questa \u00e8 la risposta agli scettici: 3 ospedali sono dedicati ai covid e si riducono le attivit\u00e0 ospedaliere salvaguardando il tema degli oncologici e psichiatrici. Aperta la terapia intensiva anche a Jesolo, oggi i pazienti hanno tutti un letto pur con dei ritardi nella presa in carico dei reparti \u00e8 pi\u00f9 ragionevole procedere per gradi anche se ora ci impongono scelte diverse. &#8220;duri ai banchi&#8221; il picco si avr\u00e0 a met\u00e0 novembre sulle montagne russe.<\/p>\n<blockquote>\n<h3>In Giunta abbiamo creato un comitato di crisi, un esecutivo<\/h3>\n<\/blockquote>\n<p align=\"JUSTIFY\">Tale Comitato risulta composto da: dr. Luciano FLOR \u2013 Direttore Generale dell\u2019Azienda Ospedaliera di Padova; dr. Giuseppe DAL BEN \u2013 Direttore Generale dell\u2019Azienda ULSS 3 Serenissima; dott.ssa Patrizia SIMIONATO \u2013 Direttore Generale di Azienda Zero; dr.ssa Patrizia BENINI \u2013 Direttore sanitario dell\u2019Azienda ULSS 6 Euganea; dr. Paolo ROSI \u2013 Coordinatore del Dipartimento interaziendale funzionale regionale del Servizio Urgenza Emergenza Medica &#8211; Direttore della UOC Centrale Operativa SUEM 118 dell&#8217;Azienda ULSS 3 Serenissima e referente dell&#8217;Area SUEM del CREU;<\/p>\n<p>\u00a0Abbiamo dato mandato alla dottoressa Russo di convocare i rappresentanti dei 2450 veterinari per fare lo stesso lavoro anche perch\u00e9 loro a livello di animali, mammiferi, sono egli esperti, abbiamo bisogno dell&#8217;aiuto di tutti per fare tamponi. <span style=\"color: #000000;\"><strong>IN CHE FASCIA SIAMO?<span style=\"color: #339966;\">\u00a0<\/span><\/strong><span style=\"color: #339966;\">Non abbiamo notizie ma ieri sera ho portato le ragioni del fatto che il confronto sulla classificazione non puo&#8217; prescindere da un confronto diretto con le Regioni, richiesta che pare sia stata accolta come da dichiarazioni ufficiali (lo ha detto Boccia) e dall&#8217;altro riconfermata dal Ministro Speranza. Le Regioni hanno chiesto di poter avere un confronto prima dell&#8217;identificazione della fascia perch\u00e9 hanno qualche cosa da dire, poi che ci sia un decreto che accompagna le misure economiche, che si finanzi subito il congedo parentale per chi si ritrova i figli a casa con le scuole chiuse e poi abbiamo chiesto dello sgombero delle piazze chi provvede? Perch\u00e9 lo precede il DPCM. I modelli che prevedono i 21 parametri sono stati contestati per scritto perch\u00e9 non tengono conto i tamponi rapidi come li fa il Veneto che porta il numero dei test a 30 mila e non a 16 mila sui quali poi si fanno i calcoli. Il confronto si fa sul totale dei tamponi, rapidi e molecolari nel conto non si pu\u00f2 mettere solo i molecolari altrimenti la percentuale si alza.<\/span> <span style=\"color: #ff6600;\">Passare di fasce significa restrizioni importanti, quella arancione porta alla chiusura di bar, ristoranti, negozi, attivit\u00e0&#8230;.etc. <\/span><strong>\u00a0<span style=\"color: #ff0000;\">per arrivare poi al lockdwon vero e proprio nelle zone rosse.<\/span><\/strong> Attendiamo chiarimenti per il primo pomeriggio. Il colore della fascia uno se lo deve meritare, la mia preoccupazione \u00e8 che non vorrei che la fascia verde venisse presa come un semaforo verde, invece dobbiamo stringere i denti ed evitare si diffonda il contagio per evitare restrizione. QUINDI PROSSIME ORE. <strong>ORDINANZE REGIONALI?<\/strong> Attendiamo informazioni poi vediamo, servir\u00e0 eventualmente per fare chiarezza. Al momento non ne ho in programmazione se si far\u00e0 sar\u00e0 per dare informazioni. <strong>FASCE IL METODO GIUSTO?<\/strong> Sono state approvate nelle conferenze Stato_Regioni, sono un punto di riferimento. Ora il tema \u00e8 come inquadrare una Regione in base alla fascia. La pressione ospedaliera \u00e8 un parametro noi abbiamo il 16% di terapie intesive occupate, qualche Regione \u00e8 oltre il 40% poi c&#8217;\u00e8 il saper fare dei nostri operatori, di saper risolvere i problemi magari non codificati dai protocolli, il contradditorio della Regione \u00e8 fondamentale. <strong>C&#8217;E&#8217; CONFUSIONE CI SONO CATEGORIA CHE NON SANNO DOVE GIRARSI IN ATTESA DI DOMANI<\/strong> Non dipende da noi, era meglio se prima ci davano le fasce e poi il DPCM ma questo passa il Governo e noi ora guardiamo avanti, una volta chiusa la partita della fasce si va a regime. I prossimi 10 giorni non sar\u00e0 un&#8217;evoluzione in positivo, che i cittadini rispettino le regole per non avere ulteriori peggioramenti. <strong>MEDICI VETERINARI PREVEDETE COLLOQUI?<\/strong> No un accordo e vedremo di trovare anche una situazione a livello economico dove possibile (i medici incassano 18 euro a tampone&#8230;) \u00e8 una proposta regionale la dottoressa Russo parler\u00e0 con i loro rappresentanti. <strong>IN QUESTO MECCANISMO IL PRESIDENTE HA FACOLTA&#8217; DI INTERVENIRE SUL TERRITORIO E SULLA FASCE? <\/strong>Possiamo fare mini chiusure come fatto in Comelico su tre Comuni, ma non si puo&#8217; ridurre la fascia se un&#8217;intera Regione \u00e8 ad esempio zona rossa. <strong>TANTI TAMPONI&#8230; TANTI POSITIVI<\/strong> La virtuosit\u00e0 rischia di penalizzarci \u00e8 vero, fermando la macchina dei tamponi avremo meno guai,\u00a0 ma sarebbe irrispettoso per i cittadini, questo dei positivi \u00e8 comunque uno dei parametri. Bisogna parametrare i positivi al numero di abitanti. La nostra cartina al tornasole \u00e8 l&#8217;ospedale e la terapia intensiva.<strong> SE SI INCLUDONO TAMPONI MOLECOLARI E RAPIDI IL VENETO E&#8217; ANCORA IN FASCIA VERDE\u00a0<\/strong>Abbiamo scritto, non c&#8217;\u00e8 problema. <strong>DPCM ENTRA IN VIGORE DOMANI C&#8217;E&#8217; UN VADEMECUM?<\/strong> Se servir\u00e0 lo faremo a mo&#8217; di ordinanza, ma lo si far\u00e0 in base alla fascia. <strong>CI SONO PARROCCHIE CHE FANNO CATECHISMO E CRESIME IN PROGRAMMA<\/strong> Saranno consentite in base alla fascia, <span style=\"color: #339966;\">verde resta tutto com&#8217;\u00e8 ma cercate di andare a pranzo e date una mano alla nostra economia, magari a pranzo prima della cerimonia.<span style=\"color: #ff6600;\"> In fascia arancione si chiudono tutti i ristoranti e sparisce una parte della cerimonia in chiesa ci sono le linee guida.<strong> DOPO LA DECISIONE DELLA FASCIA QUANTO TEMPO DURERANNO LE RESTRIZIONI? <\/strong>Ci sar\u00e0 un monitoraggio settimanale o quindicinale. Ora si faccia di tutto rispettando le regole per non passare di fascia salvaguardando le libert\u00e0 individuali.<\/span><\/span><\/span><\/p>\n<p>https:\/\/www.facebook.com\/zaiaufficiale\/videos\/288513518962029<\/p>\n<p>&nbsp;<\/p>\n<hr \/>\n<p>&nbsp;<\/p>\n<blockquote>\n<h4>INTERVISTA ALL&#8217;ASSESSORE ALLA PROTEZIONE CIVILE GIANPAOLO BOTTACIN<\/h4>\n<\/blockquote>\n<h3><strong><a class=\"dt-pswp-item\" href=\"https:\/\/www.radiopiu.net\/wordpress\/wp-content\/uploads\/2020\/04\/bottacin-1.jpg\" data-dt-img-description=\"\" data-large_image_width=\"640\" data-large_image_height=\"426\"><img loading=\"lazy\" decoding=\"async\" class=\"size-medium wp-image-132784 alignleft\" src=\"https:\/\/www.radiopiu.net\/wordpress\/wp-content\/uploads\/2020\/04\/bottacin-1-300x200.jpg\" alt=\"\" width=\"300\" height=\"200\" srcset=\"https:\/\/www.radiopiu.net\/wordpress\/wp-content\/uploads\/2020\/04\/bottacin-1-300x200.jpg 300w, https:\/\/www.radiopiu.net\/wordpress\/wp-content\/uploads\/2020\/04\/bottacin-1.jpg 640w\" sizes=\"auto, (max-width: 300px) 100vw, 300px\" \/><\/a><\/strong><\/h3>\n<h3><\/h3>\n<h3><strong>Ai microfoni di Radio Pi\u00f9\u00a0l&#8217;assessore regionale alla Protezione Civile Gianpaolo Bottacin parla di quali saranno gli scenari in cui il Veneto sia inserito in zona arancione.<\/strong><\/h3>\n<audio class=\"wp-audio-shortcode\" id=\"audio-170447-6\" preload=\"none\" style=\"width: 100%;\" controls=\"controls\"><source type=\"audio\/mpeg\" src=\"https:\/\/www.radiopiu.net\/wordpress\/wp-content\/uploads\/2020\/11\/BOTTACIN.mp3?_=6\" \/><a href=\"https:\/\/www.radiopiu.net\/wordpress\/wp-content\/uploads\/2020\/11\/BOTTACIN.mp3\">https:\/\/www.radiopiu.net\/wordpress\/wp-content\/uploads\/2020\/11\/BOTTACIN.mp3<\/a><\/audio>\n<p>&nbsp;<\/p>\n<p>&nbsp;<\/p>\n<p>&nbsp;<\/p>\n<hr \/>\n<p>&nbsp;<\/p>\n<blockquote>\n<h3>CONTRIBUTI E BANDI PER LE SOCIETA&#8217; SPORTIVE DEL GHIACCIO E NON SOLO<\/h3>\n<\/blockquote>\n<p><strong><a class=\"dt-pswp-item\" href=\"https:\/\/www.radiopiu.net\/wordpress\/wp-content\/uploads\/2016\/02\/Palaghiaccio-Feltre-21.preview.jpg\" data-dt-img-description=\"\" data-large_image_width=\"450\" data-large_image_height=\"300\"><img loading=\"lazy\" decoding=\"async\" class=\" wp-image-16985 alignleft\" src=\"https:\/\/www.radiopiu.net\/wordpress\/wp-content\/uploads\/2016\/02\/Palaghiaccio-Feltre-21.preview-300x200.jpg\" alt=\"\" width=\"245\" height=\"163\" \/><\/a>FELTRE<\/strong> Il Comune di Feltre sta procedendo alla realizzazione dell&#8217; intervento di adeguamento del palaghiaccio \u201cDrio Le Rive\u201d. Il programma delle lavorazioni ha subito in questi mesi dei ritardi dovuti sia all\u2019emergenza sanitaria in atto (e alla conseguente difficolt\u00e0 nella consegna di alcuni materiali), sia derivanti da maggiori interventi di manutenzione non preventivati ad inizio cantiere. Il protrarsi dei lavori ha causato, naturalmente, l\u2019impraticabilit\u00e0 dell\u2019impianto, con conseguente disagio per le associazioni feltrine del settore, che si sono dovute attrezzare per cercare altre strutture idonee ad ospitare i loro allenamenti. In considerazione di tutto questo, nella sua ultima seduta, la Giunta comunale ha deliberato uno stanziamento totale sino ad un massimo di 15 mila euro da erogare alle societ\u00e0 in questione, quale contributo alle maggiori spese sostenute &#8211; sia per l\u2019affitto degli impianti utilizzati, che per i trasporti &#8211; che andranno naturalmente rendicontate.<\/p>\n<blockquote><p><em>\u201cAvevamo sondato anche la possibilit\u00e0 di realizzare una struttura temporanea coperta, alternativa al palaghiaccio \u201cDrio Le Rive\u201d, ma i costi erano assolutamente proibitivi\u201d<\/em>, sottolinea il presidente del consiglio comunale con delega alle associazioni Manuel Sacchet<\/p><\/blockquote>\n<p>Grazie ad ulteriori stanziamenti derivanti dalla misure straordinarie anti-Covid a breve il Comune metter\u00e0\u00a0 a disposizione di tutte le associazioni sportive del Comune di Feltre un bando da circa 80 mila euro con il quale dare un contributo significativo a ristoro dei disavanzi di bilancio che molte societ\u00e0 hanno dovuto subire in questi mesi per il blocco delle attivit\u00e0 e per i maggiori costi sostenuti in relazione all\u2019emergenza sanitaria.<\/p>\n<p><strong>AI MICROFONI DI RADIO PIU&#8217; MANUEL SACCHET<\/strong><\/p>\n<audio class=\"wp-audio-shortcode\" id=\"audio-170447-7\" preload=\"none\" style=\"width: 100%;\" controls=\"controls\"><source type=\"audio\/mpeg\" src=\"https:\/\/www.radiopiu.net\/wordpress\/wp-content\/uploads\/2020\/11\/SACHET.mp3?_=7\" \/><a href=\"https:\/\/www.radiopiu.net\/wordpress\/wp-content\/uploads\/2020\/11\/SACHET.mp3\">https:\/\/www.radiopiu.net\/wordpress\/wp-content\/uploads\/2020\/11\/SACHET.mp3<\/a><\/audio>\n<p>&nbsp;<\/p>\n<p>&nbsp;<\/p>\n<p>&nbsp;<\/p>\n<hr \/>\n<blockquote>\n<h3><\/h3>\n<blockquote>\n<h3 lang=\"it-IT\" align=\"CENTER\"><span style=\"color: #000000;\"><span style=\"font-family: Times New Roman, serif;\"><span style=\"font-size: medium;\"><span style=\"color: #0066cc;\"><b>IL FUTURO DELL\u2019AMMINISTRATORE\u00a0 DI SOSTEGNO<\/b><\/span><\/span><\/span><\/span><\/h3>\n<\/blockquote>\n<p><strong>BELLUNO<\/strong>\u00a0 <span style=\"font-family: Times New Roman, serif;\"><span style=\"font-size: medium;\">Anche il territorio bellunese sar\u00e0 rappresentato all\u2019interno del webinar dedicato al tema, promosso da \u201cUgualmente sociale\u201d aperto a tutti, in particolare a professionisti (assistenti sociali e avvocati). <\/span><\/span><span style=\"font-family: Times New Roman, serif;\"><span style=\"font-size: medium;\">Il titolo dell\u2019incontro \u00e8 \u201cTutela adulta ed esperienze territoriali in Veneto ai tempi del Covid-19 in ottica sociale e giuridica\u201d e si terr\u00e0 luned\u00ec 23 novembre dalle 15 alle 18. <\/span><\/span><span style=\"font-size: medium; font-family: 'Times New Roman', serif;\">Il territorio di Belluno sar\u00e0 rappresentato, all\u2019interno del webinar, dalla dottoressa Alessia Munaro (Sportello di Tutela legale e Amministrazione di Sostegno del Comitato d\u2019Intesa) e dall\u2019assistente sociale Maria Cristina De Bortoli (Responsabile servizio sociale per l&#8217;et\u00e0 adulta ed anziana Ulss 1 Dolomiti, distretto di Feltre). Si parler\u00e0 di esperienze e buone prassi sul territorio regionale, inclusa la provincia di Belluno, e si aprir\u00e0 poi al dibattito. <\/span><span style=\"font-family: Times New Roman, serif;\"><span style=\"font-size: medium;\">L\u2019iscrizione, a numero limitato, \u00e8 gratuita (iscrizioni accolte proporzionalmente per assistenti sociali e avvocati) online su <\/span><\/span><span style=\"color: #0000ff;\"><u><a href=\"http:\/\/www.ugualmentesociale.it\/convegni.htm\"><span style=\"font-family: Times New Roman, serif;\"><span style=\"font-size: medium;\">http:\/\/www.ugualmentesociale.it\/convegni.htm<\/span><\/span><\/a><\/u><\/span><span style=\"font-family: Times New Roman, serif;\"><span style=\"font-size: medium;\">. <\/span><\/span><span style=\"font-family: Times New Roman, serif;\"><span style=\"font-size: medium;\">Per informazioni <\/span><\/span><span style=\"color: #0000ff;\"><u><a href=\"mailto:ugualmentesociale@gmail.com\"><span style=\"font-family: Times New Roman, serif;\"><span style=\"font-size: medium;\">ugualmentesociale@gmail.com<\/span><\/span><\/a><\/u><\/span><span style=\"font-family: Times New Roman, serif;\"><span style=\"font-size: medium;\">.<\/span><\/span><\/p>\n<h3><\/h3>\n<h3><\/h3>\n<h3><\/h3>\n<\/blockquote>\n<hr \/>\n<p>&nbsp;<\/p>\n<blockquote>\n<h3>SER.S.A. DI BELLUNO CERCA OPERATORE SOCIO SANITARIO<\/h3>\n<\/blockquote>\n<p><strong>BELLUNO<\/strong> Ser.S.A. Srl avvia una selezione pubblica per la predisposizione di una graduatoria di idoneit\u00e0 per l\u2019assunzione di personale con titolo di Operatore Socio Sanitario con contratto a tempo indeterminato e determinato, cat. B, posizione economica B1. Il trattamento economico \u00e8 quello previsto dalle norme contrattuali in vigore al momento dell\u2019assunzione per il profilo e la posizione economica a selezione; i compensi sono soggetti alle ritenute previdenziali, assistenziali ed erariali previste dalla legge. La domanda va presentata mediante una delle seguenti modalit\u00e0: \u2022 direttamente presso gli Uffici Amministrativi di Ser.S.A. Srl, in via Andrea Alpago 1 \u2013 32100 Belluno, previa chiamata al numero 0437\/273511 in ottemperanza alle normative sul Coronavirus; \u2022 tramite PEC (posta elettronica certificata) all\u2019indirizzo sersa@pec.sersa.it. Si ricorda che la garanzia di ricezione si verifica unicamente quando entrambi gli indirizzi (mittente e destinatario) sono di posta elettronica certificata (da PEC a PEC); \u2022 mediante raccomandata con avviso di ricevimento indirizzata a Ser.S.A. Srl \u2013 via Andrea Alpago 1 \u2013 32100 Belluno. Qualsiasi sia la modalit\u00e0 utilizzata per presentare la domanda, la stessa dovr\u00e0 pervenire a Ser.S.A. Srl entro le ore 12.00 del giorno 29 gennaio 2021, a pena di esclusione.<\/p>\n<p>&nbsp;<\/p>\n<p>&nbsp;<\/p>\n<hr \/>\n<p>&nbsp;<\/p>\n<blockquote>\n<h3>CONCORSO PUBBLICO PER L&#8217;ASSUNZIONE DI UN ISTRUTTORE TECNICO E UN AGENTE DI POLIZIA LOCALE<\/h3>\n<\/blockquote>\n<p><strong>PEDAVENA<\/strong> Concorso pubblico per l&#8217;assunzione a tempo indeterminato e pieno di un istruttore tecnico categoria C1 presso l\u2019Area Tecnica del Comune di Pedavena, presso lo stesso Comune altro concorso per l&#8217;assunzione a tempo indeterminato e pieno di un Agente di Polizia Locale categoria C1.\u00a0 Le domande di partecipazione dovranno pervenire all&#8217;ufficio protocollo dell&#8217;Unione Montana Feltrina. Informazioni sul sito istituzionale dell&#8217;ente.\u00a0 Termine di scadenza per la presentazione delle domande alle 12 del\u00a0 10 dicembre.<\/p>\n<p>&nbsp;<\/p>\n<hr \/>\n<p>&nbsp;<\/p>\n<blockquote>\n<h3>CINEMA UNITI PER UN EVENTO ON LINE<\/h3>\n<\/blockquote>\n<p><a class=\"dt-pswp-item\" href=\"https:\/\/www.radiopiu.net\/wordpress\/wp-content\/uploads\/2020\/11\/download-1.jpg\" data-dt-img-description=\"\" data-large_image_width=\"275\" data-large_image_height=\"183\"><img loading=\"lazy\" decoding=\"async\" class=\"size-full wp-image-170511 alignleft\" src=\"https:\/\/www.radiopiu.net\/wordpress\/wp-content\/uploads\/2020\/11\/download-1.jpg\" alt=\"\" width=\"275\" height=\"183\" \/><\/a><strong>BELLUNO<\/strong> Un gruppo di esercenti italiani invita gli spettatori e le spettatrici, amanti del cinema, alla<br \/>\nriapertura simbolica delle loro sale domenica 8 novembre.\u00a0 Si tratta di un\u2019iniziativa online che si differenzia dai consueti streaming, raggruppando almeno 27 sale cinematografiche (il numero potrebbe aumentare nei prossimi giorni) in un\u2019unica diretta su Facebook: grazie ad un coordinamento tra gli esercenti, i cinema aderenti propongono una maratona online, della durata di diverse ore, per raccontare il loro lavoro e presentare alcuni cortometraggi italiani ed europei, spesso accompagnati da ospiti. Ogni sala aderente \u201criaprir\u00e0\u201d senza la presenza fisica degli spettatori. Dalle 9.30 del mattino fino a sera, la maratona sar\u00e0 visibile in contemporanea sulla pagina Facebook Il cinema \u00e8 di chi lo guarda e su tutte le pagine delle sale e realt\u00e0 aderenti.<\/p>\n<blockquote><p><strong><em>DAL CINEMA ITALIA DI BELLUNO VERRA\u2019 PROIETTATO \u201cGABELLI: LA SCUOLA PIU\u2019 BELLA D\u2019ITALIA\u201d DEL REGISTA FRANCO FONTANA PRODOTTO DA BELLUNO CIAK<\/em><\/strong><\/p><\/blockquote>\n<p>&nbsp;<\/p>\n<p>&nbsp;<\/p>\n<hr \/>\n<p>&nbsp;<\/p>\n<blockquote>\n<h3>\u201cPARTIGIANI IN VAL BIOIS\u201d DI PELLEGRINON SUI RAPPORTI FRA CATTOLICI E COMUNISTI<\/h3>\n<\/blockquote>\n<p><strong>di\u00a0Renato\u00a0Bona\u00a0<\/strong><\/p>\n<p><strong>BELLUNO<\/strong> \u201cLa storiografia ufficiale sulla resistenza nella Valle del Biois fa risalire ai giorni immediatamente successivi all\u20198 settembre 1943 le prime iniziative volte ad organizzare i molti giovani militari che stavano ritornando alle loro case dopo aver abbandonato il proprio reparto\u201d. Lo scrive lo storico autore-editore Bepi Pellegrinon, di Falcade, in una manciata di pagine del quaderno \u201cPartigiani in Val Biois\u201d, sottotitolo: \u201cSulle tracce di \u2018Marco\u2019 fra cattolici comunisti ed Edgardo Sogno\u201d, che ha editato con la sua Nuovi Sentieri. impreziosendo la copertina con: \u201cMarco\u201d, tecnica mista di Franco Murer. E puntualizza: \u201cIn quel momento non emergeva ancora una precisa scelta \u2018di campo\u2019, ma si trattava di una condizione obbligata per sottrarsi alle truppe tedesche, dapprima per non correre il rischio di essere deportati, poi anche in attesa di comprendere meglio quali sarebbero stati gli sviluppi della situazione politica e militare creatasi dopo la caduta di Mussolini. Gli sbandati, abbandonati allo sbaraglio da una classe politico-militare vile, stanchi della guerra, erano comunque gi\u00e0 aperti ad un processo di revisione critica e di ribellione\u201d. Infatti l\u2019antifascismo covava sotto le ceneri: \u201cle ingloriose avventure sulle Alpi francesi, seguite dagli amari risultati ottenuti nelle aspre terre di Grecia e Russia, oltre che portato tanti lutti nella valle, avevano aperto definitivamente gli occhi sulla natura della guerra fascista, sulla criminalit\u00e0 mussoliniana e sulla innaturale alleanza con i tedeschi nazisti. Pellegrinon ricorda che \u201cCaviola era il centro di questo movimento. Gli operai, emigrando in Europa, erano venuti a contatto con mature esperienze delle ideologie socialiste, senza dimenticare la tradizione cooperativistica e di mutuo soccorso che localmente vantava una storia gloriosa. Infine, anche il clero da tempo aveva assunto posizioni di apertura sociale, anche se in contrapposizione al movimento socialista\u201d. E\u2019 in questo contesto &#8211; si pu\u00f2 leggere &#8211; che sorse per primo il plotone \u201cCime d\u2019Auta\u201d di cui facevano parte una quarantina di giovani in quattro squadre, al comando degli alpini Tranquillo Busin, Felice Ganz, Attilio Pellegrinon e Corrado de Zulian (reduce di Russia decorato al valor militare per un atto di valore sul fronte del Don). Ed \u00e8 in quell\u2019inizio dell\u2019autunno 1943 che nei rifugi e nelle baite sui monti della valle si riattavano al meglio le costruzioni, si nascondevano viveri, si preparava la legna da ardere e si fissavano i posti di comunicazione fra zone. E qui viene fuori la figura di Maurizio Cappellin (mestrino, 25 luglio 1918-12 febbraio 1979, laureato in medicina), nome di battaglia Marco, \u201ccon la sua incerta vicenda umana e patriottica\u201d. Cattolico militante, opera a Venezia nell\u2019inverno 1943-44 per organizzare il movimento partigiano ma il suo principale impegno \u00e8 volto a costituire le fila della Democrazia Cristiana\u201d. Non si sa quando \u2018scelga\u2019 o venga invitato in montagna perch\u00e9 sono poche le notizie di lui: pare che nella primavera del 1944 abbia brevemente fatto parte della Brigata \u2018Val Cordevole\u2019 operando sulle alture sovrastanti Carac\u00f2i. Ed \u00e8 a Falcade, nel maggio, dove il gruppo di militanti cattolici gi\u00e0 organizzato prende il nome di Partigiani Democratici e lui ne assume il comando. Il 17 luglio i Partigiani Democratici che dopo l\u2019unione col gruppo di Caviola raggiungono il comando delle Brigate Pisacane alla Forcella Pianezze ed assumono il nuovo nome di Battaglione Col di Lana: un episodio significativo e cruciale &#8211; scrive Bepi Pellegrinon \u2013 dato che \u201canzich\u00e9 rappresentare l\u2019unificazione sotto lo stesso comando di tutte le forze resistenti operanti nella Valle del Biois (secondo anche la volont\u00e0 di \u2018Marco\u2019 che non manifestava preclusioni politico-ideologiche), diventa insanabile la rottura fra i cattolici e le altre forze, comunisti in primis\u201d. Ed \u00e8 assodato che \u201cnel giro di pochi giorni, uno alla volta, i membri dei Partigiani Democratici, con astuzia e diplomazia, in disaccordo con le scelte di Marco che li ha \u2018traditi e immessi fra i partigiani comunisti\u2019, abbandonano la Forcella Pianezze e ritornano chi in montagna chi a casa a Falcade\u2026 nemmeno un intervento di Colleselli a Falcade, che ha un abboccamento coi bolognesi \u2018Nando\u2019e \u2018Gracco\u2019 riesce a rimuovere l\u2019ostilit\u00e0 manifestata\u201d e non produce risultati neppure una veloce sortita agli Zingari Alti &#8211; dove parte dei Partigiani Democratici si \u00e8 provvisoriamente rifugiata &#8211; da parte di Marco alla ricerca di chiarimenti e spiegazioni, anzi: il comandante veneziano viene dapprima accusato di tradimento, poi anche picchiato e minacciato di morte, tanto che deve allontanarsi precipitosamente. Il gruppo si scioglie, anche su consiglio di Arnaldo Colleselli che giudica insanabili i rapporti con le altre formazioni partigiane ma che tuttavia ha ben presente la necessit\u00e0 in questa fase storica, dell\u2019unit\u00e0 di tutte le forze che si oppongono al fascismo\u201d. Poi, la vicenda tragica della rappresaglia nazista che provoca la \u201cStrage della Valle del Biois\u201d con uccisioni e devastazioni dei paesi dati alle fiamme. I passaggi successivi della vicenda umana di \u201cMarco\u201d da quel momento cominciano a rarefarsi. Il 22 febbraio 1945 sposa a Milano la veneziana Mali Viti. Non \u00e8 ben chiaro perch\u00e9 in seguito il nostro ader\u00ec e combatt\u00e9 con la Brigata Franchi di Edgardo Sogno, uomo dei servizi segreti. E quindi Pellegrinon conclude con l\u2019interrogativo: \u201cQual\u2019\u00e8 il vero Cappellin: il cattolico Marco, il comandante del Col di Lana o il convinto seguace di Sogno?&#8230; Anche nell\u2019elenco dei partigiani veneziani che hanno militato nelle formazioni della resistenza bellunese, il suo nome non appare. Rimosso, dimenticato o cancellato?\u201d.<\/p>\n\n\t\t\t<style type='text\/css'>\n\t\t\t\t#gallery-4 {\n\t\t\t\t\tmargin: auto;\n\t\t\t\t}\n\t\t\t\t#gallery-4 .gallery-item {\n\t\t\t\t\tfloat: left;\n\t\t\t\t\tmargin-top: 10px;\n\t\t\t\t\ttext-align: center;\n\t\t\t\t\twidth: 20%;\n\t\t\t\t}\n\t\t\t\t#gallery-4 img {\n\t\t\t\t\tborder: 2px solid #cfcfcf;\n\t\t\t\t}\n\t\t\t\t#gallery-4 .gallery-caption {\n\t\t\t\t\tmargin-left: 0;\n\t\t\t\t}\n\t\t\t\t\/* see gallery_shortcode() in wp-includes\/media.php *\/\n\t\t\t<\/style>\n\t\t<div id='gallery-4' class='dt-gallery-container gallery galleryid-170447 gallery-columns-5 gallery-size-thumbnail'><dl class='gallery-item'>\n\t\t\t\t<dt class='gallery-icon portrait'>\n\t\t\t\t\t<a class=\"rollover rollover-zoom dt-pswp-item\" title=\"120146460_333641321192041_1615814282081764334_n\" data-dt-img-description=\"\" data-large_image_width=\"194\" data-large_image_height=\"259\"href='https:\/\/www.radiopiu.net\/wordpress\/wp-content\/uploads\/2020\/11\/120146460_333641321192041_1615814282081764334_n.jpg'><img loading=\"lazy\" decoding=\"async\" width=\"150\" height=\"150\" src=\"https:\/\/www.radiopiu.net\/wordpress\/wp-content\/uploads\/2020\/11\/120146460_333641321192041_1615814282081764334_n-150x150.jpg\" class=\"attachment-thumbnail size-thumbnail\" alt=\"\" \/><\/a>\n\t\t\t\t<\/dt><\/dl><dl class='gallery-item'>\n\t\t\t\t<dt class='gallery-icon portrait'>\n\t\t\t\t\t<a class=\"rollover rollover-zoom dt-pswp-item\" title=\"123806298_446893966297154_7051778971991488529_n\" data-dt-img-description=\"\" data-large_image_width=\"1049\" data-large_image_height=\"2048\"href='https:\/\/www.radiopiu.net\/wordpress\/wp-content\/uploads\/2020\/11\/123806298_446893966297154_7051778971991488529_n.jpg'><img loading=\"lazy\" decoding=\"async\" width=\"150\" height=\"150\" src=\"https:\/\/www.radiopiu.net\/wordpress\/wp-content\/uploads\/2020\/11\/123806298_446893966297154_7051778971991488529_n-150x150.jpg\" class=\"attachment-thumbnail size-thumbnail\" alt=\"\" \/><\/a>\n\t\t\t\t<\/dt><\/dl><dl class='gallery-item'>\n\t\t\t\t<dt class='gallery-icon portrait'>\n\t\t\t\t\t<a class=\"rollover rollover-zoom dt-pswp-item\" title=\"123769596_412383213487756_258301926524554937_n\" data-dt-img-description=\"\" data-large_image_width=\"1315\" data-large_image_height=\"2048\"href='https:\/\/www.radiopiu.net\/wordpress\/wp-content\/uploads\/2020\/11\/123769596_412383213487756_258301926524554937_n.jpg'><img loading=\"lazy\" decoding=\"async\" width=\"150\" height=\"150\" src=\"https:\/\/www.radiopiu.net\/wordpress\/wp-content\/uploads\/2020\/11\/123769596_412383213487756_258301926524554937_n-150x150.jpg\" class=\"attachment-thumbnail size-thumbnail\" alt=\"\" \/><\/a>\n\t\t\t\t<\/dt><\/dl><dl class='gallery-item'>\n\t\t\t\t<dt class='gallery-icon landscape'>\n\t\t\t\t\t<a class=\"rollover rollover-zoom dt-pswp-item\" title=\"123702211_1971297896340749_7108863726894812263_n\" data-dt-img-description=\"\" data-large_image_width=\"2048\" data-large_image_height=\"1309\"href='https:\/\/www.radiopiu.net\/wordpress\/wp-content\/uploads\/2020\/11\/123702211_1971297896340749_7108863726894812263_n.jpg'><img loading=\"lazy\" decoding=\"async\" width=\"150\" height=\"150\" src=\"https:\/\/www.radiopiu.net\/wordpress\/wp-content\/uploads\/2020\/11\/123702211_1971297896340749_7108863726894812263_n-150x150.jpg\" class=\"attachment-thumbnail size-thumbnail\" alt=\"\" \/><\/a>\n\t\t\t\t<\/dt><\/dl><dl class='gallery-item'>\n\t\t\t\t<dt class='gallery-icon landscape'>\n\t\t\t\t\t<a class=\"rollover rollover-zoom dt-pswp-item\" title=\"123791546_373172290593033_3113190983392468506_n\" data-dt-img-description=\"\" data-large_image_width=\"2048\" data-large_image_height=\"1709\"href='https:\/\/www.radiopiu.net\/wordpress\/wp-content\/uploads\/2020\/11\/123791546_373172290593033_3113190983392468506_n.jpg'><img loading=\"lazy\" decoding=\"async\" width=\"150\" height=\"150\" src=\"https:\/\/www.radiopiu.net\/wordpress\/wp-content\/uploads\/2020\/11\/123791546_373172290593033_3113190983392468506_n-150x150.jpg\" class=\"attachment-thumbnail size-thumbnail\" alt=\"\" \/><\/a>\n\t\t\t\t<\/dt><\/dl><br style=\"clear: both\" \/><dl class='gallery-item'>\n\t\t\t\t<dt class='gallery-icon portrait'>\n\t\t\t\t\t<a class=\"rollover rollover-zoom dt-pswp-item\" title=\"123850758_674262423498670_2751053766740944074_n\" data-dt-img-description=\"\" data-large_image_width=\"1684\" data-large_image_height=\"2048\"href='https:\/\/www.radiopiu.net\/wordpress\/wp-content\/uploads\/2020\/11\/123850758_674262423498670_2751053766740944074_n.jpg'><img loading=\"lazy\" decoding=\"async\" width=\"150\" height=\"150\" src=\"https:\/\/www.radiopiu.net\/wordpress\/wp-content\/uploads\/2020\/11\/123850758_674262423498670_2751053766740944074_n-150x150.jpg\" class=\"attachment-thumbnail size-thumbnail\" alt=\"\" \/><\/a>\n\t\t\t\t<\/dt><\/dl><dl class='gallery-item'>\n\t\t\t\t<dt class='gallery-icon landscape'>\n\t\t\t\t\t<a class=\"rollover rollover-zoom dt-pswp-item\" title=\"123910950_1349032098810518_6750087762964794507_n\" data-dt-img-description=\"\" data-large_image_width=\"2048\" data-large_image_height=\"1343\"href='https:\/\/www.radiopiu.net\/wordpress\/wp-content\/uploads\/2020\/11\/123910950_1349032098810518_6750087762964794507_n.jpg'><img loading=\"lazy\" decoding=\"async\" width=\"150\" height=\"150\" src=\"https:\/\/www.radiopiu.net\/wordpress\/wp-content\/uploads\/2020\/11\/123910950_1349032098810518_6750087762964794507_n-150x150.jpg\" class=\"attachment-thumbnail size-thumbnail\" alt=\"\" \/><\/a>\n\t\t\t\t<\/dt><\/dl><dl class='gallery-item'>\n\t\t\t\t<dt class='gallery-icon portrait'>\n\t\t\t\t\t<a class=\"rollover rollover-zoom dt-pswp-item\" title=\"123794763_397892784716972_2423857458253435606_n\" data-dt-img-description=\"\" data-large_image_width=\"1088\" data-large_image_height=\"2048\"href='https:\/\/www.radiopiu.net\/wordpress\/wp-content\/uploads\/2020\/11\/123794763_397892784716972_2423857458253435606_n.jpg'><img loading=\"lazy\" decoding=\"async\" width=\"150\" height=\"150\" src=\"https:\/\/www.radiopiu.net\/wordpress\/wp-content\/uploads\/2020\/11\/123794763_397892784716972_2423857458253435606_n-150x150.jpg\" class=\"attachment-thumbnail size-thumbnail\" alt=\"\" \/><\/a>\n\t\t\t\t<\/dt><\/dl><dl class='gallery-item'>\n\t\t\t\t<dt class='gallery-icon landscape'>\n\t\t\t\t\t<a class=\"rollover rollover-zoom dt-pswp-item\" title=\"123741463_688617081792196_3530740073298246898_n\" data-dt-img-description=\"\" data-large_image_width=\"2048\" data-large_image_height=\"1242\"href='https:\/\/www.radiopiu.net\/wordpress\/wp-content\/uploads\/2020\/11\/123741463_688617081792196_3530740073298246898_n.jpg'><img loading=\"lazy\" decoding=\"async\" width=\"150\" height=\"150\" src=\"https:\/\/www.radiopiu.net\/wordpress\/wp-content\/uploads\/2020\/11\/123741463_688617081792196_3530740073298246898_n-150x150.jpg\" class=\"attachment-thumbnail size-thumbnail\" alt=\"\" \/><\/a>\n\t\t\t\t<\/dt><\/dl>\n\t\t\t\t<br style='clear: both' \/>\n\t\t\t<\/div>\n\n<p>NELLE FOTO (riproduzioni dalla pubblicazione \u201cPartigiani in Val Biois\u201d): l\u2019autore, Bepi Pellegrinon; la copertina della pubblicazione; la carta d\u2019identit\u00e0 falsa di Maurizio Cappellin \u201cMarco\u201d intestata a Maurizio Frigerio; scritta murale fascista sulle elementari di Falcade con correzione antifascista, nel disegno di Ernesto Fol (sindaco di Falcade dal 1945 al 1951, scomparso nel 2000, fervente cattolico e da giovane seminarista); la tessera di riconoscimento rilasciata da \u201cL\u2019Avvenire d\u2019Italia\u201d al corrispondente Ernesto Fol, firmata da Raimondo Mazzini con la data 8 settembre 1943; i commilitoni del battaglione Belluno Giovanni Busin ed Emilio Piccolin onorano il caduto don Giovanni Uccel, cappellano militare a Digne, Francia, i primi di settembre 1943: l\u2019ex parroco di Falcade era stato anche arrestato, liberato anche per intervento del vescovo Giosu\u00e8 Cattarossi e poi costretto a lasciare i conterranei a causa del suo coraggio e militanza antifascista che \u201csuscitano ancor oggi rispetto e buon ricordo\u201d; il rifugio Rosetta incendiato dai tedeschi nel 1943 (archivio Angelo Orsingher); il partigiano Domenico Costa \u201cBarbaelettrica\u201d di Avoscan di San Tomaso che il 28 luglio 1944 fu determinante con la sua mitragliatrice per trarre dall\u2019impiccio i compagni che avevano teso un agguato ai tedeschi al Rifugio Rosetta; Caviola bruciata dai nazisti nell\u2019estate 1944.<\/p>\n<p>&nbsp;<\/p>\n<p>&nbsp;<\/p>\n<hr \/>\n<h2><\/h2>\n<h2><span style=\"color: #ff0000;\">IERI ALLA RADIO<\/span><\/h2>\n<blockquote>\n<h2>POLIAMBULATORIO AGORDINO &#8211; LAURA DIA PRA&#8217;, LA PSICOLOGA<\/h2>\n<\/blockquote>\n<p><a class=\"dt-pswp-item\" href=\"https:\/\/www.radiopiu.net\/wordpress\/wp-content\/uploads\/2020\/05\/poliambulatorio.png\" data-dt-img-description=\"\" data-large_image_width=\"1830\" data-large_image_height=\"1274\"><img loading=\"lazy\" decoding=\"async\" class=\" wp-image-141183 alignleft\" src=\"https:\/\/www.radiopiu.net\/wordpress\/wp-content\/uploads\/2020\/05\/poliambulatorio-300x209.png\" alt=\"\" width=\"156\" height=\"109\" srcset=\"https:\/\/www.radiopiu.net\/wordpress\/wp-content\/uploads\/2020\/05\/poliambulatorio-300x209.png 300w, https:\/\/www.radiopiu.net\/wordpress\/wp-content\/uploads\/2020\/05\/poliambulatorio-1024x713.png 1024w, https:\/\/www.radiopiu.net\/wordpress\/wp-content\/uploads\/2020\/05\/poliambulatorio-768x535.png 768w, https:\/\/www.radiopiu.net\/wordpress\/wp-content\/uploads\/2020\/05\/poliambulatorio-1536x1069.png 1536w, https:\/\/www.radiopiu.net\/wordpress\/wp-content\/uploads\/2020\/05\/poliambulatorio.png 1830w\" sizes=\"auto, (max-width: 156px) 100vw, 156px\" \/><\/a><\/p>\n<p>&nbsp;<\/p>\n<p><strong>di Claudio Fontanive\u00a0<\/strong><\/p>\n<audio class=\"wp-audio-shortcode\" id=\"audio-170447-8\" preload=\"none\" style=\"width: 100%;\" controls=\"controls\"><source type=\"audio\/mpeg\" src=\"https:\/\/www.radiopiu.net\/wordpress\/wp-content\/uploads\/2020\/11\/laura-dai-pra-poli.mp3?_=8\" \/><a href=\"https:\/\/www.radiopiu.net\/wordpress\/wp-content\/uploads\/2020\/11\/laura-dai-pra-poli.mp3\">https:\/\/www.radiopiu.net\/wordpress\/wp-content\/uploads\/2020\/11\/laura-dai-pra-poli.mp3<\/a><\/audio>\n<p>&nbsp;<\/p>\n<p>&nbsp;<\/p>\n<p>&nbsp;<\/p>\n<p>&nbsp;<\/p>\n<hr \/>\n<p>&nbsp;<\/p>\n<div class=\"im_message_wrap clearfix\">\n<div class=\"im_content_message_wrap im_message_out\">\n<h2><span style=\"color: #ff0000;\">IERI ALLA RADIO<\/span><\/h2>\n<p><strong>IL RITORNO DI IN VIVO VERSO, LA SESTA STAGIONE, SECONDA SETTIMANA DA UN&#8217;IDEA DI BRUNELLA MORO:\u00a0 <\/strong>Poeti nuovi, per In Vivo Verso, e poeti gi\u00e0 conosciuti e amati, da domani.. versi che toccano, che fanno bene al cuore. Soprattutto in questo momento in cui l&#8217; arte e le sue espressioni hanno le ali tarpate .. E allora benvenuti e ben rivisti, Bianca Soligo, Nicola Scodro, Cristina De Iasi,\u00a0 Daniele Sommariva e il meraviglioso video di Sara Casal<\/p>\n<p><strong><span style=\"color: #0000ff;\">IN ONDA DAL LUNEDI AL VENERDI ALLE 7.10, 10.10, 18.50\u00a0<\/span><\/strong><\/p>\n<\/div>\n<p>&nbsp;<\/p>\n<blockquote class=\"wp-embedded-content\" data-secret=\"XZx3zsmE5c\"><p><a href=\"https:\/\/www.radiopiu.net\/wordpress\/libera-di-cristina-de-iasi\/\">LIBERA di CRISTINA DE IASI<\/a><\/p><\/blockquote>\n<p><iframe loading=\"lazy\" class=\"wp-embedded-content\" sandbox=\"allow-scripts\" security=\"restricted\" style=\"position: absolute; clip: rect(1px, 1px, 1px, 1px);\" title=\"&#8220;LIBERA di CRISTINA DE IASI&#8221; &#8212; Radio Pi\u00f9\" src=\"https:\/\/www.radiopiu.net\/wordpress\/libera-di-cristina-de-iasi\/embed\/#?secret=XZx3zsmE5c\" data-secret=\"XZx3zsmE5c\" width=\"600\" height=\"338\" frameborder=\"0\" marginwidth=\"0\" marginheight=\"0\" scrolling=\"no\"><\/iframe><\/p>\n<\/div>\n<p>&nbsp;<\/p>\n<p><strong><span style=\"font-family: Verdana, sans-serif;\"><span style=\"font-size: medium;\">LA RACCOLTA COMPLETA, TUTTE LE COLLEZIONI<\/span><\/span><\/strong><\/p>\n<blockquote><p>&nbsp;<\/p><\/blockquote>\n<blockquote class=\"wp-embedded-content\" data-secret=\"kvVArRuYBP\"><p><a href=\"https:\/\/www.radiopiu.net\/wordpress\/in-vivo-verso\/\">In Vivo Verso<\/a><\/p><\/blockquote>\n<p><iframe loading=\"lazy\" class=\"wp-embedded-content\" sandbox=\"allow-scripts\" security=\"restricted\" style=\"position: absolute; clip: rect(1px, 1px, 1px, 1px);\" title=\"&#8220;In Vivo Verso&#8221; &#8212; Radio Pi\u00f9\" src=\"https:\/\/www.radiopiu.net\/wordpress\/in-vivo-verso\/embed\/#?secret=kvVArRuYBP\" data-secret=\"kvVArRuYBP\" width=\"600\" height=\"338\" frameborder=\"0\" marginwidth=\"0\" marginheight=\"0\" scrolling=\"no\"><\/iframe><\/p>\n<hr \/>\n<p>&nbsp;<\/p>\n<h2>LA RACCOLTA COMPLETA<\/h2>\n<blockquote class=\"wp-embedded-content\" data-secret=\"VZRGouQ8Yb\"><p><a href=\"https:\/\/www.radiopiu.net\/wordpress\/007incondotta-9\/\">007 in condotta<\/a><\/p><\/blockquote>\n<p><iframe loading=\"lazy\" class=\"wp-embedded-content\" sandbox=\"allow-scripts\" security=\"restricted\" style=\"position: absolute; clip: rect(1px, 1px, 1px, 1px);\" title=\"&#8220;007 in condotta&#8221; &#8212; Radio Pi\u00f9\" src=\"https:\/\/www.radiopiu.net\/wordpress\/007incondotta-9\/embed\/#?secret=VZRGouQ8Yb\" data-secret=\"VZRGouQ8Yb\" width=\"600\" height=\"338\" frameborder=\"0\" marginwidth=\"0\" marginheight=\"0\" scrolling=\"no\"><\/iframe><\/p>\n<p>&nbsp;<\/p>\n<hr \/>\n<p>&nbsp;<\/p>\n<h3>LA RACCOLTA COMPLETA<\/h3>\n<blockquote class=\"wp-embedded-content\" data-secret=\"BZxDZApvPH\"><p><a href=\"https:\/\/www.radiopiu.net\/wordpress\/saluteesocieta\/\">Salute e Societ\u00e0<\/a><\/p><\/blockquote>\n<p><iframe loading=\"lazy\" class=\"wp-embedded-content\" sandbox=\"allow-scripts\" security=\"restricted\" style=\"position: absolute; clip: rect(1px, 1px, 1px, 1px);\" title=\"&#8220;Salute e Societ\u00e0&#8221; &#8212; Radio Pi\u00f9\" src=\"https:\/\/www.radiopiu.net\/wordpress\/saluteesocieta\/embed\/#?secret=BZxDZApvPH\" data-secret=\"BZxDZApvPH\" width=\"600\" height=\"338\" frameborder=\"0\" marginwidth=\"0\" marginheight=\"0\" scrolling=\"no\"><\/iframe><\/p>\n<p>&nbsp;<\/p>\n<p>&nbsp;<\/p>\n<hr \/>\n<p>&nbsp;<\/p>\n<p><a class=\"dt-pswp-item\" href=\"https:\/\/www.radiopiu.net\/wordpress\/wp-content\/uploads\/2018\/09\/appuntamenti.jpeg\" data-dt-img-description=\"\" data-large_image_width=\"800\" data-large_image_height=\"100\"><img loading=\"lazy\" decoding=\"async\" class=\"aligncenter wp-image-61958 size-full\" src=\"https:\/\/www.radiopiu.net\/wordpress\/wp-content\/uploads\/2018\/09\/appuntamenti.jpeg\" alt=\"\" width=\"800\" height=\"100\" srcset=\"https:\/\/www.radiopiu.net\/wordpress\/wp-content\/uploads\/2018\/09\/appuntamenti.jpeg 800w, https:\/\/www.radiopiu.net\/wordpress\/wp-content\/uploads\/2018\/09\/appuntamenti-300x38.jpeg 300w, https:\/\/www.radiopiu.net\/wordpress\/wp-content\/uploads\/2018\/09\/appuntamenti-768x96.jpeg 768w\" sizes=\"auto, (max-width: 800px) 100vw, 800px\" \/><\/a><\/p>\n<p>&nbsp;<\/p>\n<blockquote>\n<h3>MOSTRA FOTOGRAFICA \u201cPENSARE IN BIANCO E NERO, VEDERE A COLORI\u201d<\/h3>\n<\/blockquote>\n<p><strong><a class=\"dt-pswp-item\" href=\"https:\/\/www.radiopiu.net\/wordpress\/wp-content\/uploads\/2020\/10\/irene-pampanin-e-paolo-mecca.jpg\" data-dt-img-description=\"\" data-large_image_width=\"750\" data-large_image_height=\"562\"><img loading=\"lazy\" decoding=\"async\" class=\" wp-image-169130 alignleft\" src=\"https:\/\/www.radiopiu.net\/wordpress\/wp-content\/uploads\/2020\/10\/irene-pampanin-e-paolo-mecca-300x225.jpg\" alt=\"\" width=\"220\" height=\"165\" srcset=\"https:\/\/www.radiopiu.net\/wordpress\/wp-content\/uploads\/2020\/10\/irene-pampanin-e-paolo-mecca-300x225.jpg 300w, https:\/\/www.radiopiu.net\/wordpress\/wp-content\/uploads\/2020\/10\/irene-pampanin-e-paolo-mecca.jpg 750w\" sizes=\"auto, (max-width: 220px) 100vw, 220px\" \/><\/a>PONTE NELLE ALPI<\/strong>\u00a0 Un percorso attraverso la visione fotografica: questa la mostra del Circolo Fotografico Bellunese \u201cMario De Biasi\u201d dal titolo \u201cPensare in bianco e nero, vedere a colori\u201d. L\u2019esposizione sar\u00e0 visibile fino al 14 novembre al bar pasticceria La Tour Eiffel di Ponte nelle Alpi durante gli orari di apertura del locale. In esposizione sono le foto di due soci del Circolo, Paolo Mecca di Agordo e Irene Pampanin di Selva di Cadore. Paolo Mecca propone una visione a colori, forti suggestioni in un luogo dove si compenetrano in maniera sempre diversa acqua e cielo, realt\u00e0 e fantasia; dove l\u2019uomo \u00e8 solo spettatore di fronte alla bellezza della natura. Irene Pampanin propone il bianco e nero, luoghi senza tempo in cui l\u2019apparente immobilit\u00e0 viene interrotta da elementi che ne suggeriscono una presenza: siano essi solo un\u2019ombra, una preghiera o una poesia.<\/p>\n<p>&nbsp;<\/p>\n<div class=\"mw-parser-output\">\n<p>&nbsp;<\/p>\n<\/div>\n<p>&nbsp;<\/p>\n<hr \/>\n<p>&nbsp;<\/p>\n<h2><span style=\"color: #808000;\">DUE MINUTI UN LIBRO\u00a0\u00a0<\/span><\/h2>\n<blockquote class=\"wp-embedded-content\" data-secret=\"aWjwzpHCCL\"><p><a href=\"https:\/\/www.radiopiu.net\/wordpress\/mentre-la-vita-corre\/\">MENTRE LA VITA CORRE<\/a><\/p><\/blockquote>\n<p><iframe loading=\"lazy\" class=\"wp-embedded-content\" sandbox=\"allow-scripts\" security=\"restricted\" style=\"position: absolute; clip: rect(1px, 1px, 1px, 1px);\" title=\"&#8220;MENTRE LA VITA CORRE&#8221; &#8212; Radio Pi\u00f9\" src=\"https:\/\/www.radiopiu.net\/wordpress\/mentre-la-vita-corre\/embed\/#?secret=aWjwzpHCCL\" data-secret=\"aWjwzpHCCL\" width=\"600\" height=\"338\" frameborder=\"0\" marginwidth=\"0\" marginheight=\"0\" scrolling=\"no\"><\/iframe><\/p>\n<p>&nbsp;<\/p>\n<h2>LA RACCOLTA COMPLETA<\/h2>\n<p>&nbsp;<\/p>\n<blockquote class=\"wp-embedded-content\" data-secret=\"o0PkC6kiXi\"><p><a href=\"https:\/\/www.radiopiu.net\/wordpress\/due-minuti-un-libro\/\">Due minuti un libro<\/a><\/p><\/blockquote>\n<p><iframe loading=\"lazy\" class=\"wp-embedded-content\" sandbox=\"allow-scripts\" security=\"restricted\" style=\"position: absolute; clip: rect(1px, 1px, 1px, 1px);\" title=\"&#8220;Due minuti un libro&#8221; &#8212; Radio Pi\u00f9\" src=\"https:\/\/www.radiopiu.net\/wordpress\/due-minuti-un-libro\/embed\/#?secret=o0PkC6kiXi\" data-secret=\"o0PkC6kiXi\" width=\"600\" height=\"338\" frameborder=\"0\" marginwidth=\"0\" marginheight=\"0\" scrolling=\"no\"><\/iframe><\/p>\n<p>&nbsp;<\/p>\n<div>\n<p>&nbsp;<\/p>\n<hr \/>\n<p>&nbsp;<\/p>\n<div>\n<h2><span style=\"color: #33cccc;\">I RACCONTI DI PAOLO SOPPELSA il lunedi alle 9.30 e 18.30<\/span><\/h2>\n<h2><span style=\"color: #33cccc;\"><strong>LA RACCOLTA COMPLETA<\/strong><\/span><\/h2>\n<blockquote class=\"wp-embedded-content\" data-secret=\"NjXfzlqhHV\"><p><a href=\"https:\/\/www.radiopiu.net\/wordpress\/i-racconti-di-paolo-soppelsa\/\">I racconti di Paolo Soppelsa<\/a><\/p><\/blockquote>\n<p><iframe loading=\"lazy\" class=\"wp-embedded-content\" sandbox=\"allow-scripts\" security=\"restricted\" style=\"position: absolute; clip: rect(1px, 1px, 1px, 1px);\" title=\"&#8220;I racconti di Paolo Soppelsa&#8221; &#8212; Radio Pi\u00f9\" src=\"https:\/\/www.radiopiu.net\/wordpress\/i-racconti-di-paolo-soppelsa\/embed\/#?secret=NjXfzlqhHV\" data-secret=\"NjXfzlqhHV\" width=\"600\" height=\"338\" frameborder=\"0\" marginwidth=\"0\" marginheight=\"0\" scrolling=\"no\"><\/iframe><\/p>\n<\/div>\n<p>&nbsp;<\/p>\n<hr \/>\n<p>&nbsp;<\/p>\n<h2><strong>LE\u00a0 PUNTATE di Luisa Alchini di Leggermente Bellunesi, la domenica alle 11, il martedi alle 10.30 e alle 19.00<\/strong><\/h2>\n<h1><span style=\"color: #000000;\">LA RACCOLTA COMPLETA<\/span><\/h1>\n<blockquote class=\"wp-embedded-content\" data-secret=\"dIkppputHY\"><p><a href=\"https:\/\/www.radiopiu.net\/wordpress\/leggermente-20\/\">LEGGERmente&#8230;Bellunesi<\/a><\/p><\/blockquote>\n<p><iframe loading=\"lazy\" class=\"wp-embedded-content\" sandbox=\"allow-scripts\" security=\"restricted\" style=\"position: absolute; clip: rect(1px, 1px, 1px, 1px);\" title=\"&#8220;LEGGERmente&#8230;Bellunesi&#8221; &#8212; Radio Pi\u00f9\" src=\"https:\/\/www.radiopiu.net\/wordpress\/leggermente-20\/embed\/#?secret=dIkppputHY\" data-secret=\"dIkppputHY\" width=\"600\" height=\"338\" frameborder=\"0\" marginwidth=\"0\" marginheight=\"0\" scrolling=\"no\"><\/iframe><\/p>\n<hr \/>\n<p>&nbsp;<\/p>\n<blockquote>\n<h3>L&#8217;ALMANACCO LADINO CON L&#8217;ISTITUT CESA DE JAN QUINDICINALE APPUNTAMENTO. LA DOMENICA ALLE 9 IL LUNEDI ALE 8.35 IL MARTEDI ALLE 12.35 IL MERCOLEDI ALLE 18.35. SECONDA STAGIONE.<\/h3>\n<\/blockquote>\n<blockquote class=\"wp-embedded-content\" data-secret=\"PpvVPOpsv9\"><p><a href=\"https:\/\/www.radiopiu.net\/wordpress\/almanacco-ladino\/\">Almanacco Ladino<\/a><\/p><\/blockquote>\n<p><iframe loading=\"lazy\" class=\"wp-embedded-content\" sandbox=\"allow-scripts\" security=\"restricted\" style=\"position: absolute; clip: rect(1px, 1px, 1px, 1px);\" title=\"&#8220;Almanacco Ladino&#8221; &#8212; Radio Pi\u00f9\" src=\"https:\/\/www.radiopiu.net\/wordpress\/almanacco-ladino\/embed\/#?secret=PpvVPOpsv9\" data-secret=\"PpvVPOpsv9\" width=\"600\" height=\"338\" frameborder=\"0\" marginwidth=\"0\" marginheight=\"0\" scrolling=\"no\"><\/iframe><\/p>\n<p>&nbsp;<\/p>\n<\/div>\n<hr \/>\n<div>\n<h2><span style=\"color: #000080;\"><a class=\"dt-pswp-item\" href=\"https:\/\/www.radiopiu.net\/wordpress\/wp-content\/uploads\/2020\/10\/pp.jpg\" data-dt-img-description=\"\" data-large_image_width=\"640\" data-large_image_height=\"640\"><img loading=\"lazy\" decoding=\"async\" class=\"wp-image-163678 alignleft\" src=\"https:\/\/www.radiopiu.net\/wordpress\/wp-content\/uploads\/2020\/10\/pp-300x300.jpg\" alt=\"\" width=\"106\" height=\"106\" srcset=\"https:\/\/www.radiopiu.net\/wordpress\/wp-content\/uploads\/2020\/10\/pp-300x300.jpg 300w, https:\/\/www.radiopiu.net\/wordpress\/wp-content\/uploads\/2020\/10\/pp-150x150.jpg 150w, https:\/\/www.radiopiu.net\/wordpress\/wp-content\/uploads\/2020\/10\/pp-125x125.jpg 125w, https:\/\/www.radiopiu.net\/wordpress\/wp-content\/uploads\/2020\/10\/pp-200x200.jpg 200w, https:\/\/www.radiopiu.net\/wordpress\/wp-content\/uploads\/2020\/10\/pp-80x80.jpg 80w, https:\/\/www.radiopiu.net\/wordpress\/wp-content\/uploads\/2020\/10\/pp-480x480.jpg 480w, https:\/\/www.radiopiu.net\/wordpress\/wp-content\/uploads\/2020\/10\/pp.jpg 640w\" sizes=\"auto, (max-width: 106px) 100vw, 106px\" \/><\/a> <\/span><\/h2>\n<h2><span style=\"color: #000080;\">DON CESARE, IL PENSIERO DEL GIORNO. ALLA RADIO ALLE 7 DEL MATTINO E ALLE 19.30 DELLA SERA.\u00a0\u00a0<\/span><\/h2>\n<\/div>\n<audio class=\"wp-audio-shortcode\" id=\"audio-170447-9\" preload=\"none\" style=\"width: 100%;\" controls=\"controls\"><source type=\"audio\/mpeg\" src=\"https:\/\/www.radiopiu.net\/wordpress\/wp-content\/uploads\/2020\/11\/cesare.mp3?_=9\" \/><a href=\"https:\/\/www.radiopiu.net\/wordpress\/wp-content\/uploads\/2020\/11\/cesare.mp3\">https:\/\/www.radiopiu.net\/wordpress\/wp-content\/uploads\/2020\/11\/cesare.mp3<\/a><\/audio>\n<p>&nbsp;<\/p>\n<hr \/>\n<p>&nbsp;<\/p>\n<div>\n<p><a class=\"dt-pswp-item\" href=\"https:\/\/www.radiopiu.net\/wordpress\/wp-content\/uploads\/2018\/09\/viabilita.jpeg\" data-dt-img-description=\"\" data-large_image_width=\"800\" data-large_image_height=\"100\"><img loading=\"lazy\" decoding=\"async\" class=\"aligncenter wp-image-61954 size-full\" src=\"https:\/\/www.radiopiu.net\/wordpress\/wp-content\/uploads\/2018\/09\/viabilita.jpeg\" alt=\"\" width=\"800\" height=\"100\" srcset=\"https:\/\/www.radiopiu.net\/wordpress\/wp-content\/uploads\/2018\/09\/viabilita.jpeg 800w, https:\/\/www.radiopiu.net\/wordpress\/wp-content\/uploads\/2018\/09\/viabilita-300x38.jpeg 300w, https:\/\/www.radiopiu.net\/wordpress\/wp-content\/uploads\/2018\/09\/viabilita-768x96.jpeg 768w\" sizes=\"auto, (max-width: 800px) 100vw, 800px\" \/><\/a><\/p>\n<\/div>\n<p><strong>SR 203 AGORDINA<\/strong> fino al 20 novembre, brevi interruzioni al traffico di massimo 15 minuti in localit\u00e0 Collaz di Livinallongo dalle 7:30 alle 17:30 per taglio ed esbosco alberi a monte della strada<\/p>\n<p><strong>SP 13 VAL VANES<\/strong> senso unico alternato regolato da semaforo o movieri in localit\u00e0 Al Cristo di Santa Giustina per posa fibre ottiche<\/p>\n<p><strong>SR 203 AGORDINA<\/strong>\u00a0fino al 30 novembre, compresi sabato e domenica, \u00a0senso unico alternato regolato da semaforo in localit\u00e0 Sopra Sac di Alleghe per allestimento opere di difesa valanghiva<\/p>\n<p><strong>SP\u00a0423 LAGO DI SANTA CROCE_POIATTE_ALPAGO <\/strong>Fino al 12 dicembre (esclusi festivi e prefestivi) senso unico alternato con movieri o semaforo per esecuzione paramassi a monte della strada<\/p>\n<p><strong>PROVINCIALE 24 VALPAROLA<\/strong> (LIVINALLONGO) fino \u00a0al 6 novembre senso unico alternato con semaforo<\/p>\n<p><strong>SR 473 DI CROCE D&#8217;AUNE\u00a0 <\/strong>fino \u00a0al 20 novembre, dalle 7:30 alle 17 esclusi sabati e domeniche, senso unico alternato regolato da semaforo in localit\u00e0 Croce D&#8217;Aune di Pedavena per ripristino impianto di illuminazione pubblica<\/p>\n<p><strong>SR 203 , localit\u00e0 VIGNOLE<\/strong>\u00a0 fino al 13 novembre senso unico dalle 7.30 alle 8.30 e dalle 16 alle 17 con moviere, dalle 8.30 alle 16 con semaforo<\/p>\n<p><strong>SR 50 SCALE DI PRIMOLANO<\/strong> dal 6 al 18 novembre, dalle 8 alle 12 e dalle 13 alle 18 esclusi sabato e domenica, senso unico alternato regolato da movieri per ripristino piano viabile su cavidotto e-distribuzione<\/p>\n<p><strong>SP 422 DELL&#8217;ALPAGO E DEL CANSIGLIO\u00a0<\/strong>fino al 30 novembre, esclusi sabato e domenica, senso unico alternato regolato da movieri tra Puos e Cornei per posa fibre ottiche<\/p>\n<p><strong>SR 48 DELLE DOLOMITI<\/strong>\u00a0fino al 30 novembre senso unico alternato regolato da impianto semaforico tra Arabba e Cernadoi per consolidamento ciglio stradale e sostituzione barriere di sicurezza<\/p>\n<p><strong>SR 48 DELLE DOLOMITI\u00a0<\/strong>tra i comuni di Livinallongo Del Col Di Lana e Cortina, senso unico alternato regolato da movieri fino\u00a0 al 20 novembre, sabato e domenica compresi, \u00a0per collegamento elettrodotto interrato e-distribuzione<\/p>\n<p><strong>PROVINCIALE 251\u00a0<\/strong> COLLE SANTA LUCIA Fino al 28 novembre senso unico (per asfaltature) compresi sabato e domenica (stessa situazione lungo la 203 agordina in localit\u00e0 Rucav\u00e0)<\/p>\n<p><strong>SP 12 PEDEMONTANA <\/strong>senso unico alternato regolato da impianto semaforico in localit\u00e0 Veses fino al 6 novembre, esclusi sabati e domeniche, per messa in sicurezza versante a monte della strada<\/p>\n<p><strong>SP 3 DELLA VAL IMPERINA<\/strong> fino a revoca, senso unico alternato regolato a vista in localit\u00e0 Gona di Conedera di Rivamonte per cedimento della carreggiata stradale<\/p>\n<p><strong>SR 48 DELLE DOLOMITI<\/strong> fino\u00a0 al 6 novembre (festivi e prefestivi inclusi) senso unico alternato in localit\u00e0 Brenta Comune di Livinallongo del Col di Lana.<\/p>\n<p><strong>SP 49 DI MISURINA <\/strong>fino al\u00a020 novembre, senso unico alternato regolato da impianto semaforico tra Misurina e il confine con la provincia di Bolzano per posa elettrodotto interrato<\/p>\n<p><strong>REGIONALE 203 AGORDINA<\/strong>\u00a0 Fino\u00a0 al 18 dicembre (esclusi festivi e prefestivi) senso unico alternato tra Peron e Candaten con movieri dalle 7.30 alle 9 e dalle 16.30 alle 18. Con semaforo negli altri orari<\/p>\n<p><strong>REGIONALE 203 AGORDINA<\/strong> Fino al 30 novembre (sabato e domenica esclusi) tra Candaten e La Stanga dalle 7.30 alle 9 e dalle 16.30 alle 18 con movieri e negli altri orari con semaforo, senso unico alternato.<\/p>\n<div>\n<p>&nbsp;<\/p>\n<hr \/>\n<p>&nbsp;<\/p>\n<p class=\"photoswipe-wrapper\"><a class=\"dt-pswp-item pspw-wrap-ready\" href=\"https:\/\/i0.wp.com\/www.radiopiu.net\/wordpress\/wp-content\/uploads\/2018\/09\/WhatsApp-Image-2018-09-20-at-16.04.06.jpeg?ssl=1\" data-dt-img-description=\"\" data-large_image_width=\"800\" data-large_image_height=\"100\"><img loading=\"lazy\" decoding=\"async\" class=\"aligncenter wp-image-61378 size-full jetpack-lazy-image jetpack-lazy-image--handled\" src=\"https:\/\/i0.wp.com\/www.radiopiu.net\/wordpress\/wp-content\/uploads\/2018\/09\/WhatsApp-Image-2018-09-20-at-16.04.06.jpeg?resize=800%2C100&amp;ssl=1\" sizes=\"auto, (max-width: 800px) 100vw, 800px\" srcset=\"https:\/\/i0.wp.com\/www.radiopiu.net\/wordpress\/wp-content\/uploads\/2018\/09\/WhatsApp-Image-2018-09-20-at-16.04.06.jpeg?w=800&amp;ssl=1 800w, https:\/\/i0.wp.com\/www.radiopiu.net\/wordpress\/wp-content\/uploads\/2018\/09\/WhatsApp-Image-2018-09-20-at-16.04.06.jpeg?resize=300%2C38&amp;ssl=1 300w, https:\/\/i0.wp.com\/www.radiopiu.net\/wordpress\/wp-content\/uploads\/2018\/09\/WhatsApp-Image-2018-09-20-at-16.04.06.jpeg?resize=768%2C96&amp;ssl=1 768w\" alt=\"\" width=\"800\" height=\"100\" data-lazy-loaded=\"1\" \/><\/a><\/p>\n<\/div>\n<p>&nbsp;<\/p>\n<p><center><b>Giovedi 5<\/b><\/center><b>Tempo atteso: <\/b>Tempo maggiormente soleggiato rispetto a mercoled\u00ec, anche se non sono esclusi residui ed irregolari annuvolamenti al mattino, ma su alcuni settori i rasserenamenti saranno gi\u00e0 prevalenti. Al pomeriggio ulteriore miglioramento con cielo sempre pi\u00f9 sereno ovunque. Sulle Prealpi minore insidia nebbie o nubi basse mattutine e qualora ci fossero, il loro dissolvimento sarebbe rapido. Atmosfera pi\u00f9 fresca all&#8217;alba e maggiore escursione termica diurna nei posti pi\u00f9 assolati.<br \/>\n<b>Precipitazioni: <\/b>Assenti (0%)<br \/>\n<b>Temperature: <\/b>Minime in generale lieve diminuzione; massime in calo in alta quota e nelle valli in ombra, mentre saranno pressoch\u00e9 stazionarie nelle valli pi\u00f9 assolate. Sono previste punte di 13\/14\u00b0C nei fondovalle prealpini e di 9\/12\u00b0C a 1000\/1200 m. Su Prealpi a 1500 m min 4\u00b0C max 7\u00b0C, a 2000 m min 2\u00b0C max 4\u00b0C. Su Dolomiti a 2000 m min 1\u00b0C max 5\u00b0C, a 3000 m min -3\u00b0C max -1\u00b0C.<br \/>\n<b>Venti: <\/b>Nelle valli generalmente deboli per brezze, localmente e a tratti moderati, in quota perlopi\u00f9 deboli e solo a tratti moderati dai quadranti settentrionali, a 5-10 km\/h a 2000 m e 10-15 km\/h a 3000 m.<\/p>\n<hr \/>\n<p><center><b>Venerdi 6<\/b><\/center><b>Tempo atteso: <\/b>Tempo ben soleggiato con cielo sereno, aria nitida e ottima visibilit\u00e0 su quasi tutta la montagna veneta, faranno eccezioni alcune conche prealpine e qualche settore sugli altopiani (Cansiglio e altopiano dei sette comuni) solitamente interessati da nebbie durante le ore pi\u00f9 fredde. Livelli termici pi\u00f9 bassi di notte, mentre una relativa mitezza torner\u00e0 in quota di giorno.<br \/>\n<b>Precipitazioni: <\/b>Assenti (0%).<br \/>\n<b>Temperature: <\/b>Minime in ulteriore generale calo con rischio brinate\/gelate fino in alcuni fondovalle prealpini; massime in leggera ripresa in quota e pressoch\u00e9 stazionarie nelle valli. Su Prealpi a 1500 m min 3\u00b0C max 8\u00b0C, a 2000 m min 1\u00b0C max 5\u00b0C. Su Dolomiti a 2000 m min 0\u00b0C max 6\u00b0C, a 3000 m min -4\u00b0C max 1\u00b0C.<br \/>\n<b>Venti: <\/b>Nelle valli generalmente deboli per brezze, localmente e a tratti moderati, in quota deboli dai quadranti orientali, a tratti moderati sulle cime pi\u00f9 alte al pomeriggio, a 5-10 km\/h a 2000 m e 10-15 km\/h a 3000 m.<\/p>\n<hr \/>\n<p><center><b>Sabato 7<\/b><\/center>Sulle Dolomiti e su gran parte delle Prealpi ben soleggiato con cielo terso, aria limpida e ottima visibilit\u00e0. Stessa situazione nei fondovalle prealpini e su alcuni settori degli altopiani, dopo dissolvimento delle nebbie notturne. Temperature in generale aumento, eccetto stazionariet\u00e0 o lieve calo delle minime nei fondovalle prealpini, dove ci sar\u00e0 una contenuta inversione termica notturna. Venti deboli dai quadranti meridionali in quota e brezze nelle valli.<\/p>\n<hr \/>\n<p><center><b>Domenica 8<\/b><\/center>Tempo ben soleggiato con cielo terso, aria limpida e ottima visibilit\u00e0. Stessa situazione nei fondovalle prealpini e nelle depressioni degli altopiani, dopo dissolvimento delle nebbie notturne. Non escluso qualche annuvolamento nel tardo pomeriggio\/sera. Temperature in generale lieve calo in quota e senza notevoli variazioni nelle valli. Venti deboli da sud sud-ovest in quota e brezze nelle valli. Previsore: R.L.Th.<\/p>\n<p>&nbsp;<\/p>\n<p>&nbsp;<\/p>\n<p>&nbsp;<\/p>\n<blockquote>\n<h3><\/h3>\n<\/blockquote>\n","protected":false},"excerpt":{"rendered":"<p>SITO INTERNET E TELEGRAM RADIO PIU IERI: PUBBLICATI 34 ARTICOLI, 91.082 VISUALIZZAZIONI. PER RICEVERE QUESTO NOTIZIARIO DIRETTAMENTE SUL TUO CELLULARE ISCRIVITI AL CANALE TELEGRAM \u201cRADIO PIU\u00a0 INFORMAZIONE&#8221; ATTENZIONE: LA NUOVA APP PER IOS-IPHONE https:\/\/apps.apple.com\/it\/app\/radio-pi%C3%B9-emittente-agordina\/id1515939845 ATTENZIONE: LA NUOVA APP RADIO\u00a0 PER ANDROID https:\/\/play.google.com\/store\/apps\/details?id=net.radiopiu.iniko\u00a0\u00a0 &nbsp; Fantastiche Dolomiti OGGI ALLE 10.30 E 1900 LA TERZA PUNTATA&#8230; ALLA RADIO,&hellip;<\/p>\n","protected":false},"author":4,"featured_media":170658,"comment_status":"closed","ping_status":"closed","sticky":false,"template":"","format":"standard","meta":{"_monsterinsights_skip_tracking":false,"_monsterinsights_sitenote_active":false,"_monsterinsights_sitenote_note":"","_monsterinsights_sitenote_category":0,"footnotes":""},"categories":[1,86],"tags":[],"class_list":["post-170447","post","type-post","status-publish","format-standard","has-post-thumbnail","hentry","category-senza-categoria","category-gr","category-1","category-86","description-off"],"img_url":"https:\/\/www.radiopiu.net\/wordpress\/wp-content\/uploads\/2020\/11\/1c268b9c-de53-475f-a063-43c495f960e3.jpg","_links":{"self":[{"href":"https:\/\/www.radiopiu.net\/wordpress\/wp-json\/wp\/v2\/posts\/170447","targetHints":{"allow":["GET"]}}],"collection":[{"href":"https:\/\/www.radiopiu.net\/wordpress\/wp-json\/wp\/v2\/posts"}],"about":[{"href":"https:\/\/www.radiopiu.net\/wordpress\/wp-json\/wp\/v2\/types\/post"}],"author":[{"embeddable":true,"href":"https:\/\/www.radiopiu.net\/wordpress\/wp-json\/wp\/v2\/users\/4"}],"replies":[{"embeddable":true,"href":"https:\/\/www.radiopiu.net\/wordpress\/wp-json\/wp\/v2\/comments?post=170447"}],"version-history":[{"count":0,"href":"https:\/\/www.radiopiu.net\/wordpress\/wp-json\/wp\/v2\/posts\/170447\/revisions"}],"wp:featuredmedia":[{"embeddable":true,"href":"https:\/\/www.radiopiu.net\/wordpress\/wp-json\/wp\/v2\/media\/170658"}],"wp:attachment":[{"href":"https:\/\/www.radiopiu.net\/wordpress\/wp-json\/wp\/v2\/media?parent=170447"}],"wp:term":[{"taxonomy":"category","embeddable":true,"href":"https:\/\/www.radiopiu.net\/wordpress\/wp-json\/wp\/v2\/categories?post=170447"},{"taxonomy":"post_tag","embeddable":true,"href":"https:\/\/www.radiopiu.net\/wordpress\/wp-json\/wp\/v2\/tags?post=170447"}],"curies":[{"name":"wp","href":"https:\/\/api.w.org\/{rel}","templated":true}]}}