{"id":170496,"date":"2020-11-04T10:50:04","date_gmt":"2020-11-04T09:50:04","guid":{"rendered":"https:\/\/www.radiopiu.net\/wordpress\/?p=170496"},"modified":"2020-11-04T10:50:04","modified_gmt":"2020-11-04T09:50:04","slug":"ultimora-se-il-veneto-finisce-in-zona-arancione-chiudono-bar-ristoranti-e-non-ci-si-muove-piu-dai-comuni","status":"publish","type":"post","link":"https:\/\/www.radiopiu.net\/wordpress\/ultimora-se-il-veneto-finisce-in-zona-arancione-chiudono-bar-ristoranti-e-non-ci-si-muove-piu-dai-comuni\/","title":{"rendered":"ultim&#8217;ora: SE IL VENETO FINISCE IN ZONA ARANCIONE CHIUDONO BAR, RISTORANTI E NON CI SI MUOVE PIU&#8217; DAI COMUNI"},"content":{"rendered":"<p><strong><img loading=\"lazy\" decoding=\"async\" class=\"alignleft\" src=\"https:\/\/www.radiopiu.net\/wordpress\/wp-content\/uploads\/2017\/04\/resized_Siccit%C3%A0_Bottacin_Pan.jpg\" width=\"217\" height=\"163\" \/>VENEZIA<\/strong> L&#8217;assessore Gianpaolo Bottacin oggi alle 15.10 su Radio Piu&#8217;, ecco l&#8217;anticipazione che \u00e8 attuale ma potrebbe non esserlo pi\u00f9 tra qualche ora. Di seguito la parte introduttive dell&#8217;intervista che sar\u00e0 trasmessa integralmente alle 15.10 dopo il bollettino meteorologico.<\/p>\n<blockquote>\n<h3>L&#8217;ASSESSORE GIANPAOLO BOTTACIN<\/h3>\n<\/blockquote>\n<audio class=\"wp-audio-shortcode\" id=\"audio-170496-1\" preload=\"none\" style=\"width: 100%;\" controls=\"controls\"><source type=\"audio\/mpeg\" src=\"https:\/\/www.radiopiu.net\/wordpress\/wp-content\/uploads\/2020\/11\/BOTTA-BREVE.mp3?_=1\" \/><a href=\"https:\/\/www.radiopiu.net\/wordpress\/wp-content\/uploads\/2020\/11\/BOTTA-BREVE.mp3\">https:\/\/www.radiopiu.net\/wordpress\/wp-content\/uploads\/2020\/11\/BOTTA-BREVE.mp3<\/a><\/audio>\n<p>&nbsp;<\/p>\n<p>&nbsp;<\/p>\n<p>&nbsp;<\/p>\n<p>&nbsp;<\/p>\n","protected":false},"excerpt":{"rendered":"<p>VENEZIA L&#8217;assessore Gianpaolo Bottacin oggi alle 15.10 su Radio Piu&#8217;, ecco l&#8217;anticipazione che \u00e8 attuale ma potrebbe non esserlo pi\u00f9 tra qualche ora. Di seguito la parte introduttive dell&#8217;intervista che sar\u00e0 trasmessa integralmente alle 15.10 dopo il bollettino meteorologico. L&#8217;ASSESSORE GIANPAOLO BOTTACIN &nbsp; &nbsp; &nbsp; &nbsp;<\/p>\n","protected":false},"author":1,"featured_media":0,"comment_status":"closed","ping_status":"closed","sticky":false,"template":"","format":"standard","meta":{"_monsterinsights_skip_tracking":false,"_monsterinsights_sitenote_active":false,"_monsterinsights_sitenote_note":"","_monsterinsights_sitenote_category":0,"footnotes":""},"categories":[51,49],"tags":[],"class_list":["post-170496","post","type-post","status-publish","format-standard","hentry","category-evidenza-top","category-news-18","category-51","category-49","description-off"],"img_url":false,"_links":{"self":[{"href":"https:\/\/www.radiopiu.net\/wordpress\/wp-json\/wp\/v2\/posts\/170496","targetHints":{"allow":["GET"]}}],"collection":[{"href":"https:\/\/www.radiopiu.net\/wordpress\/wp-json\/wp\/v2\/posts"}],"about":[{"href":"https:\/\/www.radiopiu.net\/wordpress\/wp-json\/wp\/v2\/types\/post"}],"author":[{"embeddable":true,"href":"https:\/\/www.radiopiu.net\/wordpress\/wp-json\/wp\/v2\/users\/1"}],"replies":[{"embeddable":true,"href":"https:\/\/www.radiopiu.net\/wordpress\/wp-json\/wp\/v2\/comments?post=170496"}],"version-history":[{"count":0,"href":"https:\/\/www.radiopiu.net\/wordpress\/wp-json\/wp\/v2\/posts\/170496\/revisions"}],"wp:attachment":[{"href":"https:\/\/www.radiopiu.net\/wordpress\/wp-json\/wp\/v2\/media?parent=170496"}],"wp:term":[{"taxonomy":"category","embeddable":true,"href":"https:\/\/www.radiopiu.net\/wordpress\/wp-json\/wp\/v2\/categories?post=170496"},{"taxonomy":"post_tag","embeddable":true,"href":"https:\/\/www.radiopiu.net\/wordpress\/wp-json\/wp\/v2\/tags?post=170496"}],"curies":[{"name":"wp","href":"https:\/\/api.w.org\/{rel}","templated":true}]}}