{"id":170499,"date":"2020-11-05T05:41:11","date_gmt":"2020-11-05T04:41:11","guid":{"rendered":"https:\/\/www.radiopiu.net\/wordpress\/?p=170499"},"modified":"2020-11-05T06:05:35","modified_gmt":"2020-11-05T05:05:35","slug":"gsp-fattura-da-rifare-con-un-sospiro-di-sollievo-di-barbara","status":"publish","type":"post","link":"https:\/\/www.radiopiu.net\/wordpress\/gsp-fattura-da-rifare-con-un-sospiro-di-sollievo-di-barbara\/","title":{"rendered":"GSP: FATTURA DA RIFARE CON UN SOSPIRO DI SOLLIEVO DI BARBARA"},"content":{"rendered":"<p><strong><a class=\"dt-pswp-item\" href=\"https:\/\/www.radiopiu.net\/wordpress\/wp-content\/uploads\/2020\/11\/contatore-acqua-bolletta-condominio-1200x818-1.jpg\" data-dt-img-description=\"\" data-large_image_width=\"1200\" data-large_image_height=\"818\"><img loading=\"lazy\" decoding=\"async\" class=\" wp-image-170500 alignleft\" src=\"https:\/\/www.radiopiu.net\/wordpress\/wp-content\/uploads\/2020\/11\/contatore-acqua-bolletta-condominio-1200x818-1-300x205.jpg\" alt=\"\" width=\"228\" height=\"156\" srcset=\"https:\/\/www.radiopiu.net\/wordpress\/wp-content\/uploads\/2020\/11\/contatore-acqua-bolletta-condominio-1200x818-1-300x205.jpg 300w, https:\/\/www.radiopiu.net\/wordpress\/wp-content\/uploads\/2020\/11\/contatore-acqua-bolletta-condominio-1200x818-1-1024x698.jpg 1024w, https:\/\/www.radiopiu.net\/wordpress\/wp-content\/uploads\/2020\/11\/contatore-acqua-bolletta-condominio-1200x818-1-768x524.jpg 768w, https:\/\/www.radiopiu.net\/wordpress\/wp-content\/uploads\/2020\/11\/contatore-acqua-bolletta-condominio-1200x818-1.jpg 1200w\" sizes=\"auto, (max-width: 228px) 100vw, 228px\" \/><\/a>AGORDO<\/strong> <em>&#8220;Meno male&#8221;<\/em> dice Barbara con un sospiro di sollievo. Meno male che era un errore e la bolletta per il consumo dell&#8217;acqua \u00e8 gi\u00e0 stata rettificata. Il problema era emerso lo scorso mese quando Barbara si era vista recapitare un salato conto, oltre i 1000 euro per un&#8217;utenza di uso civile-domestico come residente. I Servizi amministrativi-Gestione reclami hanno inoltrato una missiva che fa chiarezza: <em>&#8220;Facendo seguito alla sua mail del 9 ottobre con la quale ci chiedeva la verifica della lettura dei metri cubi, comunichiamo di aver accolto la\u00a0 richiesta, il 19 ottobre abbiamo rilevato le nuove letture considerando l&#8217;errata indicazione precedente, per questo sar\u00e0 emessa una nuova fattura (corretta ndr.) che sar\u00e0 prossimamente recapitata&#8221;.<\/em><\/p>\n<p>&nbsp;<\/p>\n<p><span style=\"color: #ff0000;\"><strong>ARTICOLO PRECEDENTE 9 OTTOBRE 2020<\/strong><\/span><\/p>\n<p><strong>AGORDO<\/strong>\u00a0 Quando Barbara si \u00e8 vista recapitare la bolletta del servizio idrico ha fatto un balzo sulla sedia&#8230;oltre 1000 euro da pagare entro il 9 novembre. Oltre 500 euro per l&#8217;acquedotto, 139 per la fognatura e 261 per la depurazione. Non male un consumo di 374 metri cubi per un&#8217;abitazione privata.<br \/>\n<em>&#8220;Evidentemente un errore &#8211; dice Barbara &#8211;\u00a0 oppure lo considero un regalo a GSP. Avrei consumato 374mc di acqua in 210 giorni, giuro che non ho una piscina, n\u00e8 all&#8217;aperto n\u00e8 all&#8217;esterno. Mia sorella si \u00e8 trovata in conto 120 euro di spurghi che in bollette precedenti non erano mai stati messi come riepilogo importi&#8221;. <\/em>La bolletta GSP riporta come periodo iniziale di lettura il 15 gennaio 2020, come finale il 4 agosto e somma 404 giorni che non sono i 210 del calendario.<\/p>\n<blockquote><p><strong><em>Il consumo medio di una famiglia media\u00a0italiana \u00e8 pari a circa\u00a0200 metri cubi all&#8217;anno. <\/em><\/strong>I \u00a0consumi di acqua dipendono dal comportamento degli utenti.<br \/>\nEcco quant&#8217;\u00e8 il consumo di acqua in una casa per: lavastoviglie: 18\/30 litri ogni lavaggio lavatrice: 60\/90 litri ogni lavaggio scarico del gabinetto a cassetta: 8 litri lavaggio denti con il rubinetto aperto: 30 litri radersi la barba con il rubinetto aperto: 70 litri farsi la doccia (10 minuti): 120 litri (fonte:\u00a0 luce-gas.it)<\/p><\/blockquote>\n","protected":false},"excerpt":{"rendered":"<p>AGORDO &#8220;Meno male&#8221; dice Barbara con un sospiro di sollievo. Meno male che era un errore e la bolletta per il consumo dell&#8217;acqua \u00e8 gi\u00e0 stata rettificata. Il problema era emerso lo scorso mese quando Barbara si era vista recapitare un salato conto, oltre i 1000 euro per un&#8217;utenza di uso civile-domestico come residente. I&hellip;<\/p>\n","protected":false},"author":4,"featured_media":170500,"comment_status":"closed","ping_status":"closed","sticky":false,"template":"","format":"standard","meta":{"_monsterinsights_skip_tracking":false,"_monsterinsights_sitenote_active":false,"_monsterinsights_sitenote_note":"","_monsterinsights_sitenote_category":0,"footnotes":""},"categories":[51,104,49],"tags":[],"class_list":["post-170499","post","type-post","status-publish","format-standard","has-post-thumbnail","hentry","category-evidenza-top","category-evidenza_3","category-news-18","category-51","category-104","category-49","description-off"],"img_url":"https:\/\/www.radiopiu.net\/wordpress\/wp-content\/uploads\/2020\/11\/contatore-acqua-bolletta-condominio-1200x818-1.jpg","_links":{"self":[{"href":"https:\/\/www.radiopiu.net\/wordpress\/wp-json\/wp\/v2\/posts\/170499","targetHints":{"allow":["GET"]}}],"collection":[{"href":"https:\/\/www.radiopiu.net\/wordpress\/wp-json\/wp\/v2\/posts"}],"about":[{"href":"https:\/\/www.radiopiu.net\/wordpress\/wp-json\/wp\/v2\/types\/post"}],"author":[{"embeddable":true,"href":"https:\/\/www.radiopiu.net\/wordpress\/wp-json\/wp\/v2\/users\/4"}],"replies":[{"embeddable":true,"href":"https:\/\/www.radiopiu.net\/wordpress\/wp-json\/wp\/v2\/comments?post=170499"}],"version-history":[{"count":0,"href":"https:\/\/www.radiopiu.net\/wordpress\/wp-json\/wp\/v2\/posts\/170499\/revisions"}],"wp:featuredmedia":[{"embeddable":true,"href":"https:\/\/www.radiopiu.net\/wordpress\/wp-json\/wp\/v2\/media\/170500"}],"wp:attachment":[{"href":"https:\/\/www.radiopiu.net\/wordpress\/wp-json\/wp\/v2\/media?parent=170499"}],"wp:term":[{"taxonomy":"category","embeddable":true,"href":"https:\/\/www.radiopiu.net\/wordpress\/wp-json\/wp\/v2\/categories?post=170499"},{"taxonomy":"post_tag","embeddable":true,"href":"https:\/\/www.radiopiu.net\/wordpress\/wp-json\/wp\/v2\/tags?post=170499"}],"curies":[{"name":"wp","href":"https:\/\/api.w.org\/{rel}","templated":true}]}}