{"id":170510,"date":"2020-11-04T11:52:17","date_gmt":"2020-11-04T10:52:17","guid":{"rendered":"https:\/\/www.radiopiu.net\/wordpress\/?p=170510"},"modified":"2020-11-04T11:52:17","modified_gmt":"2020-11-04T10:52:17","slug":"cinema-uniti-per-un-evento-on-line","status":"publish","type":"post","link":"https:\/\/www.radiopiu.net\/wordpress\/cinema-uniti-per-un-evento-on-line\/","title":{"rendered":"CINEMA UNITI PER UN EVENTO ON LINE"},"content":{"rendered":"<p><a class=\"dt-pswp-item\" href=\"https:\/\/www.radiopiu.net\/wordpress\/wp-content\/uploads\/2020\/11\/download-1.jpg\" data-dt-img-description=\"\" data-large_image_width=\"275\" data-large_image_height=\"183\"><img loading=\"lazy\" decoding=\"async\" class=\"size-full wp-image-170511 alignleft\" src=\"https:\/\/www.radiopiu.net\/wordpress\/wp-content\/uploads\/2020\/11\/download-1.jpg\" alt=\"\" width=\"275\" height=\"183\" \/><\/a><strong>BELLUNO<\/strong> Un gruppo di esercenti italiani invita gli spettatori e le spettatrici, amanti del cinema, alla<br \/>\nriapertura simbolica delle loro sale domenica 8 novembre.\u00a0 Si tratta di un\u2019iniziativa online che si differenzia dai consueti streaming, raggruppando almeno 27 sale cinematografiche (il numero potrebbe aumentare nei prossimi giorni) in un\u2019unica diretta su Facebook: grazie ad un coordinamento tra gli esercenti, i cinema aderenti propongono una maratona online, della durata di diverse ore, per raccontare il loro lavoro e presentare alcuni cortometraggi italiani ed europei, spesso accompagnati da ospiti. Ogni sala aderente \u201criaprir\u00e0\u201d senza la presenza fisica degli spettatori. Dalle 9.30 del mattino fino a sera, la maratona sar\u00e0 visibile in contemporanea sulla pagina Facebook Il cinema \u00e8 di chi lo guarda e su tutte le pagine delle sale e realt\u00e0 aderenti.<\/p>\n<blockquote><p><strong><em>DAL CINEMA ITALIA DI BELLUNO VERRA\u2019 PROIETTATO \u201cGABELLI: LA SCUOLA PIU\u2019 BELLA D\u2019ITALIA\u201d DEL REGISTA FRANCO FONTANA PRODOTTO DA BELLUNO CIAK<\/em><\/strong><\/p><\/blockquote>\n<p>INFO: www.cinemaitaliabelluno.it<\/p>\n","protected":false},"excerpt":{"rendered":"<p>BELLUNO Un gruppo di esercenti italiani invita gli spettatori e le spettatrici, amanti del cinema, alla riapertura simbolica delle loro sale domenica 8 novembre.\u00a0 Si tratta di un\u2019iniziativa online che si differenzia dai consueti streaming, raggruppando almeno 27 sale cinematografiche (il numero potrebbe aumentare nei prossimi giorni) in un\u2019unica diretta su Facebook: grazie ad un&hellip;<\/p>\n","protected":false},"author":4,"featured_media":170511,"comment_status":"closed","ping_status":"closed","sticky":false,"template":"","format":"standard","meta":{"_monsterinsights_skip_tracking":false,"_monsterinsights_sitenote_active":false,"_monsterinsights_sitenote_note":"","_monsterinsights_sitenote_category":0,"footnotes":""},"categories":[49],"tags":[],"class_list":["post-170510","post","type-post","status-publish","format-standard","has-post-thumbnail","hentry","category-news-18","category-49","description-off"],"img_url":"https:\/\/www.radiopiu.net\/wordpress\/wp-content\/uploads\/2020\/11\/download-1.jpg","_links":{"self":[{"href":"https:\/\/www.radiopiu.net\/wordpress\/wp-json\/wp\/v2\/posts\/170510","targetHints":{"allow":["GET"]}}],"collection":[{"href":"https:\/\/www.radiopiu.net\/wordpress\/wp-json\/wp\/v2\/posts"}],"about":[{"href":"https:\/\/www.radiopiu.net\/wordpress\/wp-json\/wp\/v2\/types\/post"}],"author":[{"embeddable":true,"href":"https:\/\/www.radiopiu.net\/wordpress\/wp-json\/wp\/v2\/users\/4"}],"replies":[{"embeddable":true,"href":"https:\/\/www.radiopiu.net\/wordpress\/wp-json\/wp\/v2\/comments?post=170510"}],"version-history":[{"count":0,"href":"https:\/\/www.radiopiu.net\/wordpress\/wp-json\/wp\/v2\/posts\/170510\/revisions"}],"wp:featuredmedia":[{"embeddable":true,"href":"https:\/\/www.radiopiu.net\/wordpress\/wp-json\/wp\/v2\/media\/170511"}],"wp:attachment":[{"href":"https:\/\/www.radiopiu.net\/wordpress\/wp-json\/wp\/v2\/media?parent=170510"}],"wp:term":[{"taxonomy":"category","embeddable":true,"href":"https:\/\/www.radiopiu.net\/wordpress\/wp-json\/wp\/v2\/categories?post=170510"},{"taxonomy":"post_tag","embeddable":true,"href":"https:\/\/www.radiopiu.net\/wordpress\/wp-json\/wp\/v2\/tags?post=170510"}],"curies":[{"name":"wp","href":"https:\/\/api.w.org\/{rel}","templated":true}]}}