{"id":170545,"date":"2020-11-04T14:32:11","date_gmt":"2020-11-04T13:32:11","guid":{"rendered":"https:\/\/www.radiopiu.net\/wordpress\/?p=170545"},"modified":"2020-11-04T14:32:11","modified_gmt":"2020-11-04T13:32:11","slug":"con-una-lettera-le-regioni-contestano-conte-speranza-e-boccia","status":"publish","type":"post","link":"https:\/\/www.radiopiu.net\/wordpress\/con-una-lettera-le-regioni-contestano-conte-speranza-e-boccia\/","title":{"rendered":"CON UNA LETTERA LE REGIONI CONTESTANO CONTE, SPERANZA E BOCCIA"},"content":{"rendered":"<p><a class=\"dt-pswp-item\" href=\"https:\/\/www.radiopiu.net\/wordpress\/wp-content\/uploads\/2020\/11\/download-2.jpg\" data-dt-img-description=\"\" data-large_image_width=\"296\" data-large_image_height=\"170\"><img loading=\"lazy\" decoding=\"async\" class=\" wp-image-170546 alignleft\" src=\"https:\/\/www.radiopiu.net\/wordpress\/wp-content\/uploads\/2020\/11\/download-2.jpg\" alt=\"\" width=\"254\" height=\"146\" \/><\/a> Stefano Bonaccini a nome delle Regioni ha scritto al Premier Conte ed ai sui Ministri in merito allo schema di decreto sulle misure urgenti per fronteggiare l&#8217;emergenza covid19. La conferenza delle\u00a0 Regioni \u00a0ribadiscono la richiesta di univoche misure nazionali ed, in via integrativa, provvedimenti pi\u00f9 restrittivi di livello regionale e locale. Destano forti perplessit\u00e0 e preoccupazione le disposizioni\u00a0 che comprimono ed esautorano il ruolo e i compiti delle Regioni e delle Province autonome, ponendo in capo al Governo ogni scelta e decisione sulla base delle valutazioni svolte dagli organismi tecnici. Viene chiesto a gran voce\u00a0 un contraddittorio per l\u2019esame dei dati con i dipartimenti di prevenzione dei servizi sanitari regionali prima della adozione degli elenchi delle regioni cio\u00e8 le famose fasce. Non appaiono, infatti, chiare le procedure individuate e le modalit\u00e0 con le quali sono definite le aree e i territori a pi\u00f9 alto livello di rischio e le modalit\u00e0 e le tempistiche con le quali viene declassificato il livello di rischio. A questo percorso di analisi dei dati, le singole Regioni e Province autonome devono poter partecipare, anche in considerazione della ricaduta delle misure sul rispettivo territorio. Deve essere peraltro reso noto \u00a0l\u2019ammontare delle risorse, unitamente a modalit\u00e0 e tempi di erogazione delle stesse, con le quali si procede al ristoro delle attivit\u00e0 economiche che hanno subito limitazioni, sospensioni e\/o chiusure. Con il medesimo provvedimento \u00e8 necessario introdurre meccanismi di sospensione dei tributi relativi agli anni fiscali 2020 e 2021 per le stesse attivit\u00e0 economiche per scongiurare un effetto depressivo e conseguenti problemi sociali, assicurando la contemporaneit\u00e0 delle misure di contenimento dell\u2019epidemia con quelle di sostegno alle categorie economiche e sociali colpite. E\u2019, inoltre, necessario prevedere misure normative e adeguate risorse finanziarie per riconoscere ed estendere i congedi parentali per tutti i lavoratori dipendenti, pubblici e privati.<\/p>\n<p>&nbsp;<\/p>\n","protected":false},"excerpt":{"rendered":"<p>Stefano Bonaccini a nome delle Regioni ha scritto al Premier Conte ed ai sui Ministri in merito allo schema di decreto sulle misure urgenti per fronteggiare l&#8217;emergenza covid19. La conferenza delle\u00a0 Regioni \u00a0ribadiscono la richiesta di univoche misure nazionali ed, in via integrativa, provvedimenti pi\u00f9 restrittivi di livello regionale e locale. Destano forti perplessit\u00e0 e&hellip;<\/p>\n","protected":false},"author":4,"featured_media":170546,"comment_status":"closed","ping_status":"closed","sticky":false,"template":"","format":"standard","meta":{"_monsterinsights_skip_tracking":false,"_monsterinsights_sitenote_active":false,"_monsterinsights_sitenote_note":"","_monsterinsights_sitenote_category":0,"footnotes":""},"categories":[49],"tags":[],"class_list":["post-170545","post","type-post","status-publish","format-standard","has-post-thumbnail","hentry","category-news-18","category-49","description-off"],"img_url":"https:\/\/www.radiopiu.net\/wordpress\/wp-content\/uploads\/2020\/11\/download-2.jpg","_links":{"self":[{"href":"https:\/\/www.radiopiu.net\/wordpress\/wp-json\/wp\/v2\/posts\/170545","targetHints":{"allow":["GET"]}}],"collection":[{"href":"https:\/\/www.radiopiu.net\/wordpress\/wp-json\/wp\/v2\/posts"}],"about":[{"href":"https:\/\/www.radiopiu.net\/wordpress\/wp-json\/wp\/v2\/types\/post"}],"author":[{"embeddable":true,"href":"https:\/\/www.radiopiu.net\/wordpress\/wp-json\/wp\/v2\/users\/4"}],"replies":[{"embeddable":true,"href":"https:\/\/www.radiopiu.net\/wordpress\/wp-json\/wp\/v2\/comments?post=170545"}],"version-history":[{"count":0,"href":"https:\/\/www.radiopiu.net\/wordpress\/wp-json\/wp\/v2\/posts\/170545\/revisions"}],"wp:featuredmedia":[{"embeddable":true,"href":"https:\/\/www.radiopiu.net\/wordpress\/wp-json\/wp\/v2\/media\/170546"}],"wp:attachment":[{"href":"https:\/\/www.radiopiu.net\/wordpress\/wp-json\/wp\/v2\/media?parent=170545"}],"wp:term":[{"taxonomy":"category","embeddable":true,"href":"https:\/\/www.radiopiu.net\/wordpress\/wp-json\/wp\/v2\/categories?post=170545"},{"taxonomy":"post_tag","embeddable":true,"href":"https:\/\/www.radiopiu.net\/wordpress\/wp-json\/wp\/v2\/tags?post=170545"}],"curies":[{"name":"wp","href":"https:\/\/api.w.org\/{rel}","templated":true}]}}