{"id":170560,"date":"2020-11-04T15:02:55","date_gmt":"2020-11-04T14:02:55","guid":{"rendered":"https:\/\/www.radiopiu.net\/wordpress\/?p=170560"},"modified":"2020-11-04T15:02:55","modified_gmt":"2020-11-04T14:02:55","slug":"dpcm-le-ultimissime-per-la-scuola-dal-ministro-lucia-azzolina","status":"publish","type":"post","link":"https:\/\/www.radiopiu.net\/wordpress\/dpcm-le-ultimissime-per-la-scuola-dal-ministro-lucia-azzolina\/","title":{"rendered":"DPCM, LE ULTIMISSIME PER LA SCUOLA DAL MINISTRO LUCIA AZZOLINA"},"content":{"rendered":"<p><span style=\"color: #008000;\">ZONE VERDI E ARANCIONI<\/span><\/p>\n<p>Didattica digitale al 100% solo per le superiori di secondo grado. I dirigenti scolastici organizzeranno la didattica in presenza per le attivit\u00e0 laboratoriali e per studenti con bisogno educativi.\u00a0 Scuole per l&#8217;infanzia e primarie ma anche secondarie di primo grado in presenza. Mascherina obbligatoria dai 6 anni in su, cos\u00ec il metro di distanza, eccetto per soggetti con patologie e disabilit\u00e0. Concorso scuola sospeso sar\u00e0 riprogrammato. Riunioni degli organi collegiali solo a distanza. Sospesi i viaggi di istruzione, gemellaggio, visite guidate e uscite didattiche eccetto percorsi competenze trasversali e orientamento. (PTCO)<\/p>\n<p><span style=\"color: #ff0000;\">IN PIU&#8217; NELLE ZONE ROSSE<\/span><\/p>\n<p>Didattica digitale anche al secondo e terzo anno della secondaria di primo grado. Attivit\u00e0 in presenza per laboratori o inclusione scolastica degli alunni con bisogno educativi speciali.<\/p>\n","protected":false},"excerpt":{"rendered":"<p>ZONE VERDI E ARANCIONI Didattica digitale al 100% solo per le superiori di secondo grado. I dirigenti scolastici organizzeranno la didattica in presenza per le attivit\u00e0 laboratoriali e per studenti con bisogno educativi.\u00a0 Scuole per l&#8217;infanzia e primarie ma anche secondarie di primo grado in presenza. Mascherina obbligatoria dai 6 anni in su, cos\u00ec il&hellip;<\/p>\n","protected":false},"author":4,"featured_media":160675,"comment_status":"closed","ping_status":"closed","sticky":false,"template":"","format":"standard","meta":{"_monsterinsights_skip_tracking":false,"_monsterinsights_sitenote_active":false,"_monsterinsights_sitenote_note":"","_monsterinsights_sitenote_category":0,"footnotes":""},"categories":[51,49],"tags":[],"class_list":["post-170560","post","type-post","status-publish","format-standard","has-post-thumbnail","hentry","category-evidenza-top","category-news-18","category-51","category-49","description-off"],"img_url":"https:\/\/www.radiopiu.net\/wordpress\/wp-content\/uploads\/2020\/09\/scuola-primaria-agordo-1.jpg","_links":{"self":[{"href":"https:\/\/www.radiopiu.net\/wordpress\/wp-json\/wp\/v2\/posts\/170560","targetHints":{"allow":["GET"]}}],"collection":[{"href":"https:\/\/www.radiopiu.net\/wordpress\/wp-json\/wp\/v2\/posts"}],"about":[{"href":"https:\/\/www.radiopiu.net\/wordpress\/wp-json\/wp\/v2\/types\/post"}],"author":[{"embeddable":true,"href":"https:\/\/www.radiopiu.net\/wordpress\/wp-json\/wp\/v2\/users\/4"}],"replies":[{"embeddable":true,"href":"https:\/\/www.radiopiu.net\/wordpress\/wp-json\/wp\/v2\/comments?post=170560"}],"version-history":[{"count":0,"href":"https:\/\/www.radiopiu.net\/wordpress\/wp-json\/wp\/v2\/posts\/170560\/revisions"}],"wp:featuredmedia":[{"embeddable":true,"href":"https:\/\/www.radiopiu.net\/wordpress\/wp-json\/wp\/v2\/media\/160675"}],"wp:attachment":[{"href":"https:\/\/www.radiopiu.net\/wordpress\/wp-json\/wp\/v2\/media?parent=170560"}],"wp:term":[{"taxonomy":"category","embeddable":true,"href":"https:\/\/www.radiopiu.net\/wordpress\/wp-json\/wp\/v2\/categories?post=170560"},{"taxonomy":"post_tag","embeddable":true,"href":"https:\/\/www.radiopiu.net\/wordpress\/wp-json\/wp\/v2\/tags?post=170560"}],"curies":[{"name":"wp","href":"https:\/\/api.w.org\/{rel}","templated":true}]}}