{"id":170638,"date":"2020-11-05T05:40:13","date_gmt":"2020-11-05T04:40:13","guid":{"rendered":"https:\/\/www.radiopiu.net\/wordpress\/?p=170638"},"modified":"2020-11-05T06:03:41","modified_gmt":"2020-11-05T05:03:41","slug":"covid-in-provincia-2-decessi-102-nuovi-positivi-e-78-persone-ricoverate-negli-ospedali-bellunesi","status":"publish","type":"post","link":"https:\/\/www.radiopiu.net\/wordpress\/covid-in-provincia-2-decessi-102-nuovi-positivi-e-78-persone-ricoverate-negli-ospedali-bellunesi\/","title":{"rendered":"COVID IN PROVINCIA: 2 DECESSI, 102 NUOVI POSITIVI E 78 PERSONE RICOVERATE NEGLI OSPEDALI BELLUNESI"},"content":{"rendered":"<p><strong>BELLUNO<\/strong> Due i decessi delle ultime ore in Ulss 1 dolomiti. una donna di 81 anni ricoverata all\u2019Ospedale di Comunit\u00e0 di Agordo e una donna ricoverata in Geriatria Covid a Belluno.<\/p>\n<p><a href=\"https:\/\/www.radiopiu.net\/wordpress\/covid-in-provincia-2-decessi-102-nuovi-positivi-e-78-persone-ricoverate-negli-ospedali-bellunesi\/schermata-2020-11-04-alle-18-49-46\/\" rel=\"attachment wp-att-170639\"><img loading=\"lazy\" decoding=\"async\" class=\"alignnone wp-image-170639 size-full\" src=\"https:\/\/www.radiopiu.net\/wordpress\/wp-content\/uploads\/2020\/11\/Schermata-2020-11-04-alle-18.49.46.png\" alt=\"\" width=\"1024\" height=\"452\" srcset=\"https:\/\/www.radiopiu.net\/wordpress\/wp-content\/uploads\/2020\/11\/Schermata-2020-11-04-alle-18.49.46.png 1024w, https:\/\/www.radiopiu.net\/wordpress\/wp-content\/uploads\/2020\/11\/Schermata-2020-11-04-alle-18.49.46-300x132.png 300w, https:\/\/www.radiopiu.net\/wordpress\/wp-content\/uploads\/2020\/11\/Schermata-2020-11-04-alle-18.49.46-768x339.png 768w\" sizes=\"auto, (max-width: 1024px) 100vw, 1024px\" \/><\/a><\/p>\n<p>&nbsp;<\/p>\n<p><a href=\"https:\/\/www.radiopiu.net\/wordpress\/covid-in-provincia-2-decessi-102-nuovi-positivi-e-78-persone-ricoverate-negli-ospedali-bellunesi\/schermata-2020-11-04-alle-18-50-05\/\" rel=\"attachment wp-att-170640\"><img loading=\"lazy\" decoding=\"async\" class=\"alignnone wp-image-170640 size-large\" src=\"https:\/\/www.radiopiu.net\/wordpress\/wp-content\/uploads\/2020\/11\/Schermata-2020-11-04-alle-18.50.05-1024x702.png\" alt=\"\" width=\"1024\" height=\"702\" srcset=\"https:\/\/www.radiopiu.net\/wordpress\/wp-content\/uploads\/2020\/11\/Schermata-2020-11-04-alle-18.50.05-1024x702.png 1024w, https:\/\/www.radiopiu.net\/wordpress\/wp-content\/uploads\/2020\/11\/Schermata-2020-11-04-alle-18.50.05-300x206.png 300w, https:\/\/www.radiopiu.net\/wordpress\/wp-content\/uploads\/2020\/11\/Schermata-2020-11-04-alle-18.50.05-768x527.png 768w, https:\/\/www.radiopiu.net\/wordpress\/wp-content\/uploads\/2020\/11\/Schermata-2020-11-04-alle-18.50.05.png 1502w\" sizes=\"auto, (max-width: 1024px) 100vw, 1024px\" \/><\/a><\/p>\n<p>&nbsp;<\/p>\n<p><strong>ASPETTI ORGANIZZATIVI<\/strong><\/p>\n<p><strong>Ospedale di Belluno\u00a0<\/strong>L\u2019Ulss di Treviso ha comunicato la sospensione temporanea della presenza degli specialisti\u00a0 neurochirurghi all\u2019ospedale di Belluno prevista dalla convenzione in essere, per ragioni legate all\u2019epidemia Covid che ha comportato carenze di personale in servizio . Sono pertanto temporaneamente sospesi i ricoveri di neurochirurgia all\u2019ospedale di Belluno. Eventuali urgenze neurochirurgiche saranno dirottate direttamente su Treviso. E\u2019 invece confermata l\u2019attivit\u00e0 ambulatoriale del marted\u00ec e del gioved\u00ec.<\/p>\n<p>&nbsp;<\/p>\n<p><strong>DIPARTIMENTO DI PREVENZIONE<\/strong><\/p>\n<p><strong>Offerta vaccinale\u00a0<\/strong>Il Dipartimento di Prevenzione sta riorganizzando l\u2019offerta vaccinale che rimane attiva come da disposizioni regionali per la sola fascia 0-6 anni, le vaccinazioni urgenti (antitetanica) e per le vaccinazioni correlate alla situazione epidemiologica attuale (ad esempio antinfluenzale e antipneumococcica).\u00a0Questa riorganizzazione comprende due principali\u00a0 aspetti: personale dedicato (considerato lo spostamento di risorse umane al tema tamponi e al <em>contact tracing<\/em>) e logistica (per esempio le vaccinazioni al San Martino saranno spostate in un prefabbricato ad hoc o, per i bambini pi\u00f9 grandi, in modalit\u00e0 drive-in)\u00a0Qualche leggero ritardo nella somministrazione dei vaccini specie per le dosi di richiamo non compromette assolutamente la validit\u00e0 del ciclo vaccinale e la risposta immunitaria. E\u2019 attiva per situazioni particolari e per informazioni la mail <a href=\"mailto:vaccinazioni.bl@aulss1.veneto.it\">vaccinazioni.bl@aulss1.veneto.it<\/a><\/p>\n<p><strong>Drive in tamponi di Feltre <\/strong>Allestite oggi a cura del 7\u00b0 Alpini le strutture mobili a supporto e a miglioramento del drive-in tamponi di Feltre (loc. Peschiera ex Marangoni). Queste strutture consentiranno fin da subito una situazione di confort per il personale addetto all\u2019attivit\u00e0. Il contingente militare, che sostituir\u00e0 in parte gli operatori dell\u2019Ulss, sar\u00e0 collocato a Feltre dalla prossima settimana e sar\u00e0 composto da un ufficiale medico, due sottoufficiali infermieri e due militari di supporto.<\/p>\n","protected":false},"excerpt":{"rendered":"<p>BELLUNO Due i decessi delle ultime ore in Ulss 1 dolomiti. una donna di 81 anni ricoverata all\u2019Ospedale di Comunit\u00e0 di Agordo e una donna ricoverata in Geriatria Covid a Belluno. &nbsp; &nbsp; ASPETTI ORGANIZZATIVI Ospedale di Belluno\u00a0L\u2019Ulss di Treviso ha comunicato la sospensione temporanea della presenza degli specialisti\u00a0 neurochirurghi all\u2019ospedale di Belluno prevista dalla&hellip;<\/p>\n","protected":false},"author":4,"featured_media":121260,"comment_status":"closed","ping_status":"closed","sticky":false,"template":"","format":"standard","meta":{"_monsterinsights_skip_tracking":false,"_monsterinsights_sitenote_active":false,"_monsterinsights_sitenote_note":"","_monsterinsights_sitenote_category":0,"footnotes":""},"categories":[51,49],"tags":[],"class_list":["post-170638","post","type-post","status-publish","format-standard","has-post-thumbnail","hentry","category-evidenza-top","category-news-18","category-51","category-49","description-off"],"img_url":"https:\/\/www.radiopiu.net\/wordpress\/wp-content\/uploads\/2020\/03\/covid-ulss.jpg","_links":{"self":[{"href":"https:\/\/www.radiopiu.net\/wordpress\/wp-json\/wp\/v2\/posts\/170638","targetHints":{"allow":["GET"]}}],"collection":[{"href":"https:\/\/www.radiopiu.net\/wordpress\/wp-json\/wp\/v2\/posts"}],"about":[{"href":"https:\/\/www.radiopiu.net\/wordpress\/wp-json\/wp\/v2\/types\/post"}],"author":[{"embeddable":true,"href":"https:\/\/www.radiopiu.net\/wordpress\/wp-json\/wp\/v2\/users\/4"}],"replies":[{"embeddable":true,"href":"https:\/\/www.radiopiu.net\/wordpress\/wp-json\/wp\/v2\/comments?post=170638"}],"version-history":[{"count":0,"href":"https:\/\/www.radiopiu.net\/wordpress\/wp-json\/wp\/v2\/posts\/170638\/revisions"}],"wp:featuredmedia":[{"embeddable":true,"href":"https:\/\/www.radiopiu.net\/wordpress\/wp-json\/wp\/v2\/media\/121260"}],"wp:attachment":[{"href":"https:\/\/www.radiopiu.net\/wordpress\/wp-json\/wp\/v2\/media?parent=170638"}],"wp:term":[{"taxonomy":"category","embeddable":true,"href":"https:\/\/www.radiopiu.net\/wordpress\/wp-json\/wp\/v2\/categories?post=170638"},{"taxonomy":"post_tag","embeddable":true,"href":"https:\/\/www.radiopiu.net\/wordpress\/wp-json\/wp\/v2\/tags?post=170638"}],"curies":[{"name":"wp","href":"https:\/\/api.w.org\/{rel}","templated":true}]}}