{"id":170814,"date":"2020-11-06T06:06:21","date_gmt":"2020-11-06T05:06:21","guid":{"rendered":"https:\/\/www.radiopiu.net\/wordpress\/?p=170814"},"modified":"2020-11-06T06:15:31","modified_gmt":"2020-11-06T05:15:31","slug":"dal-giallo-nord-est-parla-luca-zaia-a-poche-ore-dal-via-ai-divieti","status":"publish","type":"post","link":"https:\/\/www.radiopiu.net\/wordpress\/dal-giallo-nord-est-parla-luca-zaia-a-poche-ore-dal-via-ai-divieti\/","title":{"rendered":"DAL GIALLO NORD-EST PARLA LUCA ZAIA A POCHE ORE DAL VIA AI DIVIETI &#8220;IL GIALLO DURA POCO NEL SEMAFORO E POI ARRIVA IL ROSSO&#8221;"},"content":{"rendered":"<p><strong>VENEZIA<\/strong> Conferenza stampa del Presidente del Veneto Luca Zaia dalla sede della Protezione Civile di Marghera.<\/p>\n<p><strong>I NUMERI 2.397.655 TAMPONI, 68.795 POSITIVI (+3264), 40.719 ATTUALMENTE POSTIVI. 17.622 PERSONE IN ISOLAMENTO (-338), 1274 RICOVERATI (+81), 170 PERSONE IN TERAPIA INTENSIVA (+15), DECESSI 2516, DIMESSI 4982 (+52)<\/strong><\/p>\n<blockquote>\n<h2>LEGGI LA CONFERENZA STAMPA DI LUCA ZAIA<\/h2>\n<\/blockquote>\n<p><em>Diamoci una mano e diamo una mano agli operatori della sanit\u00e0, rispettiamo le regole ed evitiamo caos ed assembramenti di malati covid, ognuno che ne arriva toglie posti letto ad altri pazienti. Si passa da un&#8217;area all&#8217;altra con velocit\u00e0\u00a0 in\u00a0 15\u00a0 giorni pu\u00f2 cambiare tutto. <\/em>L&#8217;INVITO:\u00a0<em> non andate in Pronto Soccorso li ci si puo&#8217; infettare,\u00a0 ma mettetivi in \u00a0autoisolamento quando ci sono sintomi e si chiami il medico di base che\u00a0 per\u00a0 telefono d\u00e0 le prime indicazioni.<\/em><\/p>\n<p>Crescono i ricoveri, 81 persone in pi\u00f9 nelle ultime 24 ore e 15 in terapia intensiva. Stamane due video conferenze \u00a0con il Comitato di emergenza veneto, dobbiamo fare squadra. Nei Covid Center si va alla sospensione totale delle attivit\u00e0, eccetto oncologici e punti nascita.\u00a0 Sospesi i servizi ambulatoriali. La situazione \u00e8 di allerta, il modello matematico ci dice che a met\u00e0 novembre si raggiunge il picco. Il modello dice che si arrivi intorno alle 300 terapie intensive all&#8217;apice. Abbiamo circa 1000 terapie intensive allestite. L&#8217;area <span style=\"color: #ffcc00;\">GIALLA<\/span> che non \u00e8<span style=\"color: #339966;\"> VERDE<\/span> \u00e8 come il semaforo, dura poco e dopo il GIALLO c&#8217;\u00e8 il<span style=\"color: #ff0000;\"> ROSSO<\/span> quindi non c&#8217;\u00e8 da essere entusiasti oltre misura, i 21 parametri sono complicati,\u00a0 guardano\u00a0 anche a ricoveri e terapie intensive, quindi la risposta ospedaliera compete a noi istituzioni e operatori della sanit\u00e0. Ma ci sono anche i cittadini che \u00e8 una componente importante per passare da <span style=\"color: #ff9900;\">gialla<\/span> ad <span style=\"color: #ff6600;\">arancione<\/span> o <span style=\"color: #ff0000;\">rossa<\/span> ed \u00e8 rappresentata dal numero di contagi (Rt). La situazione \u00e8 di allerta critica, non\u00a0 conoscendo\u00a0 l&#8217;evoluzione, il modello matematico\u00a0 riporta l&#8217;apice a met\u00e0 novembre,\u00a0 che si arriver\u00e0 intorno alle 300 terapie intensive occupate su 1000 terapie intensive allestite. Richiamo\u00a0 i veneti al senso di responsabilit\u00e0. Dobbiamo usare ossessivamente le mascherine ed evitare gli assembramenti. La mia \u00e8 una preghiera ai veneti che sono sempre stati persone per bene, la stragrande maggioranza porta la mascherina, il richiamo \u00e8 per i pochi irriducibili che pensano sia un&#8217;invenzione, meglio farebbero a visitare le terapie intensive magari pure senza mascherine cos\u00ec provano il brivido. Torneranno i bei tempi degli spritz ma ora bisogna lavorare sodo. Mi rivolgo ai ragazzi soprattutto. Se tutti portassero la mascherina non saremo qui a parlare di aree colorate. Attenzione ai focolai fra parenti, domiciliari, sono tanti, ma evitate\u00a0 anche le cene fra amici e aziendali, anche i sanitari si sono infettati a delle cene tra colleghi. Evitiamo anche gli spostamenti. Faccio un appello ai ragazzi: quando vedete qualcuno senza mascherina pensate che vi sta portando in area rossa. <strong>IERI GIORNATA DI PASSIONE SEMBRAVANO NELL&#8217;ARANCIONE E POI E&#8217; ARRIVATO IL GIALLO, COSA E&#8217; SUCCESSO? <\/strong>Intanto \u00e8 vero che ci sono tre rappresentanti ed \u00e8 giusto che ogni Regione abbia un momento di confronto con i CTS per un contradittorio. Ieri ci sono state situazioni dove da Roma hanno utilizzato dati dal 18 al 25 ottobre e poi ci sono state a ragione delle rimostranze si valutano i dati freschi. Al Veneto \u00e8 stato chiesto il tempo di presa in carico dei pazienti, abbiamo segnalato pi\u00f9 che contestato l&#8217;aspetto che non viene contemplato, se il numero dei positivi pesa sulle valutazioni \u00e8 altrettanto vero che bisogna caricare i positivi non solo sui tamponi molecolari ma anche sui test rapidi, altrimenti i positivi dei rapidi vengono scaricati sui molecolari e abbiamo il palmares nazionale, noi facciamo tanti tamponi \u00e8 un fatto matematico non epidemilogico. Che il Veneto era in arancione? Era roba da social \u00e8 girato di tutto una montagna di &#8220;puttanate&#8221; noi eravamo sicuri dei dati che avevamo, la situazione sanitaria \u00e8 sotto controllo, facciamo tanto testing e questo incide sull&#8217; Rt se non cerchi i positivi non li trovi. La virtuosit\u00e0 penalizza, ma non \u00e8 virtuosit\u00e0 \u00e8 comportarsi bene. Nessun retroscena sulla giornata di ieri e nessun accordo. <strong>LE REGIONI POSSONO FARE ORDINANZE RESTRITTIVE E STABILIRE ZONE ROSSE, DOVE C&#8217;E&#8217; IL RISCHIO?<\/strong> Si si possono fare azioni restrittive se ci saranno le necessit\u00e0 di micro lockdown come per il Comelico lo faremo. Non siamo sceriffi ma faremo il percorso con i cittadini. <strong>CHI CERTIFICA I DATI CHE SONO FONDAMENTALI?<\/strong> I dati regionali li certifica il dipartimento di Protezione <strong>ALTO ADIGE DA ZONA ROSSA A ZONA GIALLA<\/strong> Non lo so dire il perch\u00e9, davanti a scelte cos\u00ec importanti il contradittorio diventa importante, non con il Governatore ma con il dipartimento della Regione, tra esperti.<strong> INDISCREZIONI CHE CAMBIA ZONA ANCHE GIA&#8217; OGGI?<\/strong> Noi ci affidiamo a comunicati ufficiali non articoli di stampa, oggi la situazione ospedaliera \u00e8 in tensione ma sotto controllo. <strong>TRACCIAMENTO CONTATTI COME VA CON I VETERINARI CHE DICONO CHE NON POSSONO METTERE LE MANI SUGLI UMANI, PERCHE&#8217; NO I DENTISTI?<\/strong> Si sta ragionando di fare corso veloci per mettere in condizione anche gli Oss di fare tamponi. Noi il tavolo con i veterinari lo apriamo e non mi risulta che tutti abbiamo sollevato problemi. Coinvolgeremo farmacisti e dentisti. . Abbiamo medici in pensione che ci hanno chiamati dicendoci che sono a disposizione per andare a fare tamponi. Se il problema \u00e8 la formazione non si preoccupino, ci pensiamo noi. A marzo con i veterinari c&#8217;era lo stesso problema con i respiratori veterinari. <strong>FORMAZIONE PROFESSIONALE CHE HA COMPETENZA REGIONALE PUO&#8217; FARE QUALCHE COSA? <\/strong>E&#8217; un tema che stiamo affrontando, dipende dal DPCM, speriamo di trovare una soluzione. <strong>AMBULANTI DEL FINE SETTIMANA?<\/strong> I mercati sono aperti, sono chiusi i centri commerciali.<strong>TRASPORTI AL 50% COME VENGONO STABILITI?<\/strong> Devono essere dimensionati affinche&#8217; il pendolare non sia in difficolt\u00e0 al momento non ci sono problemi, tornando a regime (scuole ad esempio e smart working) il problema sar\u00e0 notevole. <strong>SINDACATO VIGILI DEL FUOCO DICONO CHE DEVONO PAGARSI IL TAMPONE<\/strong> Dipende dal Ministero dell&#8217;interno non certo da noi. Non possiamo garantire tamponi per delle Forze a scapito di altri, ma non possiamo decidere noi. E&#8217; importante il lavoro dei vigili del fuoco, ma anche della commessa del supermercato, tutti sono in ansia. Hanno ragione di porre la questione ma il loro interlocutore \u00e8 il ministero.<\/p>\n<h2>ASSESSORE BOTTACIN<\/h2>\n<p><strong>ALGORITMO<\/strong> Confermo il confronto con le curve di oggi e quelle della scorsa primavera. Sostanzialmente il discorso \u00e8 simile, le curve sono pi\u00f9 basse rispetto a marzo. Il rapporto con i degenti in area non critica \u00e8 cambiato ce ne sono di pi\u00f9 rispetto alle terapie intensive. Siamo quindi concentrati sui posti letto delle terapie non intensive. Durante il lock down abbiamo constatato una diminuzione delle terapie intensive non covid, ma perche&#8217; la gente non si muoveva e non c&#8217;erano incidenti stradali e non lavoravano e non c&#8217;erano incidenti sul lavoro per questo\u00a0\u00a0dobbiamo avere un margine di posti piuttosto largo <strong>OSPEDALI<\/strong>\u00a0 Durante la fase primaverile abbiamo fatto un piano di sanit\u00e0 pubblica che prevedeva la destinazione di alcuni posti letto a pazienti covid e abbiamo individuato gli ospedali covid (10-11),\u00a0 in base alla fasce di criticit\u00e0 (5) vengono attivati posti letto in pi\u00f9. Come ultimissa ratio abbiamo fatto la valutazione di ospitare persone non covid riattivando i posti letto oggi chiusi in 5 ex ospedali come strutture non ospedaliere ma utilizzabili per i posti letto. Uno \u00e8 stato utilizzato dopo l&#8217;incendio che ha distrutto una RSA di Verona. Abbiamo anche pensato di andare a vedere se ci sono altre strutture, ad esempio stiamo ripulendo un&#8217;ala dell&#8217;ospedale di Noale ma non per pazienti covid.<\/p>\n<h2><\/h2>\n<h2>ASSESSORE LANZARIN<\/h2>\n<p>Piano attivazione ospedali covid, attivati progressivamente da Villafranca, sono 11 i covid hospital dove saranno mantenuti ove possibile il punto nascita con percorsi separati, cosi per dialisi, oncologia e psichiatria. Contemporaneamente gradualmente sospendiamo l&#8217;attivit\u00e0 specialistica non urgente con rinvio a 30-60 giorni per recuperare personale nei reparti che gradualmente vengono assistiti. L&#8217;attivit\u00e0 chirurgica programmata viene sospesa o interrotta con riprogrammazione. Oggi siamo gi\u00e0 in una fase avanzata con alcune Ulss che sono gi\u00e0 alla fase di chiusura di alcune attivit\u00e0 perch\u00e9 la pressione \u00e8 gi\u00e0 molto forte.<br \/>\n<strong>IN CHE FASCIA SIAMO DEL PIANO SANITARIO?<\/strong> Giallo che precede arancione e rosso. Cioe&#8217; da 150 a 200 terapia intensiva e da 900 a 2500 posti in area non critica.\u00a0 <strong>PROSPETTIVE?<\/strong> Dipende dall&#8217;andamento dei ricoveri, misuriamo quotidianamente, nessuna previsione. Un salto di fascia entro la met\u00e0 del mese (periodo del picco) \u00e8 possibile visto che il Presidente ha parlato di un picco tra 250 e 300 terapie intensive. Le terapie intensive ci sono, arriviamo a 1000 che si aprono in maniera graduale. Siamo pronti. <strong>CASE DI RIPOSO<\/strong>\u00a0 Non ho l&#8217;ultimo report, vediamo per domani. Ci sono focolai in crescita questo \u00e8 vero, c&#8217;e&#8217; il problema forte del personale che manca e che si \u00e8 infettato all&#8217;interno delle strutture sanitarie. Approvato in commissione salute un documento sotoposto alle commissioni e al Governo per trovare soluzioni.<\/p>\n<p>&nbsp;<\/p>\n<p>https:\/\/www.facebook.com\/zaiaufficiale\/videos\/799760577468378<\/p>\n","protected":false},"excerpt":{"rendered":"<p>VENEZIA Conferenza stampa del Presidente del Veneto Luca Zaia dalla sede della Protezione Civile di Marghera. I NUMERI 2.397.655 TAMPONI, 68.795 POSITIVI (+3264), 40.719 ATTUALMENTE POSTIVI. 17.622 PERSONE IN ISOLAMENTO (-338), 1274 RICOVERATI (+81), 170 PERSONE IN TERAPIA INTENSIVA (+15), DECESSI 2516, DIMESSI 4982 (+52) LEGGI LA CONFERENZA STAMPA DI LUCA ZAIA Diamoci una mano&hellip;<\/p>\n","protected":false},"author":4,"featured_media":133954,"comment_status":"closed","ping_status":"closed","sticky":false,"template":"","format":"standard","meta":{"_monsterinsights_skip_tracking":false,"_monsterinsights_sitenote_active":false,"_monsterinsights_sitenote_note":"","_monsterinsights_sitenote_category":0,"footnotes":""},"categories":[1,51,49],"tags":[],"class_list":["post-170814","post","type-post","status-publish","format-standard","has-post-thumbnail","hentry","category-senza-categoria","category-evidenza-top","category-news-18","category-1","category-51","category-49","description-off"],"img_url":"https:\/\/www.radiopiu.net\/wordpress\/wp-content\/uploads\/2020\/04\/ZAIA.jpg","_links":{"self":[{"href":"https:\/\/www.radiopiu.net\/wordpress\/wp-json\/wp\/v2\/posts\/170814","targetHints":{"allow":["GET"]}}],"collection":[{"href":"https:\/\/www.radiopiu.net\/wordpress\/wp-json\/wp\/v2\/posts"}],"about":[{"href":"https:\/\/www.radiopiu.net\/wordpress\/wp-json\/wp\/v2\/types\/post"}],"author":[{"embeddable":true,"href":"https:\/\/www.radiopiu.net\/wordpress\/wp-json\/wp\/v2\/users\/4"}],"replies":[{"embeddable":true,"href":"https:\/\/www.radiopiu.net\/wordpress\/wp-json\/wp\/v2\/comments?post=170814"}],"version-history":[{"count":0,"href":"https:\/\/www.radiopiu.net\/wordpress\/wp-json\/wp\/v2\/posts\/170814\/revisions"}],"wp:featuredmedia":[{"embeddable":true,"href":"https:\/\/www.radiopiu.net\/wordpress\/wp-json\/wp\/v2\/media\/133954"}],"wp:attachment":[{"href":"https:\/\/www.radiopiu.net\/wordpress\/wp-json\/wp\/v2\/media?parent=170814"}],"wp:term":[{"taxonomy":"category","embeddable":true,"href":"https:\/\/www.radiopiu.net\/wordpress\/wp-json\/wp\/v2\/categories?post=170814"},{"taxonomy":"post_tag","embeddable":true,"href":"https:\/\/www.radiopiu.net\/wordpress\/wp-json\/wp\/v2\/tags?post=170814"}],"curies":[{"name":"wp","href":"https:\/\/api.w.org\/{rel}","templated":true}]}}