{"id":170896,"date":"2020-11-06T06:05:46","date_gmt":"2020-11-06T05:05:46","guid":{"rendered":"https:\/\/www.radiopiu.net\/wordpress\/?p=170896"},"modified":"2020-11-06T06:20:35","modified_gmt":"2020-11-06T05:20:35","slug":"covid-in-provincia-2-decessi-173-nuovi-positivi-e-89-persone-ricoverate-negli-ospedali-bellunesi","status":"publish","type":"post","link":"https:\/\/www.radiopiu.net\/wordpress\/covid-in-provincia-2-decessi-173-nuovi-positivi-e-89-persone-ricoverate-negli-ospedali-bellunesi\/","title":{"rendered":"COVID IN PROVINCIA: 2 DECESSI, 173 NUOVI POSITIVI E 89 PERSONE RICOVERATE NEGLI OSPEDALI BELLUNESI"},"content":{"rendered":"<p><strong>BELLUNO<\/strong> Nelle ultime 24 ore 2 decessi negli ospedali della Ulss 1 Dolomiti: una donna di 96 anni ricoverata all\u2019Ospedale di Comunit\u00e0 di Agordo e una donna di anni 96 ricoverata in Geriatria Covid a Belluno.<\/p>\n<p><a href=\"https:\/\/www.radiopiu.net\/wordpress\/covid-in-provincia-2-decessi-173-nuovi-positivi-e-89-persone-ricoverate-negli-ospedali-bellunesi\/schermata-2020-11-05-alle-18-18-55\/\" rel=\"attachment wp-att-170897\"><img loading=\"lazy\" decoding=\"async\" class=\"alignnone wp-image-170897 size-full\" src=\"https:\/\/www.radiopiu.net\/wordpress\/wp-content\/uploads\/2020\/11\/Schermata-2020-11-05-alle-18.18.55.png\" alt=\"\" width=\"1024\" height=\"454\" srcset=\"https:\/\/www.radiopiu.net\/wordpress\/wp-content\/uploads\/2020\/11\/Schermata-2020-11-05-alle-18.18.55.png 1024w, https:\/\/www.radiopiu.net\/wordpress\/wp-content\/uploads\/2020\/11\/Schermata-2020-11-05-alle-18.18.55-300x133.png 300w, https:\/\/www.radiopiu.net\/wordpress\/wp-content\/uploads\/2020\/11\/Schermata-2020-11-05-alle-18.18.55-768x341.png 768w\" sizes=\"auto, (max-width: 1024px) 100vw, 1024px\" \/><\/a><\/p>\n<p>&nbsp;<\/p>\n<p><a href=\"https:\/\/www.radiopiu.net\/wordpress\/covid-in-provincia-2-decessi-173-nuovi-positivi-e-89-persone-ricoverate-negli-ospedali-bellunesi\/schermata-2020-11-05-alle-18-19-26\/\" rel=\"attachment wp-att-170898\"><img loading=\"lazy\" decoding=\"async\" class=\"alignnone wp-image-170898 size-large\" src=\"https:\/\/www.radiopiu.net\/wordpress\/wp-content\/uploads\/2020\/11\/Schermata-2020-11-05-alle-18.19.26-1024x707.png\" alt=\"\" width=\"1024\" height=\"707\" srcset=\"https:\/\/www.radiopiu.net\/wordpress\/wp-content\/uploads\/2020\/11\/Schermata-2020-11-05-alle-18.19.26-1024x707.png 1024w, https:\/\/www.radiopiu.net\/wordpress\/wp-content\/uploads\/2020\/11\/Schermata-2020-11-05-alle-18.19.26-300x207.png 300w, https:\/\/www.radiopiu.net\/wordpress\/wp-content\/uploads\/2020\/11\/Schermata-2020-11-05-alle-18.19.26-768x530.png 768w, https:\/\/www.radiopiu.net\/wordpress\/wp-content\/uploads\/2020\/11\/Schermata-2020-11-05-alle-18.19.26.png 1500w\" sizes=\"auto, (max-width: 1024px) 100vw, 1024px\" \/><\/a><\/p>\n<p>&nbsp;<\/p>\n<p><strong>Ospedale di Pieve di Cadore.\u00a0<\/strong>Da domani sar\u00e0 riattivata gradualmente l\u2019attivit\u00e0 della Medicina di Pieve di Cadore.<\/p>\n<p><strong>Commissione Patenti\u00a0<\/strong>Al fine di ridurre gli accessi al San Martino, cos\u00ec come per l&#8217;attivit\u00e0 vaccinale<strong>, in via provvisoria<\/strong> la Commissione Patenti sar\u00e0 trasferita dal V piano dell&#8217;ospedale di Belluno alla\u00a0 <strong>Palazzina Fusaro<\/strong>,\u00a0 all&#8217;interno del perimetro ospedaliero di Feltre. La nuova operativit\u00e0 decorrer\u00e0 <strong>da luned\u00ec 9 novembre<\/strong>. E&#8217; in corso l&#8217;avviso telefonico agli utenti interessati per le prossime sedute.\u00a0Gli utenti invitati dalla Commissione potranno accedere in auto presso l&#8217;ingresso stradale principale\u00a0dell&#8217;Ospedale di Feltre, lato sud (Via Bagnols sur C\u00e9z\u00e9), ove effettueranno le previste operazioni di controllo di accesso al varco carrabile riferendo il nominativo e l&#8217;appuntamento a visita in commissione patenti e riceveranno ulteriori informazioni sul percorso stradale interno da seguire.<\/p>\n","protected":false},"excerpt":{"rendered":"<p>BELLUNO Nelle ultime 24 ore 2 decessi negli ospedali della Ulss 1 Dolomiti: una donna di 96 anni ricoverata all\u2019Ospedale di Comunit\u00e0 di Agordo e una donna di anni 96 ricoverata in Geriatria Covid a Belluno. &nbsp; &nbsp; Ospedale di Pieve di Cadore.\u00a0Da domani sar\u00e0 riattivata gradualmente l\u2019attivit\u00e0 della Medicina di Pieve di Cadore. Commissione&hellip;<\/p>\n","protected":false},"author":4,"featured_media":121260,"comment_status":"closed","ping_status":"closed","sticky":false,"template":"","format":"standard","meta":{"_monsterinsights_skip_tracking":false,"_monsterinsights_sitenote_active":false,"_monsterinsights_sitenote_note":"","_monsterinsights_sitenote_category":0,"footnotes":""},"categories":[51,49],"tags":[],"class_list":["post-170896","post","type-post","status-publish","format-standard","has-post-thumbnail","hentry","category-evidenza-top","category-news-18","category-51","category-49","description-off"],"img_url":"https:\/\/www.radiopiu.net\/wordpress\/wp-content\/uploads\/2020\/03\/covid-ulss.jpg","_links":{"self":[{"href":"https:\/\/www.radiopiu.net\/wordpress\/wp-json\/wp\/v2\/posts\/170896","targetHints":{"allow":["GET"]}}],"collection":[{"href":"https:\/\/www.radiopiu.net\/wordpress\/wp-json\/wp\/v2\/posts"}],"about":[{"href":"https:\/\/www.radiopiu.net\/wordpress\/wp-json\/wp\/v2\/types\/post"}],"author":[{"embeddable":true,"href":"https:\/\/www.radiopiu.net\/wordpress\/wp-json\/wp\/v2\/users\/4"}],"replies":[{"embeddable":true,"href":"https:\/\/www.radiopiu.net\/wordpress\/wp-json\/wp\/v2\/comments?post=170896"}],"version-history":[{"count":0,"href":"https:\/\/www.radiopiu.net\/wordpress\/wp-json\/wp\/v2\/posts\/170896\/revisions"}],"wp:featuredmedia":[{"embeddable":true,"href":"https:\/\/www.radiopiu.net\/wordpress\/wp-json\/wp\/v2\/media\/121260"}],"wp:attachment":[{"href":"https:\/\/www.radiopiu.net\/wordpress\/wp-json\/wp\/v2\/media?parent=170896"}],"wp:term":[{"taxonomy":"category","embeddable":true,"href":"https:\/\/www.radiopiu.net\/wordpress\/wp-json\/wp\/v2\/categories?post=170896"},{"taxonomy":"post_tag","embeddable":true,"href":"https:\/\/www.radiopiu.net\/wordpress\/wp-json\/wp\/v2\/tags?post=170896"}],"curies":[{"name":"wp","href":"https:\/\/api.w.org\/{rel}","templated":true}]}}