{"id":170916,"date":"2020-11-07T06:00:49","date_gmt":"2020-11-07T05:00:49","guid":{"rendered":"https:\/\/www.radiopiu.net\/wordpress\/?p=170916"},"modified":"2020-11-07T14:59:42","modified_gmt":"2020-11-07T13:59:42","slug":"giornale-radiopiu-07-novembre-2020-direttore-mirko-mezzacasa","status":"publish","type":"post","link":"https:\/\/www.radiopiu.net\/wordpress\/giornale-radiopiu-07-novembre-2020-direttore-mirko-mezzacasa\/","title":{"rendered":"GIORNALE RADIOPIU 07 NOVEMBRE 2020 DIRETTORE MIRKO MEZZACASA"},"content":{"rendered":"<h3>PER<strong> RICEVERE QUESTO NOTIZIARIO DIRETTAMENTE SUL TUO CELLULARE ISCRIVITI AL CANALE TELEGRAM <\/strong><strong>\u201cRADIO PIU\u00a0 INFORMAZIONE&#8221;<\/strong><\/h3>\n<p><em>ATTENZIONE: LA NUOVA APP PER IOS-IPHONE<\/em><\/p>\n<div>\n<div><a href=\"https:\/\/apps.apple.com\/it\/app\/radio-pi%C3%B9-emittente-agordina\/id1515939845\">https:\/\/apps.apple.com\/it\/app\/radio-pi%C3%B9-emittente-agordina\/id1515939845<\/a><\/div>\n<\/div>\n<div><\/div>\n<div>\n<div dir=\"auto\"><em>ATTENZIONE: LA NUOVA APP RADIO\u00a0 PER ANDROID<\/em><\/div>\n<\/div>\n<p><a href=\"https:\/\/play.google.com\/store\/apps\/details?id=net.radiopiu.iniko\" target=\"_blank\" rel=\"noopener noreferrer\">https:\/\/play.google.com\/store\/apps\/details?id=net.radiopiu.iniko\u00a0\u00a0<\/a><\/p>\n<p>&nbsp;<\/p>\n<div class=\"page-title title-left solid-bg breadcrumbs-mobile-off page-title-responsive-enabled\">\n<div class=\"wf-wrap\">\n<div class=\"page-title-head hgroup\">\n<h1 class=\"entry-title\">ULTIM\u2019ORA NOTIZIE 08.00 : ANTONIO DEL GALLO DAL 14 DICEMBRE COMANDERA\u2019 I VIGILI DEL FUOCO DI BELLUNO<\/h1>\n<\/div>\n<div class=\"page-title-breadcrumbs\">\n<ol class=\"breadcrumbs text-small\">\n<li class=\"current\">\n<blockquote><p><em><strong><a class=\"dt-pswp-item\" href=\"https:\/\/www.radiopiu.net\/wordpress\/wp-content\/uploads\/2020\/11\/download-7.jpg\" data-dt-img-description=\"\" data-large_image_width=\"300\" data-large_image_height=\"168\"><img loading=\"lazy\" decoding=\"async\" class=\" wp-image-171213 alignleft\" src=\"https:\/\/www.radiopiu.net\/wordpress\/wp-content\/uploads\/2020\/11\/download-7.jpg\" alt=\"\" width=\"220\" height=\"123\" \/><\/a>&#8220;Finalmente, grazie all&#8217;impegno di Loris Munaro e Fabio Dattilo ci arriva il nuovo comandante provinciale dei VVf&#8221; \u00e8 il primo commento dell&#8217;assessore alla protezione civile del Veneto Gianpaolo Bottacin<\/strong><\/em><\/p><\/blockquote>\n<p><strong>Del Gallo: dirigente ufficio gestione tecnica contrattuale flotta aerea e soccorso aeroporturale presso la direzione per l&#8217;emergenza, il soccorso tecnico e l&#8217;antincendio boschivo.<\/strong><\/p>\n<p><strong><span style=\"color: #ff0000;\">L&#8217;ASSESSORE GIANPAOLO BOTTACIN<\/span><\/strong><\/p>\n<audio class=\"wp-audio-shortcode\" id=\"audio-170916-1\" preload=\"none\" style=\"width: 100%;\" controls=\"controls\"><source type=\"audio\/mpeg\" src=\"https:\/\/www.radiopiu.net\/wordpress\/wp-content\/uploads\/2020\/11\/BOTTA.mp3?_=1\" \/><a href=\"https:\/\/www.radiopiu.net\/wordpress\/wp-content\/uploads\/2020\/11\/BOTTA.mp3\">https:\/\/www.radiopiu.net\/wordpress\/wp-content\/uploads\/2020\/11\/BOTTA.mp3<\/a><\/audio>\n<p>&nbsp;<\/p>\n<p>&nbsp;<\/li>\n<\/ol>\n<\/div>\n<\/div>\n<\/div>\n<p>&nbsp;<\/p>\n<h2><strong><span style=\"color: #ff0000;\">AUTUNNO AGORDINO<\/span><\/strong><\/h2>\n<h3>Baite Prus strada passo Duran, di Tiziano De Col<\/h3>\n<p><a href=\"https:\/\/www.radiopiu.net\/wordpress\/giornale-radiopiu-07-novembre-2020-direttore-mirko-mezzacasa\/f080d876-42d9-4c0b-a031-79bdb1aa4084\/\" rel=\"attachment wp-att-171057\"><img loading=\"lazy\" decoding=\"async\" class=\"alignnone size-medium wp-image-171057\" src=\"https:\/\/www.radiopiu.net\/wordpress\/wp-content\/uploads\/2020\/11\/f080d876-42d9-4c0b-a031-79bdb1aa4084-300x138.jpg\" alt=\"\" width=\"300\" height=\"138\" srcset=\"https:\/\/www.radiopiu.net\/wordpress\/wp-content\/uploads\/2020\/11\/f080d876-42d9-4c0b-a031-79bdb1aa4084-300x138.jpg 300w, https:\/\/www.radiopiu.net\/wordpress\/wp-content\/uploads\/2020\/11\/f080d876-42d9-4c0b-a031-79bdb1aa4084-1024x473.jpg 1024w, https:\/\/www.radiopiu.net\/wordpress\/wp-content\/uploads\/2020\/11\/f080d876-42d9-4c0b-a031-79bdb1aa4084-768x354.jpg 768w, https:\/\/www.radiopiu.net\/wordpress\/wp-content\/uploads\/2020\/11\/f080d876-42d9-4c0b-a031-79bdb1aa4084-1536x709.jpg 1536w, https:\/\/www.radiopiu.net\/wordpress\/wp-content\/uploads\/2020\/11\/f080d876-42d9-4c0b-a031-79bdb1aa4084.jpg 2048w\" sizes=\"auto, (max-width: 300px) 100vw, 300px\" \/><\/a><a href=\"https:\/\/www.radiopiu.net\/wordpress\/giornale-radiopiu-07-novembre-2020-direttore-mirko-mezzacasa\/037ad809-5ecc-47a2-924b-e9a3b7bd7a01\/\" rel=\"attachment wp-att-171058\"><img loading=\"lazy\" decoding=\"async\" class=\"alignnone size-medium wp-image-171058\" src=\"https:\/\/www.radiopiu.net\/wordpress\/wp-content\/uploads\/2020\/11\/037ad809-5ecc-47a2-924b-e9a3b7bd7a01-300x138.jpg\" alt=\"\" width=\"300\" height=\"138\" srcset=\"https:\/\/www.radiopiu.net\/wordpress\/wp-content\/uploads\/2020\/11\/037ad809-5ecc-47a2-924b-e9a3b7bd7a01-300x138.jpg 300w, https:\/\/www.radiopiu.net\/wordpress\/wp-content\/uploads\/2020\/11\/037ad809-5ecc-47a2-924b-e9a3b7bd7a01-1024x473.jpg 1024w, https:\/\/www.radiopiu.net\/wordpress\/wp-content\/uploads\/2020\/11\/037ad809-5ecc-47a2-924b-e9a3b7bd7a01-768x354.jpg 768w, https:\/\/www.radiopiu.net\/wordpress\/wp-content\/uploads\/2020\/11\/037ad809-5ecc-47a2-924b-e9a3b7bd7a01-1536x709.jpg 1536w, https:\/\/www.radiopiu.net\/wordpress\/wp-content\/uploads\/2020\/11\/037ad809-5ecc-47a2-924b-e9a3b7bd7a01.jpg 2048w\" sizes=\"auto, (max-width: 300px) 100vw, 300px\" \/><\/a><\/p>\n<p><strong>Ronch di Laste in Comune di Rocca Pietore con il Sass de La Murada e il Sass de Rocia sullo sfondo (Andrea De Bernardin)<\/strong><\/p>\n<p><a href=\"https:\/\/www.radiopiu.net\/wordpress\/giornale-radiopiu-07-novembre-2020-direttore-mirko-mezzacasa\/whatsapp-image-2020-11-06-at-19-38-51\/\" rel=\"attachment wp-att-171160\"><img loading=\"lazy\" decoding=\"async\" class=\"alignnone size-medium wp-image-171160\" src=\"https:\/\/www.radiopiu.net\/wordpress\/wp-content\/uploads\/2020\/11\/WhatsApp-Image-2020-11-06-at-19.38.51-300x200.jpeg\" alt=\"\" width=\"300\" height=\"200\" srcset=\"https:\/\/www.radiopiu.net\/wordpress\/wp-content\/uploads\/2020\/11\/WhatsApp-Image-2020-11-06-at-19.38.51-300x200.jpeg 300w, https:\/\/www.radiopiu.net\/wordpress\/wp-content\/uploads\/2020\/11\/WhatsApp-Image-2020-11-06-at-19.38.51-1024x682.jpeg 1024w, https:\/\/www.radiopiu.net\/wordpress\/wp-content\/uploads\/2020\/11\/WhatsApp-Image-2020-11-06-at-19.38.51-768x512.jpeg 768w, https:\/\/www.radiopiu.net\/wordpress\/wp-content\/uploads\/2020\/11\/WhatsApp-Image-2020-11-06-at-19.38.51-1536x1023.jpeg 1536w, https:\/\/www.radiopiu.net\/wordpress\/wp-content\/uploads\/2020\/11\/WhatsApp-Image-2020-11-06-at-19.38.51.jpeg 1600w\" sizes=\"auto, (max-width: 300px) 100vw, 300px\" \/>\u00a0<\/a><\/p>\n<p>&nbsp;<\/p>\n<hr \/>\n<p><a href=\"https:\/\/www.radiopiu.net\/wordpress\/giornale-radiopiu-07-novembre-2020-direttore-mirko-mezzacasa\/124242589_3573296439404408_4447047118373485080_n\/\" rel=\"attachment wp-att-171183\"><img loading=\"lazy\" decoding=\"async\" class=\"wp-image-171183 alignleft\" src=\"https:\/\/www.radiopiu.net\/wordpress\/wp-content\/uploads\/2020\/11\/124242589_3573296439404408_4447047118373485080_n.jpg\" alt=\"\" width=\"159\" height=\"122\" \/><\/a><strong>LUTTO NELLA MUSICA, E&#8217; MORTO STEFANO D&#8217;ORAZIO IL BATTERISTA DEI POOH<\/strong><\/p>\n<p><strong>STEFANO CI HA LASCIATO!<\/strong> &#8230; era ricoverato da una settimana e per rispetto non ne avevamo mai parlato&#8230; oggi pomeriggio, dopo giorni di paura, sembrava che la situazione stesse migliorando&#8230; poi la terribile notizia. Abbiamo perso un fratello, un compagno di vita, il testimone di tanti momenti importanti, ma soprattutto, tutti noi, abbiamo perso una persona per bene, onesta prima di tutto con se stessa.\u00a0 <span style=\"color: #ff0000;\">Roby, Red, Dodi, Riccardo\u00a0<\/span><\/p>\n<div class=\"oajrlxb2 g5ia77u1 qu0x051f esr5mh6w e9989ue4 r7d6kgcz rq0escxv nhd2j8a9 nc684nl6 p7hjln8o kvgmc6g5 cxmmr5t8 oygrvhab hcukyx3x jb3vyjys rz4wbd8a qt6c0cv9 a8nywdso i1ao9s8h esuyzwwr f1sip0of lzcic4wl oo9gr5id gpro0wi8 lrazzd5p\" tabindex=\"0\" role=\"button\"><\/div>\n<p>&nbsp;<\/p>\n<hr \/>\n<p>&nbsp;<\/p>\n<blockquote>\n<h3>L&#8217;AUTOCERTIFICAZIONE<\/h3>\n<\/blockquote>\n<p><a href=\"https:\/\/www.radiopiu.net\/wordpress\/wp-content\/uploads\/2020\/11\/modello_autodichiarazione_editabile_ottobre_2020.pdf\">PER SCARICARE L&#8217;AUTOCERTIFICAZIONE CLICCA QUI<\/a><\/p>\n<p>&nbsp;<\/p>\n<hr \/>\n<blockquote><p>&nbsp;<\/p>\n<p><span style=\"color: #ff0000;\"><strong>Per lavori alla rete idrica comunale, nei giorni 10 e 11 novembre\u00a0 dalle 8 alle 17 potrebbe mancare l&#8217;acqua a Rocca Pietore , in localit\u00e0 Saviner di Laste. <\/strong><\/span><\/p>\n<p>&nbsp;<\/p><\/blockquote>\n<hr \/>\n<blockquote>\n<h3><\/h3>\n<h3>DAL 15 NOVEMBRE L\u2019OBBLIGO DI PNEUMATICI DA NEVE O CATENE A BORDO<\/h3>\n<\/blockquote>\n<p><strong>SEDICO<\/strong> Veneto Strade ricorda che a partire dal 15 novembre 2020, e fino al 15 aprile 2021, tutti i veicoli circolanti lungo la viabilit\u00e0 devono essere muniti di pneumatici invernali\u00a0 o avere catene a bordo o altri mezzi antisdrucciolevoli omologati. Si ricorda che l\u2019obbligo \u00e8 prescritto in provincia di Belluno anche per la rete stradale ANAS e il tratto autostradale della A27.<\/p>\n<p><strong>PROVINCIALE 25 PASSO VALLES_CAVERSON<\/strong>\u00a0 INTERRUZIONI fino a 15 minuti dalle 7.30 alle 12 e dalle 13 alle 17, dal 9 al 20 novembre. Inoltre senso unico alternato regolato da movieri o semaforo per manutenzione sovrapasso pista da sci<\/p>\n<p>&nbsp;<\/p>\n<hr \/>\n<p>&nbsp;<\/p>\n<blockquote>\n<h3>LA TORRESELLA CADE A PEZZI, CROLLA UNA PARTE DEL TETTO<\/h3>\n<\/blockquote>\n<p><em>Nel momento del crollo una ditta privata alle dipendenze della famiglia proprietaria stava lavorando all&#8217;esterno dello stabile togliendo le piante di erica rampicante (come si vede dalle foto), per loro tanta paura nel momento del crollo ma fortunatamente nessuno \u00e8 rimasto coinvolto. Gli stessi erano stati invitati anche ad un controllo interno della struttura ma avevano notato la pericolosit\u00e0 dell&#8217;edificio e coscienziosamente in questi giorni si sono guardati bene dall&#8217;entrare all&#8217;interno<\/em><\/p>\n<p><strong>AGORDO<\/strong><\/p>\n<p><strong>\u00a0 \u00a0 \u00a0 \u00a0PRIMA DEL CROLLO E DOPO IL CROLLO<\/strong><\/p>\n\n\t\t\t<style type='text\/css'>\n\t\t\t\t#gallery-1 {\n\t\t\t\t\tmargin: auto;\n\t\t\t\t}\n\t\t\t\t#gallery-1 .gallery-item {\n\t\t\t\t\tfloat: left;\n\t\t\t\t\tmargin-top: 10px;\n\t\t\t\t\ttext-align: center;\n\t\t\t\t\twidth: 50%;\n\t\t\t\t}\n\t\t\t\t#gallery-1 img {\n\t\t\t\t\tborder: 2px solid #cfcfcf;\n\t\t\t\t}\n\t\t\t\t#gallery-1 .gallery-caption {\n\t\t\t\t\tmargin-left: 0;\n\t\t\t\t}\n\t\t\t\t\/* see gallery_shortcode() in wp-includes\/media.php *\/\n\t\t\t<\/style>\n\t\t<div id='gallery-1' class='dt-gallery-container gallery galleryid-170916 gallery-columns-2 gallery-size-medium'><dl class='gallery-item'>\n\t\t\t\t<dt class='gallery-icon landscape'>\n\t\t\t\t\t<a class=\"rollover rollover-zoom dt-pswp-item\" title=\"download\" data-dt-img-description=\"\" data-large_image_width=\"259\" data-large_image_height=\"194\"href='https:\/\/www.radiopiu.net\/wordpress\/wp-content\/uploads\/2020\/11\/download-5.jpg'><img loading=\"lazy\" decoding=\"async\" width=\"259\" height=\"194\" src=\"https:\/\/www.radiopiu.net\/wordpress\/wp-content\/uploads\/2020\/11\/download-5.jpg\" class=\"attachment-medium size-medium\" alt=\"\" \/><\/a>\n\t\t\t\t<\/dt><\/dl><dl class='gallery-item'>\n\t\t\t\t<dt class='gallery-icon portrait'>\n\t\t\t\t\t<a class=\"rollover rollover-zoom dt-pswp-item\" title=\"f51c286e-05fe-41cf-8111-17623d368364\" data-dt-img-description=\"\" data-large_image_width=\"1024\" data-large_image_height=\"2048\"href='https:\/\/www.radiopiu.net\/wordpress\/wp-content\/uploads\/2020\/11\/f51c286e-05fe-41cf-8111-17623d368364.jpg'><img loading=\"lazy\" decoding=\"async\" width=\"150\" height=\"300\" src=\"https:\/\/www.radiopiu.net\/wordpress\/wp-content\/uploads\/2020\/11\/f51c286e-05fe-41cf-8111-17623d368364-150x300.jpg\" class=\"attachment-medium size-medium\" alt=\"\" srcset=\"https:\/\/www.radiopiu.net\/wordpress\/wp-content\/uploads\/2020\/11\/f51c286e-05fe-41cf-8111-17623d368364-150x300.jpg 150w, https:\/\/www.radiopiu.net\/wordpress\/wp-content\/uploads\/2020\/11\/f51c286e-05fe-41cf-8111-17623d368364-512x1024.jpg 512w, https:\/\/www.radiopiu.net\/wordpress\/wp-content\/uploads\/2020\/11\/f51c286e-05fe-41cf-8111-17623d368364-768x1536.jpg 768w, https:\/\/www.radiopiu.net\/wordpress\/wp-content\/uploads\/2020\/11\/f51c286e-05fe-41cf-8111-17623d368364.jpg 1024w\" sizes=\"auto, (max-width: 150px) 100vw, 150px\" \/><\/a>\n\t\t\t\t<\/dt><\/dl><br style=\"clear: both\" \/>\n\t\t\t<\/div>\n\n<p>&nbsp;<\/p>\n<blockquote><p><em><strong><span style=\"color: #ff0000;\">il Comune di Agordo ha istituito un senso unico alternato in via Felice e Luigi Cappello &#8211; strada per l&#8217;asilo e l&#8217;asilo nido &#8211;\u00a0 dalle 8 di luned\u00ec e fino alle 18 di venerd\u00ec\u00a0<\/span><\/strong><\/em><\/p><\/blockquote>\n<p><strong>di\u00a0Gianni\u00a0<\/strong><b>Santomaso\u00a0<\/b><\/p>\n<audio class=\"wp-audio-shortcode\" id=\"audio-170916-2\" preload=\"none\" style=\"width: 100%;\" controls=\"controls\"><source type=\"audio\/mpeg\" src=\"https:\/\/www.radiopiu.net\/wordpress\/wp-content\/uploads\/2020\/11\/GIANNI-TORRESELLA.mp3?_=2\" \/><a href=\"https:\/\/www.radiopiu.net\/wordpress\/wp-content\/uploads\/2020\/11\/GIANNI-TORRESELLA.mp3\">https:\/\/www.radiopiu.net\/wordpress\/wp-content\/uploads\/2020\/11\/GIANNI-TORRESELLA.mp3<\/a><\/audio>\n<p>&nbsp;<\/p>\n<p><strong>LA GALLERIA FOTOGRAFICA<\/strong><\/p>\n\n\t\t\t<style type='text\/css'>\n\t\t\t\t#gallery-2 {\n\t\t\t\t\tmargin: auto;\n\t\t\t\t}\n\t\t\t\t#gallery-2 .gallery-item {\n\t\t\t\t\tfloat: left;\n\t\t\t\t\tmargin-top: 10px;\n\t\t\t\t\ttext-align: center;\n\t\t\t\t\twidth: 33%;\n\t\t\t\t}\n\t\t\t\t#gallery-2 img {\n\t\t\t\t\tborder: 2px solid #cfcfcf;\n\t\t\t\t}\n\t\t\t\t#gallery-2 .gallery-caption {\n\t\t\t\t\tmargin-left: 0;\n\t\t\t\t}\n\t\t\t\t\/* see gallery_shortcode() in wp-includes\/media.php *\/\n\t\t\t<\/style>\n\t\t<div id='gallery-2' class='dt-gallery-container gallery galleryid-170916 gallery-columns-3 gallery-size-thumbnail'><dl class='gallery-item'>\n\t\t\t\t<dt class='gallery-icon landscape'>\n\t\t\t\t\t<a class=\"rollover rollover-zoom dt-pswp-item\" title=\"download\" data-dt-img-description=\"\" data-large_image_width=\"259\" data-large_image_height=\"194\"href='https:\/\/www.radiopiu.net\/wordpress\/wp-content\/uploads\/2020\/11\/download-5.jpg'><img loading=\"lazy\" decoding=\"async\" width=\"150\" height=\"150\" src=\"https:\/\/www.radiopiu.net\/wordpress\/wp-content\/uploads\/2020\/11\/download-5-150x150.jpg\" class=\"attachment-thumbnail size-thumbnail\" alt=\"\" \/><\/a>\n\t\t\t\t<\/dt><\/dl><dl class='gallery-item'>\n\t\t\t\t<dt class='gallery-icon landscape'>\n\t\t\t\t\t<a class=\"rollover rollover-zoom dt-pswp-item\" title=\"148f26f0-ff79-4436-80eb-7c40a68e7c56\" data-dt-img-description=\"\" data-large_image_width=\"1599\" data-large_image_height=\"799\"href='https:\/\/www.radiopiu.net\/wordpress\/wp-content\/uploads\/2020\/11\/148f26f0-ff79-4436-80eb-7c40a68e7c56.jpg'><img loading=\"lazy\" decoding=\"async\" width=\"150\" height=\"150\" src=\"https:\/\/www.radiopiu.net\/wordpress\/wp-content\/uploads\/2020\/11\/148f26f0-ff79-4436-80eb-7c40a68e7c56-150x150.jpg\" class=\"attachment-thumbnail size-thumbnail\" alt=\"\" \/><\/a>\n\t\t\t\t<\/dt><\/dl><dl class='gallery-item'>\n\t\t\t\t<dt class='gallery-icon landscape'>\n\t\t\t\t\t<a class=\"rollover rollover-zoom dt-pswp-item\" title=\"7300882b-d0b0-4962-9cc0-4165290e2278\" data-dt-img-description=\"\" data-large_image_width=\"1599\" data-large_image_height=\"799\"href='https:\/\/www.radiopiu.net\/wordpress\/wp-content\/uploads\/2020\/11\/7300882b-d0b0-4962-9cc0-4165290e2278.jpg'><img loading=\"lazy\" decoding=\"async\" width=\"150\" height=\"150\" src=\"https:\/\/www.radiopiu.net\/wordpress\/wp-content\/uploads\/2020\/11\/7300882b-d0b0-4962-9cc0-4165290e2278-150x150.jpg\" class=\"attachment-thumbnail size-thumbnail\" alt=\"\" \/><\/a>\n\t\t\t\t<\/dt><\/dl><br style=\"clear: both\" \/><dl class='gallery-item'>\n\t\t\t\t<dt class='gallery-icon portrait'>\n\t\t\t\t\t<a class=\"rollover rollover-zoom dt-pswp-item\" title=\"ef272245-5f1a-4348-b880-6cf642c0a0f5\" data-dt-img-description=\"\" data-large_image_width=\"1200\" data-large_image_height=\"1600\"href='https:\/\/www.radiopiu.net\/wordpress\/wp-content\/uploads\/2020\/11\/ef272245-5f1a-4348-b880-6cf642c0a0f5.jpg'><img loading=\"lazy\" decoding=\"async\" width=\"150\" height=\"150\" src=\"https:\/\/www.radiopiu.net\/wordpress\/wp-content\/uploads\/2020\/11\/ef272245-5f1a-4348-b880-6cf642c0a0f5-150x150.jpg\" class=\"attachment-thumbnail size-thumbnail\" alt=\"\" \/><\/a>\n\t\t\t\t<\/dt><\/dl><dl class='gallery-item'>\n\t\t\t\t<dt class='gallery-icon portrait'>\n\t\t\t\t\t<a class=\"rollover rollover-zoom dt-pswp-item\" title=\"a82ea86d-5413-499a-9fca-f83ee3a1c61a\" data-dt-img-description=\"\" data-large_image_width=\"799\" data-large_image_height=\"1599\"href='https:\/\/www.radiopiu.net\/wordpress\/wp-content\/uploads\/2020\/11\/a82ea86d-5413-499a-9fca-f83ee3a1c61a.jpg'><img loading=\"lazy\" decoding=\"async\" width=\"150\" height=\"150\" src=\"https:\/\/www.radiopiu.net\/wordpress\/wp-content\/uploads\/2020\/11\/a82ea86d-5413-499a-9fca-f83ee3a1c61a-150x150.jpg\" class=\"attachment-thumbnail size-thumbnail\" alt=\"\" \/><\/a>\n\t\t\t\t<\/dt><\/dl><dl class='gallery-item'>\n\t\t\t\t<dt class='gallery-icon portrait'>\n\t\t\t\t\t<a class=\"rollover rollover-zoom dt-pswp-item\" title=\"f2a65afa-c3a1-4051-8763-f9700f13396f\" data-dt-img-description=\"\" data-large_image_width=\"799\" data-large_image_height=\"1599\"href='https:\/\/www.radiopiu.net\/wordpress\/wp-content\/uploads\/2020\/11\/f2a65afa-c3a1-4051-8763-f9700f13396f.jpg'><img loading=\"lazy\" decoding=\"async\" width=\"150\" height=\"150\" src=\"https:\/\/www.radiopiu.net\/wordpress\/wp-content\/uploads\/2020\/11\/f2a65afa-c3a1-4051-8763-f9700f13396f-150x150.jpg\" class=\"attachment-thumbnail size-thumbnail\" alt=\"\" \/><\/a>\n\t\t\t\t<\/dt><\/dl><br style=\"clear: both\" \/>\n\t\t\t<\/div>\n\n<p>&nbsp;<\/p>\n<p>&nbsp;<\/p>\n<hr \/>\n<p>&nbsp;<\/p>\n<h2><span style=\"color: #ff0000;\">DILLO A RADIO PIU&#8230;<\/span><\/h2>\n<p><strong>TAIBON<\/strong> Da in fondo alla Valle di San Lucano, Col di Pra in particolare, riceviamo e volentieri pubblichiamo un video che mette in evidenza le condizioni in cui versa la strada comunale tra il centro della localit\u00e0 e il ponte sul torrente Bordina. Evidentemente necessita di un intervento di restylng, oppure i frontisti dovranno dotarsi si altri mezzi tipo trattore.<\/p>\n<div style=\"width: 848px;\" class=\"wp-video\"><video class=\"wp-video-shortcode\" id=\"video-170916-1\" width=\"848\" height=\"480\" preload=\"metadata\" controls=\"controls\"><source type=\"video\/mp4\" src=\"https:\/\/www.radiopiu.net\/wordpress\/wp-content\/uploads\/2020\/11\/WhatsApp-Video-2020-11-06-at-11.14.40.mp4?_=1\" \/><a href=\"https:\/\/www.radiopiu.net\/wordpress\/wp-content\/uploads\/2020\/11\/WhatsApp-Video-2020-11-06-at-11.14.40.mp4\">https:\/\/www.radiopiu.net\/wordpress\/wp-content\/uploads\/2020\/11\/WhatsApp-Video-2020-11-06-at-11.14.40.mp4<\/a><\/video><\/div>\n<p>&nbsp;<\/p>\n<p>&nbsp;<\/p>\n<hr \/>\n<p>&nbsp;<\/p>\n<p><strong><span style=\"color: #ff0000;\">DALLA ULSS DOLOMITI<\/span><\/strong><\/p>\n<blockquote>\n<h3>PRENOTARE CON IL CUP, PER ESSERE RICHIAMATI<\/h3>\n<\/blockquote>\n<p><a href=\"https:\/\/www.radiopiu.net\/wordpress\/giornale-radiopiu-06-novembre-2020-direttore-mirko-mezzacasa\/ssss-8\/\" rel=\"attachment wp-att-170805\"><img loading=\"lazy\" decoding=\"async\" class=\"size-medium wp-image-170805 alignleft\" src=\"https:\/\/www.radiopiu.net\/wordpress\/wp-content\/uploads\/2020\/11\/SSSS-300x89.png\" alt=\"\" width=\"300\" height=\"89\" srcset=\"https:\/\/www.radiopiu.net\/wordpress\/wp-content\/uploads\/2020\/11\/SSSS-300x89.png 300w, https:\/\/www.radiopiu.net\/wordpress\/wp-content\/uploads\/2020\/11\/SSSS.png 628w\" sizes=\"auto, (max-width: 300px) 100vw, 300px\" \/><\/a><strong>BELLUNO<\/strong>\u00a0L\u2019Ulss Dolomiti ha attivato un nuovo servizio per facilitare la prenotazione delle visite ambulatoriali. E&#8217;\u00a0 possibile chiedere via mail al Centro Unico Prenotazioni un appuntamento telefonico, inserendo nelle note le proprie preferenze per il ricontatto. Gli operatori del CUp ricontatteranno l\u2019utente per completare la prenotazione della prestazione. Per prenotare il contatto con il CUP \u00e8 necessario:\u00a0cliccare sul sito www.aulss1.veneto.it;\u00a0 cliccare su \u201cSportello online\u201d; scegliere il distretto di appartenenza; cliccare su \u201cPrenotazioni e pagamenti online\u201d; cliccare su \u201cPrenota il tuo contatto con il CUP\u201d<\/p>\n<p>&nbsp;<\/p>\n<hr \/>\n<p>&nbsp;<\/p>\n<blockquote>\n<h3 class=\"entry-title\">MUORE DURANTE I LAVORI DI GIARDINAGGIO<\/h3>\n<\/blockquote>\n<p><strong>CORTINA<\/strong> I Carabinieri sono stati chiamati in localit\u00e0 Campo di Sopra per il decesso di Claudio D\u2019Inc\u00e0,\u00a0 52 anni residente a Mel. L\u2019uomo titolare della ditta individuale per lavori di giardinaggio \u00e8 stato colto da malore, deceduto per arresto cardiocircolatorio. Lascia la moglie Marianna e tre figli, il 52 enne era un punto di forza del volontariato locale con la Proloco<\/p>\n<p>&nbsp;<\/p>\n<p>&nbsp;<\/p>\n<hr \/>\n<p>&nbsp;<\/p>\n<p>&nbsp;<\/p>\n<blockquote>\n<h3>DENUNCIATI PER OMISSIONE DI SOCCORSO, LUI ERA UBRIACO<\/h3>\n<\/blockquote>\n<div class=\"im_message_meta pull-right text-right noselect\"><strong><img loading=\"lazy\" decoding=\"async\" class=\"alignleft\" src=\"https:\/\/www.radiopiu.net\/wordpress\/wp-content\/uploads\/2020\/07\/0c6bf8bc-838c-426a-88ea-f1a4635b0b4f.jpg\" width=\"170\" height=\"227\" \/>LA VALLE\u00a0<\/strong> Sono due le persone denunciate dai Carabinieri di Cencenighe (in stato di libert\u00e0) per omissione di soccorso, lesioni e guida in stato di ebrezza. Si tratta di una donna agordina L.G. di 39 anni e l&#8217;amico P.D. 37 anni pure lui agordino. La donna era al volante dell&#8217;auto lungo la strada che porta a La Valle Agordina, in curva ha invaso l&#8217;opposta corsia investendo un quindicenne in motorino. La donna dopo l&#8217;urto lasciava il posto di guida dandosi alla fuga senza prestare soccorso. L&#8217;amico che sedeva accanto a lei in auto,\u00a0 \u00a0si metteva alla guida del mezzo anche lui\u00a0 senza prestare soccorso al ragazzino infortunato,\u00a0 con il risultato di andare a sbattere poco distante con un mezzo parcheggiato finendo poi la corsa contro un palo della luce. Sottoposto a etilometro \u00e8 stato trovato\u00a0 un tasso di 2.02. Patente ritirata e mezzo sequestrato. Il ragazzino \u00e8 stato portato in ospedale, guarir\u00e0 in 25 giorni in seguito alle ferite riportate.<\/div>\n<div><\/div>\n<div><\/div>\n<div><\/div>\n<hr \/>\n<p>&nbsp;<\/p>\n<p>&nbsp;<\/p>\n<div class=\"page-title-head hgroup\">\n<blockquote>\n<h3 class=\"entry-title\">UBRIACO AL VOLANTE CI RIMETTE PATENTE E MEZZO<\/h3>\n<\/blockquote>\n<\/div>\n<div class=\"page-title-breadcrumbs\"><strong>SAN VITO DI CADORE<\/strong> I Carabinieri hanno denunciato in stato di liber\u00e0 per guida in stato di ebbrezza un cittadino albanese residente a Modena\u00a0 di 39 anni. Al volante di una Peougeot \u00e8 stato controllato presentando un tasso alcoolemico di 2.0 ovvero quattro volte sopra il consentito. Patente ritirata e mezzo sequestrato .<\/div>\n<div><\/div>\n<div><\/div>\n<div><\/div>\n<hr \/>\n<p>&nbsp;<\/p>\n<p>&nbsp;<\/p>\n<blockquote>\n<h3 class=\"entry-title\">INVESTIMENTO DI CERVI LA MEDIA E\u2019 SEMPRE ALTA<\/h3>\n<\/blockquote>\n<p><strong><a href=\"https:\/\/www.radiopiu.net\/wordpress\/belluno-zanoni-pd-guarda-amp-e-bartelle-m5s-ancora-un-cervo-lasciato-morire-bordo-strada-lulss-non-puo-nascondersi-dietro-la-burocrazia\/cervo-2\/\" rel=\"attachment wp-att-64272\"><img loading=\"lazy\" decoding=\"async\" class=\" wp-image-64272 alignleft\" src=\"https:\/\/www.radiopiu.net\/wordpress\/wp-content\/uploads\/2018\/10\/cervo-300x200.jpg\" alt=\"\" width=\"141\" height=\"94\" srcset=\"https:\/\/www.radiopiu.net\/wordpress\/wp-content\/uploads\/2018\/10\/cervo-300x200.jpg 300w, https:\/\/www.radiopiu.net\/wordpress\/wp-content\/uploads\/2018\/10\/cervo-768x512.jpg 768w, https:\/\/www.radiopiu.net\/wordpress\/wp-content\/uploads\/2018\/10\/cervo-1024x682.jpg 1024w, https:\/\/www.radiopiu.net\/wordpress\/wp-content\/uploads\/2018\/10\/cervo.jpg 1280w\" sizes=\"auto, (max-width: 141px) 100vw, 141px\" \/><\/a>SEDICO<\/strong> Sulla chat\u00a0 Viabilit\u00e0 Provincia di Belluno (Telegram) le segnalazione di animali a bordo strada o addirittura sul manto stradale sono continui, da giorni a tutte le ore. La maggior parte delle segnalazioni tra L\u2019Agordino e il rettilineo di Candaten dove quotidianamente stazionano branchi di cervi. Anche ieri mattina alle 10.30, per uno di loro \u00e8 finita male, sotto le ruoto di un mezzo. Animale morto e per il conducente dell\u2019auto la conta dei danni. Stesso episodio nel pomeriggio a Trichiana in localit\u00e0 San Felice, un terzo investimento sempre a Trichiana in localit\u00e0 Signa. Sul posto per i rilievi di legge di Carabinieri.<\/p>\n<p>&nbsp;<\/p>\n<p>&nbsp;<\/p>\n<p>&nbsp;<\/p>\n<hr \/>\n<p>&nbsp;<\/p>\n<p>&nbsp;<\/p>\n<blockquote>\n<h3>LA STORIA SI RIPETE&#8230;COLPA NEL NAVIGATORE O DEL NAVIGANTE?<\/h3>\n<\/blockquote>\n<p><strong>LONGARONE<\/strong> E&#8217; successo di nuovo, ieri di buon mattino A Fortogna con l&#8217;autista del Tir che ha preso male le distanze come si evince dalle foto. Sul posto una pattuglia dei Carabinieri. \u00c8 successo anche marted\u00ec mattina a Col di Piana un autista ha incastrato il mezzo, per uscire dalla situazione critica \u00e8 stato aiutato dai Vigili del Fuoco che hanno provveduto anche a tagliare degli alberi<\/p>\n<p>&nbsp;<\/p>\n\n\t\t\t<style type='text\/css'>\n\t\t\t\t#gallery-3 {\n\t\t\t\t\tmargin: auto;\n\t\t\t\t}\n\t\t\t\t#gallery-3 .gallery-item {\n\t\t\t\t\tfloat: left;\n\t\t\t\t\tmargin-top: 10px;\n\t\t\t\t\ttext-align: center;\n\t\t\t\t\twidth: 33%;\n\t\t\t\t}\n\t\t\t\t#gallery-3 img {\n\t\t\t\t\tborder: 2px solid #cfcfcf;\n\t\t\t\t}\n\t\t\t\t#gallery-3 .gallery-caption {\n\t\t\t\t\tmargin-left: 0;\n\t\t\t\t}\n\t\t\t\t\/* see gallery_shortcode() in wp-includes\/media.php *\/\n\t\t\t<\/style>\n\t\t<div id='gallery-3' class='dt-gallery-container gallery galleryid-170916 gallery-columns-3 gallery-size-thumbnail'><dl class='gallery-item'>\n\t\t\t\t<dt class='gallery-icon portrait'>\n\t\t\t\t\t<a class=\"rollover rollover-zoom dt-pswp-item\" title=\"39d05b7a-c93c-4701-bc5d-898e73fe59f6\" data-dt-img-description=\"\" data-large_image_width=\"180\" data-large_image_height=\"320\"href='https:\/\/www.radiopiu.net\/wordpress\/wp-content\/uploads\/2020\/11\/39d05b7a-c93c-4701-bc5d-898e73fe59f6.jpg'><img loading=\"lazy\" decoding=\"async\" width=\"150\" height=\"150\" src=\"https:\/\/www.radiopiu.net\/wordpress\/wp-content\/uploads\/2020\/11\/39d05b7a-c93c-4701-bc5d-898e73fe59f6-150x150.jpg\" class=\"attachment-thumbnail size-thumbnail\" alt=\"\" \/><\/a>\n\t\t\t\t<\/dt><\/dl><dl class='gallery-item'>\n\t\t\t\t<dt class='gallery-icon portrait'>\n\t\t\t\t\t<a class=\"rollover rollover-zoom dt-pswp-item\" title=\"b9649b13-c54e-4088-b762-42c2328fd855\" data-dt-img-description=\"\" data-large_image_width=\"180\" data-large_image_height=\"320\"href='https:\/\/www.radiopiu.net\/wordpress\/wp-content\/uploads\/2020\/11\/b9649b13-c54e-4088-b762-42c2328fd855.jpg'><img loading=\"lazy\" decoding=\"async\" width=\"150\" height=\"150\" src=\"https:\/\/www.radiopiu.net\/wordpress\/wp-content\/uploads\/2020\/11\/b9649b13-c54e-4088-b762-42c2328fd855-150x150.jpg\" class=\"attachment-thumbnail size-thumbnail\" alt=\"\" \/><\/a>\n\t\t\t\t<\/dt><\/dl><dl class='gallery-item'>\n\t\t\t\t<dt class='gallery-icon portrait'>\n\t\t\t\t\t<a class=\"rollover rollover-zoom dt-pswp-item\" title=\"5b3f910d-e4f4-4b78-af96-3f604eec380c\" data-dt-img-description=\"\" data-large_image_width=\"180\" data-large_image_height=\"320\"href='https:\/\/www.radiopiu.net\/wordpress\/wp-content\/uploads\/2020\/11\/5b3f910d-e4f4-4b78-af96-3f604eec380c.jpg'><img loading=\"lazy\" decoding=\"async\" width=\"150\" height=\"150\" src=\"https:\/\/www.radiopiu.net\/wordpress\/wp-content\/uploads\/2020\/11\/5b3f910d-e4f4-4b78-af96-3f604eec380c-150x150.jpg\" class=\"attachment-thumbnail size-thumbnail\" alt=\"\" \/><\/a>\n\t\t\t\t<\/dt><\/dl><br style=\"clear: both\" \/>\n\t\t\t<\/div>\n\n<p>&nbsp;<\/p>\n<p>&nbsp;<\/p>\n<hr \/>\n<p>&nbsp;<\/p>\n<p>&nbsp;<\/p>\n<blockquote>\n<h3>PROCEDE NEL SENSO VIETATO, CICLISTA CONTRO UN&#8217;AUTO<\/h3>\n<\/blockquote>\n<p><strong>PONTE NELLE ALPI<\/strong> Nel pomeriggio di ieri un 15enne di origine marocchina residente a Ponte nelle Alpi \u00e8 stato investito da un&#8217;auto (Golf) mentre procedeva in contromano\u00a0 in via Dante Alighieri. Il giovane \u00e8 stato trasportato all&#8217;ospedale di Belluno con ferite di media gravit\u00e0<\/p>\n<p>&nbsp;<\/p>\n<p>&nbsp;<\/p>\n<p>&nbsp;<\/p>\n<hr \/>\n<p>&nbsp;<\/p>\n<blockquote>\n<h3>UN ALTRO STADIO DEL GHIACCIO NELL&#8217;AGORDINO, PARTE LA CRITICA<\/h3>\n<\/blockquote>\n<p><strong><a href=\"https:\/\/www.radiopiu.net\/wordpress\/giornale-radiopiu-07-novembre-2020-direttore-mirko-mezzacasa\/4b70c8d1-2509-4333-8340-a5b37b1d0d85-2\/\" rel=\"attachment wp-att-171062\"><img loading=\"lazy\" decoding=\"async\" class=\" wp-image-171062 alignleft\" src=\"https:\/\/www.radiopiu.net\/wordpress\/wp-content\/uploads\/2020\/11\/4b70c8d1-2509-4333-8340-a5b37b1d0d85-300x146.jpg\" alt=\"\" width=\"238\" height=\"116\" srcset=\"https:\/\/www.radiopiu.net\/wordpress\/wp-content\/uploads\/2020\/11\/4b70c8d1-2509-4333-8340-a5b37b1d0d85-300x146.jpg 300w, https:\/\/www.radiopiu.net\/wordpress\/wp-content\/uploads\/2020\/11\/4b70c8d1-2509-4333-8340-a5b37b1d0d85-1024x498.jpg 1024w, https:\/\/www.radiopiu.net\/wordpress\/wp-content\/uploads\/2020\/11\/4b70c8d1-2509-4333-8340-a5b37b1d0d85-768x373.jpg 768w, https:\/\/www.radiopiu.net\/wordpress\/wp-content\/uploads\/2020\/11\/4b70c8d1-2509-4333-8340-a5b37b1d0d85-1536x747.jpg 1536w, https:\/\/www.radiopiu.net\/wordpress\/wp-content\/uploads\/2020\/11\/4b70c8d1-2509-4333-8340-a5b37b1d0d85.jpg 1600w\" sizes=\"auto, (max-width: 238px) 100vw, 238px\" \/><\/a>ROCCA PIETORE<\/strong> Il sindaco di Rocca Pietore non condivide le scelte dei colleghi, in questo caso del primo cittadino di Agordo Roberto Chissal\u00e8 e interviene a seguito della notizia pubblicata ieri e anche precedemente circa l&#8217;amministrazione comunale di recuperare lo stadio Toni Guadagnini in localit\u00e0 Polane.<em> &#8220;Va in contrasto col buonsenso&#8221; s<\/em>intetizza De Bernardin che precisa di intervenire \u00a0come Segretario della Sezione Lega Dolomiti, quindi una considerazione prettamente politica<\/p>\n<p><strong>AUDIO<\/strong><\/p>\n<audio class=\"wp-audio-shortcode\" id=\"audio-170916-3\" preload=\"none\" style=\"width: 100%;\" controls=\"controls\"><source type=\"audio\/mpeg\" src=\"https:\/\/www.radiopiu.net\/wordpress\/wp-content\/uploads\/2020\/11\/andrea-stadio.mp3?_=3\" \/><a href=\"https:\/\/www.radiopiu.net\/wordpress\/wp-content\/uploads\/2020\/11\/andrea-stadio.mp3\">https:\/\/www.radiopiu.net\/wordpress\/wp-content\/uploads\/2020\/11\/andrea-stadio.mp3<\/a><\/audio>\n<h2><\/h2>\n<h2>DAL CORRIERE DELLA ALPI, Gianni Santomaso<\/h2>\n<audio class=\"wp-audio-shortcode\" id=\"audio-170916-4\" preload=\"none\" style=\"width: 100%;\" controls=\"controls\"><source type=\"audio\/mpeg\" src=\"https:\/\/www.radiopiu.net\/wordpress\/wp-content\/uploads\/2020\/11\/GIANNI-STADIO-GHIACCIO-DE-BERNARDIN.mp3?_=4\" \/><a href=\"https:\/\/www.radiopiu.net\/wordpress\/wp-content\/uploads\/2020\/11\/GIANNI-STADIO-GHIACCIO-DE-BERNARDIN.mp3\">https:\/\/www.radiopiu.net\/wordpress\/wp-content\/uploads\/2020\/11\/GIANNI-STADIO-GHIACCIO-DE-BERNARDIN.mp3<\/a><\/audio>\n<p>&nbsp;<\/p>\n<p><strong>NEL NOTIZIARIO DI IERI: PRESENTATO AL PRESIDENTE DEL CONI GIOVANNI MALAGO&#8217; IL PROGETTO DEL NUOVO STADIO DEL GHIACCIO AD AGORDO<\/strong><\/p>\n<p><strong><a href=\"https:\/\/www.radiopiu.net\/wordpress\/presentato-al-presidente-del-coni-giovanni-malago-il-progetto-del-nuovo-stadio-del-ghiaccio-ad-agordo\/stadio-agordo-malago\/\" rel=\"attachment wp-att-170908\"><img loading=\"lazy\" decoding=\"async\" class=\" wp-image-170908 alignleft\" src=\"https:\/\/www.radiopiu.net\/wordpress\/wp-content\/uploads\/2020\/11\/STADIO-AGORDO-MALAGO-300x300.jpg\" alt=\"\" width=\"186\" height=\"186\" srcset=\"https:\/\/www.radiopiu.net\/wordpress\/wp-content\/uploads\/2020\/11\/STADIO-AGORDO-MALAGO-300x300.jpg 300w, https:\/\/www.radiopiu.net\/wordpress\/wp-content\/uploads\/2020\/11\/STADIO-AGORDO-MALAGO-1024x1024.jpg 1024w, https:\/\/www.radiopiu.net\/wordpress\/wp-content\/uploads\/2020\/11\/STADIO-AGORDO-MALAGO-150x150.jpg 150w, https:\/\/www.radiopiu.net\/wordpress\/wp-content\/uploads\/2020\/11\/STADIO-AGORDO-MALAGO-768x768.jpg 768w, https:\/\/www.radiopiu.net\/wordpress\/wp-content\/uploads\/2020\/11\/STADIO-AGORDO-MALAGO-1536x1536.jpg 1536w, https:\/\/www.radiopiu.net\/wordpress\/wp-content\/uploads\/2020\/11\/STADIO-AGORDO-MALAGO.jpg 2048w\" sizes=\"auto, (max-width: 186px) 100vw, 186px\" \/><\/a>AGORDO <\/strong><\/p>\n<p><strong>di\u00a0Gianni\u00a0Santomaso\u00a0<\/strong><\/p>\n<p>&nbsp;<\/p>\n<p>&nbsp;<\/p>\n<p>&nbsp;<\/p>\n<p>&nbsp;<\/p>\n<p>&nbsp;<\/p>\n<audio class=\"wp-audio-shortcode\" id=\"audio-170916-5\" preload=\"none\" style=\"width: 100%;\" controls=\"controls\"><source type=\"audio\/mpeg\" src=\"https:\/\/www.radiopiu.net\/wordpress\/wp-content\/uploads\/2020\/11\/GIANNI-STADIO-GHIACCIO-AGORDO.mp3?_=5\" \/><a href=\"https:\/\/www.radiopiu.net\/wordpress\/wp-content\/uploads\/2020\/11\/GIANNI-STADIO-GHIACCIO-AGORDO.mp3\">https:\/\/www.radiopiu.net\/wordpress\/wp-content\/uploads\/2020\/11\/GIANNI-STADIO-GHIACCIO-AGORDO.mp3<\/a><\/audio>\n<h3>NOTIZIARIO 6 OTTOBRE<\/h3>\n<p>di Gianni Santomaso<\/p>\n<audio class=\"wp-audio-shortcode\" id=\"audio-170916-6\" preload=\"none\" style=\"width: 100%;\" controls=\"controls\"><source type=\"audio\/mpeg\" src=\"https:\/\/www.radiopiu.net\/wordpress\/wp-content\/uploads\/2020\/10\/GIANNI-PALAGHIACCIO-AGORDO.mp3?_=6\" \/><a href=\"https:\/\/www.radiopiu.net\/wordpress\/wp-content\/uploads\/2020\/10\/GIANNI-PALAGHIACCIO-AGORDO.mp3\">https:\/\/www.radiopiu.net\/wordpress\/wp-content\/uploads\/2020\/10\/GIANNI-PALAGHIACCIO-AGORDO.mp3<\/a><\/audio>\n<p>&nbsp;<\/p>\n<p>&nbsp;<\/p>\n<hr \/>\n<p>&nbsp;<\/p>\n<p>&nbsp;<\/p>\n<blockquote>\n<h3>MULTATI GLI ECO FURBI O PRESUNTI TALI, ASSEGNATO IL PREMIO ZOZZONE DELL&#8217;ANNO<\/h3>\n<\/blockquote>\n<p><strong><a href=\"https:\/\/www.radiopiu.net\/wordpress\/giornale-radiopiu-07-novembre-2020-direttore-mirko-mezzacasa\/download-992\/\" rel=\"attachment wp-att-171164\"><img loading=\"lazy\" decoding=\"async\" class=\"wp-image-171164 alignleft\" src=\"https:\/\/www.radiopiu.net\/wordpress\/wp-content\/uploads\/2020\/11\/download-6.jpg\" alt=\"\" width=\"166\" height=\"94\" \/><\/a>LIMANA<\/strong><\/p>\n<p><strong>DI DAMIANO TORMEN<\/strong><\/p>\n<audio class=\"wp-audio-shortcode\" id=\"audio-170916-7\" preload=\"none\" style=\"width: 100%;\" controls=\"controls\"><source type=\"audio\/mpeg\" src=\"https:\/\/www.radiopiu.net\/wordpress\/wp-content\/uploads\/2020\/11\/DAMIANO-LIMANA.mp3?_=7\" \/><a href=\"https:\/\/www.radiopiu.net\/wordpress\/wp-content\/uploads\/2020\/11\/DAMIANO-LIMANA.mp3\">https:\/\/www.radiopiu.net\/wordpress\/wp-content\/uploads\/2020\/11\/DAMIANO-LIMANA.mp3<\/a><\/audio>\n<p>&nbsp;<\/p>\n<p>&nbsp;<\/p>\n<hr \/>\n<p>&nbsp;<\/p>\n<blockquote>\n<h2>VENETO ANCORA GIALLO, BELLUNO IN FASE 4 E RECORD NEGATIVO PER LE CASE DI RIPOSO<\/h2>\n<\/blockquote>\n<p>Senza fare confusione, una cosa sono i colori dal verde al rosso decisi dal Governo nazionale, un altro paio di maniche le fasi da 1 a 5 della Regione che sono lo specchio della situazione sanitaria o meglio ancora dell&#8217;occupazione ospedaliera. Detto questo, Belluno \u00e8 in fase 4 (su cinque), peggiore situazione in Veneto che costringe la Ulss ad organizzare i reparti, infatti dopo Agordo (dove ci sono gi\u00e0 stati due decessi per covid in 48 ore) anche l&#8217;ospedale di Auronzo subisce la trasformazione in covid hospital. In tutta la regione comunque l&#8217;allerta \u00e8 alta e sono state ridotte le prestazioni programmate, si prevedono oltre 2000 ricoveri entro il 15 novembre il periodo del picco. Per Francesca Russo del dipartimento di Prevenzione il livello arancione non \u00e8 comunque imminente nonostante\u00a0 gli oltre 73 mila positivi, i 1308 ricoverati di cui 174 in terapia intensiva.<\/p>\n<p><strong>CASE DI RIPOSO<\/strong> Il record di positivi \u00e8 bellunese con il 6,8% degli ospiti contagiati, 47 gli operatori che hanno contratto il virus su 2151. Elevato il numero di morti tra gli anziani su 156 decessi riferiti da Azienda Zero da inizio pandemia ben 120 sono ospiti bellunesi pari al 77%. Con riferimento al contagio tra operatori Belluno \u00e8 al secondo posto (2,2% del totale)<\/p>\n<p><strong>BELLUNO<\/strong> Sono 6 gli operatori contagiati nella RSA Gaggia Lante. Erano 4 lo scorso mese, alcuni gi\u00e0 rientrati in servizio poich\u00e9 negativizzati, gli ospiti attualmente sono tutti negativi.<\/p>\n<p><strong>CORTINA<\/strong> Don Ivano Brambilla \u00e8 guarito definitivamente dal covid e gi\u00e0 questa sera sar\u00e0 nella Basilica per celebrare la messa.<\/p>\n<p><strong>ROCCA PIETORE<\/strong>\u00a0 Riguardo all&#8217;emergenza Covid, nonostante sul territorio di Rocca Pietore la situazione almeno per il momento permanga tutto sommato tranquilla, \u00e8 indubbio che i dati dimostrano anche qui continui aumenti. &#8220;<em>Siamo passati dagli zero positivi e zero quarantene di un paio di settimane fa agli attuali 4 positivi e 9 quarantene. Cosa che ci deve far stare ancora pi\u00f9 attenti nelle nostre abitudini quotidiane. Prestiamo particolare attenzione soprattutto alle fasce pi\u00f9 deboli&#8221;<\/em> dice il sindaco Andrea De Bernardin.<\/p>\n<blockquote>\n<h3><\/h3>\n<h3>COVID IN PROVINCIA: ANCORA 3 DECESSI, 201 NUOVI POSITIVI IN UN GIORNO E 89 RICOVERATI. NELLE SCUOLE 73 CLASSI CON ALMENO UN POSITIVO, 15 IN ISOLAMENTO<\/h3>\n<\/blockquote>\n<p><strong>BELLUNO<\/strong> Altri 3 decessi nelle ultime ore negli ospedali della Ulss 1 Dolomiti. Una donna di 78 anni ricoverata in Pneumologia di Feltre, una donna di 80 anni ricoverata in malattie Infettive a Belluno, un uomo di anni 88 ricoverato in Malattie Infettive a Belluno.<\/p>\n<p><a href=\"https:\/\/www.radiopiu.net\/wordpress\/covid-in-provincia-ancora-3-decessi-201-nuovi-positivi-in-un-giorno-e-89-ricoverati-nelle-scuole-73-classi-con-almeno-un-positivo-15-in-isolamento\/schermata-2020-11-06-alle-17-51-53\/\" rel=\"attachment wp-att-171130\"><img loading=\"lazy\" decoding=\"async\" class=\"alignnone wp-image-171130 size-large\" src=\"https:\/\/www.radiopiu.net\/wordpress\/wp-content\/uploads\/2020\/11\/Schermata-2020-11-06-alle-17.51.53-1024x449.png\" alt=\"\" width=\"1024\" height=\"449\" srcset=\"https:\/\/www.radiopiu.net\/wordpress\/wp-content\/uploads\/2020\/11\/Schermata-2020-11-06-alle-17.51.53-1024x449.png 1024w, https:\/\/www.radiopiu.net\/wordpress\/wp-content\/uploads\/2020\/11\/Schermata-2020-11-06-alle-17.51.53-300x131.png 300w, https:\/\/www.radiopiu.net\/wordpress\/wp-content\/uploads\/2020\/11\/Schermata-2020-11-06-alle-17.51.53-768x337.png 768w, https:\/\/www.radiopiu.net\/wordpress\/wp-content\/uploads\/2020\/11\/Schermata-2020-11-06-alle-17.51.53.png 1036w\" sizes=\"auto, (max-width: 1024px) 100vw, 1024px\" \/><\/a><\/p>\n<p>&nbsp;<\/p>\n<p><a href=\"https:\/\/www.radiopiu.net\/wordpress\/covid-in-provincia-ancora-3-decessi-201-nuovi-positivi-in-un-giorno-e-89-ricoverati-nelle-scuole-73-classi-con-almeno-un-positivo-15-in-isolamento\/schermata-2020-11-06-alle-17-51-33\/\" rel=\"attachment wp-att-171131\"><img loading=\"lazy\" decoding=\"async\" class=\"alignnone wp-image-171131 size-large\" src=\"https:\/\/www.radiopiu.net\/wordpress\/wp-content\/uploads\/2020\/11\/Schermata-2020-11-06-alle-17.51.33-1024x707.png\" alt=\"\" width=\"1024\" height=\"707\" srcset=\"https:\/\/www.radiopiu.net\/wordpress\/wp-content\/uploads\/2020\/11\/Schermata-2020-11-06-alle-17.51.33-1024x707.png 1024w, https:\/\/www.radiopiu.net\/wordpress\/wp-content\/uploads\/2020\/11\/Schermata-2020-11-06-alle-17.51.33-300x207.png 300w, https:\/\/www.radiopiu.net\/wordpress\/wp-content\/uploads\/2020\/11\/Schermata-2020-11-06-alle-17.51.33-768x530.png 768w, https:\/\/www.radiopiu.net\/wordpress\/wp-content\/uploads\/2020\/11\/Schermata-2020-11-06-alle-17.51.33.png 1500w\" sizes=\"auto, (max-width: 1024px) 100vw, 1024px\" \/><\/a><\/p>\n<p>&nbsp;<\/p>\n<p><strong>Ospedale di Belluno\u00a0<\/strong>Attivata un\u2019ulteriore area di degenza per pazienti Covid al 3\u00b0 piano del blocco medico del San Martino. Complessivamente, al San Martino, sono attivi 58 posti letto (Pneumologia Covid, Malattie Infettive Covid, Geriatria Covid e Medicina Covid) di area non critica- sub intensiva per pazienti a media intensit\u00e0 di cura. A questi si aggiungono 9 Posti letto disponibili per pazienti Covid in Terapia Intensiva.\u00a0<strong>Ospedale di Feltre\u00a0<\/strong>Attivati 3 posti letti di Terapia Intensiva per pazienti Covid Positivi. Si aggiungono ai 24 posti letto attivi in Pneumologia Covid \u2013 area non critica sub intensiva.\u00a0<strong>Ospedali di Comunit\u00e0\u00a0<\/strong>E\u2019 in corso l\u2019attivazione di posti letto per pazienti covid positivi all\u2019ospedale di Comunit\u00e0 di Auronzo (21 posti letto). Si aggiungono agli attuali posti letto attivi per pazienti covid positivi: 15 al Padiglione Gaggia a Feltre, 5 all\u2019ospedale di Comunit\u00e0 di Alano e 10 all\u2019ospedale di Comunit\u00e0 di Agordo.\u00a0<strong>DIPARTIMENTO DI PREVENZIONE\u00a0<\/strong><em>SCUOLE\u00a0<\/em>Attualmente le classi in carico al Dipartimento di Prevenzione (con almeno 1 positivit\u00e0 rilevata) sono\u00a0 <strong>73 classi<\/strong>\u00a0 cos\u00ec articolate:\u00a04 classi dell&#8217;infanzia,\u00a017 classi della primaria,\u00a019 classi delle medie,\u00a033 classi delle superiori. Di queste, <strong>15 classi<\/strong> sono attualmente in Isolamento domiciliare fiduciario secondo protocollo (positivit\u00e0 in asili o prima elementare o pi\u00f9 di una positivit\u00e0 nella stessa classe).<\/p>\n<p>&nbsp;<\/p>\n<p>&nbsp;<\/p>\n<hr \/>\n<p>&nbsp;<\/p>\n<blockquote>\n<h2>PRESENTATO IL PROGETTO VETRINE ON LINE<\/h2>\n<\/blockquote>\n<p><strong><a href=\"https:\/\/www.radiopiu.net\/wordpress\/giornale-radiopiu-07-novembre-2020-direttore-mirko-mezzacasa\/vetrina-negozio-lucca-1080x500\/\" rel=\"attachment wp-att-171168\"><img loading=\"lazy\" decoding=\"async\" class=\" wp-image-171168 alignleft\" src=\"https:\/\/www.radiopiu.net\/wordpress\/wp-content\/uploads\/2020\/11\/vetrina-negozio-lucca-1080x500-1-300x139.jpg\" alt=\"\" width=\"224\" height=\"104\" srcset=\"https:\/\/www.radiopiu.net\/wordpress\/wp-content\/uploads\/2020\/11\/vetrina-negozio-lucca-1080x500-1-300x139.jpg 300w, https:\/\/www.radiopiu.net\/wordpress\/wp-content\/uploads\/2020\/11\/vetrina-negozio-lucca-1080x500-1-1024x474.jpg 1024w, https:\/\/www.radiopiu.net\/wordpress\/wp-content\/uploads\/2020\/11\/vetrina-negozio-lucca-1080x500-1-768x356.jpg 768w, https:\/\/www.radiopiu.net\/wordpress\/wp-content\/uploads\/2020\/11\/vetrina-negozio-lucca-1080x500-1.jpg 1080w\" sizes=\"auto, (max-width: 224px) 100vw, 224px\" \/><\/a>FELTRE<\/strong><\/p>\n<p><strong>DI MORENO GIOLI\u00a0<\/strong><\/p>\n<audio class=\"wp-audio-shortcode\" id=\"audio-170916-8\" preload=\"none\" style=\"width: 100%;\" controls=\"controls\"><source type=\"audio\/mpeg\" src=\"https:\/\/www.radiopiu.net\/wordpress\/wp-content\/uploads\/2020\/11\/MORENO-GIOLI.mp3?_=8\" \/><a href=\"https:\/\/www.radiopiu.net\/wordpress\/wp-content\/uploads\/2020\/11\/MORENO-GIOLI.mp3\">https:\/\/www.radiopiu.net\/wordpress\/wp-content\/uploads\/2020\/11\/MORENO-GIOLI.mp3<\/a><\/audio>\n<p>&nbsp;<\/p>\n<p><strong>L&#8217;ASSESSORE IRMA VISALLI<\/strong><\/p>\n<audio class=\"wp-audio-shortcode\" id=\"audio-170916-9\" preload=\"none\" style=\"width: 100%;\" controls=\"controls\"><source type=\"audio\/mpeg\" src=\"https:\/\/www.radiopiu.net\/wordpress\/wp-content\/uploads\/2020\/11\/VISALLI.mp3?_=9\" \/><a href=\"https:\/\/www.radiopiu.net\/wordpress\/wp-content\/uploads\/2020\/11\/VISALLI.mp3\">https:\/\/www.radiopiu.net\/wordpress\/wp-content\/uploads\/2020\/11\/VISALLI.mp3<\/a><\/audio>\n<p>&nbsp;<\/p>\n<hr \/>\n<blockquote>\n<h3><\/h3>\n<h3>ANCORA VIOLENZE NEL CARCERE DI BALDENICH SEZIONE SALUTE MENTALE<\/h3>\n<\/blockquote>\n<p><strong><img loading=\"lazy\" decoding=\"async\" class=\"alignleft\" src=\"https:\/\/www.radiopiu.net\/wordpress\/wp-content\/uploads\/2016\/03\/carcere.jpg\" width=\"269\" height=\"179\" \/>BELLUNO I<\/strong> sindacati di categoria hanno scritto al Provveditore dell&#8217;amministrazione penitenziaria del Triveneto mettendo in evidenza nuove\u00a0 m<span style=\"color: #000000; font-family: Helvetica;\">inacce verso i poliziotti e\u00a0 detenuti, violenza e furia distruttiva. Quindi la situazione \u00e8 nuovamente critica nella Sezione per la tutela della salute mentale del carcere di Belluno. Nei giorni scorsi un detenuto si \u00e8 reso protagonista di una escalation di episodi di violenza, scagliandosi su sedie, porte, finestre e tavoli. Fortunatamente gli episodi si sono limitati alla distruzione di beni dell\u2019amministrazione e non hanno provocato danni fisici a detenuti e poliziotti. Altissima per\u00f2 la tensione fra gli altri ristretti e il personale di polizia penitenziaria. <\/span><span style=\"color: #000000; font-family: Helvetica;\">Per questo, i Sindacati territoriali di polizia penitenziaria hanno scritto al Provveditore dell\u2019amministrazione penitenziaria per il Triveneto e per conoscenza al direttore della Casa circondariale di Belluno, all\u2019assessore alla Sanit\u00e0 della Regione Veneto e al Prefetto di Belluno una lettera per chiedere ancora una volta la chiusura immediata della sezione per la tutela della salute mentale. Ma non solo.<\/span><\/p>\n<p><span style=\"color: #0000ff;\"><strong>DALLA RASSEGNA STAMPA DELLE OTTO, ROBERT DA RE CISL_FNS<\/strong><\/span><\/p>\n<audio class=\"wp-audio-shortcode\" id=\"audio-170916-10\" preload=\"none\" style=\"width: 100%;\" controls=\"controls\"><source type=\"audio\/mpeg\" src=\"https:\/\/www.radiopiu.net\/wordpress\/wp-content\/uploads\/2020\/11\/da-re.mp3?_=10\" \/><a href=\"https:\/\/www.radiopiu.net\/wordpress\/wp-content\/uploads\/2020\/11\/da-re.mp3\">https:\/\/www.radiopiu.net\/wordpress\/wp-content\/uploads\/2020\/11\/da-re.mp3<\/a><\/audio>\n<p>&nbsp;<\/p>\n<blockquote>\n<div align=\"left\"><em><span style=\"color: #000000; font-family: Helvetica;\">Robert Da Re (Cisl Fns), Giordano Morriello (Fsa Cnpp), Luisa Baschiera (Cgil Fp Pp), Luca Garrisi (Sappe), Giuseppe Ongaro (Osapp) e Pietro Falletta (Uspp), a nome di tutto il personale di Polizia Penitenziaria in servizio presso la Casa Circondariale di Belluno, chiedono l\u2019implemento della pianta organica e contestualmente la veloce assegnazione di altro personale e l\u2019intervento urgente dell\u2019ufficio tecnico del Provveditorato regionale dell&#8217;amministrazione penitenziaria per verificare l\u2019idoneit\u00e0 della sezione in esame. \u201cNon sono escluse nuove iniziative di protesta se le richieste dovessero rimanere ancora una volta inascoltate &#8211; spiegano i rappresentanti sindacali &#8211; . Ricordiamo che nella casa circondariale di Belluno il personale di polizia penitenziaria \u00e8 in stato di agitazione dall\u2019ottobre 2018\u201d.<\/span><\/em><\/div>\n<div align=\"left\"><em><span style=\"color: #000000; font-family: Helvetica;\">Eppure, in questi due anni, non \u00e8 stato preso alcun provvedimento, denunciano i Sindacati nella lettera. \u201c\u00c8 palese &#8211; scrivono &#8211; che la struttura bellunese non \u00e8 in grado di gestire particolari utenze, mettendo a repentaglio l\u2019incolumit\u00e0 psicofisica del personale di servizio. Prova ne \u00e8 la delibera della Regione Veneto 793 dell\u201911 giugno 2019 la quale evidenza la necessit\u00e0 di predisporre una struttura adeguata. Delibera che non ha ancora trovato realizzazione, nonostante la sezione debba terminare la sua funzione nell\u2019istituto bellunese alla fine del 2020 o inizio 2021\u201d. <\/span><\/em><em><span style=\"color: #000000; font-family: Helvetica;\">Il personale di polizia penitenziaria di Belluno \u00e8 stremato, anche a causa della forte carenza di personale, che spesso lavora sotto la soglia minima di sicurezza ed \u00e8 costretto a ricoprire pi\u00f9 posti di servizio. \u201cI poliziotti &#8211; concludono i rappresentanti sindacali &#8211; si sono caricati dell\u2019onere di una nuova sezione con evidenti peculiarit\u00e0, senza battere ciglio e con inevitabile senso di abnegazione. Sacrifici non ritenuti tali dall\u2019Amministrazione che non sembra intenzionata a prendere in seria considerazione le problematiche che gravano fortemente sull\u2019istituto bellunese e pi\u00f9 precisamente sul personale che vi opera\u201d.<\/span><\/em><\/div>\n<\/blockquote>\n<h3><\/h3>\n<blockquote>\n<h3 align=\"left\">SOLIDARIETA&#8217; DA LUCA DE CARLO<\/h3>\n<\/blockquote>\n<p><strong>AUDIO<\/strong><\/p>\n<audio class=\"wp-audio-shortcode\" id=\"audio-170916-11\" preload=\"none\" style=\"width: 100%;\" controls=\"controls\"><source type=\"audio\/mpeg\" src=\"https:\/\/www.radiopiu.net\/wordpress\/wp-content\/uploads\/2020\/09\/DE-CARLO.mp3?_=11\" \/><a href=\"https:\/\/www.radiopiu.net\/wordpress\/wp-content\/uploads\/2020\/09\/DE-CARLO.mp3\">https:\/\/www.radiopiu.net\/wordpress\/wp-content\/uploads\/2020\/09\/DE-CARLO.mp3<\/a><\/audio>\n<p>&nbsp;<\/p>\n<div align=\"left\"><strong><a href=\"https:\/\/www.radiopiu.net\/wordpress\/giornale-radiopiu-19-maggio-2020-direttore-mirko-mezzacasa\/luca-de-carlo-8\/\" rel=\"attachment wp-att-138787\"><img loading=\"lazy\" decoding=\"async\" class=\"size-full wp-image-138787 alignleft\" src=\"https:\/\/www.radiopiu.net\/wordpress\/wp-content\/uploads\/2020\/05\/Luca-De-Carlo.jpg\" alt=\"\" width=\"165\" height=\"228\" \/><\/a>BELLUNO\u00a0<\/strong>\u201c<em>Pieno sostegno agli operatori del carcere di Baldenich. Non \u00e8 accettabile che lo Stato si preoccupi pi\u00f9 dei detenuti che dei suoi servitori, che da anni lavorano in condizioni di grave disagio e di scarsissima sicurezza<\/em>\u201d: il senatore Luca De Carlo esprime la sua solidariet\u00e0 agli agenti del carcere di Belluno, dove in questi giorni si sono registrati nuovi atti di violenza.<br \/>\n\u201c<em>\u00c8 una situazione che seguo in prima persona da diverso tempo: in questi anni, ho effettuato diverse visite e avuto diversi confronti a livello regionale e nazionale con i diversi soggetti responsabili\u201d, ricorda De Carlo. \u201cSiamo sempre in attesa del trasferimento della sezione dei malati psichici a Padova nel prossimo anno, ma questo non \u00e8 sufficiente, e sar\u00e0 comunque un&#8217;azione tardiva. Servono forze nuove, c&#8217;\u00e8 una carenza di organico di circa il 20%: non \u00e8 possibile continuare con questa annosa mancanza, sopperita unicamente dalla passione e dal senso di responsabilit\u00e0 degli agenti in servizio, che hanno superato anche le difficolt\u00e0 di questa primavera dovute ai contagi anche tra gli stessi operatori penitenziari. Fratelli d&#8217;Italia continuer\u00e0 a lottare in tutte le sedi per dare la giusta dignit\u00e0 e sicurezza a questi lavoratori ignorati da quello Stato che con tanta dedizione tutelano<\/em>\u201d.<\/div>\n<div align=\"left\"><\/div>\n<div align=\"left\"><\/div>\n<hr \/>\n<p>&nbsp;<\/p>\n<blockquote>\n<h3>\u201cDECRETO AGOSTO\u201d: AGGIORNATA LA LEGGE CHE GUIDA L\u2019OPERATO DEL SOCCORSO ALPINO E SPELEOLOGICO<\/h3>\n<p>&nbsp;<\/p><\/blockquote>\n<h3><strong>DAI NOTIZIARI DI RADIO PIU, DI MORENO GIOLI<\/strong><\/h3>\n<audio class=\"wp-audio-shortcode\" id=\"audio-170916-12\" preload=\"none\" style=\"width: 100%;\" controls=\"controls\"><source type=\"audio\/mpeg\" src=\"https:\/\/www.radiopiu.net\/wordpress\/wp-content\/uploads\/2020\/11\/GIOLI.mp3?_=12\" \/><a href=\"https:\/\/www.radiopiu.net\/wordpress\/wp-content\/uploads\/2020\/11\/GIOLI.mp3\">https:\/\/www.radiopiu.net\/wordpress\/wp-content\/uploads\/2020\/11\/GIOLI.mp3<\/a><\/audio>\n<p>&nbsp;<\/p>\n<h3>L&#8217;OPINIONE DI FABIO RUFUS BRISTOT<\/h3>\n<div style=\"width: 848px;\" class=\"wp-video\"><video class=\"wp-video-shortcode\" id=\"video-170916-2\" width=\"848\" height=\"480\" preload=\"metadata\" controls=\"controls\"><source type=\"video\/mp4\" src=\"https:\/\/www.radiopiu.net\/wordpress\/wp-content\/uploads\/2020\/11\/rufus-bristot.mp4?_=2\" \/><a href=\"https:\/\/www.radiopiu.net\/wordpress\/wp-content\/uploads\/2020\/11\/rufus-bristot.mp4\">https:\/\/www.radiopiu.net\/wordpress\/wp-content\/uploads\/2020\/11\/rufus-bristot.mp4<\/a><\/video><\/div>\n<p>&nbsp;<\/p>\n<p><strong><a href=\"https:\/\/www.radiopiu.net\/wordpress\/ritrovati-uno-zaino-e-un-bastone-da-funghi-apperteneti\/salt_20201005_175532_837_resized\/\" rel=\"attachment wp-att-164431\"><img loading=\"lazy\" decoding=\"async\" class=\" wp-image-164431 alignleft\" src=\"https:\/\/www.radiopiu.net\/wordpress\/wp-content\/uploads\/2020\/10\/salt_20201005_175532_837_resized-300x225.jpg\" alt=\"\" width=\"209\" height=\"157\" srcset=\"https:\/\/www.radiopiu.net\/wordpress\/wp-content\/uploads\/2020\/10\/salt_20201005_175532_837_resized-300x225.jpg 300w, https:\/\/www.radiopiu.net\/wordpress\/wp-content\/uploads\/2020\/10\/salt_20201005_175532_837_resized-1024x768.jpg 1024w, https:\/\/www.radiopiu.net\/wordpress\/wp-content\/uploads\/2020\/10\/salt_20201005_175532_837_resized-768x576.jpg 768w, https:\/\/www.radiopiu.net\/wordpress\/wp-content\/uploads\/2020\/10\/salt_20201005_175532_837_resized-640x480.jpg 640w, https:\/\/www.radiopiu.net\/wordpress\/wp-content\/uploads\/2020\/10\/salt_20201005_175532_837_resized.jpg 1182w\" sizes=\"auto, (max-width: 209px) 100vw, 209px\" \/><\/a>BELLUNO <\/strong><em>\u201cAbbiamo ottenuto un risultato importante: investire nella sanit\u00e0 e nella sicurezza, con maggiori strumenti per chi opera in un ambiente estremo come la montagna\u201d.<\/em> Non hanno dubbi il Ministro per il Rapporti con il Parlamento, Federico D\u2019Inc\u00e0 e il Presidente del Soccorso Alpino e Speleologico (CNSAS), Maurizio Dellantonio, che hanno presentato alla stampa la riforma della legge principale che governa l\u2019operato del CNSAS. Un provvedimento approvato nei giorni scorsi dal Parlamento, strettamente legato anche all\u2019emergenza Coronavirus.<em> \u201cDevo ringraziare fortemente il Governo ed il <\/em><em>Ministro D\u2019Inc\u00e0\u201d<\/em>, <em>ha voluto sottolineare in apertura di conferenza Dellantonio, \u201channo seguito con <\/em><em>competenza e attenzione l\u2019intero iter, dando maggiori strumenti per il nostro Corpo e di conseguenza <\/em><em>maggiore sicurezza per l\u2019Italia\u201d.<\/em><\/p>\n<p><strong>LE MODIFICHE APPORTATE DALLA NUOVA LEGGE<\/strong> \u00a0Viene introdotto il principio della \u201cdirezione\u201d delle operazioni di soccorso che rafforza e risolve in via definitiva questioni di carattere interpretativo. Ribadito lo strettissimo rapporto e interazione con il \u201cServizio Sanitario nazionale\u201d, prima indicato in modo <a href=\"https:\/\/www.radiopiu.net\/wordpress\/salt_20200921_145431_136_resized\/\"><img loading=\"lazy\" decoding=\"async\" class=\"size-medium wp-image-161806 alignright\" src=\"https:\/\/www.radiopiu.net\/wordpress\/wp-content\/uploads\/2020\/09\/salt_20200921_145431_136_resized-300x225.jpg\" alt=\"\" width=\"300\" height=\"225\" srcset=\"https:\/\/www.radiopiu.net\/wordpress\/wp-content\/uploads\/2020\/09\/salt_20200921_145431_136_resized-300x225.jpg 300w, https:\/\/www.radiopiu.net\/wordpress\/wp-content\/uploads\/2020\/09\/salt_20200921_145431_136_resized-1024x768.jpg 1024w, https:\/\/www.radiopiu.net\/wordpress\/wp-content\/uploads\/2020\/09\/salt_20200921_145431_136_resized-768x576.jpg 768w, https:\/\/www.radiopiu.net\/wordpress\/wp-content\/uploads\/2020\/09\/salt_20200921_145431_136_resized-640x480.jpg 640w, https:\/\/www.radiopiu.net\/wordpress\/wp-content\/uploads\/2020\/09\/salt_20200921_145431_136_resized.jpg 1182w\" sizes=\"auto, (max-width: 300px) 100vw, 300px\" \/><\/a>generico, e con il \u201cSistema\u201d 118 e \u201ci servizi di elisoccorso\u201d con l\u2019obbligo di stipula di atti convenzionali tra le Regioni e le Province autonome e strutture territoriali di riferimento. \u00a0La possibilit\u00e0 di indennizzare particolari figure tecniche nella totale assenza di lucro che l&#8217;attivit\u00e0 deve continuare a mantenere quale condizione ferma e prevista dalla stessa legge. \u00a0L\u2019introduzione di sette nuove figure professionali specialistiche del Soccorso Alpino e Speleologico: tecnico di centrale operativa; coordinatore di operazioni di ricerca; tecnico di ricerca; tecnico di soccorso in pista; tecnico disostruttore; tecnico speleosubacqueo; pilota di sistemi aeromobili a pilotaggio remoto. La norma finanziaria con lo stanziamento annuale di 750mila euro per il prossimo triennio, che incontra le particolari necessit\u00e0 di adeguare le polizze assicurative contratte a favore dei soci del CNSAS e di favorire il controllo sanitario a favore degli stessi soci, dando estensione e continuit\u00e0 a tutti i servizi CNSAS.<\/p>\n<p><strong>LE DICHIARAZIONI<\/strong><em> \u201cIl risultato raggiunto per potere strutturare al meglio la legge 74 del 2001 \u00e8 il frutto di un grandissimo lavoro durante il quale ci siamo confrontati con particolare attenzione &#8211; ha dichiarato il <a href=\"https:\/\/www.radiopiu.net\/wordpress\/trauma-facciale-sullantelao-recupero-di-un-escursionista-in-comelico-ed-infortunio-ad-un-piede-a-santo-stefano\/salt_20200906_192456_728_resized\/\" rel=\"attachment wp-att-159423\"><img loading=\"lazy\" decoding=\"async\" class=\"size-medium wp-image-159423 alignleft\" src=\"https:\/\/www.radiopiu.net\/wordpress\/wp-content\/uploads\/2020\/09\/salt_20200906_192456_728_resized-225x300.jpg\" alt=\"\" width=\"225\" height=\"300\" srcset=\"https:\/\/www.radiopiu.net\/wordpress\/wp-content\/uploads\/2020\/09\/salt_20200906_192456_728_resized-225x300.jpg 225w, https:\/\/www.radiopiu.net\/wordpress\/wp-content\/uploads\/2020\/09\/salt_20200906_192456_728_resized-768x1025.jpg 768w, https:\/\/www.radiopiu.net\/wordpress\/wp-content\/uploads\/2020\/09\/salt_20200906_192456_728_resized-360x480.jpg 360w, https:\/\/www.radiopiu.net\/wordpress\/wp-content\/uploads\/2020\/09\/salt_20200906_192456_728_resized.jpg 886w\" sizes=\"auto, (max-width: 225px) 100vw, 225px\" \/><\/a>Ministro per i Rapporti con il Parlamento e le Riforme, il bellunese Federico D\u2019Inc\u00e0 -. Una modifica legislativa che rende ancora pi\u00f9 definito il ruolo del soccorso alpino e rappresenta un grande passo in avanti che consentir\u00e0 a questo corpo di lavorare ancora meglio sui territori.<\/em> \u00a0<em>\u201cAnche in questa occasione desidero sottolineare la buona riuscita di un importante lavoro che abbiamo <\/em><em>portato avanti negli ultimi mesi, senza annunci roboanti e con il necessario rigore \u2013 ha detto invece Maurizio Dellantonio, Presidente del Corpo Nazionale Soccorso Alpino e Speleologico &#8211; Abbiamo ottenuto una riforma sostanziale della Legge 21 marzo 2001, n. 74, una sorta di legge quadro <\/em><em>su cui si basa una parte significativa dell\u2019ordinamento di riferimento del CNSAS, che sancisce doveri e <\/em><em>responsabilit\u00e0 in capo al personale del CNSAS, ma anche il pieno riconoscimento della nostra organizzazione&#8221;<\/em><\/p>\n<h3><\/h3>\n<p>&nbsp;<\/p>\n<p>&nbsp;<\/p>\n<div class=\"page-title-breadcrumbs\"><\/div>\n<p>&nbsp;<\/p>\n<hr \/>\n<p>&nbsp;<\/p>\n<blockquote>\n<h3>MISURE PER IL CONTENIMENTO DELL&#8217;INQUINAMENTO, DIVIETO DI ACCENSIONE FUOCHI ALL&#8217;APERTO<\/h3>\n<\/blockquote>\n<p><strong><img decoding=\"async\" class=\"alignleft\" src=\"https:\/\/www.radiopiu.net\/wordpress\/wp-content\/uploads\/2020\/11\/download-4.jpg\" \/>FELTRE<\/strong>\u00a0 Il sindaco Paolo Perenzin ha invitato\u00a0 i titolari e gestori di attivit\u00e0 commerciali e assimilabili (quali negozi, magazzini di vendita all\u2019ingrosso o al minuto, supermercati ed esposizioni) a tenere chiuse le porte di accesso ai rispettivi locali, fatte salve le esigenze di aerazione dei locali connesse alle misure di prevenzione dell\u2019epidemia in corso da COVID-19 con il fine di \u00a0contenere l&#8217;inquinamento atmosferico, quindi di fatto l&#8217;invito a\u00a0 limitare\u00a0 l&#8217;esercizio degli impianti termici, compresi quelli alimentati a biomassa legnosa, nonch\u00e9 prescrizioni per le combustioni all&#8217;aperto e per lo spandimento di liquami zootecnici fino al 31 marzo 2021. L\u2019inquinamento atmosferico rappresenta una delle principali problematiche ambientali in ambito urbano con effetti negativi sulla salute e costituisce una criticit\u00e0 in particolare durante la stagione invernale nei luoghi dove le specifiche condizioni orografiche e meteoclimatiche favoriscono la formazione e l\u2019accumulo nell\u2019aria di inquinanti con particolare riferimento alle polveri sottili; \u00a0Secondo l\u2019ultimo inventario delle emissioni della Regione Veneto, la combustione delle biomasse legnose ha un\u2019evidente responsabilit\u00e0 nella formazione delle polveri sottili ed in particolare del Benzo(a)pirene, composto quest\u2019ultimo che viene adsorbito facilmente nel particolato e che pu\u00f2 avere effetti cancerogeni sull\u2019organismo umano.<\/p>\n<p><strong><span style=\"color: #008000;\">ATTUALE LIVELLO: NESSUNA ALLERTA, VERDE CHE PREVEDE COMUNQUE IL DIVIETO DI ACCENSIONE FUOCHI.\u00a0<\/span><\/strong><\/p>\n<p><strong>L&#8217;ORDINANZA<\/strong> :\u00a0 \u00a0fino al 31\/03\/2021, nell\u2019intero territorio comunale: <strong>con livello \u201c Nessuna allerta \u201d &#8211; verde: <\/strong>divieto di accendere fuochi all\u2019aperto su tutto il territorio comunale.\u00a0 Sono consentite deroghe per i fal\u00f2 rituali legati a consolidate tradizioni pluriennali che potranno essere concesse con relative prescrizioni <strong>con livello di allerta 1 \u2013 arancio : <\/strong>\u00a0divieto di accendere fuochi all\u2019aperto su tutto il territorio comunale \u00a0il divieto di spandimento di liquami zootecnici; <strong>con livello di allerta 2 \u2013 rosso: <\/strong>\u00a0divieto di accendere fuochi all\u2019aperto su tutto il territorio comunale\u00a0il divieto di spandimento di liquami zootecnici;<\/p>\n<p style=\"text-align: center;\"><strong><span style=\"color: #ff0000;\">IL PERIODO PIU&#8217; CRITICO QUANDO ARRIVERA&#8217; IL FREDDO E AUMENTERANO LE PM 10<\/span><\/strong><\/p>\n<p>&nbsp;<\/p>\n<hr \/>\n<p>&nbsp;<\/p>\n<blockquote class=\"wp-embedded-content\" data-secret=\"sbeFkvVzYP\"><p><a href=\"https:\/\/www.radiopiu.net\/wordpress\/coronavirus-aggiornamento-nazionale-06-novembre\/\">CORONAVIRUS: AGGIORNAMENTO NAZIONALE 06 NOVEMBRE<\/a><\/p><\/blockquote>\n<p><iframe loading=\"lazy\" class=\"wp-embedded-content\" sandbox=\"allow-scripts\" security=\"restricted\" style=\"position: absolute; clip: rect(1px, 1px, 1px, 1px);\" title=\"&#8220;CORONAVIRUS: AGGIORNAMENTO NAZIONALE 06 NOVEMBRE&#8221; &#8212; Radio Pi\u00f9\" src=\"https:\/\/www.radiopiu.net\/wordpress\/coronavirus-aggiornamento-nazionale-06-novembre\/embed\/#?secret=sbeFkvVzYP\" data-secret=\"sbeFkvVzYP\" width=\"600\" height=\"338\" frameborder=\"0\" marginwidth=\"0\" marginheight=\"0\" scrolling=\"no\"><\/iframe><\/p>\n<p>&nbsp;<\/p>\n<hr \/>\n<p>&nbsp;<\/p>\n<blockquote class=\"wp-embedded-content\" data-secret=\"SLGN4HFfWr\"><p><a href=\"https:\/\/www.radiopiu.net\/wordpress\/nelle-ultime-24-ore-sono-3377-i-nuovi-positivi-in-veneto-22-decessi-in-calo-i-ricoveri-a-belluno-201-nuove-positivita-situazione-stabile-negli-ospedali\/\">NELLE ULTIME 24 ORE SONO 3377 I NUOVI POSITIVI IN VENETO. 22 DECESSI, IN CALO I RICOVERI. A BELLUNO 201 NUOVE POSITIVITA&#8217;, SITUAZIONE STABILE NEGLI OSPEDALI<\/a><\/p><\/blockquote>\n<p><iframe loading=\"lazy\" class=\"wp-embedded-content\" sandbox=\"allow-scripts\" security=\"restricted\" style=\"position: absolute; clip: rect(1px, 1px, 1px, 1px);\" title=\"&#8220;NELLE ULTIME 24 ORE SONO 3377 I NUOVI POSITIVI IN VENETO. 22 DECESSI, IN CALO I RICOVERI. A BELLUNO 201 NUOVE POSITIVITA&#8217;, SITUAZIONE STABILE NEGLI OSPEDALI&#8221; &#8212; Radio Pi\u00f9\" src=\"https:\/\/www.radiopiu.net\/wordpress\/nelle-ultime-24-ore-sono-3377-i-nuovi-positivi-in-veneto-22-decessi-in-calo-i-ricoveri-a-belluno-201-nuove-positivita-situazione-stabile-negli-ospedali\/embed\/#?secret=SLGN4HFfWr\" data-secret=\"SLGN4HFfWr\" width=\"600\" height=\"338\" frameborder=\"0\" marginwidth=\"0\" marginheight=\"0\" scrolling=\"no\"><\/iframe><\/p>\n<p>&nbsp;<\/p>\n<p><strong>\u00a0I GRAFICI DI TIZIANO DE COL\u00a0<\/strong><\/p>\n\n\t\t\t<style type='text\/css'>\n\t\t\t\t#gallery-4 {\n\t\t\t\t\tmargin: auto;\n\t\t\t\t}\n\t\t\t\t#gallery-4 .gallery-item {\n\t\t\t\t\tfloat: left;\n\t\t\t\t\tmargin-top: 10px;\n\t\t\t\t\ttext-align: center;\n\t\t\t\t\twidth: 33%;\n\t\t\t\t}\n\t\t\t\t#gallery-4 img {\n\t\t\t\t\tborder: 2px solid #cfcfcf;\n\t\t\t\t}\n\t\t\t\t#gallery-4 .gallery-caption {\n\t\t\t\t\tmargin-left: 0;\n\t\t\t\t}\n\t\t\t\t\/* see gallery_shortcode() in wp-includes\/media.php *\/\n\t\t\t<\/style>\n\t\t<div id='gallery-4' class='dt-gallery-container gallery galleryid-170916 gallery-columns-3 gallery-size-thumbnail'><dl class='gallery-item'>\n\t\t\t\t<dt class='gallery-icon landscape'>\n\t\t\t\t\t<a class=\"rollover rollover-zoom dt-pswp-item\" title=\"7d4214f0-772c-49ee-a53c-772bacd50a86\" data-dt-img-description=\"\" data-large_image_width=\"730\" data-large_image_height=\"468\"href='https:\/\/www.radiopiu.net\/wordpress\/wp-content\/uploads\/2020\/11\/7d4214f0-772c-49ee-a53c-772bacd50a86.jpg'><img loading=\"lazy\" decoding=\"async\" width=\"150\" height=\"150\" src=\"https:\/\/www.radiopiu.net\/wordpress\/wp-content\/uploads\/2020\/11\/7d4214f0-772c-49ee-a53c-772bacd50a86-150x150.jpg\" class=\"attachment-thumbnail size-thumbnail\" alt=\"\" \/><\/a>\n\t\t\t\t<\/dt><\/dl><dl class='gallery-item'>\n\t\t\t\t<dt class='gallery-icon landscape'>\n\t\t\t\t\t<a class=\"rollover rollover-zoom dt-pswp-item\" title=\"b98cc9d1-3fa5-4d29-afd8-ab2229fbaae4\" data-dt-img-description=\"\" data-large_image_width=\"791\" data-large_image_height=\"466\"href='https:\/\/www.radiopiu.net\/wordpress\/wp-content\/uploads\/2020\/11\/b98cc9d1-3fa5-4d29-afd8-ab2229fbaae4.jpg'><img loading=\"lazy\" decoding=\"async\" width=\"150\" height=\"150\" src=\"https:\/\/www.radiopiu.net\/wordpress\/wp-content\/uploads\/2020\/11\/b98cc9d1-3fa5-4d29-afd8-ab2229fbaae4-150x150.jpg\" class=\"attachment-thumbnail size-thumbnail\" alt=\"\" \/><\/a>\n\t\t\t\t<\/dt><\/dl><dl class='gallery-item'>\n\t\t\t\t<dt class='gallery-icon landscape'>\n\t\t\t\t\t<a class=\"rollover rollover-zoom dt-pswp-item\" title=\"b41a3bc0-f048-41d7-8c1a-ce907b544c99\" data-dt-img-description=\"\" data-large_image_width=\"602\" data-large_image_height=\"350\"href='https:\/\/www.radiopiu.net\/wordpress\/wp-content\/uploads\/2020\/11\/b41a3bc0-f048-41d7-8c1a-ce907b544c99.jpg'><img loading=\"lazy\" decoding=\"async\" width=\"150\" height=\"150\" src=\"https:\/\/www.radiopiu.net\/wordpress\/wp-content\/uploads\/2020\/11\/b41a3bc0-f048-41d7-8c1a-ce907b544c99-150x150.jpg\" class=\"attachment-thumbnail size-thumbnail\" alt=\"\" \/><\/a>\n\t\t\t\t<\/dt><\/dl><br style=\"clear: both\" \/>\n\t\t\t<\/div>\n\n<p>&nbsp;<\/p>\n<p>&nbsp;<\/p>\n<hr \/>\n<p>&nbsp;<\/p>\n<blockquote>\n<h2>ECCO COME E&#8217; ANDATA LA VICENDA DEI DATI, OSPITE LA DOTTORESSA RUSSO CAPO DELLA PREVENZIONE, SUPERATI I 5000 GUARITI VENETO PROSSIMO ALLA FASE 4 BELLUNO LO E&#8217; GIA&#8217;<\/h2>\n<\/blockquote>\n<blockquote>\n<h2>LEGGI LA CONFERENZA STAMPA DI LUCA ZAIA<\/h2>\n<\/blockquote>\n<p><em>Grazie alla Safilo che ha donato 500 visiere e 2000 occhiali per gli operatori\u00a0<\/em><\/p>\n<p>Con 174 persone in terapia intensiva con mezzo piede siamo nella fase 4, di massima turbolenza e tensione per gli ospedali, ci confortano i modelli che parlano del picco a met\u00e0 novembre con 250 terapie intensive. Questa \u00e8 la fase pi\u00f9 critica,<strong> Belluno<\/strong> \u00e8 gi\u00e0 in area 4 con i ricoveri e in area 3 con le terapie intensive <strong>Padova<\/strong> \u00e8 in area 3 anche se le terapie intensive spingono un po&#8217; di pi\u00f9\u00a0<strong> Rovigo<\/strong> \u00e8 in fase 2 nei ricoveri e in fase 3 nelle terapie <strong>Treviso<\/strong> in fase 4 con i ricoveri (225) e in fase 2 con le terapie intensive. E&#8217; un covid che si caratterizza di pi\u00f9 con i ricoveri piuttosto che con le terapie intensive, la massa di positivi \u00e8 tra i giovani e i ricoveri invece tra gli anziani. <strong>QUARTO LIVELLO E&#8217; ARANCIONE CHE NON C&#8217;ENTRA CON QUELLO NAZIONALE<\/strong> Infatti non c&#8217;entra niente.<strong> PRELUDE UN SALTO DI QUALITA?<\/strong> Ho parlato di fase 4 non di colori non c&#8217;entra niente con il Governo e non prevede restrizioni se non ospedaliere, sono riferite solo al tema ospedale per favore non facciamo confusione. Non abbiniamo le due cose, chiamiamole fasi ospedaliere. <strong>CONTRIBUTO SANITA&#8217; PRIVATA COME SI CONCRETIZZA?<\/strong> Se ci sono professionalit\u00e0 utili per l causa, ci servono ad esempio anestesiti, pneumologi. Come a marzo dovremo chiedere aI parivati di garantire alcune prestazioni e di restringere su altri fronti.\u00a0 <strong>CI SONO PIU&#8217; COMUNI CONFUSI SUI MERCATI AMBULANTI<\/strong> Non mi risulta siano oggetto di restrizione, rimangono chiuso solo i centri commerciali il sabato e la domenica (aperti alimentari, farmacie, parafarmacie ed edicole), il sindaco ha comunque facolt\u00e0 di evitare gli assembramenti. <strong>PARRUCCHIERI NEI CENTRI COMMERCIALI?<\/strong> Tutto chiuso lo prevede il DPCM<br \/>\n<strong>CI AVVICINIAMO AL PICCO AVETE PRESE IN CONSIDERAZIONE DI FARE DELLE ZONE ROSSE?<\/strong> Il Veneto far\u00e0 le scelte opportune nei tempi opportune, al momento non c&#8217;\u00e8 nessun progetto di lockdwon o coprifuoco, da stasera \u00e8 alle 22 fino alle 5 come da DPCM. Non c&#8217;\u00e8 altro su cui &#8220;ravanare&#8221;. <strong>CI SONO ALBERGHI PER LE QUARANTENE?<\/strong> Le Ulss si stanno attivando, non possiamo pensare che il pubblico debba risolvere tutti i problemi. Molti ricoveri hanno comunque una componente anche sociale.<strong> IL MINISTRO DELLA SALUTE ALLA CAMERA HA RIBADITO COME SI E&#8217; ARRIVATI A COLORARE LE REGIONI CHE NE PENSA E QUANDO SI PASSA ALLA FASE SUCCESSIVA?<\/strong> In linea di diritto il Presidente di Regione puo&#8217; fare ordinanze restrittive senza ordini nazionali. Quindi puo&#8217; intervenire. In linea di diritto c&#8217;\u00e8 stato un decreto luce che introduce le possibilit\u00e0 di restringere da parte del Presidente della Regione da concordare con il Ministro della Salute, ma si puo&#8217; chiudere di pi\u00f9 in autonomia che non stiamo esercitando e non intendiamo al momento esercitare. Se c&#8217;\u00e8 dibattito significa che c&#8217;\u00e8 problema di dialogo. Se non c&#8217;\u00e8 dialogo \u00e8 perche&#8217; non esiste la formula magica tipo &#8220;bimbi&#8221; che butti dentro tutto e viene fuori la torta o il risotto. Non facciamo a finta di pensare ci sia la formula magica che da le zone colorate, la formula c&#8217;\u00e8 ma per dare una base su cui discutere, per questo ho chiesto il contradditorio con la singola Regione. Per noi \u00e8 stata via telefono, ci siamo spiegati. Se si istituisse la volont\u00e0 di un tavolo di contradditorio veloce sarebbe importante tipo spiegare che noi facciamo tanti tamponi rapidi che vengono caricati sui molecolari&#8230; Sia passa di fascia solo se si abbassa la guardia, noi sul fronte ospealiera siamo certi di mantenere i parametri in linea. Se aumenta l&#8217; RT significa che non stiamo osservando le regole, ci scrivono tutti i giorni che gira gente priva di mascherina, vediamo non un possibile infettante ma un possibile carcerirere che di obbligher\u00e0 a chiuderci in casa. Adesso va di modo dire di tutto e minacciare.\u00a0 <strong>LA PIPI&#8217; DEI CANI E&#8217; UNA COSA CHE SI PUO&#8217; FARE ANCHE DOPO LE 22?<\/strong> Risponderei&#8230; dove sono finiti tutti i runner. Ho un cane, si puo&#8217; abituarlo a far la pipi&#8217; prima delle 22 serve un minimo di sacrificio anche se e&#8217; vero che vai nel giardinetto sotto casa. Che non sia una sfida, non fatta la legge trovato l&#8217;inganno ne va di tutta la salute dei cittadini ci sono 2500 morti atterrati dal covid, in maniera anticipata chi aveva altre patologie. <strong>DATO POSITIVI MENO RICOVERI E MENO TERAPIE INTESIVE<\/strong>. Certo oggi ma puo&#8217; essere un dato anomalo da confermare.<\/p>\n<h2>DOTTORESSA FRANCESCA\u00a0 RUSSO RESP. DIPARTIMENTO PREVENZIONE.<\/h2>\n<p>Spiega i termini della raccolta dati, ogni giorno mandiamo i dati alla Protezione Civile (tamponi, positivi, decessi&#8230;) \u00e8 stato messo a punto un sistema di monitoraggio specifico dove si valutano oltre ai numeri anche\u00a0 l&#8217;insieme di procedure con indicatori, come si fanno determinate cose, quanto tempo ci mettiamo a individuare un soggetto, a prenderlo in carico, come lo seguiamo nel percorso e la tenuta del sistema sanitario non solo come ospedale ma anche sul territorio cio\u00e8 se il contact tracing regge o meno. I dati vengono pubblicati ogni settimana che caratterizza le Regioni, calcola il rischio e il valore RT. Da un punto di vista tecnico \u00e8 un sistema nato con due obiettivi: dare la possibilit\u00e0 agli organismi centrali se la Regione sono organizzate ed eventualmente sostenerla e dare alla Regione la capacit\u00e0 di evidenziare se il sistema di monitaraggio \u00e8 performante o va migliorato. Per questo tipo di monitoraggio settimanale abbiamo un colloquio continuo con il Ministero e l&#8217;Istituto Superiore di Sanit\u00e0 e vengono discussi i parametri. Il monitoraggio viene pubblicato dal Ministero della Salute e identifica le Regioni con l&#8217;RT per capire la contagiosit\u00e0 del virus. Successivamente a questo monitoraggio \u00e8 stato costruito un altro documento che rappresenta l&#8217;attivit\u00e0 del Governo centrale per fronteggiare l&#8217;epidemia e un capitolo quinto dove sono stati individuati con i colori i vari scenari epidemiologici sulla base di alcuni elementi tecnici: le misure declinate negli scenari colori supportano i processi decisionali delle Regioni, funzione di orientamento e non vincolanti. E&#8217; quindi uno strumento tecnico perch\u00e9 le Regioni individuino dove si trovano. In tabella ci sono gli scenari verdi, gialli, arancio e rosso, ognuno caratterizzato da elementi di diffusione del virus come RT, tamponi fatti, rapporto positivi e tamponi, percentuale soggetti sintomatici e non e la capacit\u00e0 di sostegno del sistema sanitario. Questo permette alle Regioni\u00a0 di capire dove una Regione si trova. Non sono compartimenti stagni ma si valuta l&#8217;andamento delle ultime settimane. Il documento del monitoraggio ha indicatori con valenza settimanale ma anche mensile nel breve e lungo periodo. Sulla base di questo documento orientativo questo \u00e8 stato utilizzato dal Governo centrale per individuare la giusta fascia. <strong>Scenario verde<\/strong>: situazioni\u00a0 invariate rispetto a luglio agosto \u00e8 ovvio che nessuna Regione \u00e8 in questa condizione per questo si parte dal colore <strong>GIALLO <\/strong>che prevede\u00a0 trasmissibilit\u00e0 sostenuta ma gestibile a livello sanitario nel medio periodo. Per il contac tracing rispondiamo come Veneto pienamente all&#8217;indicatore con il doppio di quanto previsto. Tutte le cose che abbiamo messo in piedi ci permettono di ritrovarci in questo scenario.<strong> RITARDI?\u00a0 Noi avevamo mandato una mail prima ancora si parlasse di colori indicando un problema informatico con dati che stavamo trasferendo e\u00a0 ha causato dei ritardi, sono stati inviati ieri mattina.\u00a0 Il documento degli scenari \u00e8 stato studiato anche con riferimento alle prossime settimane con l&#8217;arrivo dell&#8217;influenza. <\/strong>E&#8217; iniziata anche la sorveglianza sulla circolazione del virus influenzale, quest&#8217;anno il medico che viene contattato dal paziente con i sintomi dell&#8217;influenza viene valutato anche con il tampone. Sulla base di questa sorveglianza avremo dati da considerare. Gli scenari si adatteranno anche alle difficolt\u00e0 respiratorie.\u00a0 <span style=\"color: #ffcc00;\"><strong>ALLA LUCE DELL&#8217;ATTUALE SOLUZIONE QUALI SONO LE PROBABILITA&#8217; DEL VENETO DI RIMANERE IN FASCIA GIALLA? Osservando le regole, riducendo gli assembramenti. Io credo che da qui\u00a0 ad altri 10 giorni forse un cambiamento potrebbe esserci perch\u00e9 la sanit\u00e0 pubblica ci dice che per vedere cambiamenti ci vogliono tre settimane, quindi dobbiamo aspettare ancora un po&#8217; per capire se le misure prese hanno rallentato la diffusione del virus. Ogni scenario ha accanto altri due scenari, e si puo&#8217; passare dall&#8217;uno all&#8217;altro.<span style=\"color: #000000;\"> VENTI GIORNI PER L&#8217;ATTESA EPIDEMIOLOGICA E NORMATIVA? <\/span><\/strong><span style=\"color: #000000;\">Il monitoraggio degli indicatori sono prevalentemente di 2-3 settimane, 3 settimane per l&#8217; RT incidenza 2 settimane. Non c&#8217;\u00e8 un tempo specifico per ogni indicatore, si valutano nell&#8217;insieme, alcuni vanno rivisti in base alla fase in cui ci troviamo. I casi sui tamponi non \u00e8 corretto, perch\u00e9 non tiene conto dei test rapidi che potrebbero modificare gli indicatori a livello nazionale e ho chiesto con una lettera di rivedere gli indicatori. <strong>QUANDO DOBBIAMO ASPETTARCI UNA VERIFICA?<\/strong> Ogni settimana avendo debiti informativi con Istituto Sanit\u00e0 e Ministero. <strong><span style=\"color: #ff6600;\">IPOTESI DI FASCIA ARANCIONE PER IL VENETO DA DOMENICA SCRIVE REPUBBLICA\u00a0 IN UN LANCIO ON LINE<\/span> <\/strong>Non ci risulta. <strong>I CONTROLLI POSSONO PORTARE A MENO CASI DI INFLUENZA?<\/strong> Certo le misure di igiene respiratoria valgono anche per l&#8217;influenza. <strong>\u00a0C&#8217;E&#8217; CHI NON HA ANCORA RICEVUTO I KIT PER TAMPONI RAPIDI<\/strong> Sono in distribuzione da ieri <strong>TAMPONI BABY O SALIVARI?<\/strong> Il baby lo stiamo facendo con le macchinette, li stiamo acquistando soprattutto per le scuole, sul salivare \u00e8 in corso la sperimentazione che sta dando buoni risultati. <strong>POSITIVI E TAMPONI C&#8217;E&#8217; UN DUBBIO, I TAMPONI DI CONTROLLO POI RISULTANO TRA I NUOVI POSITIVI?<\/strong> I dati vengono forniti separatamente, i tamponi rifatti sono contati separatamente.\u00a0<\/span><\/span><\/p>\n<p>https:\/\/www.facebook.com\/zaiaufficiale\/videos\/729409257671474<\/p>\n<p>&nbsp;<\/p>\n<hr \/>\n<p>&nbsp;<\/p>\n<blockquote>\n<h3>SANITA\u2019. VENETO PRIMO IN ITALIA PER QUALITA\u2019 SERVIZI SANITARI<\/h3>\n<\/blockquote>\n<p><strong><a href=\"https:\/\/www.radiopiu.net\/wordpress\/conferenza-sui-servizi-sanitari-il-commento-di-jacopo-massaro\/sanita-2\/\" rel=\"attachment wp-att-51292\"><img loading=\"lazy\" decoding=\"async\" class=\"size-medium wp-image-51292 alignleft\" src=\"https:\/\/www.radiopiu.net\/wordpress\/wp-content\/uploads\/2018\/06\/sanita-300x188.jpg\" alt=\"\" width=\"300\" height=\"188\" srcset=\"https:\/\/www.radiopiu.net\/wordpress\/wp-content\/uploads\/2018\/06\/sanita-300x188.jpg 300w, https:\/\/www.radiopiu.net\/wordpress\/wp-content\/uploads\/2018\/06\/sanita-768x482.jpg 768w, https:\/\/www.radiopiu.net\/wordpress\/wp-content\/uploads\/2018\/06\/sanita-1024x642.jpg 1024w, https:\/\/www.radiopiu.net\/wordpress\/wp-content\/uploads\/2018\/06\/sanita.jpg 1280w\" sizes=\"auto, (max-width: 300px) 100vw, 300px\" \/><\/a>VENEZIA\u00a0<\/strong>\u201c<em>Un primato di cui andar fieri. Lo dedico ai veneti e a tutta la squadra che ha lavorato e lavora ogni giorno sia nella fase operativa dell\u2019erogazione dei servizi, sia in quella della programmazione. Tutti sempre impegnati a dare il meglio, sia nei momenti di tranquillit\u00e0 che in quelli di difficolt\u00e0 e tensione, quando occorre aver programmato bene, diagnosticare con precisione\u00a0 e saper curare al meglio possibile chi sta male<\/em>\u201d.\u00a0E\u2019 questo il commento del Presidente della Regione, Luca Zaia, alla pubblicazione da parte del Ministero della Salute della griglia dei Livelli Essenziali di Assistenza (LEA), che vede il Veneto al primo posto tra le Regioni italiane per la qualit\u00e0 dei servizi sanitari offerti ai cittadini. \u201c<em>Non \u00e8 una classifica \u2013 aggiunge Zaia \u2013 ma un esame approfondito su un gran numero di parametri, tra i quali l&#8217;adesione agli screening oncologici i parti cesarei, il tasso di vaccinazione, i ricoveri inappropriati e molti altri. Ottenere 222 punti su un massimo di 225, rispetto a una media nazionale di 199, significa essere riusciti a rispettare il diritto alla salute sancito dalla Costituzione, impresa che si fa di anno in anno pi\u00f9 difficile, ancor pi\u00f9 in questa fase storica nella quale il Covid costituisce uno stress test che fa tremare i polsi<\/em>\u201d. \u201c<em>Il risultato non deve rallentare per\u00f2 la ricerca di migliorare \u2013 conclude il Governatore \u2013 e quindi va valutato anche come uno stimolo ad andare avanti perch\u00e9 in sanit\u00e0 chi sta fermo, in realt\u00e0 arretra. Il Veneto e i veneti vogliono progredire e non ci saremmo riusciti, ad esempio, se negli anni scorsi non avessimo rinnovato e affinato la programmazione con un nuovo Piano sociosanitario e con importanti investimenti in tecnologie e organizzazione in rete<\/em>\u201d.<\/p>\n<p>&nbsp;<\/p>\n<p>&nbsp;<\/p>\n<hr \/>\n<p>&nbsp;<\/p>\n<blockquote class=\"wp-embedded-content\" data-secret=\"zEd2jQfaR1\"><p><a href=\"https:\/\/www.radiopiu.net\/wordpress\/report-ricoveri-belluno-gia-in-fase-4-del-piano-sanitario\/\">REPORT RICOVERI&#8230; BELLUNO GIA&#8217; IN FASE 4 DEL PIANO SANITARIO<\/a><\/p><\/blockquote>\n<p><iframe loading=\"lazy\" class=\"wp-embedded-content\" sandbox=\"allow-scripts\" security=\"restricted\" style=\"position: absolute; clip: rect(1px, 1px, 1px, 1px);\" title=\"&#8220;REPORT RICOVERI&#8230; BELLUNO GIA&#8217; IN FASE 4 DEL PIANO SANITARIO&#8221; &#8212; Radio Pi\u00f9\" src=\"https:\/\/www.radiopiu.net\/wordpress\/report-ricoveri-belluno-gia-in-fase-4-del-piano-sanitario\/embed\/#?secret=zEd2jQfaR1\" data-secret=\"zEd2jQfaR1\" width=\"600\" height=\"338\" frameborder=\"0\" marginwidth=\"0\" marginheight=\"0\" scrolling=\"no\"><\/iframe><\/p>\n<p>&nbsp;<\/p>\n<hr \/>\n<h2><span style=\"color: #ff0000;\">AD AURONZO APRE L&#8217;OSPEDALE COVID<\/span><\/h2>\n<blockquote>\n<h3>IN DIRETTA DALLA ULSS1 ADRIANO RASI CALDOGNO IL DIRETTORE GENERALE &#8211; AGGIORNAMENTO COVID 19 &#8211;<\/h3>\n<\/blockquote>\n<blockquote>\n<h3>LEGGI L&#8217;INTERVENTO DI ADRIANO RASI CALDOGNO<\/h3>\n<\/blockquote>\n<p>Aggiornamento della situazione per quanto riguarda l&#8217;emergenza covid in provincia. LA SITUAZIONE, effettuati 120.000 tamponi molecolari e circa 25.000 tamponi rapidi con impegno notevole della nostra azienda. Purtroppo risconstriamo un continuo aumento dei casi positivi nei 2000 tamponi al giorno\u00a0 nelle cinque postazioni drive-in. Il contagio pi\u00f9 diffuso \u00e8 nelle terre alte, Comelico, Cadore e Ampezzano. C&#8217;\u00e8 una tendenza alla stabilizzazione. Invito a contattare il medico di famiglia per avere le situazioni pi\u00f9 corrette. L&#8217;accesso ai tamponi si fa con impegnativa. L&#8217;esito del tampone rapido viene rilasciato con un certificato nel giro di 20 minuti mentre l&#8217;esito del molecolare viene di norma comunicato con sms all&#8217;interessato. Ricordo che la comunicazione della positivit\u00e0 implica l&#8217;obbligo all&#8217;isolamento (quarantena) secondo ben precise norme. Sul sito aziendale dell&#8217;Ulss1 ci sono tutte le norme da seguire per le modalit\u00e0 di svolgimento della quarantena, precauzioni e comportamenti. Fortunatamente nella grande maggioranza dei casi i soggetti positivi o sono asintomatici (larga maggioranza) o con sintomi lievi da non imporre un ricovero e le terapie possono essere svolte a domicilio. Abbiamo 63 ricoverati nelle terapie sub intensive o intensit\u00e0 ordinaria tra l&#8217;ospedale di Belluno e quello di Feltre, negli ospedali di Comunit\u00e0 ci sono 22 ricoverati. Sono dati in continua evoluzione, di ora in ora, il trand \u00e8 purtroppo si sostanziale crescita. Il piano emergenza autunno prevede 5 fasce di rischio connesse ai posti letto disponibili e scattano fasce che comportano le rimodulazione dei servizi. Confermiamo l&#8217;impegno di garantire per quanto possibile tutte le attivit\u00e0 ordinarie sia per la componente chirurgica che medica perch\u00e9 pur nell&#8217;emergenza covid continuiamo a registrare patologie ordinarie e ricoveri. A fronte di questa situazione ci sono e ci saranno rimodulazione per le attivit\u00e0 dei ricoveri programmati e anche per le prestazioni ambulatoriali che potranno registrare rallentamenti. E&#8217; motivo di rammarico, ma tutta la macchina aziendale \u00e8 impegnata per fare fronte ai diversi aspetti. Prossimi passi la trasformazione dell&#8217;ospedale di Comunit\u00e0 di Auronzo in ospedale Covid con 20 posti letto disponibili (a breve) dall&#8217;altro c&#8217;\u00e8 un piano d&#8217;azione che riguarda l&#8217;eventuale attivazione di ulteriori posti letto covid sia a Belluno che a Feltre.<strong> Attualmente \u00e8 sospesa l&#8217;attivit\u00e0 ortopedica di Agordo per consentire l&#8217;attivazione dell&#8217;ospedale di Comunit\u00e0, l&#8217;attivit\u00e0 dell&#8217;unit\u00e0 operativa di ortopedia sar\u00e0 riattivata quando i tempi lo consentiranno.<\/strong> Ci sono state altre sospensioni in altri ospedali per la necessit\u00e0 di recuperare posti letto e personale ma anche per alcuni episodi legati alla positivit\u00e0 si alcuni operatori sanitari e personale medico. Questo pu\u00f2 succedere, poi si recupera nei tempi pi\u00f9 brevi possibile. Quotidianamente la situazione \u00e8 monitorata con attenzione della Direzione Sanitaria. <strong>Case di riposo:<\/strong> preoccupazione fin dallo scorso mese di ottobre per la presenza di focolai. Rientrata l&#8217;emergenza a Cortina che oggi accoglie ospiti positivi da altre case di riposo. Situazione in miglioramento a Ponte nelle Alpi e Pieve di Cadore ma sono emerse positivit\u00e0 di Santa Giustina Meano, Limana,\u00a0 Santo Stefano ed Auronzo, in questi casi il dipartimento di Prevenzione e la componente distrettuale hanno svolto un&#8217;attivit\u00e0 di forte controllo e verifica supportando la gestione delle case con sopralluoghi e supporto anche per il reperimento di personale infermieristico, anche attivando una serie di ricoveri per pazienti sintomatici. Uno sforzo continuo e tema di grande attenzione. <strong>Scuole<\/strong> attualmente le classi in carico al dipartimento con almeno 1 positivit\u00e0 sono 70 numero che impone un notevole sforzo per seguire tutte le attivit\u00e0 di controllo. Attualmente 15 classi sono in isolamento domiciliare come stabilito dal protocollo operativo. Novit\u00e0 di rilievo la sottoscrizione di un accordo nazionale declinato in un accordo regionale rispetto all&#8217;impegno dei medici di famiglia che prevede la gestione dei medici di base di un&#8217;attivit\u00e0 di tamponi rapidi da effettuare dagli stessi. Attualmente questo tipo di attivit\u00e0 permetter\u00e0 anche la diagnostica. E&#8217; in corso e prender\u00e0 avvio a breve la distribuzione di kit di azienda zero per i medici di famiglia. Sempre attraverso i medici di famiglia \u00e8 in corso la vaccinazione anti influenzale. Nella fascia di et\u00e0 60-65 anni ha avuto un&#8217;adesione pi\u00f9 che significativa con oltre il 50% di aderenti. Ricordo che due giorni fa la Regione \u00e8 stata classifica come zona <span style=\"color: #ffcc00;\"><strong>GIALLA <\/strong><\/span>a livello nazionale, non \u00e8 uno stato permanente e verr\u00e0 sottoposto settimanalmente a una possibile rivalutazione, il passaggio alla fascia <strong><span style=\"color: #ff6600;\">ARANCIONE<\/span><\/strong> o <strong><span style=\"color: #ff0000;\">ROSSA<\/span> <\/strong>comporta via via l&#8217;adozione di provvedimenti ristrettivi molto significativi nel limitare le possibilit\u00e0 di movimento e attivit\u00e0 economiche per questo le regole sono da rispettare.<\/p>\n<p>&nbsp;<\/p>\n<p>https:\/\/www.facebook.com\/RasiCaldognoUlssDolomiti\/videos\/3317345775032885<\/p>\n<p>&nbsp;<\/p>\n<hr \/>\n<p>&nbsp;<\/p>\n<blockquote>\n<h3>COVID-19: IL PUNTO SULLE CASE DI RIPOSO IN VENETO E PROVINCIA DI BELLUNO<\/h3>\n<\/blockquote>\n<p><strong><a href=\"https:\/\/www.radiopiu.net\/wordpress\/emergenza-coronavirus-lappello-della-cooperazione-sociale-e-dei-sindacati-veneti-alle-istituzioni\/mani-anziani\/\" rel=\"attachment wp-att-125005\"><img loading=\"lazy\" decoding=\"async\" class=\"size-medium wp-image-125005 alignleft\" src=\"https:\/\/www.radiopiu.net\/wordpress\/wp-content\/uploads\/2020\/03\/MANI-ANZIANI-300x200.jpg\" alt=\"\" width=\"300\" height=\"200\" srcset=\"https:\/\/www.radiopiu.net\/wordpress\/wp-content\/uploads\/2020\/03\/MANI-ANZIANI-300x200.jpg 300w, https:\/\/www.radiopiu.net\/wordpress\/wp-content\/uploads\/2020\/03\/MANI-ANZIANI-1024x683.jpg 1024w, https:\/\/www.radiopiu.net\/wordpress\/wp-content\/uploads\/2020\/03\/MANI-ANZIANI-768x512.jpg 768w, https:\/\/www.radiopiu.net\/wordpress\/wp-content\/uploads\/2020\/03\/MANI-ANZIANI-1536x1024.jpg 1536w, https:\/\/www.radiopiu.net\/wordpress\/wp-content\/uploads\/2020\/03\/MANI-ANZIANI.jpg 1920w\" sizes=\"auto, (max-width: 300px) 100vw, 300px\" \/><\/a>VENEZIA<\/strong> La regione ha distribuito i dati sulla situazione Covid-19 nelle case di riposo. Nel Veneto sono 335 le strutture coinvolte, su 31336 ospiti 928 sono risultati positivi pari al 3 %. Di questi 72 sono ricoverati e 1081 sono i decessi dal 20 febbraio scorso. Tra i 31468 operatori, 513 sono i positivi pari al 1,6%. In provincia di Belluno sono 29 le strutture per anziani dove all&#8217;interno ci sono 2125 ospiti. 145 sono risultati positivi ( 6,8%) di cui 21 ricoverati. Dal 20 febbraio 120 decessi. 2151 gli operatori in provincia e 47 le positivit\u00e0 rilevate, pari al 2,2%.<\/p>\n<p>&nbsp;<\/p>\n<p>&nbsp;<\/p>\n<p>&nbsp;<\/p>\n<p>&nbsp;<\/p>\n<hr \/>\n<p>&nbsp;<\/p>\n<blockquote>\n<h3>LA BUSSOLA DELLA SOLIDARIETA&#8217; RACCOGLIE OLTRE 6000 EURO<\/h3>\n<\/blockquote>\n<p><strong><a href=\"https:\/\/www.radiopiu.net\/wordpress\/la-bussola-della-solidarieta-raccoglie-oltre-6000-euro\/download-989\/\" rel=\"attachment wp-att-170981\"><img loading=\"lazy\" decoding=\"async\" class=\"size-full wp-image-170981 alignleft\" src=\"https:\/\/www.radiopiu.net\/wordpress\/wp-content\/uploads\/2020\/11\/download-3.jpg\" alt=\"\" width=\"225\" height=\"225\" srcset=\"https:\/\/www.radiopiu.net\/wordpress\/wp-content\/uploads\/2020\/11\/download-3.jpg 225w, https:\/\/www.radiopiu.net\/wordpress\/wp-content\/uploads\/2020\/11\/download-3-150x150.jpg 150w\" sizes=\"auto, (max-width: 225px) 100vw, 225px\" \/><\/a>BELLUNO<\/strong>\u00a0 Lo sportello della \u201cBussola della solidariet\u00e0\u201d di Via Rialto ha chiuso i battenti poche settimane fa, e il bilancio di questa prima esperienza \u00e8 positivo. Nei tre mesi di apertura del servizio, sono stati infatti raccolti quasi 6400 euro da destinare alle famiglie in difficolt\u00e0 economica o per incentivare il percorso lavorativo delle persone in sofferenza. Quattro i progetti proposti dalla Bussola: met\u00e0 delle donazioni sono andate a \u00abAdotta un Ria\u00bb, con la possibilit\u00e0 di sostenere e attivare una borsa lavoro o di offrire un lavoro; l&#8217;altra met\u00e0 ha sostenuto \u00abResto a casa mia\u00bb, un impegno che permette di aiutare persone bisognose ad affrontare i costi di affitti e bollette, \u00abGioco con te!\u00bb, la cui adesione consentiva di sostenere il pagamento delle rette del Centro Estivo Comunale, e \u00abAdotta una famiglia\u00bb, per contribuire alle spese generali, alimentari e scolastiche di una famiglia in difficolt\u00e0 economica.\u00a0 La Bussola chiude lo sportello cittadino, ma resta attiva per chiunque volesse contribuire per adottare una famiglia o sostenere un\u2019esperienza lavorativa per chi \u00e8 in difficolt\u00e0: L\u2019Iban IT 22 Q 02008 11910 000 1054 43984 (causale: erogazione liberale progetto inclusione sociale) \u00e8 quindi sempre attivo per la raccolta fondi.<\/p>\n<h3><strong>L&#8217;INTERVISTA A LUCIA PELLEGRINI, ASSESSORE POLITICHE SOCIALI<\/strong><\/h3>\n<p><iframe loading=\"lazy\" title=\"Lucia Pellegrini   Assessore politiche sociali   Bilancio Bussola della Solidariet\u00e0\" width=\"1200\" height=\"675\" src=\"https:\/\/www.youtube.com\/embed\/vKMrbr9tzOA?feature=oembed\" frameborder=\"0\" allow=\"accelerometer; autoplay; clipboard-write; encrypted-media; gyroscope; picture-in-picture\" allowfullscreen><\/iframe><\/p>\n<p>&nbsp;<\/p>\n<hr \/>\n<p>&nbsp;<\/p>\n<blockquote>\n<h3>PENSANDO AL FUTURO, UN\u2019OPPORTUNITA\u2019 CONCRETA DI LAVORO CON IL CORSO \u201cDRIVE OUR FUTURE\u201d<\/h3>\n<\/blockquote>\n<p><a href=\"https:\/\/www.radiopiu.net\/wordpress\/__trashed-8\/image0-6\/\" rel=\"attachment wp-att-170979\"><img loading=\"lazy\" decoding=\"async\" class=\"size-medium wp-image-170979 alignleft\" src=\"https:\/\/www.radiopiu.net\/wordpress\/wp-content\/uploads\/2020\/11\/image0-200x300.jpeg\" alt=\"\" width=\"200\" height=\"300\" srcset=\"https:\/\/www.radiopiu.net\/wordpress\/wp-content\/uploads\/2020\/11\/image0-200x300.jpeg 200w, https:\/\/www.radiopiu.net\/wordpress\/wp-content\/uploads\/2020\/11\/image0.jpeg 426w\" sizes=\"auto, (max-width: 200px) 100vw, 200px\" \/><\/a><strong>LONGARONE\u00a0<\/strong> A fine novembre parte il corso gratuito \u201cDrive our Future\u201d per diventare conducenti di mezzi per il trasporto di persone. L\u2019opportunit\u00e0 \u00e8 nata dopo un\u2019attenta analisi da parte della Regione del Veneto del fabbisogno di autisti nel territorio: per questo \u00e8 stato lanciato il bando GUIDIAMO!, interamente finanziato dal Fondo Sociale Europeo, che per la provincia di Belluno si \u00e8 aggiudicata l\u2019area formazione di Certottica. Dieci \u00a0i candidati (in possesso della patente B e 21 anni compiuti) che potranno partecipare al corso dopo la selezione del 23 novembre, e che &#8211; con 150 ore di formazione specialistica in aula, un voucher formativo integrato e 120 ore di tirocinio in aziende operanti nell\u2019ambito del trasporto di persone \u2013 potranno conseguire la Patente D e la Carta di Qualificazione del Conducente (CQC). Considerati i diversi appelli lanciati proprio dalla principale azienda di TPL bellunese &#8211; che pre Covid lamentava una carenza drammatica di autisti dovuta all\u2019assenza di turnover \u2013 il percorso dimostra una risposta concreta alle esigenze del territorio e allo stesso tempo un\u2019opportunit\u00e0 di lavoro importante per i partecipanti. L\u2019inizio del corso \u00e8 previsto per il 30 novembre.Per ogni ulteriore informazione\u00a0 www.certottica.it.<\/p>\n<p>&nbsp;<\/p>\n<p>&nbsp;<\/p>\n<hr \/>\n<p><span style=\"color: #ff0000;\">\u00a0\u00a0<\/span><\/p>\n<blockquote>\n<h3>IL MIM BELLUNO E LA BIBLIOTECA DELLE MIGRAZIONI \u201cDINO BUZZATI\u201d CHIUSI FINO AL 3 DICEMBRE<\/h3>\n<\/blockquote>\n<p><strong><a href=\"https:\/\/www.radiopiu.net\/wordpress\/il-mim-belluno-e-la-biblioteca-delle-migrazioni-dino-buzzati-chiusi-fino-al-3-dicembre\/biblioteca_migrazioni_dino_buzzati\/\" rel=\"attachment wp-att-171075\"><img loading=\"lazy\" decoding=\"async\" class=\"size-medium wp-image-171075 alignleft\" src=\"https:\/\/www.radiopiu.net\/wordpress\/wp-content\/uploads\/2020\/11\/biblioteca_migrazioni_dino_buzzati-300x249.jpg\" alt=\"\" width=\"300\" height=\"249\" srcset=\"https:\/\/www.radiopiu.net\/wordpress\/wp-content\/uploads\/2020\/11\/biblioteca_migrazioni_dino_buzzati-300x249.jpg 300w, https:\/\/www.radiopiu.net\/wordpress\/wp-content\/uploads\/2020\/11\/biblioteca_migrazioni_dino_buzzati.jpg 600w\" sizes=\"auto, (max-width: 300px) 100vw, 300px\" \/><\/a>BELLUNO\u00a0<\/strong>Nonostante le misure prese a protezione dell\u2019utenza e del personale, volte ad arginare il rischio di contagio da Covid-19, il DPCM entrato in vigore nella giornata odierna impone una nuova chiusura di musei e luoghi di cultura. Anche il MiM Belluno &#8211; Museo interattivo delle Migrazioni rester\u00e0 chiuso fino al 3 dicembre e, con esso, la Biblioteca delle migrazioni \u201cDino Buzzati\u201d. Entrambi sono presenti nella sede dell\u2019Associazione Bellunesi nel Mondo, in via Cavour 3 a Belluno. \u00ab<em>Di certo continueremo a lavorare anche a porte chiuse\u00bb, le parole del presidente Abm Oscar De Bona \u00abci dispiace che il nostro Museo chiuda a meno di una settimana dall\u2019inaugurazione della nuova area dedicata a una trentina di bellunese famosi nel mondo<\/em>\u00bb. Per permettere, in parte, di far conoscere questa area lo staff del MiM Belluno sta preparando un video che sar\u00e0 trasmesso, attraverso le piattaforme social, la prossima settimana. \u00ab<em>Noi non ci arrendiamo. E andiamo avanti. Certo ci auguriamo di avere il massimo sostegno da parte degli Enti regionali e Statali, perch\u00e9 la cultura non deve essere messa all\u2019ultimo posto<\/em>\u00bb. Per quanto riguarda la Biblioteca delle migrazioni \u201cDino Buzzati\u201d, oltre alla chiusura della sala lettura, sono stati sospesi i servizi di prestito e interprestito.<\/p>\n<p>&nbsp;<\/p>\n<p>&nbsp;<\/p>\n<hr \/>\n<p>&nbsp;<\/p>\n<p><span style=\"color: #ff0000;\">pubblichiamo le ordinanze che i sindaci si sono premurati di inviare con puntualit\u00e0 alla redazione,\u00a0 non siamo a conoscenza se altri Comuni abbiano preso la stessa decisione.<\/span><\/p>\n<blockquote>\n<h2>AD AGORDO\u00a0 CANALE D&#8217;AGORDO, TAIBON, GOSALDO FALCADE E CENCENIGHE NON SI CANTA SAN MARTIN<\/h2>\n<\/blockquote>\n<p><strong><a class=\"dt-pswp-item\" href=\"https:\/\/www.radiopiu.net\/wordpress\/wp-content\/uploads\/2020\/11\/santo7275med.jpg\" data-dt-img-description=\"\" data-large_image_width=\"250\" data-large_image_height=\"355\"><img loading=\"lazy\" decoding=\"async\" class=\" wp-image-170489 alignleft\" src=\"https:\/\/www.radiopiu.net\/wordpress\/wp-content\/uploads\/2020\/11\/santo7275med-211x300.jpg\" alt=\"\" width=\"107\" height=\"152\" srcset=\"https:\/\/www.radiopiu.net\/wordpress\/wp-content\/uploads\/2020\/11\/santo7275med-211x300.jpg 211w, https:\/\/www.radiopiu.net\/wordpress\/wp-content\/uploads\/2020\/11\/santo7275med.jpg 250w\" sizes=\"auto, (max-width: 107px) 100vw, 107px\" \/><\/a>CENCENIGHE_TAIBON_FALCADE_CANALE D&#8217;AGORDO <\/strong>\u00a0I sindaci Roberto Chissale&#8217;, Stefano Da Zanche,\u00a0 Mauro Soppelsa, Flavio Colcergnan, SIlvia Tormen \u00a0e\u00a0 Michele Costa ordinano che a salvaguardia della salute pubblica e stanti le vigenti misure statali per far fronte all&#8217;emergenza epidemiologica legata alla diffusione del virus covid19 \u00e8 vietata su tutto il territorio comunale di Cencenighe, Taibon, Canale, Gosaldo, Agordo e Falcade\u00a0 la pratica tradizionale del &#8220;canta&#8217; San Martin&#8221; casa per casa. Quindi il 10 novembre a nessuno sar\u00e0 permesso suonare il campanello delle case come succede alla vigilia della festa di San Martino.<\/p>\n<h3>L&#8217;INVITO DEL SINDACO DI AGORDO ROBERTO CHISSALE&#8217;<\/h3>\n<audio class=\"wp-audio-shortcode\" id=\"audio-170916-13\" preload=\"none\" style=\"width: 100%;\" controls=\"controls\"><source type=\"audio\/mpeg\" src=\"https:\/\/www.radiopiu.net\/wordpress\/wp-content\/uploads\/2020\/11\/CHISSALE.mp3?_=13\" \/><a href=\"https:\/\/www.radiopiu.net\/wordpress\/wp-content\/uploads\/2020\/11\/CHISSALE.mp3\">https:\/\/www.radiopiu.net\/wordpress\/wp-content\/uploads\/2020\/11\/CHISSALE.mp3<\/a><\/audio>\n<p>&nbsp;<\/p>\n<p>&nbsp;<\/p>\n<hr \/>\n<p>&nbsp;<\/p>\n<blockquote>\n<h3>BORSE DI STUDIO IN RIVA AL LAGO, ECCO IL BANDO<\/h3>\n<\/blockquote>\n<p><strong>ALLEGHE\u00a0 <\/strong>Il Comune ha pubblicato il Bando per l\u2019assegnazione di borse di studio comunali agli studenti, residenti, frequentanti le scuole superiori o laureatesi nel 2020. Il modulo di domanda si pu\u00f2 reperire sul sito del Comune di Alleghe o richiedere direttamente all\u2019Ufficio Servizi Demografici; le domande potranno essere inoltrate fino al 20 dicembre 2020.\u201d<\/p>\n<p>&nbsp;<\/p>\n<p>&nbsp;<\/p>\n<hr \/>\n<blockquote>\n<h3><\/h3>\n<h3>CONCORSO PUBBLICO PER L&#8217;ASSUNZIONE DI UN ISTRUTTORE TECNICO E UN AGENTE DI POLIZIA LOCALE<\/h3>\n<\/blockquote>\n<p><strong>PEDAVENA<\/strong> Concorso pubblico per l&#8217;assunzione a tempo indeterminato e pieno di un istruttore tecnico categoria C1 presso l\u2019Area Tecnica del Comune di Pedavena, presso lo stesso Comune altro concorso per l&#8217;assunzione a tempo indeterminato e pieno di un Agente di Polizia Locale categoria C1.\u00a0 Le domande di partecipazione dovranno pervenire all&#8217;ufficio protocollo dell&#8217;Unione Montana Feltrina. Informazioni sul sito istituzionale dell&#8217;ente.\u00a0 Termine di scadenza per la presentazione delle domande alle 12 del\u00a0 10 dicembre.<\/p>\n<p>&nbsp;<\/p>\n<hr \/>\n<p>&nbsp;<\/p>\n<blockquote>\n<h3>CINEMA UNITI PER UN EVENTO ON LINE<\/h3>\n<\/blockquote>\n<p><a class=\"dt-pswp-item\" href=\"https:\/\/www.radiopiu.net\/wordpress\/wp-content\/uploads\/2020\/11\/download-1.jpg\" data-dt-img-description=\"\" data-large_image_width=\"275\" data-large_image_height=\"183\"><img loading=\"lazy\" decoding=\"async\" class=\"size-full wp-image-170511 alignleft\" src=\"https:\/\/www.radiopiu.net\/wordpress\/wp-content\/uploads\/2020\/11\/download-1.jpg\" alt=\"\" width=\"275\" height=\"183\" \/><\/a><strong>BELLUNO<\/strong> Un gruppo di esercenti italiani invita gli spettatori e le spettatrici, amanti del cinema, alla<br \/>\nriapertura simbolica delle loro sale domenica 8 novembre.\u00a0 Si tratta di un\u2019iniziativa online che si differenzia dai consueti streaming, raggruppando almeno 27 sale cinematografiche (il numero potrebbe aumentare nei prossimi giorni) in un\u2019unica diretta su Facebook: grazie ad un coordinamento tra gli esercenti, i cinema aderenti propongono una maratona online, della durata di diverse ore, per raccontare il loro lavoro e presentare alcuni cortometraggi italiani ed europei, spesso accompagnati da ospiti. Ogni sala aderente \u201criaprir\u00e0\u201d senza la presenza fisica degli spettatori. Dalle 9.30 del mattino fino a sera, la maratona sar\u00e0 visibile in contemporanea sulla pagina Facebook Il cinema \u00e8 di chi lo guarda e su tutte le pagine delle sale e realt\u00e0 aderenti.<\/p>\n<blockquote><p><strong><em>DAL CINEMA ITALIA DI BELLUNO VERRA\u2019 PROIETTATO \u201cGABELLI: LA SCUOLA PIU\u2019 BELLA D\u2019ITALIA\u201d DEL REGISTA FRANCO FONTANA PRODOTTO DA BELLUNO CIAK<\/em><\/strong><\/p><\/blockquote>\n<p>&nbsp;<\/p>\n<hr \/>\n<p>&nbsp;<\/p>\n<blockquote>\n<h3>DOMENICO FALCE, PITTORE FELTRINO SPECIALIZZATO NEI SOGGETTI SACRI di RENATO BONA<\/h3>\n<\/blockquote>\n<p>di Feltre, la \u201cpiccola citt\u00e0 degli uomini grandi\u201d annovera fra i concittadini illustri anche il pittore del Seicento Domenico Falce che &#8211; si pu\u00f2 leggere nel libro di Paolo Conte e Marco Perale \u201c90 profili di personaggi poco noti di una provincia da scoprire\u201d (edito da L\u2019Amico del Popolo con la tipografia Piave di Belluno nel 1999) &#8211; \u201cfu autore di tele di soggetto prevalentemente sacro, esegu\u00ec anche importanti vedute di Feltre e Belluno\u201d. Di lui si \u00e8 occupata pure la guida turistica Marta Azzalini in una delle sue pregevoli iniziative \u201cIn giro per Belluno\u201d di cui ha poi ampiamente riferito su Facebook. Vediamo di conoscere Falce, la cui famiglia era probabilmente di origine nordica, e lo facciamo con l\u2019ausilio della libera enciclopedia Wikipedia. Il nostro nacque a Feltre il 23 giugno 1619 (\u201c90 profili scrive 22 giugno \u2013 ndr.) e nella stessa Feltre mor\u00ec il 10 luglio 1687\u2026 Di famiglia altolocata, figlio di Giovanni Battista e di Giustina, si form\u00f2 presso il concittadino Paolo Dal Pozzo e studi\u00f2 le opere degli artisti locali (Morto da Feltre, Cesare Vecellio, Francesco Frigimelica). Come ammise lui stesso, prefer\u00ec i canoni cinquecenteschi aggiungendovi solo qualche aggiornamento addotto grazie alla circolazione delle stampe; non venne quindi coinvolto nelle innovazioni che conobbe l&#8217;arte veneziana del periodo\u201d. Quanto alla sua produzione artistica, il sito di Wikipedia ricorda che \u201cLa prima opera datata \u00e8 la pala d\u2019altare della chiesa di Formegan (1647), tuttavia esistono dipinti sicuramente precedenti, ad esempio a Seren del Grappa, Campo, Pieve di Zoldo. In tutti questi si riconoscono gi\u00e0 gli aspetti stilistici che il pittore continuer\u00e0 ad adottare lungo tutta la sua attivit\u00e0\u201d. Ancora: \u201cNel 1665 dipinse la pala della chiesa feltrina di Sant\u2019Orsola, nel 1661 esegu\u00ec alcuni stemmi per la cattedrale di Feltre, ma sono andati perduti. Nello stesso anno firm\u00f2 l&#8217;Incontro di Gioacchino e Anna per la cappella di villa Pasole a Pedavena. Nel 1662 concluse la Nativit\u00e0 di Maria e la Morte della Vergine, due grandi opere collocate nella chiesa del Rosario ancora a Feltre. Il Falce fu un autore assai stimato, e infatti nel 1668 il vescovo di Belluno lo nomin\u00f2 arbitro per risolvere la disputa attorno al pagamento di un gonfalone dipinto da Tommaso Dolabella per la chiesa di Sospirolo. L&#8217;anno dopo realizz\u00f2 la Raccolta della manna per la chiesa feltrina di Ognissanti. Nel 1670 dipinse il San Pietro d\u2019Alcantara per il convento di Santo Spirito di Feltre, in seguito trasferita nella parrocchiale di Seren e attualmente dispersa. Sempre nel 1670 la Comunit\u00e0 feltrina lo incaric\u00f2 di realizzare una scenografia per una sacra rappresentazione da tenersi nella chiesa di Santa Maria del Prato e dipinse un Autoritratto\u2026 nel 1671 ritrasse il podest\u00e0 Giovanni Antonio Bold\u00f9. Nel 1675 si ciment\u00f2 pure nella poesia, mandando alle stampe un sonetto in occasione della fine del mandato del podest\u00e0 Antonio Ottoboni. Due anni dopo dipinse due vedute di Feltre&#8230; Del 1685 sono la Nativit\u00e0 della Vergine e la Nativit\u00e0 di Ges\u00f9 per la chiesa di Mugnai&#8230; Nel 1690 concluse due quadri per il convento dei Santi Vittore e Corona ma sono andati dispersi. Nello stesso anno don\u00f2 al rettore di Belluno una veduta della citt\u00e0; anche in questo caso \u00e8 interessante il ricorso alla fantasia che cala la fredda rappresentazione topografica in un&#8217;atmosfera da sogno. Realizz\u00f2 anche la pala per l&#8217;altare di Sant&#8217;Antonio (successivamente della Madonna del Rosario) della chiesa di San Daniele Profeta a Lamon raffigurante Sant&#8217;Antonio da Padova reggente il bambino benedicente tra i Santi Vittore e Corona sovrastati dall&#8217;Eterno e lo Spirito Santo. Si deve a lui la pala (datata 1647) dell\u2019altar maggiore della chiesa di Formegan di Santa Giustina Vergine, Bimbo in gloria e quattro Santi. Va detto che \u201cTent\u00f2 anche la scultura con il Beato Bernardino da Feltre, ma il risultato fu assai mediocre e forse per questo prefer\u00ec continuare esclusivamente con la pittura. Mor\u00ec nella citt\u00e0 natale e fu sepolto con tutti gli onori nella tomba di famiglia presso la chiesa di Santo Spirito\u201d. Non possiamo, in chiusura, omettere di dire che lo storico bellunese Flavio Vizzutti ha scritto di Falce (volume 44 del 1994) sul Dizionario biografico degli italiani dove richiama le varie opere del feltrino, evidenziandone la validit\u00e0 anche se il giudizio complessivo finale appare non entusiastico: \u201c\u2026 Pittore tutto sommato modesto, legato a schemi cinquecenteschi interpretati in modo pur non spregevole, fu comunque un protagonista della cultura artistica in provincia come dimostrano le numerose commissioni da parte di enti sia laici che ecclesiastici\u201d. Un giudizio che non si discosta da quello che si pu\u00f2 leggere nel libro di Conte-Perale: \u201cDi lui i posteri si dimenticarono e si dovette attendere il nostro secolo, e specialmente gli ultimi vent\u2019anni, per rinverdirne la memoria. Certamente non fu un artista eccelso e guard\u00f2 pi\u00f9 all\u2019arte del Cinquecento che alle novit\u00e0 che anche in questo campo port\u00f2 il XVII secolo. Ciononostante fu un protagonista della vita di Feltre del \u2018600 e della cultura artistica del suo tempo e merita di essere ricordato\u201d.<\/p>\n\n\t\t\t<style type='text\/css'>\n\t\t\t\t#gallery-5 {\n\t\t\t\t\tmargin: auto;\n\t\t\t\t}\n\t\t\t\t#gallery-5 .gallery-item {\n\t\t\t\t\tfloat: left;\n\t\t\t\t\tmargin-top: 10px;\n\t\t\t\t\ttext-align: center;\n\t\t\t\t\twidth: 25%;\n\t\t\t\t}\n\t\t\t\t#gallery-5 img {\n\t\t\t\t\tborder: 2px solid #cfcfcf;\n\t\t\t\t}\n\t\t\t\t#gallery-5 .gallery-caption {\n\t\t\t\t\tmargin-left: 0;\n\t\t\t\t}\n\t\t\t\t\/* see gallery_shortcode() in wp-includes\/media.php *\/\n\t\t\t<\/style>\n\t\t<div id='gallery-5' class='dt-gallery-container gallery galleryid-170916 gallery-columns-4 gallery-size-thumbnail'><dl class='gallery-item'>\n\t\t\t\t<dt class='gallery-icon landscape'>\n\t\t\t\t\t<a class=\"rollover rollover-zoom dt-pswp-item\" title=\"123735600_889778154890293_875756963185653785_n\" data-dt-img-description=\"\" data-large_image_width=\"804\" data-large_image_height=\"650\"href='https:\/\/www.radiopiu.net\/wordpress\/wp-content\/uploads\/2020\/11\/123735600_889778154890293_875756963185653785_n.png'><img loading=\"lazy\" decoding=\"async\" width=\"150\" height=\"150\" src=\"https:\/\/www.radiopiu.net\/wordpress\/wp-content\/uploads\/2020\/11\/123735600_889778154890293_875756963185653785_n-150x150.png\" class=\"attachment-thumbnail size-thumbnail\" alt=\"\" \/><\/a>\n\t\t\t\t<\/dt><\/dl><dl class='gallery-item'>\n\t\t\t\t<dt class='gallery-icon portrait'>\n\t\t\t\t\t<a class=\"rollover rollover-zoom dt-pswp-item\" title=\"123857612_365542587856129_7742491911762403777_n\" data-dt-img-description=\"\" data-large_image_width=\"127\" data-large_image_height=\"190\"href='https:\/\/www.radiopiu.net\/wordpress\/wp-content\/uploads\/2020\/11\/123857612_365542587856129_7742491911762403777_n.png'><img loading=\"lazy\" decoding=\"async\" width=\"127\" height=\"150\" src=\"https:\/\/www.radiopiu.net\/wordpress\/wp-content\/uploads\/2020\/11\/123857612_365542587856129_7742491911762403777_n-127x150.png\" class=\"attachment-thumbnail size-thumbnail\" alt=\"\" \/><\/a>\n\t\t\t\t<\/dt><\/dl><dl class='gallery-item'>\n\t\t\t\t<dt class='gallery-icon landscape'>\n\t\t\t\t\t<a class=\"rollover rollover-zoom dt-pswp-item\" title=\"124010809_408408980179638_4041870143489968784_n\" data-dt-img-description=\"\" data-large_image_width=\"600\" data-large_image_height=\"534\"href='https:\/\/www.radiopiu.net\/wordpress\/wp-content\/uploads\/2020\/11\/124010809_408408980179638_4041870143489968784_n.jpg'><img loading=\"lazy\" decoding=\"async\" width=\"150\" height=\"150\" src=\"https:\/\/www.radiopiu.net\/wordpress\/wp-content\/uploads\/2020\/11\/124010809_408408980179638_4041870143489968784_n-150x150.jpg\" class=\"attachment-thumbnail size-thumbnail\" alt=\"\" \/><\/a>\n\t\t\t\t<\/dt><\/dl><dl class='gallery-item'>\n\t\t\t\t<dt class='gallery-icon landscape'>\n\t\t\t\t\t<a class=\"rollover rollover-zoom dt-pswp-item\" title=\"124025598_3816920055038253_7320037661499467189_n\" data-dt-img-description=\"\" data-large_image_width=\"1024\" data-large_image_height=\"818\"href='https:\/\/www.radiopiu.net\/wordpress\/wp-content\/uploads\/2020\/11\/124025598_3816920055038253_7320037661499467189_n.jpg'><img loading=\"lazy\" decoding=\"async\" width=\"150\" height=\"150\" src=\"https:\/\/www.radiopiu.net\/wordpress\/wp-content\/uploads\/2020\/11\/124025598_3816920055038253_7320037661499467189_n-150x150.jpg\" class=\"attachment-thumbnail size-thumbnail\" alt=\"\" \/><\/a>\n\t\t\t\t<\/dt><\/dl><br style=\"clear: both\" \/>\n\t\t\t<\/div>\n\n<p>NELLE FOTO (gettyimages; google): la famosa pianta prospettica di Belluno eseguita nel 1690 da Falce; e quella di Feltre; cos\u00ec aveva \u201cvisto\u201d il Castello di Belluno; quadro dell\u2019artista feltrino aggiunto ad una pala di Marescalchi.<\/p>\n<p>&nbsp;<\/p>\n<p>&nbsp;<\/p>\n<hr \/>\n<p>&nbsp;<\/p>\n<blockquote>\n<h2><a href=\"https:\/\/www.radiopiu.net\/wordpress\/speciale-solidarieta-veneto\/solidarieta-veneto-3\/\" rel=\"attachment wp-att-134366\"><img loading=\"lazy\" decoding=\"async\" class=\"wp-image-134366 alignleft\" src=\"https:\/\/www.radiopiu.net\/wordpress\/wp-content\/uploads\/2020\/05\/solidariet\u00e0-veneto-300x210.jpg\" alt=\"\" width=\"179\" height=\"125\" srcset=\"https:\/\/www.radiopiu.net\/wordpress\/wp-content\/uploads\/2020\/05\/solidariet\u00e0-veneto-300x210.jpg 300w, https:\/\/www.radiopiu.net\/wordpress\/wp-content\/uploads\/2020\/05\/solidariet\u00e0-veneto-1024x717.jpg 1024w, https:\/\/www.radiopiu.net\/wordpress\/wp-content\/uploads\/2020\/05\/solidariet\u00e0-veneto-768x538.jpg 768w, https:\/\/www.radiopiu.net\/wordpress\/wp-content\/uploads\/2020\/05\/solidariet\u00e0-veneto.jpg 1373w\" sizes=\"auto, (max-width: 179px) 100vw, 179px\" \/><\/a>IERI ALLA RADIO, SOLIDARIETA&#8217; VENETO FONDO PENSIONE, IN ONDA IL PRIMO VENERDI DEL MESE ALLE 10.30 E ALLE 19.00 QUINTA STAGIONE<\/h2>\n<\/blockquote>\n<p>di Claudio Fontanive<\/p>\n<audio class=\"wp-audio-shortcode\" id=\"audio-170916-14\" preload=\"none\" style=\"width: 100%;\" controls=\"controls\"><source type=\"audio\/mpeg\" src=\"https:\/\/www.radiopiu.net\/wordpress\/wp-content\/uploads\/2020\/11\/solidarieta-veneto-novembre.mp3?_=14\" \/><a href=\"https:\/\/www.radiopiu.net\/wordpress\/wp-content\/uploads\/2020\/11\/solidarieta-veneto-novembre.mp3\">https:\/\/www.radiopiu.net\/wordpress\/wp-content\/uploads\/2020\/11\/solidarieta-veneto-novembre.mp3<\/a><\/audio>\n<h1>LA RACCOLTA COMPLETA<\/h1>\n<blockquote class=\"wp-embedded-content\" data-secret=\"Byo1LjvJHZ\"><p><a href=\"https:\/\/www.radiopiu.net\/wordpress\/solidarieta-veneto\/\">Solidariet\u00e0 Veneto<\/a><\/p><\/blockquote>\n<p><iframe loading=\"lazy\" class=\"wp-embedded-content\" sandbox=\"allow-scripts\" security=\"restricted\" style=\"position: absolute; clip: rect(1px, 1px, 1px, 1px);\" title=\"&#8220;Solidariet\u00e0 Veneto&#8221; &#8212; Radio Pi\u00f9\" src=\"https:\/\/www.radiopiu.net\/wordpress\/solidarieta-veneto\/embed\/#?secret=Byo1LjvJHZ\" data-secret=\"Byo1LjvJHZ\" width=\"600\" height=\"338\" frameborder=\"0\" marginwidth=\"0\" marginheight=\"0\" scrolling=\"no\"><\/iframe><\/p>\n<p>&nbsp;<\/p>\n<p>&nbsp;<\/p>\n<hr \/>\n<div class=\"im_message_wrap clearfix\">\n<div class=\"im_content_message_wrap im_message_out\">\n<h2><span style=\"color: #ff0000;\">\u00a0<\/span><\/h2>\n<h2><span style=\"color: #ff0000;\">IERI ALLA RADIO\u00a0 IN VIVO VERSO 2020-21<\/span><\/h2>\n<p><strong>IL RITORNO DI IN VIVO VERSO, LA SESTA STAGIONE, SECONDA SETTIMANA DA UN&#8217;IDEA DI BRUNELLA MORO:\u00a0 <\/strong>Poeti nuovi, per In Vivo Verso, e poeti gi\u00e0 conosciuti e amati, da domani.. versi che toccano, che fanno bene al cuore. Soprattutto in questo momento in cui l&#8217; arte e le sue espressioni hanno le ali tarpate .. E allora benvenuti e ben rivisti, Bianca Soligo, Nicola Scodro, Cristina De Iasi,\u00a0 Daniele Sommariva e il meraviglioso video di Sara Casal<\/p>\n<p><strong><span style=\"color: #0000ff;\">IN ONDA DAL LUNEDI AL VENERDI ALLE 7.10, 10.10, 18.50\u00a0<\/span><\/strong><\/p>\n<blockquote class=\"wp-embedded-content\" data-secret=\"NdeEPZAUL4\"><p><a href=\"https:\/\/www.radiopiu.net\/wordpress\/radici-di-vento-di-sara-casal\/\">RADICI DI VENTO di SARA CASAL<\/a><\/p><\/blockquote>\n<p><iframe loading=\"lazy\" class=\"wp-embedded-content\" sandbox=\"allow-scripts\" security=\"restricted\" style=\"position: absolute; clip: rect(1px, 1px, 1px, 1px);\" title=\"&#8220;RADICI DI VENTO di SARA CASAL&#8221; &#8212; Radio Pi\u00f9\" src=\"https:\/\/www.radiopiu.net\/wordpress\/radici-di-vento-di-sara-casal\/embed\/#?secret=NdeEPZAUL4\" data-secret=\"NdeEPZAUL4\" width=\"600\" height=\"338\" frameborder=\"0\" marginwidth=\"0\" marginheight=\"0\" scrolling=\"no\"><\/iframe><\/p>\n<\/div>\n<\/div>\n<p>&nbsp;<\/p>\n<p><strong><span style=\"font-family: Verdana, sans-serif;\"><span style=\"font-size: medium;\">LA RACCOLTA COMPLETA, TUTTE LE COLLEZIONI<\/span><\/span><\/strong><\/p>\n<blockquote><p>&nbsp;<\/p><\/blockquote>\n<blockquote class=\"wp-embedded-content\" data-secret=\"0Th1Cqa3tK\"><p><a href=\"https:\/\/www.radiopiu.net\/wordpress\/in-vivo-verso\/\">In Vivo Verso<\/a><\/p><\/blockquote>\n<p><iframe loading=\"lazy\" class=\"wp-embedded-content\" sandbox=\"allow-scripts\" security=\"restricted\" style=\"position: absolute; clip: rect(1px, 1px, 1px, 1px);\" title=\"&#8220;In Vivo Verso&#8221; &#8212; Radio Pi\u00f9\" src=\"https:\/\/www.radiopiu.net\/wordpress\/in-vivo-verso\/embed\/#?secret=0Th1Cqa3tK\" data-secret=\"0Th1Cqa3tK\" width=\"600\" height=\"338\" frameborder=\"0\" marginwidth=\"0\" marginheight=\"0\" scrolling=\"no\"><\/iframe><\/p>\n<hr \/>\n<p>&nbsp;<\/p>\n<h2>007 IN CONDOTTA CON LA PROF. MARIA ROSA SALMAZO IL LUNEDI ALLE 10,30 E ALLE 19.00 LA DOMENICA ALLE 8 DEL MATTINO. NONA STAGIONE<\/h2>\n<h2>LA RACCOLTA COMPLETA<\/h2>\n<blockquote class=\"wp-embedded-content\" data-secret=\"0B8yUhcnE8\"><p><a href=\"https:\/\/www.radiopiu.net\/wordpress\/007incondotta-9\/\">007 in condotta<\/a><\/p><\/blockquote>\n<p><iframe loading=\"lazy\" class=\"wp-embedded-content\" sandbox=\"allow-scripts\" security=\"restricted\" style=\"position: absolute; clip: rect(1px, 1px, 1px, 1px);\" title=\"&#8220;007 in condotta&#8221; &#8212; Radio Pi\u00f9\" src=\"https:\/\/www.radiopiu.net\/wordpress\/007incondotta-9\/embed\/#?secret=0B8yUhcnE8\" data-secret=\"0B8yUhcnE8\" width=\"600\" height=\"338\" frameborder=\"0\" marginwidth=\"0\" marginheight=\"0\" scrolling=\"no\"><\/iframe><\/p>\n<p>&nbsp;<\/p>\n<hr \/>\n<p>&nbsp;<\/p>\n<blockquote>\n<h2>SALUTE E SOCIETA&#8217; IL LUNEDI ALLE 13.10 E ALLE 20.10, LA DOMENICA ALLE 10.30 A CURA DEL DOTTOR MARCO CARACCIOLO. QUINTA STAGIONE<\/h2>\n<\/blockquote>\n<h3>LA RACCOLTA COMPLETA<\/h3>\n<blockquote class=\"wp-embedded-content\" data-secret=\"QeOb6Xm8NK\"><p><a href=\"https:\/\/www.radiopiu.net\/wordpress\/saluteesocieta\/\">Salute e Societ\u00e0<\/a><\/p><\/blockquote>\n<p><iframe loading=\"lazy\" class=\"wp-embedded-content\" sandbox=\"allow-scripts\" security=\"restricted\" style=\"position: absolute; clip: rect(1px, 1px, 1px, 1px);\" title=\"&#8220;Salute e Societ\u00e0&#8221; &#8212; Radio Pi\u00f9\" src=\"https:\/\/www.radiopiu.net\/wordpress\/saluteesocieta\/embed\/#?secret=QeOb6Xm8NK\" data-secret=\"QeOb6Xm8NK\" width=\"600\" height=\"338\" frameborder=\"0\" marginwidth=\"0\" marginheight=\"0\" scrolling=\"no\"><\/iframe><\/p>\n<hr \/>\n<blockquote>\n<h2><\/h2>\n<h2>FANTASTICHE DOLOMITI, NUOVA STAGIONE. APPUNTAMENTO QUINDICINALE IL GIOVEDI ALLE 10.30 E 1900<\/h2>\n<\/blockquote>\n<h1>LA RACCOLTA COMPLETA<\/h1>\n<blockquote class=\"wp-embedded-content\" data-secret=\"0QSMXLd6Xc\"><p><a href=\"https:\/\/www.radiopiu.net\/wordpress\/fantastiche-dolomiti-la-presentazione-con-claudio-canova\/\">FANTASTICHE DOLOMITI: IL QUINDICINALE APPUNTAMENTO ALLA RADIO<\/a><\/p><\/blockquote>\n<p><iframe loading=\"lazy\" class=\"wp-embedded-content\" sandbox=\"allow-scripts\" security=\"restricted\" style=\"position: absolute; clip: rect(1px, 1px, 1px, 1px);\" title=\"&#8220;FANTASTICHE DOLOMITI: IL QUINDICINALE APPUNTAMENTO ALLA RADIO&#8221; &#8212; Radio Pi\u00f9\" src=\"https:\/\/www.radiopiu.net\/wordpress\/fantastiche-dolomiti-la-presentazione-con-claudio-canova\/embed\/#?secret=0QSMXLd6Xc\" data-secret=\"0QSMXLd6Xc\" width=\"600\" height=\"338\" frameborder=\"0\" marginwidth=\"0\" marginheight=\"0\" scrolling=\"no\"><\/iframe><\/p>\n<p>&nbsp;<\/p>\n<p>&nbsp;<\/p>\n<p>&nbsp;<\/p>\n<hr \/>\n<p>&nbsp;<\/p>\n<p><a class=\"dt-pswp-item\" href=\"https:\/\/www.radiopiu.net\/wordpress\/wp-content\/uploads\/2018\/09\/appuntamenti.jpeg\" data-dt-img-description=\"\" data-large_image_width=\"800\" data-large_image_height=\"100\"><img loading=\"lazy\" decoding=\"async\" class=\"aligncenter wp-image-61958 size-full\" src=\"https:\/\/www.radiopiu.net\/wordpress\/wp-content\/uploads\/2018\/09\/appuntamenti.jpeg\" alt=\"\" width=\"800\" height=\"100\" srcset=\"https:\/\/www.radiopiu.net\/wordpress\/wp-content\/uploads\/2018\/09\/appuntamenti.jpeg 800w, https:\/\/www.radiopiu.net\/wordpress\/wp-content\/uploads\/2018\/09\/appuntamenti-300x38.jpeg 300w, https:\/\/www.radiopiu.net\/wordpress\/wp-content\/uploads\/2018\/09\/appuntamenti-768x96.jpeg 768w\" sizes=\"auto, (max-width: 800px) 100vw, 800px\" \/><\/a><\/p>\n<p>&nbsp;<\/p>\n<blockquote>\n<h3>MOSTRA FOTOGRAFICA \u201cPENSARE IN BIANCO E NERO, VEDERE A COLORI\u201d<\/h3>\n<\/blockquote>\n<p><strong><a class=\"dt-pswp-item\" href=\"https:\/\/www.radiopiu.net\/wordpress\/wp-content\/uploads\/2020\/10\/irene-pampanin-e-paolo-mecca.jpg\" data-dt-img-description=\"\" data-large_image_width=\"750\" data-large_image_height=\"562\"><img loading=\"lazy\" decoding=\"async\" class=\" wp-image-169130 alignleft\" src=\"https:\/\/www.radiopiu.net\/wordpress\/wp-content\/uploads\/2020\/10\/irene-pampanin-e-paolo-mecca-300x225.jpg\" alt=\"\" width=\"220\" height=\"165\" srcset=\"https:\/\/www.radiopiu.net\/wordpress\/wp-content\/uploads\/2020\/10\/irene-pampanin-e-paolo-mecca-300x225.jpg 300w, https:\/\/www.radiopiu.net\/wordpress\/wp-content\/uploads\/2020\/10\/irene-pampanin-e-paolo-mecca.jpg 750w\" sizes=\"auto, (max-width: 220px) 100vw, 220px\" \/><\/a>PONTE NELLE ALPI<\/strong>\u00a0 Un percorso attraverso la visione fotografica: questa la mostra del Circolo Fotografico Bellunese \u201cMario De Biasi\u201d dal titolo \u201cPensare in bianco e nero, vedere a colori\u201d. L\u2019esposizione sar\u00e0 visibile fino al 14 novembre al bar pasticceria La Tour Eiffel di Ponte nelle Alpi durante gli orari di apertura del locale. In esposizione sono le foto di due soci del Circolo, Paolo Mecca di Agordo e Irene Pampanin di Selva di Cadore. Paolo Mecca propone una visione a colori, forti suggestioni in un luogo dove si compenetrano in maniera sempre diversa acqua e cielo, realt\u00e0 e fantasia; dove l\u2019uomo \u00e8 solo spettatore di fronte alla bellezza della natura. Irene Pampanin propone il bianco e nero, luoghi senza tempo in cui l\u2019apparente immobilit\u00e0 viene interrotta da elementi che ne suggeriscono una presenza: siano essi solo un\u2019ombra, una preghiera o una poesia.<\/p>\n<p>&nbsp;<\/p>\n<div class=\"mw-parser-output\">\n<p>&nbsp;<\/p>\n<\/div>\n<p>&nbsp;<\/p>\n<hr \/>\n<p>&nbsp;<\/p>\n<h2><span style=\"color: #808000;\">DUE MINUTI UN LIBRO\u00a0 TUTTI I GIORNI ALLA RADIO ALLE 9.30 E ALLE 18. QUINTA STAGIONE\u00a0<\/span><\/h2>\n<blockquote class=\"wp-embedded-content\" data-secret=\"YTLc9smywi\"><p><a href=\"https:\/\/www.radiopiu.net\/wordpress\/sei-tutti-i-miei-sbagli\/\">SEI TUTTI I MIEI SBAGLI<\/a><\/p><\/blockquote>\n<p><iframe loading=\"lazy\" class=\"wp-embedded-content\" sandbox=\"allow-scripts\" security=\"restricted\" style=\"position: absolute; clip: rect(1px, 1px, 1px, 1px);\" title=\"&#8220;SEI TUTTI I MIEI SBAGLI&#8221; &#8212; Radio Pi\u00f9\" src=\"https:\/\/www.radiopiu.net\/wordpress\/sei-tutti-i-miei-sbagli\/embed\/#?secret=YTLc9smywi\" data-secret=\"YTLc9smywi\" width=\"600\" height=\"338\" frameborder=\"0\" marginwidth=\"0\" marginheight=\"0\" scrolling=\"no\"><\/iframe><\/p>\n<p>&nbsp;<\/p>\n<h2>LA RACCOLTA COMPLETA<\/h2>\n<blockquote class=\"wp-embedded-content\" data-secret=\"fiNfORCuu0\"><p><a href=\"https:\/\/www.radiopiu.net\/wordpress\/due-minuti-un-libro\/\">Due minuti un libro<\/a><\/p><\/blockquote>\n<p><iframe loading=\"lazy\" class=\"wp-embedded-content\" sandbox=\"allow-scripts\" security=\"restricted\" style=\"position: absolute; clip: rect(1px, 1px, 1px, 1px);\" title=\"&#8220;Due minuti un libro&#8221; &#8212; Radio Pi\u00f9\" src=\"https:\/\/www.radiopiu.net\/wordpress\/due-minuti-un-libro\/embed\/#?secret=fiNfORCuu0\" data-secret=\"fiNfORCuu0\" width=\"600\" height=\"338\" frameborder=\"0\" marginwidth=\"0\" marginheight=\"0\" scrolling=\"no\"><\/iframe><\/p>\n<p>&nbsp;<\/p>\n<div>\n<p>&nbsp;<\/p>\n<hr \/>\n<p>&nbsp;<\/p>\n<div>\n<h2><span style=\"color: #33cccc;\">I RACCONTI DI PAOLO SOPPELSA il lunedi alle 9.30 e 18.30<\/span><\/h2>\n<h2><span style=\"color: #33cccc;\"><strong>LA RACCOLTA COMPLETA<\/strong><\/span><\/h2>\n<blockquote class=\"wp-embedded-content\" data-secret=\"HmdNl82lZD\"><p><a href=\"https:\/\/www.radiopiu.net\/wordpress\/i-racconti-di-paolo-soppelsa\/\">I racconti di Paolo Soppelsa<\/a><\/p><\/blockquote>\n<p><iframe loading=\"lazy\" class=\"wp-embedded-content\" sandbox=\"allow-scripts\" security=\"restricted\" style=\"position: absolute; clip: rect(1px, 1px, 1px, 1px);\" title=\"&#8220;I racconti di Paolo Soppelsa&#8221; &#8212; Radio Pi\u00f9\" src=\"https:\/\/www.radiopiu.net\/wordpress\/i-racconti-di-paolo-soppelsa\/embed\/#?secret=HmdNl82lZD\" data-secret=\"HmdNl82lZD\" width=\"600\" height=\"338\" frameborder=\"0\" marginwidth=\"0\" marginheight=\"0\" scrolling=\"no\"><\/iframe><\/p>\n<\/div>\n<p>&nbsp;<\/p>\n<hr \/>\n<p>&nbsp;<\/p>\n<h2><strong>LE\u00a0 PUNTATE di Luisa Alchini di Leggermente Bellunesi, la domenica alle 11, il martedi alle 10.30 e alle 19.00<\/strong><\/h2>\n<h1><span style=\"color: #000000;\">LA RACCOLTA COMPLETA<\/span><\/h1>\n<blockquote class=\"wp-embedded-content\" data-secret=\"MbXrGZnUxd\"><p><a href=\"https:\/\/www.radiopiu.net\/wordpress\/leggermente-20\/\">LEGGERmente&#8230;Bellunesi<\/a><\/p><\/blockquote>\n<p><iframe loading=\"lazy\" class=\"wp-embedded-content\" sandbox=\"allow-scripts\" security=\"restricted\" style=\"position: absolute; clip: rect(1px, 1px, 1px, 1px);\" title=\"&#8220;LEGGERmente&#8230;Bellunesi&#8221; &#8212; Radio Pi\u00f9\" src=\"https:\/\/www.radiopiu.net\/wordpress\/leggermente-20\/embed\/#?secret=MbXrGZnUxd\" data-secret=\"MbXrGZnUxd\" width=\"600\" height=\"338\" frameborder=\"0\" marginwidth=\"0\" marginheight=\"0\" scrolling=\"no\"><\/iframe><\/p>\n<hr \/>\n<p>&nbsp;<\/p>\n<blockquote>\n<h3>L&#8217;ALMANACCO LADINO CON L&#8217;ISTITUT CESA DE JAN QUINDICINALE APPUNTAMENTO. LA DOMENICA ALLE 9 IL LUNEDI ALE 8.35 IL MARTEDI ALLE 12.35 IL MERCOLEDI ALLE 18.35. SECONDA STAGIONE.<\/h3>\n<\/blockquote>\n<blockquote class=\"wp-embedded-content\" data-secret=\"hbRjmfS4OK\"><p><a href=\"https:\/\/www.radiopiu.net\/wordpress\/almanacco-ladino\/\">Almanacco Ladino<\/a><\/p><\/blockquote>\n<p><iframe loading=\"lazy\" class=\"wp-embedded-content\" sandbox=\"allow-scripts\" security=\"restricted\" style=\"position: absolute; clip: rect(1px, 1px, 1px, 1px);\" title=\"&#8220;Almanacco Ladino&#8221; &#8212; Radio Pi\u00f9\" src=\"https:\/\/www.radiopiu.net\/wordpress\/almanacco-ladino\/embed\/#?secret=hbRjmfS4OK\" data-secret=\"hbRjmfS4OK\" width=\"600\" height=\"338\" frameborder=\"0\" marginwidth=\"0\" marginheight=\"0\" scrolling=\"no\"><\/iframe><\/p>\n<p>&nbsp;<\/p>\n<\/div>\n<hr \/>\n<div>\n<h2><span style=\"color: #000080;\"><a class=\"dt-pswp-item\" href=\"https:\/\/www.radiopiu.net\/wordpress\/wp-content\/uploads\/2020\/10\/pp.jpg\" data-dt-img-description=\"\" data-large_image_width=\"640\" data-large_image_height=\"640\"><img loading=\"lazy\" decoding=\"async\" class=\"wp-image-163678 alignleft\" src=\"https:\/\/www.radiopiu.net\/wordpress\/wp-content\/uploads\/2020\/10\/pp-300x300.jpg\" alt=\"\" width=\"106\" height=\"106\" srcset=\"https:\/\/www.radiopiu.net\/wordpress\/wp-content\/uploads\/2020\/10\/pp-300x300.jpg 300w, https:\/\/www.radiopiu.net\/wordpress\/wp-content\/uploads\/2020\/10\/pp-150x150.jpg 150w, https:\/\/www.radiopiu.net\/wordpress\/wp-content\/uploads\/2020\/10\/pp-125x125.jpg 125w, https:\/\/www.radiopiu.net\/wordpress\/wp-content\/uploads\/2020\/10\/pp-200x200.jpg 200w, https:\/\/www.radiopiu.net\/wordpress\/wp-content\/uploads\/2020\/10\/pp-80x80.jpg 80w, https:\/\/www.radiopiu.net\/wordpress\/wp-content\/uploads\/2020\/10\/pp-480x480.jpg 480w, https:\/\/www.radiopiu.net\/wordpress\/wp-content\/uploads\/2020\/10\/pp.jpg 640w\" sizes=\"auto, (max-width: 106px) 100vw, 106px\" \/><\/a> <\/span><\/h2>\n<h2><span style=\"color: #000080;\">DON CESARE, IL PENSIERO DEL GIORNO. ALLA RADIO ALLE 7 DEL MATTINO E ALLE 19.30 DELLA SERA.\u00a0\u00a0<\/span><\/h2>\n<\/div>\n<p>&nbsp;<\/p>\n<p>&nbsp;<\/p>\n<audio class=\"wp-audio-shortcode\" id=\"audio-170916-15\" preload=\"none\" style=\"width: 100%;\" controls=\"controls\"><source type=\"audio\/mpeg\" src=\"https:\/\/www.radiopiu.net\/wordpress\/wp-content\/uploads\/2020\/11\/CESARE-4.mp3?_=15\" \/><a href=\"https:\/\/www.radiopiu.net\/wordpress\/wp-content\/uploads\/2020\/11\/CESARE-4.mp3\">https:\/\/www.radiopiu.net\/wordpress\/wp-content\/uploads\/2020\/11\/CESARE-4.mp3<\/a><\/audio>\n<p>&nbsp;<\/p>\n<hr \/>\n<p>&nbsp;<\/p>\n<div>\n<p><a class=\"dt-pswp-item\" href=\"https:\/\/www.radiopiu.net\/wordpress\/wp-content\/uploads\/2018\/09\/viabilita.jpeg\" data-dt-img-description=\"\" data-large_image_width=\"800\" data-large_image_height=\"100\"><img loading=\"lazy\" decoding=\"async\" class=\"aligncenter wp-image-61954 size-full\" src=\"https:\/\/www.radiopiu.net\/wordpress\/wp-content\/uploads\/2018\/09\/viabilita.jpeg\" alt=\"\" width=\"800\" height=\"100\" srcset=\"https:\/\/www.radiopiu.net\/wordpress\/wp-content\/uploads\/2018\/09\/viabilita.jpeg 800w, https:\/\/www.radiopiu.net\/wordpress\/wp-content\/uploads\/2018\/09\/viabilita-300x38.jpeg 300w, https:\/\/www.radiopiu.net\/wordpress\/wp-content\/uploads\/2018\/09\/viabilita-768x96.jpeg 768w\" sizes=\"auto, (max-width: 800px) 100vw, 800px\" \/><\/a><\/p>\n<\/div>\n<p><strong>PROVINCIALE 346 SAN PELLEGRINO_CANALE D&#8217;AGORDO <\/strong>Dal 9 all&#8217;11 novembre senso unico alternato tra Canale d&#8217;Agordo e Vallada.<\/p>\n<p><strong>PROVINCIALE 25 PASSO VALLES_CAVERSON<\/strong>\u00a0 INTERRUZIONI fino a 15 minuti dalle 7.30 alle 12 e dalle 13 alle 17, dal 9 al 20 novembre. Inoltre senso unico alternato regolato da movieri o semaforo per manutenzione sovrapasso pista da sci<\/p>\n<p><strong>REGIONALE 203 AGORDINA COLLAZ-LIVINALLONGO<\/strong>\u00a0 fino al 4 dicembre (sabato e festivi esclusi) senso unico alternato per singoli tratti di 150 metri<\/p>\n<p><strong>SR 203 AGORDINA<\/strong> fino al 20 novembre, brevi interruzioni al traffico di massimo 15 minuti in localit\u00e0 Collaz di Livinallongo dalle 7:30 alle 17:30 per taglio ed esbosco alberi a monte della strada<\/p>\n<p><strong>SP 13 VAL VANES<\/strong> senso unico alternato regolato da semaforo o movieri in localit\u00e0 Al Cristo di Santa Giustina per posa fibre ottiche<\/p>\n<p><strong>SR 203 AGORDINA<\/strong>\u00a0fino al 30 novembre, compresi sabato e domenica, \u00a0senso unico alternato regolato da semaforo in localit\u00e0 Sopra Sac di Alleghe per allestimento opere di difesa valanghiva<\/p>\n<p><strong>SP\u00a0423 LAGO DI SANTA CROCE_POIATTE_ALPAGO <\/strong>Fino al 12 dicembre (esclusi festivi e prefestivi) senso unico alternato con movieri o semaforo per esecuzione paramassi a monte della strada<\/p>\n<p><strong>SR 473 DI CROCE D&#8217;AUNE\u00a0 <\/strong>fino \u00a0al 20 novembre, dalle 7:30 alle 17 esclusi sabati e domeniche, senso unico alternato regolato da semaforo in localit\u00e0 Croce D&#8217;Aune di Pedavena per ripristino impianto di illuminazione pubblica<\/p>\n<p><strong>SR 203 , localit\u00e0 VIGNOLE<\/strong>\u00a0 fino al 13 novembre senso unico dalle 7.30 alle 8.30 e dalle 16 alle 17 con moviere, dalle 8.30 alle 16 con semaforo<\/p>\n<p><strong>SR 50 SCALE DI PRIMOLANO<\/strong> fino al 18 novembre, dalle 8 alle 12 e dalle 13 alle 18 esclusi sabato e domenica, senso unico alternato regolato da movieri per ripristino piano viabile su cavidotto e-distribuzione<\/p>\n<p><strong>SP 422 DELL&#8217;ALPAGO E DEL CANSIGLIO\u00a0<\/strong>fino al 30 novembre, esclusi sabato e domenica, senso unico alternato regolato da movieri tra Puos e Cornei per posa fibre ottiche<\/p>\n<p><strong>SR 48 DELLE DOLOMITI<\/strong>\u00a0fino al 30 novembre senso unico alternato regolato da impianto semaforico tra Arabba e Cernadoi per consolidamento ciglio stradale e sostituzione barriere di sicurezza<\/p>\n<p><strong>SR 48 DELLE DOLOMITI\u00a0<\/strong>tra i comuni di Livinallongo Del Col Di Lana e Cortina, senso unico alternato regolato da movieri fino\u00a0 al 20 novembre, sabato e domenica compresi, \u00a0per collegamento elettrodotto interrato e-distribuzione<\/p>\n<p><strong>PROVINCIALE 251\u00a0<\/strong> COLLE SANTA LUCIA Fino al 28 novembre senso unico (per asfaltature) compresi sabato e domenica (stessa situazione lungo la 203 agordina in localit\u00e0 Rucav\u00e0)<\/p>\n<p><strong>SP 3 DELLA VAL IMPERINA<\/strong> fino a revoca, senso unico alternato regolato a vista in localit\u00e0 Gona di Conedera di Rivamonte per cedimento della carreggiata stradale<\/p>\n<p><strong>SP 49 DI MISURINA <\/strong>fino al\u00a020 novembre, senso unico alternato regolato da impianto semaforico tra Misurina e il confine con la provincia di Bolzano per posa elettrodotto interrato<\/p>\n<p><strong>REGIONALE 203 AGORDINA<\/strong>\u00a0 Fino\u00a0 al 18 dicembre (esclusi festivi e prefestivi) senso unico alternato tra Peron e Candaten con movieri dalle 7.30 alle 9 e dalle 16.30 alle 18. Con semaforo negli altri orari<\/p>\n<p><strong>REGIONALE 203 AGORDINA<\/strong> Fino al 30 novembre (sabato e domenica esclusi) tra Candaten e La Stanga dalle 7.30 alle 9 e dalle 16.30 alle 18 con movieri e negli altri orari con semaforo, senso unico alternato.<\/p>\n<div>\n<p>&nbsp;<\/p>\n<hr \/>\n<p>&nbsp;<\/p>\n<p class=\"photoswipe-wrapper\"><a class=\"dt-pswp-item pspw-wrap-ready\" href=\"https:\/\/i0.wp.com\/www.radiopiu.net\/wordpress\/wp-content\/uploads\/2018\/09\/WhatsApp-Image-2018-09-20-at-16.04.06.jpeg?ssl=1\" data-dt-img-description=\"\" data-large_image_width=\"800\" data-large_image_height=\"100\"><img loading=\"lazy\" decoding=\"async\" class=\"aligncenter wp-image-61378 size-full jetpack-lazy-image jetpack-lazy-image--handled\" src=\"https:\/\/i0.wp.com\/www.radiopiu.net\/wordpress\/wp-content\/uploads\/2018\/09\/WhatsApp-Image-2018-09-20-at-16.04.06.jpeg?resize=800%2C100&amp;ssl=1\" sizes=\"auto, (max-width: 800px) 100vw, 800px\" srcset=\"https:\/\/i0.wp.com\/www.radiopiu.net\/wordpress\/wp-content\/uploads\/2018\/09\/WhatsApp-Image-2018-09-20-at-16.04.06.jpeg?w=800&amp;ssl=1 800w, https:\/\/i0.wp.com\/www.radiopiu.net\/wordpress\/wp-content\/uploads\/2018\/09\/WhatsApp-Image-2018-09-20-at-16.04.06.jpeg?resize=300%2C38&amp;ssl=1 300w, https:\/\/i0.wp.com\/www.radiopiu.net\/wordpress\/wp-content\/uploads\/2018\/09\/WhatsApp-Image-2018-09-20-at-16.04.06.jpeg?resize=768%2C96&amp;ssl=1 768w\" alt=\"\" width=\"800\" height=\"100\" data-lazy-loaded=\"1\" \/><\/a><\/p>\n<\/div>\n<p>&nbsp;<\/p>\n<p>&nbsp;<\/p>\n<p><strong>Sabato 7 Tempo atteso:<\/strong> Tempo ben soleggiato con cielo terso, aria limpida e ottima visibilit\u00e0 su tutta la montagna veneta. Il rischio di locali nebbie mattutine sar\u00e0 pressoch\u00e9 assente, eccetto qualche rari casi sugli altopiani del Cansiglio e di Asiago. I livelli termici saranno particolarmente elevati per il periodo, specie in quota. Precipitazioni: Assenti. Temperature: In generale aumento, eccetto lieve diminuzione delle minime nei fondovalle con inversione termica notturna. Sono previste punte di 18\/20\u00b0C nei fondovalle prealpini e di 14\/17\u00b0C a 1000\/1200 m. Su Prealpi a 1500 m min 8\u00b0C max 12\u00b0C, a 2000 m min 6\u00b0C max 8\u00b0C. Su Dolomiti a 2000 m min 5\u00b0C max 9\u00b0C, a 3000 m min 2\u00b0C max 3\u00b0C.\u00a0 Venti: Nelle valli generalmente deboli per brezze, a tratti e localmente moderati; in quota deboli da sud sud-ovest, a 5-10 km\/h sia a 2000 m che a 3000 m.<\/p>\n<p><strong>Domenica 8 Tempo atteso:<\/strong> Tempo ben soleggiato, anche se con qualche velatura per ingresso di sottili nubi alte. Come per sabato il rischio di foschie o nebbie notturne nei consueti posti sar\u00e0 pressoch\u00e9 inesistente. La mitezza diurna persister\u00e0, anche se leggermente meno accentuata nelle valli rispetto all&#8217;alta quota. Precipitazioni: Assenti (0%). Temperature: Rispetto a sabato pressoch\u00e9 stazionarie in quota, mentre potrebbero essere in leggera flessione nei fondovalle e nei settori in ombra. Sono previste punte di 17\/18\u00b0C nei fondovalle prealpini e di 12\/16\u00b0C a 1000\/1200 m. Su Prealpi a 1500 m min 8\u00b0C max 11\u00b0C, a 2000 m min 6\u00b0C max 8\u00b0C. Su Dolomiti a 2000 m min 5\u00b0C max 9\u00b0C, a 3000 m min 1\u00b0C max 3\u00b0C. Venti: Nelle valli generalmente deboli per brezze, a tratti e localmente moderati; in quota deboli da sud-ovest, a 5-10 km\/h sia a 2000 m che a 3000 m.<\/p>\n<p><strong>Lunedi 9 <\/strong>Ancora tempo ben soleggiato al mattino, con aria piurttosto secca e ottima visibilit\u00e0. L&#8217;insidia foschie o nebbie rimarr\u00e0 bassa e limitata a pochi settori e alle ore pi\u00f9 fredde. Al pomeriggio sole velato da sottili nubi alte in arrivo da sud-ovest, via via pi\u00f9 estese con il passare delle ore. Temperature senza notevoli variazioni rispetto a domenica con inversione termica notturna nelle valli. In quota venti deboli da sud-ovest, nelle valli deboli per brezze, localmente e a tratti moderati.<\/p>\n<p><strong>Martedi 10<\/strong>Cielo assai pi\u00f9 nuvoloso per nubi alte e medio-alte, le prime in grado di velare il sole, le seconde di mascherarlo del tutto, specie al pomeriggio, quando la copertura nuvolosa sar\u00e0 pi\u00f9 compatta. Temperature notturne senza notevoli variazioni e massime in leggera flessione, ma sempre superiori alle medie del periodo. Venti deboli di direzione variabile nelle valli, deboli da sud-est in quota. Previsore: R.L.Th.<\/p>\n<p>&nbsp;<\/p>\n<p>&nbsp;<\/p>\n<hr \/>\n<p>&nbsp;<\/p>\n<p><a class=\"dt-pswp-item\" href=\"https:\/\/www.radiopiu.net\/wordpress\/wp-content\/uploads\/2018\/09\/sport.jpg\" data-dt-img-description=\"\" data-large_image_width=\"800\" data-large_image_height=\"100\"><img loading=\"lazy\" decoding=\"async\" class=\"wp-image-60761 size-full aligncenter\" src=\"https:\/\/www.radiopiu.net\/wordpress\/wp-content\/uploads\/2018\/09\/sport.jpg\" alt=\"\" width=\"800\" height=\"100\" srcset=\"https:\/\/www.radiopiu.net\/wordpress\/wp-content\/uploads\/2018\/09\/sport.jpg 800w, https:\/\/www.radiopiu.net\/wordpress\/wp-content\/uploads\/2018\/09\/sport-300x38.jpg 300w, https:\/\/www.radiopiu.net\/wordpress\/wp-content\/uploads\/2018\/09\/sport-768x96.jpg 768w\" sizes=\"auto, (max-width: 800px) 100vw, 800px\" \/><\/a><\/p>\n<h2 style=\"text-align: left;\"><\/h2>\n<h2 style=\"text-align: center;\">L&#8217;ANGOLO DEI RICORDI DI NICOLA SAVARIS<\/h2>\n<p><strong>CAMPO SPORTIVO CESARE SCATENA DI TAIBON<\/strong><\/p>\n<p><em>Anni 80 Rosson all. 2 &#8211; Dorigo- Mattana-Bonsembiante-Schena-Paganin-Favero-DaRonch allenatore:accosc. Serafini-Testori-pozzebon-Corazza-Alfieri e Zasso<\/em><\/p>\n<p><a href=\"https:\/\/www.radiopiu.net\/wordpress\/giornale-radiopiu-07-novembre-2020-direttore-mirko-mezzacasa\/4dd6bd18-b03b-414e-94ca-36f571426da8\/\" rel=\"attachment wp-att-171141\"><img loading=\"lazy\" decoding=\"async\" class=\"alignnone wp-image-171141 size-large\" src=\"https:\/\/www.radiopiu.net\/wordpress\/wp-content\/uploads\/2020\/11\/4dd6bd18-b03b-414e-94ca-36f571426da8-1024x768.jpg\" alt=\"\" width=\"1024\" height=\"768\" srcset=\"https:\/\/www.radiopiu.net\/wordpress\/wp-content\/uploads\/2020\/11\/4dd6bd18-b03b-414e-94ca-36f571426da8-1024x768.jpg 1024w, https:\/\/www.radiopiu.net\/wordpress\/wp-content\/uploads\/2020\/11\/4dd6bd18-b03b-414e-94ca-36f571426da8-300x225.jpg 300w, https:\/\/www.radiopiu.net\/wordpress\/wp-content\/uploads\/2020\/11\/4dd6bd18-b03b-414e-94ca-36f571426da8-768x576.jpg 768w, https:\/\/www.radiopiu.net\/wordpress\/wp-content\/uploads\/2020\/11\/4dd6bd18-b03b-414e-94ca-36f571426da8.jpg 1200w\" sizes=\"auto, (max-width: 1024px) 100vw, 1024px\" \/><\/a><\/p>\n<p>&nbsp;<\/p>\n<hr \/>\n<p>&nbsp;<\/p>\n<blockquote>\n<h3>ALLEGHE HOCKEY, PARTITA RINVIATA CONTRO L\u2019UNTERLAND CAVALIERS<\/h3>\n<\/blockquote>\n<p><strong><a href=\"https:\/\/www.radiopiu.net\/wordpress\/il-derby-e-sempre-il-derby-venerdi-31-2045-cortina\/hockey-team-3311629_1280\/\" rel=\"attachment wp-att-59185\"><img loading=\"lazy\" decoding=\"async\" class=\"size-medium wp-image-59185 alignleft\" src=\"https:\/\/www.radiopiu.net\/wordpress\/wp-content\/uploads\/2018\/08\/hockey-team-3311629_1280-300x200.jpg\" alt=\"\" width=\"300\" height=\"200\" srcset=\"https:\/\/www.radiopiu.net\/wordpress\/wp-content\/uploads\/2018\/08\/hockey-team-3311629_1280-300x200.jpg 300w, https:\/\/www.radiopiu.net\/wordpress\/wp-content\/uploads\/2018\/08\/hockey-team-3311629_1280-768x512.jpg 768w, https:\/\/www.radiopiu.net\/wordpress\/wp-content\/uploads\/2018\/08\/hockey-team-3311629_1280-1024x682.jpg 1024w, https:\/\/www.radiopiu.net\/wordpress\/wp-content\/uploads\/2018\/08\/hockey-team-3311629_1280.jpg 1280w\" sizes=\"auto, (max-width: 300px) 100vw, 300px\" \/><\/a>ALLEGHE<\/strong> Il Covid-19 colpisce anche l\u2019Unterland Cavaliers. La partita in programma ad Ora questa sera contro gli altoatesini \u00e8 stata rinviata a data da destinarsi. I problemi sono sempre i soliti, nei Cavaliers ci sono dei casi positivi al coronavirus. Da qui la richiesta nella serata di ieri di rinviare la partita della settima giornata contro le civette e la conferma da parte della federazione. Tutti a casa in attesa di decisioni sul da farsi perch\u00e9 nella serata appena trascorsa la dirigenza dell\u2019Alleghe ha dovuto partecipare ad una videoconferenza con le altre societ\u00e0 della lega per parlare del futuro del campionato. Una \u201criunione\u201d che \u00e8 terminata a tarda notte. Idee discordanti tra le 10 squadre partecipanti al torneo. Pergine, Val Di Fiemme ed Alleghe sarebbero per la continuazione della stagione. Merano, Varese e Como optano invece per chiudere definitivamente tutto vista la situazione sanitaria. Di manica pi\u00f9 larga le squadre rimanenti che vorrebbero una sospensione temporanea del torneo in attesa di tempi migliori. Non sar\u00e0 facile mettere d\u2019accordo le 10 societ\u00e0 dell\u2019Italian Hockey League ma si arriver\u00e0 ad una soluzione nelle prossime ore. La chiusura della stagione sarebbe una sconfitta per l\u2019intero movimento dell\u2019hockey su ghiaccio ma la sospensione per un periodo determinato potrebbe essere una decisione saggia. Naturalmente con la conseguente riformulazione del calendario che in questo momento vede gi\u00e0 9 partite da recuperare non si sa quando. Intanto stasera saranno 2 le partite che si disputeranno regolarmente (Bressanone \u2013 Pergine e Fiemme \u2013 Caldaro) mentre sono 3 i match rinviati a data da destinarsi (Unterland Cavaliers \u2013 Alleghe, Merano \u2013 Varese e Como \u2013 Appiano).<\/p>\n","protected":false},"excerpt":{"rendered":"<p>PER RICEVERE QUESTO NOTIZIARIO DIRETTAMENTE SUL TUO CELLULARE ISCRIVITI AL CANALE TELEGRAM \u201cRADIO PIU\u00a0 INFORMAZIONE&#8221; ATTENZIONE: LA NUOVA APP PER IOS-IPHONE https:\/\/apps.apple.com\/it\/app\/radio-pi%C3%B9-emittente-agordina\/id1515939845 ATTENZIONE: LA NUOVA APP RADIO\u00a0 PER ANDROID https:\/\/play.google.com\/store\/apps\/details?id=net.radiopiu.iniko\u00a0\u00a0 &nbsp; ULTIM\u2019ORA NOTIZIE 08.00 : ANTONIO DEL GALLO DAL 14 DICEMBRE COMANDERA\u2019 I VIGILI DEL FUOCO DI BELLUNO &#8220;Finalmente, grazie all&#8217;impegno di Loris Munaro e&hellip;<\/p>\n","protected":false},"author":4,"featured_media":170963,"comment_status":"closed","ping_status":"closed","sticky":false,"template":"","format":"standard","meta":{"_monsterinsights_skip_tracking":false,"_monsterinsights_sitenote_active":false,"_monsterinsights_sitenote_note":"","_monsterinsights_sitenote_category":0,"footnotes":""},"categories":[1,51,104,86,49],"tags":[],"class_list":["post-170916","post","type-post","status-publish","format-standard","has-post-thumbnail","hentry","category-senza-categoria","category-evidenza-top","category-evidenza_3","category-gr","category-news-18","category-1","category-51","category-104","category-86","category-49","description-off"],"img_url":"https:\/\/www.radiopiu.net\/wordpress\/wp-content\/uploads\/2020\/11\/39d05b7a-c93c-4701-bc5d-898e73fe59f6.jpg","_links":{"self":[{"href":"https:\/\/www.radiopiu.net\/wordpress\/wp-json\/wp\/v2\/posts\/170916","targetHints":{"allow":["GET"]}}],"collection":[{"href":"https:\/\/www.radiopiu.net\/wordpress\/wp-json\/wp\/v2\/posts"}],"about":[{"href":"https:\/\/www.radiopiu.net\/wordpress\/wp-json\/wp\/v2\/types\/post"}],"author":[{"embeddable":true,"href":"https:\/\/www.radiopiu.net\/wordpress\/wp-json\/wp\/v2\/users\/4"}],"replies":[{"embeddable":true,"href":"https:\/\/www.radiopiu.net\/wordpress\/wp-json\/wp\/v2\/comments?post=170916"}],"version-history":[{"count":0,"href":"https:\/\/www.radiopiu.net\/wordpress\/wp-json\/wp\/v2\/posts\/170916\/revisions"}],"wp:featuredmedia":[{"embeddable":true,"href":"https:\/\/www.radiopiu.net\/wordpress\/wp-json\/wp\/v2\/media\/170963"}],"wp:attachment":[{"href":"https:\/\/www.radiopiu.net\/wordpress\/wp-json\/wp\/v2\/media?parent=170916"}],"wp:term":[{"taxonomy":"category","embeddable":true,"href":"https:\/\/www.radiopiu.net\/wordpress\/wp-json\/wp\/v2\/categories?post=170916"},{"taxonomy":"post_tag","embeddable":true,"href":"https:\/\/www.radiopiu.net\/wordpress\/wp-json\/wp\/v2\/tags?post=170916"}],"curies":[{"name":"wp","href":"https:\/\/api.w.org\/{rel}","templated":true}]}}