{"id":170936,"date":"2020-11-06T06:07:42","date_gmt":"2020-11-06T05:07:42","guid":{"rendered":"https:\/\/www.radiopiu.net\/wordpress\/?p=170936"},"modified":"2020-11-06T11:28:22","modified_gmt":"2020-11-06T10:28:22","slug":"san-martin-si-canta-dal-balcone-di-casa-il-sindaco-di-agordo-scrive-ai-bambini-e-alle-famiglie","status":"publish","type":"post","link":"https:\/\/www.radiopiu.net\/wordpress\/san-martin-si-canta-dal-balcone-di-casa-il-sindaco-di-agordo-scrive-ai-bambini-e-alle-famiglie\/","title":{"rendered":"SAN MARTIN SI CANTA DAL BALCONE DI CASA, IL SINDACO DI AGORDO SCRIVE AI BAMBINI E ALLE FAMIGLIE"},"content":{"rendered":"<p><span style=\"color: #ff0000;\">pubblichiamo le ordinanze che i sindaci si sono premurati di inviare con puntualit\u00e0 alla redazione,\u00a0 non siamo a conoscenza se altri Comuni abbiano preso la stessa decisione.<\/span><\/p>\n<blockquote>\n<h2>AD AGORDO,\u00a0 CANALE D&#8217;AGORDO, TAIBON FALCADE, GOSALDO, VALLADA E CENCENIGHE NON SI CANTA SAN MARTIN<\/h2>\n<\/blockquote>\n<p><strong><a class=\"dt-pswp-item\" href=\"https:\/\/www.radiopiu.net\/wordpress\/wp-content\/uploads\/2020\/11\/santo7275med.jpg\" data-dt-img-description=\"\" data-large_image_width=\"250\" data-large_image_height=\"355\"><img loading=\"lazy\" decoding=\"async\" class=\" wp-image-170489 alignleft\" src=\"https:\/\/www.radiopiu.net\/wordpress\/wp-content\/uploads\/2020\/11\/santo7275med-211x300.jpg\" alt=\"\" width=\"107\" height=\"152\" srcset=\"https:\/\/www.radiopiu.net\/wordpress\/wp-content\/uploads\/2020\/11\/santo7275med-211x300.jpg 211w, https:\/\/www.radiopiu.net\/wordpress\/wp-content\/uploads\/2020\/11\/santo7275med.jpg 250w\" sizes=\"auto, (max-width: 107px) 100vw, 107px\" \/><\/a><\/strong>I sindaci Roberto Chissal\u00e8,\u00a0 \u00a0Mauro Soppelsa, Flavio Colcergnan, Fabio Luchetta,\u00a0 SIlvia Tormen, Stefano Da Zanche\u00a0 e\u00a0 Michele Costa ordinano che a salvaguardia della salute pubblica e stanti le vigenti misure statali per far fronte all&#8217;emergenza epidemiologica legata alla diffusione del virus covid19 \u00e8 vietata su tutto il territorio comunale di Gosaldo Vallada, Agordo, San Tomaso, Cencenighe, Taibon, Canale e Falcade\u00a0 la pratica tradizionale del &#8220;canta&#8217; San Martin&#8221; casa per casa. Quindi il 10 novembre a nessuno sar\u00e0 permesso suonare il campanello delle case come succede alla vigilia della festa di San Martino.<\/p>\n<blockquote>\n<h3><span style=\"color: #ff0000;\">IL SINDACO ROBERTO CHISSALE&#8217; SCRIVE AI BAMBINI E ALLE FAMIGLIE<\/span><\/h3>\n<\/blockquote>\n<div class=\"card\">\n<div id=\"description-generic\" class=\"card-block\" role=\"tabpanel\" aria-labelledby=\"description-generic-header\">\n<div class=\"text\">\n<div>\n<div>\n<p>Cari bambini e cordialissimi genitori,<br \/>\n<em>mi permetto di rubare un po&#8217; del vostro tempo per condividere con voi una mia preoccupazione in merito alla tradizionale, storica e bellissima consuetudine legata alla festivit\u00e0 di San Martino nella nostra comunit\u00e0. E\u2019 abitudine, nelle giornate del 10 e 11 novembre, nel nostro paese che i bambini ed i ragazzi si rechino di casa in casa e all\u2019interno delle attivit\u00e0 commerciali a cantare delle filastrocche inerenti a San Martino ricevendo in cambio dei doni, per lo pi\u00f9 dolciumi o frutta secca. Questa splendida usanza \u00e8 da sempre accolta con grande favore da parte della comunit\u00e0 in quanto costituisce occasione di incontro, di allegria, di socializzazione e di animazione delle giornate autunnali. Quest\u2019anno purtroppo, considerata la situazione che stiamo vivendo in merito all\u2019emergenza Covid-19, si dovr\u00e0 considerare la necessit\u00e0 di dover sospendere questa bellissima tradizione in quanto c\u2019\u00e8 la necessit\u00e0 di evitare qualsiasi occasioni che possa costituire un potenziale veicolo al diffondersi del contagio. E\u2019 opportuno infatti, dando seguito a quanto previsto nei DPCM emanati, evitare il pi\u00f9 possibile il formarsi di assembramenti, i contatti fra persone non congiunti e lo spostamento se non per motivi validi e giustificati. Alla luce di questo vi chiedo pertanto di evitare che i vostri figli escano di casa per andare a \u201ccant\u00e0 San Martin\u201d e che questa proibizione possa costituire un\u2019opportunit\u00e0 per sensibilizzarli e responsabilizzarli ulteriormente sulle attenzioni da prestare e sulla importanza della messa in pratica delle regole e delle indicazioni che ci hanno trasmesso. Certo della vostra collaborazione, con la speranza che quanto prima questa emergenza venga meno e si possa tutti assieme rivivere le nostre tradizioni, usanze e consuetudini, ringraziandovi cordialmente vi saluto.<\/em><\/p>\n<\/div>\n<\/div>\n<\/div>\n<\/div>\n<\/div>\n","protected":false},"excerpt":{"rendered":"<p>pubblichiamo le ordinanze che i sindaci si sono premurati di inviare con puntualit\u00e0 alla redazione,\u00a0 non siamo a conoscenza se altri Comuni abbiano preso la stessa decisione. AD AGORDO,\u00a0 CANALE D&#8217;AGORDO, TAIBON FALCADE, GOSALDO, VALLADA E CENCENIGHE NON SI CANTA SAN MARTIN I sindaci Roberto Chissal\u00e8,\u00a0 \u00a0Mauro Soppelsa, Flavio Colcergnan, Fabio Luchetta,\u00a0 SIlvia Tormen, Stefano&hellip;<\/p>\n","protected":false},"author":4,"featured_media":170937,"comment_status":"closed","ping_status":"closed","sticky":false,"template":"","format":"standard","meta":{"_monsterinsights_skip_tracking":false,"_monsterinsights_sitenote_active":false,"_monsterinsights_sitenote_note":"","_monsterinsights_sitenote_category":0,"footnotes":""},"categories":[51,104,49],"tags":[],"class_list":["post-170936","post","type-post","status-publish","format-standard","has-post-thumbnail","hentry","category-evidenza-top","category-evidenza_3","category-news-18","category-51","category-104","category-49","description-off"],"img_url":"https:\/\/www.radiopiu.net\/wordpress\/wp-content\/uploads\/2020\/11\/san-martino-663289.660x368.jpg","_links":{"self":[{"href":"https:\/\/www.radiopiu.net\/wordpress\/wp-json\/wp\/v2\/posts\/170936","targetHints":{"allow":["GET"]}}],"collection":[{"href":"https:\/\/www.radiopiu.net\/wordpress\/wp-json\/wp\/v2\/posts"}],"about":[{"href":"https:\/\/www.radiopiu.net\/wordpress\/wp-json\/wp\/v2\/types\/post"}],"author":[{"embeddable":true,"href":"https:\/\/www.radiopiu.net\/wordpress\/wp-json\/wp\/v2\/users\/4"}],"replies":[{"embeddable":true,"href":"https:\/\/www.radiopiu.net\/wordpress\/wp-json\/wp\/v2\/comments?post=170936"}],"version-history":[{"count":0,"href":"https:\/\/www.radiopiu.net\/wordpress\/wp-json\/wp\/v2\/posts\/170936\/revisions"}],"wp:featuredmedia":[{"embeddable":true,"href":"https:\/\/www.radiopiu.net\/wordpress\/wp-json\/wp\/v2\/media\/170937"}],"wp:attachment":[{"href":"https:\/\/www.radiopiu.net\/wordpress\/wp-json\/wp\/v2\/media?parent=170936"}],"wp:term":[{"taxonomy":"category","embeddable":true,"href":"https:\/\/www.radiopiu.net\/wordpress\/wp-json\/wp\/v2\/categories?post=170936"},{"taxonomy":"post_tag","embeddable":true,"href":"https:\/\/www.radiopiu.net\/wordpress\/wp-json\/wp\/v2\/tags?post=170936"}],"curies":[{"name":"wp","href":"https:\/\/api.w.org\/{rel}","templated":true}]}}