{"id":170962,"date":"2020-11-06T09:44:30","date_gmt":"2020-11-06T08:44:30","guid":{"rendered":"https:\/\/www.radiopiu.net\/wordpress\/?p=170962"},"modified":"2020-11-06T16:45:30","modified_gmt":"2020-11-06T15:45:30","slug":"la-storia-si-ripete-colpa-nel-navigatore-o-del-navigante","status":"publish","type":"post","link":"https:\/\/www.radiopiu.net\/wordpress\/la-storia-si-ripete-colpa-nel-navigatore-o-del-navigante\/","title":{"rendered":"LA STORIA SI RIPETE&#8230;COLPA NEL NAVIGATORE O DEL NAVIGANTE?"},"content":{"rendered":"<p><strong>LONGARONE<\/strong> E&#8217; successo di nuovo, stamane di buon mattino A Fortogna con l&#8217;autista del Tir che ha preso male le distanze come si evince dalle foto. Sul posto una pattuglia dei Carabinieri. \u00c8 successo anche marted\u00ec mattina a Col di Piana un autista ha incastrato il mezzo, per uscire dalla situazione critica \u00e8 stato aiutato dai Vigili del Fuoco che hanno provveduto anche a tagliare degli alberi<\/p>\n<p>&nbsp;<\/p>\n\n\t\t\t<style type='text\/css'>\n\t\t\t\t#gallery-1 {\n\t\t\t\t\tmargin: auto;\n\t\t\t\t}\n\t\t\t\t#gallery-1 .gallery-item {\n\t\t\t\t\tfloat: left;\n\t\t\t\t\tmargin-top: 10px;\n\t\t\t\t\ttext-align: center;\n\t\t\t\t\twidth: 33%;\n\t\t\t\t}\n\t\t\t\t#gallery-1 img {\n\t\t\t\t\tborder: 2px solid #cfcfcf;\n\t\t\t\t}\n\t\t\t\t#gallery-1 .gallery-caption {\n\t\t\t\t\tmargin-left: 0;\n\t\t\t\t}\n\t\t\t\t\/* see gallery_shortcode() in wp-includes\/media.php *\/\n\t\t\t<\/style>\n\t\t<div id='gallery-1' class='dt-gallery-container gallery galleryid-170962 gallery-columns-3 gallery-size-thumbnail'><dl class='gallery-item'>\n\t\t\t\t<dt class='gallery-icon portrait'>\n\t\t\t\t\t<a class=\"rollover rollover-zoom dt-pswp-item\" title=\"39d05b7a-c93c-4701-bc5d-898e73fe59f6\" data-dt-img-description=\"\" data-large_image_width=\"180\" data-large_image_height=\"320\"href='https:\/\/www.radiopiu.net\/wordpress\/wp-content\/uploads\/2020\/11\/39d05b7a-c93c-4701-bc5d-898e73fe59f6.jpg'><img loading=\"lazy\" decoding=\"async\" width=\"150\" height=\"150\" src=\"https:\/\/www.radiopiu.net\/wordpress\/wp-content\/uploads\/2020\/11\/39d05b7a-c93c-4701-bc5d-898e73fe59f6-150x150.jpg\" class=\"attachment-thumbnail size-thumbnail\" alt=\"\" \/><\/a>\n\t\t\t\t<\/dt><\/dl><dl class='gallery-item'>\n\t\t\t\t<dt class='gallery-icon portrait'>\n\t\t\t\t\t<a class=\"rollover rollover-zoom dt-pswp-item\" title=\"b9649b13-c54e-4088-b762-42c2328fd855\" data-dt-img-description=\"\" data-large_image_width=\"180\" data-large_image_height=\"320\"href='https:\/\/www.radiopiu.net\/wordpress\/wp-content\/uploads\/2020\/11\/b9649b13-c54e-4088-b762-42c2328fd855.jpg'><img loading=\"lazy\" decoding=\"async\" width=\"150\" height=\"150\" src=\"https:\/\/www.radiopiu.net\/wordpress\/wp-content\/uploads\/2020\/11\/b9649b13-c54e-4088-b762-42c2328fd855-150x150.jpg\" class=\"attachment-thumbnail size-thumbnail\" alt=\"\" \/><\/a>\n\t\t\t\t<\/dt><\/dl><dl class='gallery-item'>\n\t\t\t\t<dt class='gallery-icon portrait'>\n\t\t\t\t\t<a class=\"rollover rollover-zoom dt-pswp-item\" title=\"5b3f910d-e4f4-4b78-af96-3f604eec380c\" data-dt-img-description=\"\" data-large_image_width=\"180\" data-large_image_height=\"320\"href='https:\/\/www.radiopiu.net\/wordpress\/wp-content\/uploads\/2020\/11\/5b3f910d-e4f4-4b78-af96-3f604eec380c.jpg'><img loading=\"lazy\" decoding=\"async\" width=\"150\" height=\"150\" src=\"https:\/\/www.radiopiu.net\/wordpress\/wp-content\/uploads\/2020\/11\/5b3f910d-e4f4-4b78-af96-3f604eec380c-150x150.jpg\" class=\"attachment-thumbnail size-thumbnail\" alt=\"\" \/><\/a>\n\t\t\t\t<\/dt><\/dl><br style=\"clear: both\" \/>\n\t\t\t<\/div>\n\n<p>&nbsp;<\/p>\n","protected":false},"excerpt":{"rendered":"<p>LONGARONE E&#8217; successo di nuovo, stamane di buon mattino A Fortogna con l&#8217;autista del Tir che ha preso male le distanze come si evince dalle foto. Sul posto una pattuglia dei Carabinieri. \u00c8 successo anche marted\u00ec mattina a Col di Piana un autista ha incastrato il mezzo, per uscire dalla situazione critica \u00e8 stato aiutato&hellip;<\/p>\n","protected":false},"author":1,"featured_media":170964,"comment_status":"closed","ping_status":"closed","sticky":false,"template":"","format":"standard","meta":{"_monsterinsights_skip_tracking":false,"_monsterinsights_sitenote_active":false,"_monsterinsights_sitenote_note":"","_monsterinsights_sitenote_category":0,"footnotes":""},"categories":[104,49],"tags":[],"class_list":["post-170962","post","type-post","status-publish","format-standard","has-post-thumbnail","hentry","category-evidenza_3","category-news-18","category-104","category-49","description-off"],"img_url":"https:\/\/www.radiopiu.net\/wordpress\/wp-content\/uploads\/2020\/11\/b9649b13-c54e-4088-b762-42c2328fd855.jpg","_links":{"self":[{"href":"https:\/\/www.radiopiu.net\/wordpress\/wp-json\/wp\/v2\/posts\/170962","targetHints":{"allow":["GET"]}}],"collection":[{"href":"https:\/\/www.radiopiu.net\/wordpress\/wp-json\/wp\/v2\/posts"}],"about":[{"href":"https:\/\/www.radiopiu.net\/wordpress\/wp-json\/wp\/v2\/types\/post"}],"author":[{"embeddable":true,"href":"https:\/\/www.radiopiu.net\/wordpress\/wp-json\/wp\/v2\/users\/1"}],"replies":[{"embeddable":true,"href":"https:\/\/www.radiopiu.net\/wordpress\/wp-json\/wp\/v2\/comments?post=170962"}],"version-history":[{"count":0,"href":"https:\/\/www.radiopiu.net\/wordpress\/wp-json\/wp\/v2\/posts\/170962\/revisions"}],"wp:featuredmedia":[{"embeddable":true,"href":"https:\/\/www.radiopiu.net\/wordpress\/wp-json\/wp\/v2\/media\/170964"}],"wp:attachment":[{"href":"https:\/\/www.radiopiu.net\/wordpress\/wp-json\/wp\/v2\/media?parent=170962"}],"wp:term":[{"taxonomy":"category","embeddable":true,"href":"https:\/\/www.radiopiu.net\/wordpress\/wp-json\/wp\/v2\/categories?post=170962"},{"taxonomy":"post_tag","embeddable":true,"href":"https:\/\/www.radiopiu.net\/wordpress\/wp-json\/wp\/v2\/tags?post=170962"}],"curies":[{"name":"wp","href":"https:\/\/api.w.org\/{rel}","templated":true}]}}