{"id":171142,"date":"2020-11-06T19:22:11","date_gmt":"2020-11-06T18:22:11","guid":{"rendered":"https:\/\/www.radiopiu.net\/wordpress\/?p=171142"},"modified":"2020-11-06T19:22:11","modified_gmt":"2020-11-06T18:22:11","slug":"sanita-veneto-primo-in-italia-per-qualita-servizi-sanitari","status":"publish","type":"post","link":"https:\/\/www.radiopiu.net\/wordpress\/sanita-veneto-primo-in-italia-per-qualita-servizi-sanitari\/","title":{"rendered":"SANITA\u2019. VENETO PRIMO IN ITALIA PER QUALITA\u2019 SERVIZI SANITARI"},"content":{"rendered":"<p><strong><a href=\"https:\/\/www.radiopiu.net\/wordpress\/conferenza-sui-servizi-sanitari-il-commento-di-jacopo-massaro\/sanita-2\/\" rel=\"attachment wp-att-51292\"><img loading=\"lazy\" decoding=\"async\" class=\"size-medium wp-image-51292 alignleft\" src=\"https:\/\/www.radiopiu.net\/wordpress\/wp-content\/uploads\/2018\/06\/sanita-300x188.jpg\" alt=\"\" width=\"300\" height=\"188\" srcset=\"https:\/\/www.radiopiu.net\/wordpress\/wp-content\/uploads\/2018\/06\/sanita-300x188.jpg 300w, https:\/\/www.radiopiu.net\/wordpress\/wp-content\/uploads\/2018\/06\/sanita-768x482.jpg 768w, https:\/\/www.radiopiu.net\/wordpress\/wp-content\/uploads\/2018\/06\/sanita-1024x642.jpg 1024w, https:\/\/www.radiopiu.net\/wordpress\/wp-content\/uploads\/2018\/06\/sanita.jpg 1280w\" sizes=\"auto, (max-width: 300px) 100vw, 300px\" \/><\/a>VENEZIA\u00a0<\/strong>\u201c<em>Un primato di cui andar fieri. Lo dedico ai veneti e a tutta la squadra che ha lavorato e lavora ogni giorno sia nella fase operativa dell\u2019erogazione dei servizi, sia in quella della programmazione. Tutti sempre impegnati a dare il meglio, sia nei momenti di tranquillit\u00e0 che in quelli di difficolt\u00e0 e tensione, quando occorre aver programmato bene, diagnosticare con precisione\u00a0 e saper curare al meglio possibile chi sta male<\/em>\u201d.\u00a0E\u2019 questo il commento del Presidente della Regione, Luca Zaia, alla pubblicazione da parte del Ministero della Salute della griglia dei Livelli Essenziali di Assistenza (LEA), che vede il Veneto al primo posto tra le Regioni italiane per la qualit\u00e0 dei servizi sanitari offerti ai cittadini. \u201c<em>Non \u00e8 una classifica \u2013 aggiunge Zaia \u2013 ma un esame approfondito su un gran numero di parametri, tra i quali l&#8217;adesione agli screening oncologici i parti cesarei, il tasso di vaccinazione, i ricoveri inappropriati e molti altri. Ottenere 222 punti su un massimo di 225, rispetto a una media nazionale di 199, significa essere riusciti a rispettare il diritto alla salute sancito dalla Costituzione, impresa che si fa di anno in anno pi\u00f9 difficile, ancor pi\u00f9 in questa fase storica nella quale il Covid costituisce uno stress test che fa tremare i polsi<\/em>\u201d. \u201c<em>Il risultato non deve rallentare per\u00f2 la ricerca di migliorare \u2013 conclude il Governatore \u2013 e quindi va valutato anche come uno stimolo ad andare avanti perch\u00e9 in sanit\u00e0 chi sta fermo, in realt\u00e0 arretra. Il Veneto e i veneti vogliono progredire e non ci saremmo riusciti, ad esempio, se negli anni scorsi non avessimo rinnovato e affinato la programmazione con un nuovo Piano sociosanitario e con importanti investimenti in tecnologie e organizzazione in rete<\/em>\u201d.<\/p>\n","protected":false},"excerpt":{"rendered":"<p>VENEZIA\u00a0\u201cUn primato di cui andar fieri. Lo dedico ai veneti e a tutta la squadra che ha lavorato e lavora ogni giorno sia nella fase operativa dell\u2019erogazione dei servizi, sia in quella della programmazione. Tutti sempre impegnati a dare il meglio, sia nei momenti di tranquillit\u00e0 che in quelli di difficolt\u00e0 e tensione, quando occorre&hellip;<\/p>\n","protected":false},"author":4,"featured_media":51292,"comment_status":"closed","ping_status":"closed","sticky":false,"template":"","format":"standard","meta":{"_monsterinsights_skip_tracking":false,"_monsterinsights_sitenote_active":false,"_monsterinsights_sitenote_note":"","_monsterinsights_sitenote_category":0,"footnotes":""},"categories":[49],"tags":[],"class_list":["post-171142","post","type-post","status-publish","format-standard","has-post-thumbnail","hentry","category-news-18","category-49","description-off"],"img_url":"https:\/\/www.radiopiu.net\/wordpress\/wp-content\/uploads\/2018\/06\/sanita.jpg","_links":{"self":[{"href":"https:\/\/www.radiopiu.net\/wordpress\/wp-json\/wp\/v2\/posts\/171142","targetHints":{"allow":["GET"]}}],"collection":[{"href":"https:\/\/www.radiopiu.net\/wordpress\/wp-json\/wp\/v2\/posts"}],"about":[{"href":"https:\/\/www.radiopiu.net\/wordpress\/wp-json\/wp\/v2\/types\/post"}],"author":[{"embeddable":true,"href":"https:\/\/www.radiopiu.net\/wordpress\/wp-json\/wp\/v2\/users\/4"}],"replies":[{"embeddable":true,"href":"https:\/\/www.radiopiu.net\/wordpress\/wp-json\/wp\/v2\/comments?post=171142"}],"version-history":[{"count":0,"href":"https:\/\/www.radiopiu.net\/wordpress\/wp-json\/wp\/v2\/posts\/171142\/revisions"}],"wp:featuredmedia":[{"embeddable":true,"href":"https:\/\/www.radiopiu.net\/wordpress\/wp-json\/wp\/v2\/media\/51292"}],"wp:attachment":[{"href":"https:\/\/www.radiopiu.net\/wordpress\/wp-json\/wp\/v2\/media?parent=171142"}],"wp:term":[{"taxonomy":"category","embeddable":true,"href":"https:\/\/www.radiopiu.net\/wordpress\/wp-json\/wp\/v2\/categories?post=171142"},{"taxonomy":"post_tag","embeddable":true,"href":"https:\/\/www.radiopiu.net\/wordpress\/wp-json\/wp\/v2\/tags?post=171142"}],"curies":[{"name":"wp","href":"https:\/\/api.w.org\/{rel}","templated":true}]}}