{"id":171206,"date":"2020-11-07T08:30:09","date_gmt":"2020-11-07T07:30:09","guid":{"rendered":"https:\/\/www.radiopiu.net\/wordpress\/?p=171206"},"modified":"2020-11-07T17:51:34","modified_gmt":"2020-11-07T16:51:34","slug":"ultimora-notizie-antonio-del-gallo-dal-14-dicembre-comandera-i-vigili-del-fuoco-di-belluno","status":"publish","type":"post","link":"https:\/\/www.radiopiu.net\/wordpress\/ultimora-notizie-antonio-del-gallo-dal-14-dicembre-comandera-i-vigili-del-fuoco-di-belluno\/","title":{"rendered":"ultim&#8217;ora notizie 08.00 :  ANTONIO DEL GALLO DAL 14 DICEMBRE COMANDERA&#8217; I VIGILI DEL FUOCO DI BELLUNO"},"content":{"rendered":"<blockquote><p><strong><a href=\"https:\/\/www.radiopiu.net\/wordpress\/?attachment_id=171305\" rel=\"attachment wp-att-171305\"><img loading=\"lazy\" decoding=\"async\" class=\"size-medium wp-image-171305 alignleft\" src=\"https:\/\/www.radiopiu.net\/wordpress\/wp-content\/uploads\/2020\/11\/9d9a8ed3-7212-437f-a053-d320dada9f92-300x169.jpg\" alt=\"\" width=\"300\" height=\"169\" srcset=\"https:\/\/www.radiopiu.net\/wordpress\/wp-content\/uploads\/2020\/11\/9d9a8ed3-7212-437f-a053-d320dada9f92-300x169.jpg 300w, https:\/\/www.radiopiu.net\/wordpress\/wp-content\/uploads\/2020\/11\/9d9a8ed3-7212-437f-a053-d320dada9f92-1024x576.jpg 1024w, https:\/\/www.radiopiu.net\/wordpress\/wp-content\/uploads\/2020\/11\/9d9a8ed3-7212-437f-a053-d320dada9f92-768x432.jpg 768w, https:\/\/www.radiopiu.net\/wordpress\/wp-content\/uploads\/2020\/11\/9d9a8ed3-7212-437f-a053-d320dada9f92.jpg 1280w\" sizes=\"auto, (max-width: 300px) 100vw, 300px\" \/><\/a>BELLUNO<\/strong> Sar\u00e0 l&#8217;ingegner Antonio Del Gallo che dal 14 dicembre subentrer\u00e0 nel ruolo, vacante ormai da primavera, di direttore del Comando dei Vigili del Fuoco di Belluno. <em>&#8220;\u00c8 davvero importante che un territorio delicato come il Bellunese, la provincia di Vaia, ma anche quella del Vajont &#8211; sottolinea l&#8217;assessore alla Protezione Civile Gianpaolo Bottacin &#8211; abbia nuovamente una guida solida in un ruolo strategico come quello dei Vigili del Fuoco, che non poteva continuare a rimanere scandalosamente scoperto\u201c. <\/em><em>&#8220;Ora che, anche se con un po&#8217; di ritardo, questa nomina da parte del Ministero dell&#8217;interno finalmente \u00e8 arrivata &#8211; conclude l&#8217;assessore &#8211; voglio fare un sincero in bocca al lupo al nuovo comandante e, soprattutto, un ringraziamento ai funzionari locali che, insieme al comandante interregionale a scavalco, hanno ottimamente retto il Comando in questa fase&#8221;.<\/em><\/p>\n<p><a href=\"https:\/\/www.radiopiu.net\/wordpress\/?attachment_id=171304\" rel=\"attachment wp-att-171304\"><img loading=\"lazy\" decoding=\"async\" class=\"size-medium wp-image-171304 alignright\" src=\"https:\/\/www.radiopiu.net\/wordpress\/wp-content\/uploads\/2020\/11\/be5034f3-fea4-4f12-b609-25537edbccdb-300x233.jpg\" alt=\"\" width=\"300\" height=\"233\" srcset=\"https:\/\/www.radiopiu.net\/wordpress\/wp-content\/uploads\/2020\/11\/be5034f3-fea4-4f12-b609-25537edbccdb-300x233.jpg 300w, https:\/\/www.radiopiu.net\/wordpress\/wp-content\/uploads\/2020\/11\/be5034f3-fea4-4f12-b609-25537edbccdb-1024x794.jpg 1024w, https:\/\/www.radiopiu.net\/wordpress\/wp-content\/uploads\/2020\/11\/be5034f3-fea4-4f12-b609-25537edbccdb-768x595.jpg 768w, https:\/\/www.radiopiu.net\/wordpress\/wp-content\/uploads\/2020\/11\/be5034f3-fea4-4f12-b609-25537edbccdb-1536x1190.jpg 1536w, https:\/\/www.radiopiu.net\/wordpress\/wp-content\/uploads\/2020\/11\/be5034f3-fea4-4f12-b609-25537edbccdb.jpg 1600w\" sizes=\"auto, (max-width: 300px) 100vw, 300px\" \/><\/a>Il dipartimento dei Vigili del fuoco del soccorso pubblico e della difesa civile, ha conferito una serie di incarichi dirigenziali tra cui la nomina dell\u2019ing. Antonio del Gallo a comandante di Belluno dal prossimo 14 dicembre. Un ritorno in Veneto per del Gallo dove aveva prestato servizio come funzionario dal 1995 al 2011 presso il comando di Padova e dal 2011 al 2017 presso la direzione interregionale del Veneto e Trentino Alto Adige. Nel 2017 il trasferimento presso il comando di Pescara. Nel 2018 l\u2019incarico di vice comandate presso l\u2019istituto Superiore Antincendi di roma. Nel 2019 la nomina di dirigente con l\u2019incarico presso l\u2019ufficio tecnico contrattuale della flotta aerea e antincendio aeroportuale dei vigili del fuoco. Antonio del Gallo 55 enne \u00e8 laureato in ingegneria edile e ha conseguito un master universitario di II livello in Copeland Security \u2013 sistemi, metodi e strumenti per la security e il crisis management\u201d. E\u2019 stato docente nell&#8217;ambito del corso di Scienza e Tecnica per la Prevenzione Incendi afferente al corso di laurea in Ingegneria della sicurezza civile e industriale dell&#8217;Universit\u00e0 degli Studi di Padova.<\/p><\/blockquote>\n<p>L&#8217;ASSESSORE GIANPAOLO BOTTACIN<\/p>\n<audio class=\"wp-audio-shortcode\" id=\"audio-171206-1\" preload=\"none\" style=\"width: 100%;\" controls=\"controls\"><source type=\"audio\/mpeg\" src=\"https:\/\/www.radiopiu.net\/wordpress\/wp-content\/uploads\/2020\/11\/BOTTA.mp3?_=1\" \/><a href=\"https:\/\/www.radiopiu.net\/wordpress\/wp-content\/uploads\/2020\/11\/BOTTA.mp3\">https:\/\/www.radiopiu.net\/wordpress\/wp-content\/uploads\/2020\/11\/BOTTA.mp3<\/a><\/audio>\n<p><strong>IL PRESIDENTE DELLA PROVINCIA ROBERTO PADRIN<\/strong><br \/>\n<em>\u00abDiamo il benvenuto al nuovo comandante provinciale dei vigili del fuoco Antonio Del Gallo. Siamo certi che la collaborazione con la Provincia continuer\u00e0 a essere stretta e proficua come \u00e8 stata finora. Ringraziamo l\u2019ex comandante Bentivoglio per il lavoro svolto con grande professionalit\u00e0, e insieme a lui la struttura che ha gestito questo periodo di comando vacante, con il direttore interregionale Loris Munaro. Un grazie grande anche al capo del corpo nazionale Fabio Dattilo, con cui la collaborazione nei giorni di Vaia \u00e8 stata efficientissima. Con i vigili del fuoco c\u2019\u00e8 un rapporto di collaborazione imprescindibile: la loro professionalit\u00e0 e la capacit\u00e0 di intervento \u00e8 stata messa in evidenza durante la tempesta dell&#8217;ottobre 2018, ma \u00e8 presente anche quotidianamente in altre piccole emergenze che la fragilit\u00e0 del nostro territorio ha palesato\u00bb. <\/em><\/p>\n<p><strong>IL CONSIGLIERE MASSIMO BORTOLUZZI<\/strong><\/p>\n<p><em>\u00abLa prima azione che metteremo in agenda con il nuovo comandante sar\u00e0 la costruzione del Ccs, centro coordinamento soccorsi, all\u2019interno della nuova caserma di via Col da Ren . Un organismo che si \u00e8 rivelato indispensabile durante i giorni di Vaia e che necessita di una struttura adeguata e moderna. La Provincia ha gi\u00e0 pronto un progetto di massima. La volont\u00e0 \u00e8 di arrivare a realizzazione in tempi rapidi. Anche da parte mia un benvenuto e un augurio di buon lavoro al nuovo comandante Del Gallo\u00bb.<\/em><\/p>\n","protected":false},"excerpt":{"rendered":"<p>BELLUNO Sar\u00e0 l&#8217;ingegner Antonio Del Gallo che dal 14 dicembre subentrer\u00e0 nel ruolo, vacante ormai da primavera, di direttore del Comando dei Vigili del Fuoco di Belluno. &#8220;\u00c8 davvero importante che un territorio delicato come il Bellunese, la provincia di Vaia, ma anche quella del Vajont &#8211; sottolinea l&#8217;assessore alla Protezione Civile Gianpaolo Bottacin &#8211;&hellip;<\/p>\n","protected":false},"author":1,"featured_media":138743,"comment_status":"closed","ping_status":"closed","sticky":false,"template":"","format":"standard","meta":{"_monsterinsights_skip_tracking":false,"_monsterinsights_sitenote_active":false,"_monsterinsights_sitenote_note":"","_monsterinsights_sitenote_category":0,"footnotes":""},"categories":[49],"tags":[],"class_list":["post-171206","post","type-post","status-publish","format-standard","has-post-thumbnail","hentry","category-news-18","category-49","description-off"],"img_url":"https:\/\/www.radiopiu.net\/wordpress\/wp-content\/uploads\/2020\/05\/VIGILI-DEL-FUOCO-LOGO.png","_links":{"self":[{"href":"https:\/\/www.radiopiu.net\/wordpress\/wp-json\/wp\/v2\/posts\/171206","targetHints":{"allow":["GET"]}}],"collection":[{"href":"https:\/\/www.radiopiu.net\/wordpress\/wp-json\/wp\/v2\/posts"}],"about":[{"href":"https:\/\/www.radiopiu.net\/wordpress\/wp-json\/wp\/v2\/types\/post"}],"author":[{"embeddable":true,"href":"https:\/\/www.radiopiu.net\/wordpress\/wp-json\/wp\/v2\/users\/1"}],"replies":[{"embeddable":true,"href":"https:\/\/www.radiopiu.net\/wordpress\/wp-json\/wp\/v2\/comments?post=171206"}],"version-history":[{"count":0,"href":"https:\/\/www.radiopiu.net\/wordpress\/wp-json\/wp\/v2\/posts\/171206\/revisions"}],"wp:featuredmedia":[{"embeddable":true,"href":"https:\/\/www.radiopiu.net\/wordpress\/wp-json\/wp\/v2\/media\/138743"}],"wp:attachment":[{"href":"https:\/\/www.radiopiu.net\/wordpress\/wp-json\/wp\/v2\/media?parent=171206"}],"wp:term":[{"taxonomy":"category","embeddable":true,"href":"https:\/\/www.radiopiu.net\/wordpress\/wp-json\/wp\/v2\/categories?post=171206"},{"taxonomy":"post_tag","embeddable":true,"href":"https:\/\/www.radiopiu.net\/wordpress\/wp-json\/wp\/v2\/tags?post=171206"}],"curies":[{"name":"wp","href":"https:\/\/api.w.org\/{rel}","templated":true}]}}