{"id":171234,"date":"2020-11-07T12:38:05","date_gmt":"2020-11-07T11:38:05","guid":{"rendered":"https:\/\/www.radiopiu.net\/wordpress\/?p=171234"},"modified":"2020-11-07T13:15:04","modified_gmt":"2020-11-07T12:15:04","slug":"parla-zaia","status":"publish","type":"post","link":"https:\/\/www.radiopiu.net\/wordpress\/parla-zaia\/","title":{"rendered":"NUMERI IN CRESCITA, IMPORTANTI, MA LONTANI DA QUELLI DI MARZO  &#8211;  PARLA ZAIA"},"content":{"rendered":"<p><strong>VENEZIA<\/strong> La conferenza stampa di Luca Zaia, aggiornamento covid_19<\/p>\n<h2 style=\"text-align: center;\">3815 POSITIVI CON 20 MILA TAMPONI<\/h2>\n<p>I numeri 2.437.000 TAMPONI 75907 POSITIVI 17940 IN ISOLAMENTO 47657 POSITIVI ATTUALI 1410 RICOVERATI (+109) TERAPIA INTESIVE 186 (+12) 2568 DECESSI (+25) DIMESSI 5105<\/p>\n<blockquote>\n<h2>LEGGI LA CONFERENZA STAMPA DI LUCA ZAIA<\/h2>\n<p><em>Oggi rispetto a marzo e in proporzione ai tamponi i positivi sono il 50% in meno. Da questo fine settimana chiusi i centri commerciali nei giorni festivi e prefestivi.\u00a0 Ancora nessuna nuova per i tamponi dai veterinari nonostante il colloquio con il Ministro Speranza &#8220;Speravo\u00a0 fosse pi\u00f9 semplice, ma in Italia si riesce a complicare anche questo&#8221;. Rispetto a marzo gli accessi al Pronto Soccorso sono raddoppiati (oltre 2500 al giorno).\u00a0 Il rischio di passaggio alla fase arancione \u00e8 legato\u00a0 non\u00a0 uso\u00a0 della mascherina.<\/em><\/p><\/blockquote>\n<p>Si sta crescendo siamo a oltre\u00a0 1400 persone ricoverate, non siamo ancora alle punte di marzo. I prossimi saranno giorni di ascesa, l&#8217;emergenza maggiore oggi \u00e8 quella dei pronto soccorso, gli accessi rispetto allo scorso anno con la prima ondata sono il doppio. Prima del covid c&#8217;erano 4500 accessi al giorno (2 milioni l&#8217;anno), poi sono scesi a febbraio e rispetto a quel periodo oggi sono il doppio. I fattori sono molteplici ma diciamo ai cittadini di evitare al massimo l&#8217;accesso ai pronto soccorsi facendoli solo in caso emergenziale, prima chiedere sempre se possibile al medico di base. La preghiera: recarsi il meno possibile in ospedale. E&#8217; un lavoro straordinario quello che stanno facendo i nostri operatori anche dal punto di vista organizzativo. Abbiamo tanti positivi giustificati dai tanti tamponi che facciamo, la met\u00e0 rispetto a marzo in percentuale sui tamponi. In questo momento il grado di infezione dei nostri sanitari \u00e8 simile a quello di marzo. Gli operatori sanitari infettati su 54000 dipendenti sono 1510 molti extra-ospedaliere. Non intendo aumentare le restrizione ma serve la collaborazione di tutti.\u00a0 Il decorso ospedaliero medio \u00e8 di una settimana pi\u00f9 basso rispetto a marzo. L&#8217;et\u00e0 media dell&#8217;infezione \u00e8 sui 55 anni\u00a0 in\u00a0 terapie intensive ci\u00a0 sono soprattutto\u00a0 over 70. Abbiamo problemi con il personale, problema riscontrato in tutta Italia, non \u00e8 che non assumiamo: non ce ne sono. \u00a0Sono arrivati medici dell&#8217;Esercito e stiamo richiamando i pensionati. Il futuro \u00e8 garantire posti letto per il probabile aumento di pazienti Covid.<\/p>\n<p>https:\/\/www.facebook.com\/zaiaufficiale\/videos\/449687736000340<\/p>\n","protected":false},"excerpt":{"rendered":"<p>VENEZIA La conferenza stampa di Luca Zaia, aggiornamento covid_19 3815 POSITIVI CON 20 MILA TAMPONI I numeri 2.437.000 TAMPONI 75907 POSITIVI 17940 IN ISOLAMENTO 47657 POSITIVI ATTUALI 1410 RICOVERATI (+109) TERAPIA INTESIVE 186 (+12) 2568 DECESSI (+25) DIMESSI 5105 LEGGI LA CONFERENZA STAMPA DI LUCA ZAIA Oggi rispetto a marzo e in proporzione ai tamponi&hellip;<\/p>\n","protected":false},"author":1,"featured_media":121391,"comment_status":"closed","ping_status":"closed","sticky":false,"template":"","format":"standard","meta":{"_monsterinsights_skip_tracking":false,"_monsterinsights_sitenote_active":false,"_monsterinsights_sitenote_note":"","_monsterinsights_sitenote_category":0,"footnotes":""},"categories":[51,49],"tags":[],"class_list":["post-171234","post","type-post","status-publish","format-standard","has-post-thumbnail","hentry","category-evidenza-top","category-news-18","category-51","category-49","description-off"],"img_url":"https:\/\/www.radiopiu.net\/wordpress\/wp-content\/uploads\/2020\/03\/covid-zaia.jpg","_links":{"self":[{"href":"https:\/\/www.radiopiu.net\/wordpress\/wp-json\/wp\/v2\/posts\/171234","targetHints":{"allow":["GET"]}}],"collection":[{"href":"https:\/\/www.radiopiu.net\/wordpress\/wp-json\/wp\/v2\/posts"}],"about":[{"href":"https:\/\/www.radiopiu.net\/wordpress\/wp-json\/wp\/v2\/types\/post"}],"author":[{"embeddable":true,"href":"https:\/\/www.radiopiu.net\/wordpress\/wp-json\/wp\/v2\/users\/1"}],"replies":[{"embeddable":true,"href":"https:\/\/www.radiopiu.net\/wordpress\/wp-json\/wp\/v2\/comments?post=171234"}],"version-history":[{"count":0,"href":"https:\/\/www.radiopiu.net\/wordpress\/wp-json\/wp\/v2\/posts\/171234\/revisions"}],"wp:featuredmedia":[{"embeddable":true,"href":"https:\/\/www.radiopiu.net\/wordpress\/wp-json\/wp\/v2\/media\/121391"}],"wp:attachment":[{"href":"https:\/\/www.radiopiu.net\/wordpress\/wp-json\/wp\/v2\/media?parent=171234"}],"wp:term":[{"taxonomy":"category","embeddable":true,"href":"https:\/\/www.radiopiu.net\/wordpress\/wp-json\/wp\/v2\/categories?post=171234"},{"taxonomy":"post_tag","embeddable":true,"href":"https:\/\/www.radiopiu.net\/wordpress\/wp-json\/wp\/v2\/tags?post=171234"}],"curies":[{"name":"wp","href":"https:\/\/api.w.org\/{rel}","templated":true}]}}