{"id":171321,"date":"2020-11-07T18:43:54","date_gmt":"2020-11-07T17:43:54","guid":{"rendered":"https:\/\/www.radiopiu.net\/wordpress\/?p=171321"},"modified":"2020-11-08T07:48:58","modified_gmt":"2020-11-08T06:48:58","slug":"spostamenti-tra-comuni-e-dentro-i-comuni-in-aree-arancioni-e-rosse-i-chiarimenti-del-viminale-e-nelle-faq-su-governo-it-come-richiesto-da-uncem","status":"publish","type":"post","link":"https:\/\/www.radiopiu.net\/wordpress\/spostamenti-tra-comuni-e-dentro-i-comuni-in-aree-arancioni-e-rosse-i-chiarimenti-del-viminale-e-nelle-faq-su-governo-it-come-richiesto-da-uncem\/","title":{"rendered":"SPOSTAMENTI TRA COMUNI E DENTRO I COMUNI IN AREE ARANCIONI E ROSSE. I CHIARIMENTI DEL VIMINALE E NELLE FAQ SU GOVERNO.IT COME RICHIESTO DA UNCEM"},"content":{"rendered":"<div>\n<strong><a href=\"https:\/\/www.radiopiu.net\/wordpress\/giornale-radiopiu-06-novembre-2020-direttore-mirko-mezzacasa\/logouncem_no_scritta-wdtr\/\" rel=\"attachment wp-att-170846\"><img loading=\"lazy\" decoding=\"async\" class=\"wp-image-170846 alignleft\" src=\"https:\/\/www.radiopiu.net\/wordpress\/wp-content\/uploads\/2020\/11\/logoUNCEM_no_scritta-wdtr-300x300.jpg\" alt=\"\" width=\"146\" height=\"146\" srcset=\"https:\/\/www.radiopiu.net\/wordpress\/wp-content\/uploads\/2020\/11\/logoUNCEM_no_scritta-wdtr-300x300.jpg 300w, https:\/\/www.radiopiu.net\/wordpress\/wp-content\/uploads\/2020\/11\/logoUNCEM_no_scritta-wdtr-150x150.jpg 150w, https:\/\/www.radiopiu.net\/wordpress\/wp-content\/uploads\/2020\/11\/logoUNCEM_no_scritta-wdtr.jpg 640w\" sizes=\"auto, (max-width: 146px) 100vw, 146px\" \/><\/a>ROMA\u00a0<\/strong> Sul sito del Governo &#8211; <a href=\"http:\/\/admin12.antherica.com\/newsletter\/\/tk\/get.html?&amp;ui=33486&amp;cid=407&amp;cid=407&amp;ag=am&amp;newsid=1506&amp;exid=1403&amp;ui=33486&amp;cid=407&amp;cid=407&amp;linkid=4067\">http:\/\/www.governo.it\/it\/articolo\/domande-frequenti-sulle-misure-adottate-dal-governo\/15638#zone<\/a>\u00a0&#8211; vi sono da alcune ore le <strong>FAQ sul DPCM del 3 novembre 2020 e sull&#8217;Ordinanza del Ministero della Salute, divise per &#8220;colore&#8221; delle Regioni<\/strong>.\u00a0 \u00a0Sugli <strong>spostamenti dentro e tra Comuni<\/strong>, si possono leggere alcuni chiarimenti come Uncem ha sollecitato ieri. Nell&#8217;area rossa restano consentiti gli spostamenti per motivi di lavoro, salute o altra necessit\u00e0. &#8220;Laddove il Comune non disponga di punti vendita, o sia necessario acquistare con urgenza generi di prima necessit\u00e0 non reperibili nel Comune di residenza o domicilio, lo spostamento \u00e8 consentito solo entro stretti limiti, che dovranno essere autocertificati&#8221;.\u00a0 Le FAQ sugli &#8220;spostamenti&#8221; sono chiarite, per le aree arancioni e rosse, a pagina 7 della &#8220;Circolare Frattasi&#8221;. &#8220;Gli spostamenti &#8211; leggiamo nella nota arrivata oggi ai Prefetti &#8211; sono consentiti anche quando sia necessario svolgere attivit\u00e0 o usufruire di servizi non sospesi e non disponibili nel Comune di residenza, domicilio o abitazione&#8221;. &#8220;Risulter\u00e0 dunque <strong>possibile lo spostamento per recarsi, solo a titolo di esempio, presso uffici pubblici, esercizi commerciali o centri servizi, quando essi non siano presenti nel proprio territorio comunale<\/strong>. Naturalmente, valgono anche in questo caso le regole prudenziali che suggeriscono non solo di limitare al massimo gli spostamenti, ma anche di effettuarli, di massima, raggiungendo il luogo pi\u00f9 vicino dove comunque sia possibile la soddisfazione della propria esigenza&#8221;. \u00c8 possibile dunque spostarsi verso negozi e superfici di vendita pi\u00f9 ampie (anche se il nostro &#8220;<em>Compra in valle&#8230;<\/em>&#8221; resta vivo, necessario!) nei Comuni vicini e del fondovalle. Con buonsenso. Che abbiamo.<\/div>\n<blockquote>\n<div>\n<em>&#8220;Buonsenso &#8211; evidenzia Marco Bussone, Presidente nazionale Uncem &#8211; che sempre abbiamo chiesto, anche nel corso del primo lockdown, ai cittadini, come alle forze dell&#8217;ordine, ai legislatori tutti. Lavoriamo per agevolare i concittadini, chi risiede nelle valli, nei piccoli Comuni, affinch\u00e9 non si senta solo, isolato, senza servizi, senza possibilit\u00e0 di recarsi in negozi e punti di erogazione di servizi che abitualmente frequenta. Con buonsenso. E prudenza. La pandemia \u00e8 pericolosa per tutti. E i numeri sono in aumento ovunque. Anche nei nostri piccoli Comuni e nelle aree montane&#8221;.<\/em><\/div>\n<\/blockquote>\n","protected":false},"excerpt":{"rendered":"<p>ROMA\u00a0 Sul sito del Governo &#8211; http:\/\/www.governo.it\/it\/articolo\/domande-frequenti-sulle-misure-adottate-dal-governo\/15638#zone\u00a0&#8211; vi sono da alcune ore le FAQ sul DPCM del 3 novembre 2020 e sull&#8217;Ordinanza del Ministero della Salute, divise per &#8220;colore&#8221; delle Regioni.\u00a0 \u00a0Sugli spostamenti dentro e tra Comuni, si possono leggere alcuni chiarimenti come Uncem ha sollecitato ieri. Nell&#8217;area rossa restano consentiti gli spostamenti per motivi&hellip;<\/p>\n","protected":false},"author":4,"featured_media":133399,"comment_status":"closed","ping_status":"closed","sticky":false,"template":"","format":"standard","meta":{"_monsterinsights_skip_tracking":false,"_monsterinsights_sitenote_active":false,"_monsterinsights_sitenote_note":"","_monsterinsights_sitenote_category":0,"footnotes":""},"categories":[51,49],"tags":[],"class_list":["post-171321","post","type-post","status-publish","format-standard","has-post-thumbnail","hentry","category-evidenza-top","category-news-18","category-51","category-49","description-off"],"img_url":"https:\/\/www.radiopiu.net\/wordpress\/wp-content\/uploads\/2020\/04\/UNCEM.jpg","_links":{"self":[{"href":"https:\/\/www.radiopiu.net\/wordpress\/wp-json\/wp\/v2\/posts\/171321","targetHints":{"allow":["GET"]}}],"collection":[{"href":"https:\/\/www.radiopiu.net\/wordpress\/wp-json\/wp\/v2\/posts"}],"about":[{"href":"https:\/\/www.radiopiu.net\/wordpress\/wp-json\/wp\/v2\/types\/post"}],"author":[{"embeddable":true,"href":"https:\/\/www.radiopiu.net\/wordpress\/wp-json\/wp\/v2\/users\/4"}],"replies":[{"embeddable":true,"href":"https:\/\/www.radiopiu.net\/wordpress\/wp-json\/wp\/v2\/comments?post=171321"}],"version-history":[{"count":0,"href":"https:\/\/www.radiopiu.net\/wordpress\/wp-json\/wp\/v2\/posts\/171321\/revisions"}],"wp:featuredmedia":[{"embeddable":true,"href":"https:\/\/www.radiopiu.net\/wordpress\/wp-json\/wp\/v2\/media\/133399"}],"wp:attachment":[{"href":"https:\/\/www.radiopiu.net\/wordpress\/wp-json\/wp\/v2\/media?parent=171321"}],"wp:term":[{"taxonomy":"category","embeddable":true,"href":"https:\/\/www.radiopiu.net\/wordpress\/wp-json\/wp\/v2\/categories?post=171321"},{"taxonomy":"post_tag","embeddable":true,"href":"https:\/\/www.radiopiu.net\/wordpress\/wp-json\/wp\/v2\/tags?post=171321"}],"curies":[{"name":"wp","href":"https:\/\/api.w.org\/{rel}","templated":true}]}}