{"id":171394,"date":"2022-01-08T09:56:09","date_gmt":"2022-01-08T08:56:09","guid":{"rendered":"https:\/\/www.radiopiu.net\/wordpress\/?p=171394"},"modified":"2022-01-08T09:56:16","modified_gmt":"2022-01-08T08:56:16","slug":"acquedotto-colabrodo-da-tempo-segnalazioni-ancora-senza-risultato","status":"publish","type":"post","link":"https:\/\/www.radiopiu.net\/wordpress\/acquedotto-colabrodo-da-tempo-segnalazioni-ancora-senza-risultato\/","title":{"rendered":"ACQUEDOTTO COLABRODO, IL GUASTO E&#8217; STATO RIPARATO DOPO LE SEGNALAZIONI DELL&#8217;OTTOBRE 2020"},"content":{"rendered":"<p>&nbsp;<\/p>\n<p><strong>AGORDO<\/strong> Ci sono voluti pi\u00f9 di 14 mesi dalla prima segnalazione, ma alla fine Bim Gsp ha deciso di intervenire e sistemare quella fastidiosa perdita sotto al ponte della regionale 203 agordina a Toccol di Agordo, bivio per via Teto Piciol. Zona molto trafficata e per\u00a0 oltre 500 giorni centinaia di persone, anche in transito verso la zona industriale, si sono potuti rendere conto dello spreco d&#8217;acqua e dei tempi di intervento che non sono definibili immediati. Tra l&#8217;altro il cantiere \u00e8 stato aperto a dicembre, in pieno inverno durante l&#8217;unica fitta nevicata di stagione, con mezzi e materiale a ostruire parte della carreggiata della regionale 203 agordina gi\u00e0 stressata dalle nevicate, ma evidentemente anche i tempi scelti per l&#8217;intervento non sono stati proprio azzeccati. La bella notizia \u00e8 che il guasto \u00e8 stato riparto. A seguire le foto e il video dell&#8217;intervento e i servizi d&#8217;archivio di RADIOPIU.<\/p>\n<p>&nbsp;<\/p>\n\n\t\t\t<style type='text\/css'>\n\t\t\t\t#gallery-1 {\n\t\t\t\t\tmargin: auto;\n\t\t\t\t}\n\t\t\t\t#gallery-1 .gallery-item {\n\t\t\t\t\tfloat: left;\n\t\t\t\t\tmargin-top: 10px;\n\t\t\t\t\ttext-align: center;\n\t\t\t\t\twidth: 50%;\n\t\t\t\t}\n\t\t\t\t#gallery-1 img {\n\t\t\t\t\tborder: 2px solid #cfcfcf;\n\t\t\t\t}\n\t\t\t\t#gallery-1 .gallery-caption {\n\t\t\t\t\tmargin-left: 0;\n\t\t\t\t}\n\t\t\t\t\/* see gallery_shortcode() in wp-includes\/media.php *\/\n\t\t\t<\/style>\n\t\t<div id='gallery-1' class='dt-gallery-container gallery galleryid-171394 gallery-columns-2 gallery-size-large'><dl class='gallery-item'>\n\t\t\t\t<dt class='gallery-icon landscape'>\n\t\t\t\t\t<a class=\"rollover rollover-zoom dt-pswp-item\" title=\"bda34833-19ce-4467-9431-a78732e68bc6\" data-dt-img-description=\"\" data-large_image_width=\"1600\" data-large_image_height=\"1200\"href='https:\/\/www.radiopiu.net\/wordpress\/wp-content\/uploads\/2020\/11\/bda34833-19ce-4467-9431-a78732e68bc6.jpg'><img loading=\"lazy\" decoding=\"async\" width=\"1024\" height=\"768\" src=\"https:\/\/www.radiopiu.net\/wordpress\/wp-content\/uploads\/2020\/11\/bda34833-19ce-4467-9431-a78732e68bc6-1024x768.jpg\" class=\"attachment-large size-large\" alt=\"\" srcset=\"https:\/\/www.radiopiu.net\/wordpress\/wp-content\/uploads\/2020\/11\/bda34833-19ce-4467-9431-a78732e68bc6-1024x768.jpg 1024w, https:\/\/www.radiopiu.net\/wordpress\/wp-content\/uploads\/2020\/11\/bda34833-19ce-4467-9431-a78732e68bc6-300x225.jpg 300w, https:\/\/www.radiopiu.net\/wordpress\/wp-content\/uploads\/2020\/11\/bda34833-19ce-4467-9431-a78732e68bc6-768x576.jpg 768w, https:\/\/www.radiopiu.net\/wordpress\/wp-content\/uploads\/2020\/11\/bda34833-19ce-4467-9431-a78732e68bc6-1536x1152.jpg 1536w, https:\/\/www.radiopiu.net\/wordpress\/wp-content\/uploads\/2020\/11\/bda34833-19ce-4467-9431-a78732e68bc6.jpg 1600w\" sizes=\"auto, (max-width: 1024px) 100vw, 1024px\" \/><\/a>\n\t\t\t\t<\/dt><\/dl><dl class='gallery-item'>\n\t\t\t\t<dt class='gallery-icon landscape'>\n\t\t\t\t\t<a class=\"rollover rollover-zoom dt-pswp-item\" title=\"2bce0c20-eb06-460b-b464-4fb5200eff2d\" data-dt-img-description=\"\" data-large_image_width=\"1600\" data-large_image_height=\"1200\"href='https:\/\/www.radiopiu.net\/wordpress\/wp-content\/uploads\/2020\/11\/2bce0c20-eb06-460b-b464-4fb5200eff2d.jpg'><img loading=\"lazy\" decoding=\"async\" width=\"1024\" height=\"768\" src=\"https:\/\/www.radiopiu.net\/wordpress\/wp-content\/uploads\/2020\/11\/2bce0c20-eb06-460b-b464-4fb5200eff2d-1024x768.jpg\" class=\"attachment-large size-large\" alt=\"\" srcset=\"https:\/\/www.radiopiu.net\/wordpress\/wp-content\/uploads\/2020\/11\/2bce0c20-eb06-460b-b464-4fb5200eff2d-1024x768.jpg 1024w, https:\/\/www.radiopiu.net\/wordpress\/wp-content\/uploads\/2020\/11\/2bce0c20-eb06-460b-b464-4fb5200eff2d-300x225.jpg 300w, https:\/\/www.radiopiu.net\/wordpress\/wp-content\/uploads\/2020\/11\/2bce0c20-eb06-460b-b464-4fb5200eff2d-768x576.jpg 768w, https:\/\/www.radiopiu.net\/wordpress\/wp-content\/uploads\/2020\/11\/2bce0c20-eb06-460b-b464-4fb5200eff2d-1536x1152.jpg 1536w, https:\/\/www.radiopiu.net\/wordpress\/wp-content\/uploads\/2020\/11\/2bce0c20-eb06-460b-b464-4fb5200eff2d.jpg 1600w\" sizes=\"auto, (max-width: 1024px) 100vw, 1024px\" \/><\/a>\n\t\t\t\t<\/dt><\/dl><br style=\"clear: both\" \/>\n\t\t\t<\/div>\n\n<p><strong>9 novembre 2020 GIORNALE RADIO PIU<\/strong><\/p>\n<p><span style=\"color: #ff0000;\"><strong>ACQUEDOTTO COLABRODO DA TEMPO, SEGNALAZIONI ANCORA SENZA RISULTATO<\/strong><\/span><\/p>\n<p><strong>AGORDO<\/strong> Esattamente un mese fa (9 ottobre) scrivevamo: \u00a0&#8220;E\u2019 evidente che la perdita \u00e8 notevole, fortuna che non siamo in periodo di magra, di siccit\u00e0, quella che invita a tenere rubinetti chiusi il pi\u00f9 possibile, non lavare l\u2019auto e via discorrendo. Ma in altri momenti se non si porr\u00e0 rimedio verr\u00e0 di nuovo additata come una perdita di cui si possono facilmente immaginare le conseguenze. Qui siamo nei pressi della Campregana, il torrente che scende dalla Val di Frela e si butta nel Cordevole fronte Luxottica. <em>\u201cHo avvisato da tempo GSP \u2013 riferisce un ascoltatore di RADIO PIU \u2013 ma non si sono visti miglioramenti\u201d.<\/em><\/p>\n<p>Un mese dopo quindi, scriviamo di nuovo: che il problema non \u00e8 stato risolto, nemmeno in parte e anche che mettendo a confronto il video di allora con quello di oggi la situazione \u00e8 solamente peggiorata<\/p>\n<p><strong>VIDEO 9 NOVEMBRE 2020\u00a0<\/strong><\/p>\n<div style=\"width: 848px;\" class=\"wp-video\"><video class=\"wp-video-shortcode\" id=\"video-171394-1\" width=\"848\" height=\"480\" preload=\"metadata\" controls=\"controls\"><source type=\"video\/mp4\" src=\"https:\/\/www.radiopiu.net\/wordpress\/wp-content\/uploads\/2020\/11\/WhatsApp-Video-2020-11-08-at-12.42.30.mp4?_=1\" \/><a href=\"https:\/\/www.radiopiu.net\/wordpress\/wp-content\/uploads\/2020\/11\/WhatsApp-Video-2020-11-08-at-12.42.30.mp4\">https:\/\/www.radiopiu.net\/wordpress\/wp-content\/uploads\/2020\/11\/WhatsApp-Video-2020-11-08-at-12.42.30.mp4<\/a><\/video><\/div>\n<p><strong>VIDEO 8 OTTOBRE 2020<\/strong><\/p>\n<p>&nbsp;<\/p>\n<div style=\"width: 1200px;\" class=\"wp-video\"><video class=\"wp-video-shortcode\" id=\"video-171394-2\" width=\"1200\" height=\"675\" preload=\"metadata\" controls=\"controls\"><source type=\"video\/mp4\" src=\"https:\/\/www.radiopiu.net\/wordpress\/wp-content\/uploads\/2020\/10\/ACQUEDOTTO-COLABRODO.mp4?_=2\" \/><a href=\"https:\/\/www.radiopiu.net\/wordpress\/wp-content\/uploads\/2020\/10\/ACQUEDOTTO-COLABRODO.mp4\">https:\/\/www.radiopiu.net\/wordpress\/wp-content\/uploads\/2020\/10\/ACQUEDOTTO-COLABRODO.mp4<\/a><\/video><\/div>\n<p>&nbsp;<\/p>\n<p>&nbsp;<\/p>\n<p>&nbsp;<\/p>\n","protected":false},"excerpt":{"rendered":"<p>&nbsp; AGORDO Ci sono voluti pi\u00f9 di 14 mesi dalla prima segnalazione, ma alla fine Bim Gsp ha deciso di intervenire e sistemare quella fastidiosa perdita sotto al ponte della regionale 203 agordina a Toccol di Agordo, bivio per via Teto Piciol. Zona molto trafficata e per\u00a0 oltre 500 giorni centinaia di persone, anche in&hellip;<\/p>\n","protected":false},"author":4,"featured_media":252929,"comment_status":"closed","ping_status":"closed","sticky":false,"template":"","format":"standard","meta":{"_monsterinsights_skip_tracking":false,"_monsterinsights_sitenote_active":false,"_monsterinsights_sitenote_note":"","_monsterinsights_sitenote_category":0,"footnotes":""},"categories":[51,49],"tags":[],"class_list":["post-171394","post","type-post","status-publish","format-standard","has-post-thumbnail","hentry","category-evidenza-top","category-news-18","category-51","category-49","description-off"],"img_url":"https:\/\/www.radiopiu.net\/wordpress\/wp-content\/uploads\/2020\/11\/bda34833-19ce-4467-9431-a78732e68bc6.jpg","_links":{"self":[{"href":"https:\/\/www.radiopiu.net\/wordpress\/wp-json\/wp\/v2\/posts\/171394","targetHints":{"allow":["GET"]}}],"collection":[{"href":"https:\/\/www.radiopiu.net\/wordpress\/wp-json\/wp\/v2\/posts"}],"about":[{"href":"https:\/\/www.radiopiu.net\/wordpress\/wp-json\/wp\/v2\/types\/post"}],"author":[{"embeddable":true,"href":"https:\/\/www.radiopiu.net\/wordpress\/wp-json\/wp\/v2\/users\/4"}],"replies":[{"embeddable":true,"href":"https:\/\/www.radiopiu.net\/wordpress\/wp-json\/wp\/v2\/comments?post=171394"}],"version-history":[{"count":0,"href":"https:\/\/www.radiopiu.net\/wordpress\/wp-json\/wp\/v2\/posts\/171394\/revisions"}],"wp:featuredmedia":[{"embeddable":true,"href":"https:\/\/www.radiopiu.net\/wordpress\/wp-json\/wp\/v2\/media\/252929"}],"wp:attachment":[{"href":"https:\/\/www.radiopiu.net\/wordpress\/wp-json\/wp\/v2\/media?parent=171394"}],"wp:term":[{"taxonomy":"category","embeddable":true,"href":"https:\/\/www.radiopiu.net\/wordpress\/wp-json\/wp\/v2\/categories?post=171394"},{"taxonomy":"post_tag","embeddable":true,"href":"https:\/\/www.radiopiu.net\/wordpress\/wp-json\/wp\/v2\/tags?post=171394"}],"curies":[{"name":"wp","href":"https:\/\/api.w.org\/{rel}","templated":true}]}}