{"id":171677,"date":"2020-11-09T17:02:43","date_gmt":"2020-11-09T16:02:43","guid":{"rendered":"https:\/\/www.radiopiu.net\/wordpress\/?p=171677"},"modified":"2020-11-09T19:02:37","modified_gmt":"2020-11-09T18:02:37","slug":"belluno-4-decessi-in-24-ore-153-positivi-attualmente-positivi-oltre-3000-6-pazienti-in-terapia-intensiva","status":"publish","type":"post","link":"https:\/\/www.radiopiu.net\/wordpress\/belluno-4-decessi-in-24-ore-153-positivi-attualmente-positivi-oltre-3000-6-pazienti-in-terapia-intensiva\/","title":{"rendered":"BELLUNO: 4 DECESSI IN 24 ORE, 153 POSITIVI, ATTUALMENTE POSITIVI OLTRE 3000, 6 PAZIENTI IN TERAPIA INTENSIVA"},"content":{"rendered":"<p>&nbsp;<\/p>\n<p><strong>BELLUNO<\/strong> Nelle ultime 24 ore sono decedute quattro persone covid positive negli ospedali dell\u2019Ulss Dolomiti: un uomo di 80 anni ricoverato in geriatria Covid a Belluno, una donna di anni 94 ricoverata all\u2019ospedale di Comunit\u00e0 di Agordo, un uomo di anni 73 ricoverato in Pneumologia Covid a Belluno, una donna di 94 anni ricoverata in Pneumologia Covid a Feltre.<\/p>\n<p><strong>SITUAZIONE EPIDEMIOLOGICA<\/strong>: AUMENTO DEI POSITIVI NELLE 24 ORE +153 (TOTALE CASI DAL 21 FEBBRAIO 4712, ATTUALMENTE POSITIVI 3117 DEDECUTI IN OSPEDALE 172 NEGATIVIZZATI 1423).<\/p>\n<p><strong>IN OSPEDALE<\/strong> SAN MARTINO BELLUNO 57, 5 IN TERAPIA INTENSIVA, FELTRE 18, 1 IN TERAPIA INTENSIVA, ALANO 5, FELTRE 14, AGORDO 12.<\/p>\n<p>&nbsp;<\/p>\n<blockquote>\n<h3>COVID POINT: ECCO L&#8217;ESERCITO ALL&#8217;OPERA<\/h3>\n<\/blockquote>\n<p><strong>FELTRE<\/strong> Questa mattina, il team interforze della Difesa ha preso servizio al drive-in tamponi di Feltre, accolto dal Direttore Generale dell\u2019ulss Dolomiti, Adriano Rasi Caldogno, dal sindaco di Feltre, Paolo Perenzin, dal Colonello Sergio Garofalo, responsabile a livello Veneto dei team della Difesa, e dal Direttore del Dipartimento di Prevenzione dell\u2019ulss Dolomiti Sandro Cinquetti. Nel drive-in di Feltre, situato in zona Peschiera nell\u2019area ex Marangoni, vengono eseguiti oltre 300 tamponi al giorno. Da oggi sono operativi un ufficiale medico, due sottoufficiali infermieri tamponatori e due militari come supporto logistico in supporto al team dell\u2019Ulss Dolomiti. Oggi sono stati eseguiti 358 tamponi. Le linee attive sono quindi tre: due per l\u2019accesso libero e una per gli utenti prenotati. Il Punto Covid di Feltre \u00e8 aperto dal luned\u00ec al sabato dalle 8.30 alle 12.30. \u00abRingrazio le Forze Armate per l\u2019importante contributo e il Comune di Feltre per la sempre preziosa collaborazione\u00bb, commenta il direttore Generale Adriano Rasi Caldogno. \u00abContinua incessante l\u2019attivit\u00e0 dei nostri 5 drive-in tamponi dislocati nel territorio dove vengono eseguiti complessivamente circa 1.200 tamponi al giorni tra antigenici e molecolari. Ricordo che, dove necessari, come fatto nei giorni scorsi ad Auronzo e Cortina, i nostri team tamponi organizzano anche sessioni aggiuntive nei territori per utenti prenotati dove vi \u00e8 la necessit\u00e0 di testare molti contatti per essere pi\u00f9 vicino possibile ai cittadini\u00bb, commenta il Direttore del Dipartimento di Prevenzione Sandro Cinquetti.\u00abil supporto del team della Difesa, col quale i nostri operatori hanno instaurato subito un\u2019ottima collaborazione, ci permette di recuperare forze importanti\u00bb<\/p>\n\n\t\t\t<style type='text\/css'>\n\t\t\t\t#gallery-1 {\n\t\t\t\t\tmargin: auto;\n\t\t\t\t}\n\t\t\t\t#gallery-1 .gallery-item {\n\t\t\t\t\tfloat: left;\n\t\t\t\t\tmargin-top: 10px;\n\t\t\t\t\ttext-align: center;\n\t\t\t\t\twidth: 33%;\n\t\t\t\t}\n\t\t\t\t#gallery-1 img {\n\t\t\t\t\tborder: 2px solid #cfcfcf;\n\t\t\t\t}\n\t\t\t\t#gallery-1 .gallery-caption {\n\t\t\t\t\tmargin-left: 0;\n\t\t\t\t}\n\t\t\t\t\/* see gallery_shortcode() in wp-includes\/media.php *\/\n\t\t\t<\/style>\n\t\t<div id='gallery-1' class='dt-gallery-container gallery galleryid-171677 gallery-columns-3 gallery-size-thumbnail'><dl class='gallery-item'>\n\t\t\t\t<dt class='gallery-icon landscape'>\n\t\t\t\t\t<a class=\"rollover rollover-zoom dt-pswp-item\" title=\"IMG_20201109_090647\" data-dt-img-description=\"\" data-large_image_width=\"2560\" data-large_image_height=\"2560\"href='https:\/\/www.radiopiu.net\/wordpress\/wp-content\/uploads\/2020\/11\/IMG_20201109_090647-scaled.jpg'><img loading=\"lazy\" decoding=\"async\" width=\"150\" height=\"150\" src=\"https:\/\/www.radiopiu.net\/wordpress\/wp-content\/uploads\/2020\/11\/IMG_20201109_090647-150x150.jpg\" class=\"attachment-thumbnail size-thumbnail\" alt=\"\" srcset=\"https:\/\/www.radiopiu.net\/wordpress\/wp-content\/uploads\/2020\/11\/IMG_20201109_090647-150x150.jpg 150w, https:\/\/www.radiopiu.net\/wordpress\/wp-content\/uploads\/2020\/11\/IMG_20201109_090647-300x300.jpg 300w, https:\/\/www.radiopiu.net\/wordpress\/wp-content\/uploads\/2020\/11\/IMG_20201109_090647-1024x1024.jpg 1024w, https:\/\/www.radiopiu.net\/wordpress\/wp-content\/uploads\/2020\/11\/IMG_20201109_090647-768x768.jpg 768w, https:\/\/www.radiopiu.net\/wordpress\/wp-content\/uploads\/2020\/11\/IMG_20201109_090647-1536x1536.jpg 1536w, https:\/\/www.radiopiu.net\/wordpress\/wp-content\/uploads\/2020\/11\/IMG_20201109_090647-2048x2048.jpg 2048w\" sizes=\"auto, (max-width: 150px) 100vw, 150px\" \/><\/a>\n\t\t\t\t<\/dt><\/dl><dl class='gallery-item'>\n\t\t\t\t<dt class='gallery-icon landscape'>\n\t\t\t\t\t<a class=\"rollover rollover-zoom dt-pswp-item\" title=\"IMG_20201109_090351-1\" data-dt-img-description=\"\" data-large_image_width=\"2560\" data-large_image_height=\"2560\"href='https:\/\/www.radiopiu.net\/wordpress\/wp-content\/uploads\/2020\/11\/IMG_20201109_090351-1-scaled.jpg'><img loading=\"lazy\" decoding=\"async\" width=\"150\" height=\"150\" src=\"https:\/\/www.radiopiu.net\/wordpress\/wp-content\/uploads\/2020\/11\/IMG_20201109_090351-1-150x150.jpg\" class=\"attachment-thumbnail size-thumbnail\" alt=\"\" srcset=\"https:\/\/www.radiopiu.net\/wordpress\/wp-content\/uploads\/2020\/11\/IMG_20201109_090351-1-150x150.jpg 150w, https:\/\/www.radiopiu.net\/wordpress\/wp-content\/uploads\/2020\/11\/IMG_20201109_090351-1-300x300.jpg 300w, https:\/\/www.radiopiu.net\/wordpress\/wp-content\/uploads\/2020\/11\/IMG_20201109_090351-1-1024x1024.jpg 1024w, https:\/\/www.radiopiu.net\/wordpress\/wp-content\/uploads\/2020\/11\/IMG_20201109_090351-1-768x768.jpg 768w, https:\/\/www.radiopiu.net\/wordpress\/wp-content\/uploads\/2020\/11\/IMG_20201109_090351-1-1536x1536.jpg 1536w, https:\/\/www.radiopiu.net\/wordpress\/wp-content\/uploads\/2020\/11\/IMG_20201109_090351-1-2048x2048.jpg 2048w\" sizes=\"auto, (max-width: 150px) 100vw, 150px\" \/><\/a>\n\t\t\t\t<\/dt><\/dl><dl class='gallery-item'>\n\t\t\t\t<dt class='gallery-icon landscape'>\n\t\t\t\t\t<a class=\"rollover rollover-zoom dt-pswp-item\" title=\"IMG_20201109_090619\" data-dt-img-description=\"\" data-large_image_width=\"2560\" data-large_image_height=\"2560\"href='https:\/\/www.radiopiu.net\/wordpress\/wp-content\/uploads\/2020\/11\/IMG_20201109_090619-scaled.jpg'><img loading=\"lazy\" decoding=\"async\" width=\"150\" height=\"150\" src=\"https:\/\/www.radiopiu.net\/wordpress\/wp-content\/uploads\/2020\/11\/IMG_20201109_090619-150x150.jpg\" class=\"attachment-thumbnail size-thumbnail\" alt=\"\" srcset=\"https:\/\/www.radiopiu.net\/wordpress\/wp-content\/uploads\/2020\/11\/IMG_20201109_090619-150x150.jpg 150w, https:\/\/www.radiopiu.net\/wordpress\/wp-content\/uploads\/2020\/11\/IMG_20201109_090619-300x300.jpg 300w, https:\/\/www.radiopiu.net\/wordpress\/wp-content\/uploads\/2020\/11\/IMG_20201109_090619-1024x1024.jpg 1024w, https:\/\/www.radiopiu.net\/wordpress\/wp-content\/uploads\/2020\/11\/IMG_20201109_090619-768x768.jpg 768w, https:\/\/www.radiopiu.net\/wordpress\/wp-content\/uploads\/2020\/11\/IMG_20201109_090619-1536x1536.jpg 1536w, https:\/\/www.radiopiu.net\/wordpress\/wp-content\/uploads\/2020\/11\/IMG_20201109_090619-2048x2048.jpg 2048w\" sizes=\"auto, (max-width: 150px) 100vw, 150px\" \/><\/a>\n\t\t\t\t<\/dt><\/dl><br style=\"clear: both\" \/>\n\t\t\t<\/div>\n\n<p>&nbsp;<\/p>\n","protected":false},"excerpt":{"rendered":"<p>&nbsp; BELLUNO Nelle ultime 24 ore sono decedute quattro persone covid positive negli ospedali dell\u2019Ulss Dolomiti: un uomo di 80 anni ricoverato in geriatria Covid a Belluno, una donna di anni 94 ricoverata all\u2019ospedale di Comunit\u00e0 di Agordo, un uomo di anni 73 ricoverato in Pneumologia Covid a Belluno, una donna di 94 anni ricoverata&hellip;<\/p>\n","protected":false},"author":4,"featured_media":121260,"comment_status":"closed","ping_status":"closed","sticky":false,"template":"","format":"standard","meta":{"_monsterinsights_skip_tracking":false,"_monsterinsights_sitenote_active":false,"_monsterinsights_sitenote_note":"","_monsterinsights_sitenote_category":0,"footnotes":""},"categories":[51,49],"tags":[],"class_list":["post-171677","post","type-post","status-publish","format-standard","has-post-thumbnail","hentry","category-evidenza-top","category-news-18","category-51","category-49","description-off"],"img_url":"https:\/\/www.radiopiu.net\/wordpress\/wp-content\/uploads\/2020\/03\/covid-ulss.jpg","_links":{"self":[{"href":"https:\/\/www.radiopiu.net\/wordpress\/wp-json\/wp\/v2\/posts\/171677","targetHints":{"allow":["GET"]}}],"collection":[{"href":"https:\/\/www.radiopiu.net\/wordpress\/wp-json\/wp\/v2\/posts"}],"about":[{"href":"https:\/\/www.radiopiu.net\/wordpress\/wp-json\/wp\/v2\/types\/post"}],"author":[{"embeddable":true,"href":"https:\/\/www.radiopiu.net\/wordpress\/wp-json\/wp\/v2\/users\/4"}],"replies":[{"embeddable":true,"href":"https:\/\/www.radiopiu.net\/wordpress\/wp-json\/wp\/v2\/comments?post=171677"}],"version-history":[{"count":0,"href":"https:\/\/www.radiopiu.net\/wordpress\/wp-json\/wp\/v2\/posts\/171677\/revisions"}],"wp:featuredmedia":[{"embeddable":true,"href":"https:\/\/www.radiopiu.net\/wordpress\/wp-json\/wp\/v2\/media\/121260"}],"wp:attachment":[{"href":"https:\/\/www.radiopiu.net\/wordpress\/wp-json\/wp\/v2\/media?parent=171677"}],"wp:term":[{"taxonomy":"category","embeddable":true,"href":"https:\/\/www.radiopiu.net\/wordpress\/wp-json\/wp\/v2\/categories?post=171677"},{"taxonomy":"post_tag","embeddable":true,"href":"https:\/\/www.radiopiu.net\/wordpress\/wp-json\/wp\/v2\/tags?post=171677"}],"curies":[{"name":"wp","href":"https:\/\/api.w.org\/{rel}","templated":true}]}}