{"id":171767,"date":"2020-11-11T05:54:25","date_gmt":"2020-11-11T04:54:25","guid":{"rendered":"https:\/\/www.radiopiu.net\/wordpress\/?p=171767"},"modified":"2020-11-11T06:09:14","modified_gmt":"2020-11-11T05:09:14","slug":"un-mese-di-stop-per-litalian-hockey-league","status":"publish","type":"post","link":"https:\/\/www.radiopiu.net\/wordpress\/un-mese-di-stop-per-litalian-hockey-league\/","title":{"rendered":"UN MESE DI STOP PER L&#8217;ITALIAN HOCKEY LEAGUE"},"content":{"rendered":"<p><strong><a href=\"https:\/\/www.radiopiu.net\/wordpress\/il-fine-settimana-dellalleghe-hockey-dalla-prima-squadra-allunder-13\/hockey-ccc\/\" rel=\"attachment wp-att-70980\"><img loading=\"lazy\" decoding=\"async\" class=\"size-medium wp-image-70980 alignleft\" src=\"https:\/\/www.radiopiu.net\/wordpress\/wp-content\/uploads\/2018\/12\/HOCKEY-CCC-300x188.jpg\" alt=\"\" width=\"300\" height=\"188\" srcset=\"https:\/\/www.radiopiu.net\/wordpress\/wp-content\/uploads\/2018\/12\/HOCKEY-CCC-300x188.jpg 300w, https:\/\/www.radiopiu.net\/wordpress\/wp-content\/uploads\/2018\/12\/HOCKEY-CCC-768x480.jpg 768w, https:\/\/www.radiopiu.net\/wordpress\/wp-content\/uploads\/2018\/12\/HOCKEY-CCC-1024x640.jpg 1024w, https:\/\/www.radiopiu.net\/wordpress\/wp-content\/uploads\/2018\/12\/HOCKEY-CCC.jpg 1680w\" sizes=\"auto, (max-width: 300px) 100vw, 300px\" \/><\/a>ALLEGHE<\/strong> La notizia era nell&#8217;aria da alcuni giorni ma in nottata \u00e8 arrivata la conferma. L&#8217;Italian Hockey League si fermer\u00e0 fino al 5 dicembre. Dopo la videoconferenza tra le 10 squadre partecipanti al torneo, a tarda notte \u00e8 arrivata la decisione. Una decisione quasi unanime che ha visto solo una squadra stare per la continuazione del campionato e le altre 9 in coro dire di no. Uno stop annunciato anche perch\u00e9 nelle ultime ore l&#8217;Alto Adige si \u00e8 autodichiarato zona rossa e quindi diventavano difficili gli spostamenti da e per la provincia di Bolzano. Un mese di stop in cui le squadre continueranno a tenersi in contatto per aggiornarsi sulla situazione sanitaria e per capire se il 5 dicembre si potr\u00e0 ricominciare a giocare. In caso contrario si potrebbe addirittura pensare di chiudere definitivamente il campionato e rimandare tutto al 2021. Infatti, gli scarsi introiti per la mancanza del pubblico e la situazione economica di alcune squadre, porterebbe ad una decisione drastica soprattutto per salvaguardare le casse delle societ\u00e0. D&#8217;altronde in questo momento, con la stagione congelata, si devono pagare allenatori e giocatori pur non calcando le piste ghiacciate. Quindi IHL ferma per un mese, poi si vedr\u00e0.<\/p>\n","protected":false},"excerpt":{"rendered":"<p>ALLEGHE La notizia era nell&#8217;aria da alcuni giorni ma in nottata \u00e8 arrivata la conferma. L&#8217;Italian Hockey League si fermer\u00e0 fino al 5 dicembre. Dopo la videoconferenza tra le 10 squadre partecipanti al torneo, a tarda notte \u00e8 arrivata la decisione. Una decisione quasi unanime che ha visto solo una squadra stare per la continuazione&hellip;<\/p>\n","protected":false},"author":4,"featured_media":70980,"comment_status":"closed","ping_status":"closed","sticky":false,"template":"","format":"standard","meta":{"_monsterinsights_skip_tracking":false,"_monsterinsights_sitenote_active":false,"_monsterinsights_sitenote_note":"","_monsterinsights_sitenote_category":0,"footnotes":""},"categories":[1,51,104],"tags":[],"class_list":["post-171767","post","type-post","status-publish","format-standard","has-post-thumbnail","hentry","category-senza-categoria","category-evidenza-top","category-evidenza_3","category-1","category-51","category-104","description-off"],"img_url":"https:\/\/www.radiopiu.net\/wordpress\/wp-content\/uploads\/2018\/12\/HOCKEY-CCC.jpg","_links":{"self":[{"href":"https:\/\/www.radiopiu.net\/wordpress\/wp-json\/wp\/v2\/posts\/171767","targetHints":{"allow":["GET"]}}],"collection":[{"href":"https:\/\/www.radiopiu.net\/wordpress\/wp-json\/wp\/v2\/posts"}],"about":[{"href":"https:\/\/www.radiopiu.net\/wordpress\/wp-json\/wp\/v2\/types\/post"}],"author":[{"embeddable":true,"href":"https:\/\/www.radiopiu.net\/wordpress\/wp-json\/wp\/v2\/users\/4"}],"replies":[{"embeddable":true,"href":"https:\/\/www.radiopiu.net\/wordpress\/wp-json\/wp\/v2\/comments?post=171767"}],"version-history":[{"count":0,"href":"https:\/\/www.radiopiu.net\/wordpress\/wp-json\/wp\/v2\/posts\/171767\/revisions"}],"wp:featuredmedia":[{"embeddable":true,"href":"https:\/\/www.radiopiu.net\/wordpress\/wp-json\/wp\/v2\/media\/70980"}],"wp:attachment":[{"href":"https:\/\/www.radiopiu.net\/wordpress\/wp-json\/wp\/v2\/media?parent=171767"}],"wp:term":[{"taxonomy":"category","embeddable":true,"href":"https:\/\/www.radiopiu.net\/wordpress\/wp-json\/wp\/v2\/categories?post=171767"},{"taxonomy":"post_tag","embeddable":true,"href":"https:\/\/www.radiopiu.net\/wordpress\/wp-json\/wp\/v2\/tags?post=171767"}],"curies":[{"name":"wp","href":"https:\/\/api.w.org\/{rel}","templated":true}]}}