{"id":171780,"date":"2020-11-10T12:42:44","date_gmt":"2020-11-10T11:42:44","guid":{"rendered":"https:\/\/www.radiopiu.net\/wordpress\/?p=171780"},"modified":"2020-11-10T13:06:56","modified_gmt":"2020-11-10T12:06:56","slug":"il-capo-dello-stato-mattarella-ha-chiesto-informazioni-sul-covid-in-veneto-parla-luca-zaia-altri-48-decessi-e-quasi-1000-positivi-in-24-ore-da-oggi-saturimetro-e-ossignoe-a-domicilio","status":"publish","type":"post","link":"https:\/\/www.radiopiu.net\/wordpress\/il-capo-dello-stato-mattarella-ha-chiesto-informazioni-sul-covid-in-veneto-parla-luca-zaia-altri-48-decessi-e-quasi-1000-positivi-in-24-ore-da-oggi-saturimetro-e-ossignoe-a-domicilio\/","title":{"rendered":"IL CAPO DELLO STATO MATTARELLA HA CHIESTO INFORMAZIONI SUL COVID IN VENETO  &#8211; PARLA  LUCA ZAIA altri 48 decessi e quasi 1000 positivi in 24 ore- DA OGGI SATURIMETRO E OSSIGNOE A DOMICILIO"},"content":{"rendered":"<p><strong>VENEZIA <\/strong>In diretta dalla sala stampa della Protezione Civile del Veneto a Marghera, Luca Zaia fa il punto su l&#8217;emergenza covid-19.<\/p>\n<p><strong>I NUMERI 50.250 POSITIVI 16.034 PERSONE IN ISOLAMENTO (+923)\u00a0 1696 RICOVERATI (+116)\u00a0 210 IN TERAPIA INTENSIVA (+7) DECESSI 2643 (+48) 5260 DIMESSI\u00a0<\/strong><\/p>\n<blockquote>\n<h3>LEGGI LA CONFERENZA STAMPA DI LUCA ZAIA<\/h3>\n<\/blockquote>\n<p><em>Stiamo aumentando i posti letto Covid negli ospedali\u00a0 l&#8217;emergenza Covid \u00e8 sempre pi\u00f9 elevata. Al Presidente Mattarella ho raccontato le nostre difficolt\u00e0\u00a0 e i comportamenti a rischio,\u00a0 la vera preoccupazione. Mi appello a chi \u00e8 stato malato ed \u00e8 guarito perch\u00e9 doni il suo sangue per gli attuali malati.<\/em><\/p>\n<p>Stiamo allargando e creando posti covid in ospedale. La sofferenza ospedaliera ora \u00e8 trovare il personale. Continuiamo a garantire cure ai pazienti domiciliari. Abbiamo oltre 200 terapie intensive covid e 319 non covid. Siamo preoccupati per le strutture ospedaliere che sono in tensione ma siamo in grado di curare i cittadini e prenderli in carico negli ospedali, stiamo espandendo la nostra capacit\u00e0 di ricovero e cura. Su Treviso stiamo valutando di attivare un ospedale dismesso (Valdobbiadene). Mi ha chiamato il capo dello Stato per chiedere informazioni e ho detto quello che sto dicendo a voi.\u00a0 Il nuovo slogan &#8220;uno spritz in meno per evitare il lockdown&#8221; Sto parlando con i colleghi confinanti per delle misure restrittive, non coercitive ma per fare in modo che il lavoro fatto per rimanere in zona gialla possa essere d&#8217;aiuto ai nostri operatori della sanit\u00e0. Dobbiamo meritarci questa area gialla e se qualche cosa va storto precipitiamo in\u00a0 zona rossa. Abbiamo approvato in Giunta un protocollo innovativo voluto con forza per le cure domiciliari. Ci abbiamo messo una novit\u00e0: la consegna dei saturimetri e ossigeno terapia a domicilio. Oggi l&#8217;assessore Lanzarin incontrer\u00e0 anche i medici di base. Vuole pensare ad una cura dei pazienti che non hanno necessit\u00e0 di cure ospedaliere. La nostra forza anche nel primo ciclo \u00e8 stata quella di non aver ospedalizzato tutto portando al collasso degli ospedali e dobbiamo il grazie ai medici di base, anche ai 650 che hanno fatto tamponi gratis alla collettivit\u00e0. Oggi chi non lo far\u00e0 (pagato) non rispetta il contratto. Il 70% di coloro che si presentano al Pronto Soccorso tornano a casa con la febbre e la tosse ma la stragrande maggioranza riesce a curarsi a casa. Stiamo andando avanti con il plasma iper immune, se qualcuno gradisce donare il sangue dopo aver avuto il covid pu\u00f2 contattare il centro trasfusionale della sua Ulss. <strong>CONFERMA CLASSIFICAZIONE GIALLA AL VENETO, E&#8217; CORRETTO AFFERMARE CHE UN MOTIVO DETERMINANTE E&#8217; STATO IL TASSO MODESTO DELLA TERAPIA INTENSIVA?<\/strong> Ni alla fine vengono valutati molti valori, occupazione ospedaliera, RT (1.56) un insieme di fattori di una Regione che non \u00e8 presa male. L&#8217;organizzazione sanitaria regionale comunque risponde. <strong>RT 1,56 SI ERA DETTO CHE OLTRE 1,50 C&#8217;E&#8217; ALTRA PROSPETTIVA\u00a0 Dall&#8217; 1.50 all&#8217;1.56<\/strong> non cambia il mondo, si valutano anche altri parametri. Il Ministro Speranza l&#8217;ho sentito ieri sera e ho evitato di chiamarlo prima anche perch\u00e9 in caso di cambio d&#8217;area avrei gradito il confronto. Mi ha parlato di un&#8217;analisi che ha tenuto conto di una situazione complessiva non hanno valutato con il calibro. E&#8217; stato premiato il sistema sanitario e dei suoi operatori. E&#8217; un modello che abbiamo costruito in tanti anni. <strong>COORDINAMENTO CON I PRESIDENTI DI REGIONI GIALLE<\/strong> Non \u00e8 un coordinamento, ho sentito Friuli ed Emilia Romagna e ho confermato che vorrei fare un&#8217;ordinanza di buone pratiche senza tanti sacrifici con qualche novit\u00e0 alla quale penso da un bel po&#8217;. Se collimano con le loro ben venga altrimenti non succede nulla. I colleghi sono d&#8217;accordo per un provvedimento territoriale omogeneo. <strong>ORDINANZA SUI PARCHI COMMERCIALI?<\/strong> No riguarder\u00e0 pi\u00f9 ambiti \u00e8 gi\u00e0 abbozzata con qualche bella novit\u00e0 di senso civico, ma on anticipo nulla. <strong>100 MILA SATURIMETRI ENTRO QUANDO?<\/strong> Oggi l&#8217;assessore incontra i medici, qualche giorno. Abbiamo attivato una ricerca di mercato non facile per trovare strumenti poco costosi che funzionino e che siano di facile utilizzo. <strong>SI E&#8217; APPELLATO AI CITTADINI PER NON RISCHIARE DI PASSARE DI FASCIA, LA RESPONSABILITA&#8217; E&#8217; SOLO DEI CITTADINI?<\/strong> Bisogna pensare alle prossime generazioni e non alle elezioni diceva De Gasperi, serve il senso civico &#8220;Chi \u00e8 causa del suo mal pianga se stesso&#8221; va salvaguardata la salute del popolo veneto. Dobbiamo creare con un grande lavoro di popolo una lotta al virus, forse a marzo per l&#8217;ignoto eravamo pi\u00f9 impauriti, poi ci sono stati i dibattiti lunari dove si \u00e8 detto tutto e di tutto. Ora dobbiamo stare attenti punto e basta, gli ospedali si stanno riemendo. <strong>LEI DISSE CHE I VENETI SONO PRECISI E VOGLIONO COSE PRECISE A PROPOSITO DEI 200 METRI DA CASA, SE CONTINUANO GLI ASSEMBRAMENTI CI SARANNO RESTRIZIONI?<\/strong> Non posso permettermi che qualcuno mi dica che per pigrizia non si sono prese le giuste decisioni. Se serve decideremo. I 200 metri da casa sono nati in questa Regione faceva sorridere ma \u00e8 servita con l&#8217;abbassamento della curva.<\/p>\n<p>&nbsp;<\/p>\n<p>https:\/\/www.facebook.com\/zaiaufficiale\/videos\/362572671698633<\/p>\n","protected":false},"excerpt":{"rendered":"<p>VENEZIA In diretta dalla sala stampa della Protezione Civile del Veneto a Marghera, Luca Zaia fa il punto su l&#8217;emergenza covid-19. I NUMERI 50.250 POSITIVI 16.034 PERSONE IN ISOLAMENTO (+923)\u00a0 1696 RICOVERATI (+116)\u00a0 210 IN TERAPIA INTENSIVA (+7) DECESSI 2643 (+48) 5260 DIMESSI\u00a0 LEGGI LA CONFERENZA STAMPA DI LUCA ZAIA Stiamo aumentando i posti letto&hellip;<\/p>\n","protected":false},"author":4,"featured_media":171796,"comment_status":"closed","ping_status":"closed","sticky":false,"template":"","format":"standard","meta":{"_monsterinsights_skip_tracking":false,"_monsterinsights_sitenote_active":false,"_monsterinsights_sitenote_note":"","_monsterinsights_sitenote_category":0,"footnotes":""},"categories":[104,49],"tags":[],"class_list":["post-171780","post","type-post","status-publish","format-standard","has-post-thumbnail","hentry","category-evidenza_3","category-news-18","category-104","category-49","description-off"],"img_url":"https:\/\/www.radiopiu.net\/wordpress\/wp-content\/uploads\/2020\/11\/124539065_1627143874154188_2040568900858258169_o.jpg","_links":{"self":[{"href":"https:\/\/www.radiopiu.net\/wordpress\/wp-json\/wp\/v2\/posts\/171780","targetHints":{"allow":["GET"]}}],"collection":[{"href":"https:\/\/www.radiopiu.net\/wordpress\/wp-json\/wp\/v2\/posts"}],"about":[{"href":"https:\/\/www.radiopiu.net\/wordpress\/wp-json\/wp\/v2\/types\/post"}],"author":[{"embeddable":true,"href":"https:\/\/www.radiopiu.net\/wordpress\/wp-json\/wp\/v2\/users\/4"}],"replies":[{"embeddable":true,"href":"https:\/\/www.radiopiu.net\/wordpress\/wp-json\/wp\/v2\/comments?post=171780"}],"version-history":[{"count":0,"href":"https:\/\/www.radiopiu.net\/wordpress\/wp-json\/wp\/v2\/posts\/171780\/revisions"}],"wp:featuredmedia":[{"embeddable":true,"href":"https:\/\/www.radiopiu.net\/wordpress\/wp-json\/wp\/v2\/media\/171796"}],"wp:attachment":[{"href":"https:\/\/www.radiopiu.net\/wordpress\/wp-json\/wp\/v2\/media?parent=171780"}],"wp:term":[{"taxonomy":"category","embeddable":true,"href":"https:\/\/www.radiopiu.net\/wordpress\/wp-json\/wp\/v2\/categories?post=171780"},{"taxonomy":"post_tag","embeddable":true,"href":"https:\/\/www.radiopiu.net\/wordpress\/wp-json\/wp\/v2\/tags?post=171780"}],"curies":[{"name":"wp","href":"https:\/\/api.w.org\/{rel}","templated":true}]}}