{"id":171824,"date":"2020-11-10T16:02:54","date_gmt":"2020-11-10T15:02:54","guid":{"rendered":"https:\/\/www.radiopiu.net\/wordpress\/?p=171824"},"modified":"2020-11-10T16:24:29","modified_gmt":"2020-11-10T15:24:29","slug":"covid-in-veneto-rafforzate-cure-domiciliari-a-pazienti-a-casa-saturimetri-e-ossigenoterapia","status":"publish","type":"post","link":"https:\/\/www.radiopiu.net\/wordpress\/covid-in-veneto-rafforzate-cure-domiciliari-a-pazienti-a-casa-saturimetri-e-ossigenoterapia\/","title":{"rendered":"COVID. IN VENETO RAFFORZATE CURE DOMICILIARI. A PAZIENTI A CASA SATURIMETRI E OSSIGENOTERAPIA."},"content":{"rendered":"<p class=\"western\"><b><img loading=\"lazy\" decoding=\"async\" class=\"alignleft\" src=\"https:\/\/www.radiopiu.net\/wordpress\/wp-content\/uploads\/2019\/01\/anziani.jpg\" width=\"298\" height=\"202\" \/>VENEZIA\u00a0 <\/b>Si rafforza, in Veneto, il sistema dell\u2019assistenza domiciliare ai pazienti in isolamento perch\u00e9 positivi al Covid-19, che gi\u00e0 aveva dato ottimi risultati nella precedente ondata di marzo. In tempi rapidissimi, a tutti questi pazienti verranno distribuiti gratuitamente dei saturimetri per misurare il livello di ossigenazione del sangue e, a quelli con sintomi che ne avranno bisogno, sar\u00e0 garantita l\u2019ossigenoterapia a casa. Il nuovo protocollo \u00e8 stato approvato dalla Giunta regionale <em>\u201cE\u2019 una scelta significativa e impegnativa \u2013 ha detto Zaia \u2013 con la quale puntiamo a migliorare l\u2019assistenza a casa, dando anche un po\u2019 di tranquillit\u00e0 psicologica in pi\u00f9 alle tante persone che stanno vivendo la positivit\u00e0 o la malattia con sintomi tra le mura domestiche. I dati, tra l\u2019altro, ci indicano come circa il 70% delle persone che giungono nei pronto soccorso ritorni poi a casa, con la prescrizione di cure o, in caso di asintomaticit\u00e0, con l\u2019obbligo di rimanervi. Oggi gli isolati sono in tutto il Veneto 16.034, con un aumento di 923 unit\u00e0 rispetto a ieri: tanti cittadini che, con questo rafforzamento, potranno stare pi\u00f9 tranquilli e ottenere a casa non solo un semplice strumento per misurare l\u2019ossigenazione del sangue e comunicarla al proprio medico, ma anche la terapia con la mascherina dell\u2019ossigeno\u201d. <\/em>Le nuove modalit\u00e0 sono state illustrate dall&#8217;Assessore Lanzarin:<em> \u201cAzienda Zero \u2013 ha informato \u2013 ha gi\u00e0 avviato le procedure di acquisto per centomila saturimetri, che verranno mano a mano distribuiti alle persone a casa. La disponibilit\u00e0 di bombole d\u2019ossigeno \u00e8 garantita e, mano a mano che se ne ravviser\u00e0 la necessit\u00e0, ne acquisteremo altre. La presa in carico del paziente a domicilio \u2013 ha aggiunto \u2013 \u00e8 un sistema gi\u00e0 da tempo ben pianificato. L\u2019organizzazione di questo nuovo step far\u00e0 capo ai responsabili di distretto; la presa in carico dei pazienti avverr\u00e0 a cura dei medici di medicina generale, delle Usca (attualmente sono 51 con 320 medici che assistono 9.500 pazienti), e dei servizi di continuit\u00e0 assistenziale. Per 60 giorni abbiamo previsto la deroga alle procedure ordinarie secondo le quali l\u2019ossigenoterapia andrebbe prescritta dal medico specialista. Per due mesi potranno farlo anche gli mmg e le Usca. Investiremo anche nella formazione degli infermieri attualmente impiegati nell\u2019assistenza domiciliare integrata, in modo da poter mettere in campo il maggior numero di<\/em> sanitari possibile\u201d.<\/p>\n<p class=\"western\">La Lanzarin ha anche espresso soddisfazione per l\u2019approvazione, in Commissione Sanit\u00e0 del Consiglio regionale, della legge, che andr\u00e0 in aula domani, che permetter\u00e0 di superare le pastoie burocratiche legate alla Privacy e di dare avvio all\u2019App della Regione \u201cZero Covid Veneto\u201d, grazie alla quale le persone in isolamento domiciliare, con o senza sintomi, potranno comunicare la loro situazione ai sanitari, segnalare miglioramenti o peggioramenti, chiedere l\u2019intervento diretto a domicilio, aiutando il lavoro dei contact tracer che sono alle prese con migliaia di positivi da tracciare. Una corsia preferenziale \u2013 ha concluso la Lanzarin \u2013 c\u2019\u00e8 anche per il provvedimento con cui gli incentivi Covid riconosciuti al personale del servizio sanitario pubblico, saranno estesi anche ai professori e agli specializzandi del quarto e quinto anno impegnati nei reparti\u201d.<\/p>\n","protected":false},"excerpt":{"rendered":"<p>VENEZIA\u00a0 Si rafforza, in Veneto, il sistema dell\u2019assistenza domiciliare ai pazienti in isolamento perch\u00e9 positivi al Covid-19, che gi\u00e0 aveva dato ottimi risultati nella precedente ondata di marzo. In tempi rapidissimi, a tutti questi pazienti verranno distribuiti gratuitamente dei saturimetri per misurare il livello di ossigenazione del sangue e, a quelli con sintomi che ne&hellip;<\/p>\n","protected":false},"author":4,"featured_media":71084,"comment_status":"closed","ping_status":"closed","sticky":false,"template":"","format":"standard","meta":{"_monsterinsights_skip_tracking":false,"_monsterinsights_sitenote_active":false,"_monsterinsights_sitenote_note":"","_monsterinsights_sitenote_category":0,"footnotes":""},"categories":[49],"tags":[],"class_list":["post-171824","post","type-post","status-publish","format-standard","has-post-thumbnail","hentry","category-news-18","category-49","description-off"],"img_url":"https:\/\/www.radiopiu.net\/wordpress\/wp-content\/uploads\/2019\/01\/anziani.jpg","_links":{"self":[{"href":"https:\/\/www.radiopiu.net\/wordpress\/wp-json\/wp\/v2\/posts\/171824","targetHints":{"allow":["GET"]}}],"collection":[{"href":"https:\/\/www.radiopiu.net\/wordpress\/wp-json\/wp\/v2\/posts"}],"about":[{"href":"https:\/\/www.radiopiu.net\/wordpress\/wp-json\/wp\/v2\/types\/post"}],"author":[{"embeddable":true,"href":"https:\/\/www.radiopiu.net\/wordpress\/wp-json\/wp\/v2\/users\/4"}],"replies":[{"embeddable":true,"href":"https:\/\/www.radiopiu.net\/wordpress\/wp-json\/wp\/v2\/comments?post=171824"}],"version-history":[{"count":0,"href":"https:\/\/www.radiopiu.net\/wordpress\/wp-json\/wp\/v2\/posts\/171824\/revisions"}],"wp:featuredmedia":[{"embeddable":true,"href":"https:\/\/www.radiopiu.net\/wordpress\/wp-json\/wp\/v2\/media\/71084"}],"wp:attachment":[{"href":"https:\/\/www.radiopiu.net\/wordpress\/wp-json\/wp\/v2\/media?parent=171824"}],"wp:term":[{"taxonomy":"category","embeddable":true,"href":"https:\/\/www.radiopiu.net\/wordpress\/wp-json\/wp\/v2\/categories?post=171824"},{"taxonomy":"post_tag","embeddable":true,"href":"https:\/\/www.radiopiu.net\/wordpress\/wp-json\/wp\/v2\/tags?post=171824"}],"curies":[{"name":"wp","href":"https:\/\/api.w.org\/{rel}","templated":true}]}}