{"id":171842,"date":"2020-11-11T05:13:41","date_gmt":"2020-11-11T04:13:41","guid":{"rendered":"https:\/\/www.radiopiu.net\/wordpress\/?p=171842"},"modified":"2020-11-11T06:10:18","modified_gmt":"2020-11-11T05:10:18","slug":"piste-da-sci-bond-fi-chi-ristorera-le-ski-aree-fermate-dalle-misure-restrittive-anti-covid","status":"publish","type":"post","link":"https:\/\/www.radiopiu.net\/wordpress\/piste-da-sci-bond-fi-chi-ristorera-le-ski-aree-fermate-dalle-misure-restrittive-anti-covid\/","title":{"rendered":"PISTE DA SCI, BOND (FI): \u00abCHI RISTORER\u00c0 LE SKI AREE FERMATE DALLE MISURE RESTRITTIVE ANTI COVID?\u00bb"},"content":{"rendered":"<blockquote>\n<h3><\/h3>\n<\/blockquote>\n<p><strong>AUDIO\u00a0<\/strong><\/p>\n<audio class=\"wp-audio-shortcode\" id=\"audio-171842-1\" preload=\"none\" style=\"width: 100%;\" controls=\"controls\"><source type=\"audio\/mpeg\" src=\"https:\/\/www.radiopiu.net\/wordpress\/wp-content\/uploads\/2020\/11\/bond-1.mp3?_=1\" \/><a href=\"https:\/\/www.radiopiu.net\/wordpress\/wp-content\/uploads\/2020\/11\/bond-1.mp3\">https:\/\/www.radiopiu.net\/wordpress\/wp-content\/uploads\/2020\/11\/bond-1.mp3<\/a><\/audio>\n<p>&nbsp;<\/p>\n<p><strong><a href=\"https:\/\/www.radiopiu.net\/wordpress\/giornale-radiopiu-20-maggio-2020-direttore-mirko-mezzacasa\/dario-bond-11\/\" rel=\"attachment wp-att-138833\"><img loading=\"lazy\" decoding=\"async\" class=\"size-full wp-image-138833 alignleft\" src=\"https:\/\/www.radiopiu.net\/wordpress\/wp-content\/uploads\/2020\/05\/Dario-Bond.jpg\" alt=\"\" width=\"165\" height=\"228\" \/><\/a>ROMA\u00a0<\/strong>\u00ab<em>La stagione invernale \u00e8 alle porte, ma drammaticamente bloccata dai vincoli del Cts. Difficile che dopo il 3 dicembre cambino gli scenari. Per il Bellunese significa una perdita, tra piste e indotto, di oltre 200 milioni di euro. Chi la ristorer\u00e0? Occorre saperlo subito, per programmare i prossimi mesi. Dietro ogni stazione sciistica ci sono famiglie intere che lavorano e vivono<\/em>\u00bb. \u00c8 quanto afferma il deputato di Forza Italia Dario Bond, a poche ore dal vertice tra gli impiantisti del Veneto per fare il punto della situazione.\u00a0\u00ab<em>Il premier Conte continua a ripetere che non intende chiudere il Paese in un nuovo lockdown, perch\u00e9 altrimenti sarebbe a rischio la tenuta economica. Qualcuno gli spieghi che quello che sta succedendo con le piste da sci non \u00e8 nient\u2019altro che un nuovo lockdown. Il criterio del 50% di capienza adottato per i mezzi pubblici vale anche per gli impianti di risalita, in quanto mezzi di trasporto. E questo pu\u00f2 essere tollerabile, seppur con fatica. Ma altri vincoli dettati dal Cts per le piste da sci risultano eccessivi e impossibili da rispettare, soprattutto per ski aree come quelle delle Dolomiti bellunesi, che si intersecano con piste del Trentino e dell\u2019Alto Adige, andando quindi fuori dai confini provinciali<\/em>\u00bb.\u00a0\u00ab<em>Mi chiedo: se queste ski aree dovessero rimanere drammaticamente chiuse durante l\u2019inverno, chi ristorer\u00e0 i gestori? L\u2019indotto di una stagione invernale, per una regione come il Veneto, si aggira sul mezzo miliardo di euro. Dentro a questa cifra ci sono famiglie, attivit\u00e0, intere comunit\u00e0 locali. \u00c8 doveroso evitare la diffusione del contagio, ma \u00e8 altrettanto doveroso tutelare l\u2019economia locale; e lo sci \u00e8 parte integrante<\/em>\u00bb.<\/p>\n<p>&nbsp;<\/p>\n","protected":false},"excerpt":{"rendered":"<p>AUDIO\u00a0 &nbsp; ROMA\u00a0\u00abLa stagione invernale \u00e8 alle porte, ma drammaticamente bloccata dai vincoli del Cts. Difficile che dopo il 3 dicembre cambino gli scenari. Per il Bellunese significa una perdita, tra piste e indotto, di oltre 200 milioni di euro. Chi la ristorer\u00e0? Occorre saperlo subito, per programmare i prossimi mesi. Dietro ogni stazione sciistica&hellip;<\/p>\n","protected":false},"author":4,"featured_media":108969,"comment_status":"closed","ping_status":"closed","sticky":false,"template":"","format":"standard","meta":{"_monsterinsights_skip_tracking":false,"_monsterinsights_sitenote_active":false,"_monsterinsights_sitenote_note":"","_monsterinsights_sitenote_category":0,"footnotes":""},"categories":[51,49],"tags":[],"class_list":["post-171842","post","type-post","status-publish","format-standard","has-post-thumbnail","hentry","category-evidenza-top","category-news-18","category-51","category-49","description-off"],"img_url":"https:\/\/www.radiopiu.net\/wordpress\/wp-content\/uploads\/2019\/12\/SKICIVETTA-1-1.jpg","_links":{"self":[{"href":"https:\/\/www.radiopiu.net\/wordpress\/wp-json\/wp\/v2\/posts\/171842","targetHints":{"allow":["GET"]}}],"collection":[{"href":"https:\/\/www.radiopiu.net\/wordpress\/wp-json\/wp\/v2\/posts"}],"about":[{"href":"https:\/\/www.radiopiu.net\/wordpress\/wp-json\/wp\/v2\/types\/post"}],"author":[{"embeddable":true,"href":"https:\/\/www.radiopiu.net\/wordpress\/wp-json\/wp\/v2\/users\/4"}],"replies":[{"embeddable":true,"href":"https:\/\/www.radiopiu.net\/wordpress\/wp-json\/wp\/v2\/comments?post=171842"}],"version-history":[{"count":0,"href":"https:\/\/www.radiopiu.net\/wordpress\/wp-json\/wp\/v2\/posts\/171842\/revisions"}],"wp:featuredmedia":[{"embeddable":true,"href":"https:\/\/www.radiopiu.net\/wordpress\/wp-json\/wp\/v2\/media\/108969"}],"wp:attachment":[{"href":"https:\/\/www.radiopiu.net\/wordpress\/wp-json\/wp\/v2\/media?parent=171842"}],"wp:term":[{"taxonomy":"category","embeddable":true,"href":"https:\/\/www.radiopiu.net\/wordpress\/wp-json\/wp\/v2\/categories?post=171842"},{"taxonomy":"post_tag","embeddable":true,"href":"https:\/\/www.radiopiu.net\/wordpress\/wp-json\/wp\/v2\/tags?post=171842"}],"curies":[{"name":"wp","href":"https:\/\/api.w.org\/{rel}","templated":true}]}}