{"id":171983,"date":"2020-11-12T05:42:54","date_gmt":"2020-11-12T04:42:54","guid":{"rendered":"https:\/\/www.radiopiu.net\/wordpress\/?p=171983"},"modified":"2020-11-12T06:15:48","modified_gmt":"2020-11-12T05:15:48","slug":"week-end-nel-proprio-comune-e-il-15-chiusura-totale-conferenza-stampa-luca-zaia-cosa-dobbiamo-attenderci","status":"publish","type":"post","link":"https:\/\/www.radiopiu.net\/wordpress\/week-end-nel-proprio-comune-e-il-15-chiusura-totale-conferenza-stampa-luca-zaia-cosa-dobbiamo-attenderci\/","title":{"rendered":"VERSO IL PICCO DI META&#8217; NOVEMBRE: NUMERI IN ASCESA. OGGI L&#8217;ORDINANZA E DALLE PAROLE DI ZAIA NON CI SARANNO GLI IPOTIZZATI BLOCCHI AI CONFINI COMUNALI, MA CI SARA&#8217; LA STRETTA PER GLI OUTLET E ULTERIORI REGOLE PER I BAR: CONSUMAZIONI SOLO AL TAVOLO DALLE 15."},"content":{"rendered":"<p><strong>VENEZIA<\/strong> Dalla sala stampa della Protezione Civile a Marghera, il Presidente del Veneto Luca Zaia fa il punto su l&#8217;emergenza Covid-19 in regione.<\/p>\n<p><span style=\"color: #ff0000;\"><strong>C&#8217;E&#8217; ATTESA PER L&#8217;ORDINANZA<\/strong> <strong>CHE ENTRA IN VIGORE ALLE 24 DI DOMANI <\/strong><\/span>Ho detto che probabilmente oggi si presentava, \u00e8 scritta ma devo confrontarmi con i colleghi per capire se puo&#8217; andare bene.\u00a0 L&#8217;ipotesi di stop agli spostamenti comunali? Non ho mai parlato di questi temi. Sar\u00e0 un&#8217;ordinanza unica per le tre Regioni Veneto, Emilia Romagna e Friuli Venezia Giulia? No ognuno far\u00e0 la sua ma saranno similari. Nessuno ce l&#8217;ha chiesta, nasce nella nostra testa dopo aver visto lunedi il resoconto del fine settimana. Il sindaco di Verona ha detto che ha fatto i sensi unici per girare in centro citt\u00e0 a piedi&#8230; i sensi unici. Il sindaco Conte ha calcolato 50mila persone a Treviso. Venezia per assurdo non ha segnalato problemi particolari, ma sono i sindaci preoccupati&#8230;LA NUOVA ORDINANZA DICE CHE CON LE CATTIVE SI STA A CASA? Come ho detto al collega presenteremo l&#8217;ordinanza<\/p>\n<p><strong><span style=\"color: #ff0000;\">I NUMERI<\/span> TOTALE TAMPONI 2.494.150 TAMPONI RAPIDI 292.456 positivi 87.337 (+3000) attuali positivi 52235 in isolamento 17681 persone 1773 ricoverati.\u00a0 216 in terapia intensiva (+6) totale decessi 2689 (+46) dimessi 5336<\/strong><\/p>\n<h4>LA MAPPA DEI CONTAGI, AGGIORNAMENTO DI QUESTA MATTINA. SOLO 3 I COMUNI COVID FREE<br \/>\nLa percentuale dei contagi oggi \u00e8 la met\u00e0 del mese di marzo.<\/h4>\n<blockquote class=\"wp-embedded-content\" data-secret=\"ZssELEPkEt\"><p><a href=\"https:\/\/www.radiopiu.net\/wordpress\/covid-19-la-situazione-attuale-in-provincia-6-i-comuni-covid-free\/\">COVID-19: LA SITUAZIONE ATTUALE IN PROVINCIA. 3 I COMUNI COVID FREE<\/a><\/p><\/blockquote>\n<p><iframe loading=\"lazy\" class=\"wp-embedded-content\" sandbox=\"allow-scripts\" security=\"restricted\" style=\"position: absolute; clip: rect(1px, 1px, 1px, 1px);\" title=\"&#8220;COVID-19: LA SITUAZIONE ATTUALE IN PROVINCIA. 3 I COMUNI COVID FREE&#8221; &#8212; Radio Pi\u00f9\" src=\"https:\/\/www.radiopiu.net\/wordpress\/covid-19-la-situazione-attuale-in-provincia-6-i-comuni-covid-free\/embed\/#?secret=ZssELEPkEt\" data-secret=\"ZssELEPkEt\" width=\"600\" height=\"338\" frameborder=\"0\" marginwidth=\"0\" marginheight=\"0\" scrolling=\"no\"><\/iframe><\/p>\n<blockquote>\n<h3>LEGGI LA CONFERENZA STAMPA DI LUCA ZAIA: Conte chiede la clausola di supremazia nazionale dimenticando che non siamo la Germania, questo non \u00e8 mica uno Stato Federale&#8230;In Italia c&#8217;\u00e8 il centralismo non il federalismo.<\/h3>\n<\/blockquote>\n<p><em>Ai cittadini chiedo coraggio e determinazione tornando allo spirito di marzo, non andare in giro a fare casino nel non rispetto delle regole. Evitate gli assembramenti. I vaccini saranno su base volontaria che non si ricominci con i social&#8230;<\/em><\/p>\n<p>Siamo a 1772 ricoverati,\u00a0 questo livello corrisponde al livello del 30 di marzo erano poco piu&#8217; di 1800. Come terapie intensive siamo invece al 19 di marzo (212) il picco fu a fine marzo con 356 terapie intensive. Abbiamo i ricoveri che pesano, anche questa mattina ne abbiamo parlato, abbiamo 7952 ricoverati ordinari no-covid per far capire che non abbiamo chiuso gli ospedali. Abbiamo il vantaggio che i malati covid rimangono poco in ospedale. Abbiamo visto la situazione di tutte le provincie LA PIU&#8217; PROBLEMATICA E&#8217; VERONA che ha raggiunto il target di apertura e continuiamo a colonizzare reparti no covid. Vedo che il fronte negazionista si \u00e8 un po&#8217; attenuato e ringrazione LE IENE perch\u00e9 un giornalista \u00e8 riuscito a dare uno spaccato di com&#8217;\u00e8 la vita in ospedale con umanit\u00e0 unica sia con operatori e degenti. Uno spaccato di vita quotidiana dei nostri ospedali, abbiamo sentito i pazienti piangere e raccontare le loro ansie &#8220;non \u00e8 un influenza&#8221;. Stiamo guardando ai vaccini, anche la conservazione a -80 gradi, siamo pronti ad organizzare in maniera rapida la somministrazione. Sar\u00e0 ovviamente su base volontaria<\/p>\n<p><strong>L&#8217;ORDINANZA LA PRESENTO DOMANI, OGGI HO L&#8217;ULTIMA CONFERENZA CON I COLLEGHI\u00a0<\/strong>ringrazio i sindaci del Veneto per il senso di fare squadra. E&#8217; una soddisfazione dire al Veneto che i sindaci si sono incontrati e hanno detto che sono una squadra. Non chiediamo ordinanza ai sindaci, ma abbiamo voluto avvisarli che stiamo cercando di mettere in piedi un&#8217;operazione anti assembramento NON E&#8217; VERO che abbiamo avuto richiami dall&#8217;Istituto Superiore di Sanit\u00e0 che del Veneto scrive &#8220;moderato rischio con probabilit\u00e0 alta di progressione a rischio piu&#8217; alto, parametro 2.1 che \u00e8 alto, incidenza positivi su tamponi, ma si sta abbassando perch\u00e9 dobbiamo caricare tutti i tamponi, cio\u00e8 abbiamo vinto una battaglia. Quindi anche il parametro oggi 2.1 rientra nella media nazionale, abbiamo la colpa di fare tanti tamponi rapidi oltre ai tanti molecolari. Sar\u00e0 un&#8217;ordinanza anti assembramenti con regole precise, nessun&#8217;altra volont\u00e0. <strong>Conte ha detto che ci vuole la clausola di supremazia nazionale&#8230; ma come? Se tutto quello che \u00e8 stato proposto \u00e8 sempre stato approvato dalle Regione stando accanto al Governo. Non c&#8217;\u00e8 un provvedimento che non abbiamo approvato che ci piacessero o no, per un fatto di leale collaborazione. Quella clausola non \u00e8 astrusa ce l&#8217;ha la Germania ma ha anche il Federalismo, quindi c&#8217;\u00e8 necessit\u00e0 di tornare indietro perch\u00e9 deve decidere uno, ma in Italia non c&#8217;\u00e8 il Federalismo&#8230;\u00a0<\/strong><\/p>\n<p><strong>CAMBIANO ZONA?<\/strong> Dipende ai cittadini se si passa in zona rossa. Perch\u00e9 qualcuno pensa di essere pi\u00f9 furbo del virus non rispetta le regole e non porta le mascherine<\/p>\n<p><strong>CURE DOMICILIARI<\/strong> Andiamo avanti grazie anche alla collaborazione dei medici di base sono gi\u00e0 il 40% che hanno aderito e stiamo pensando ad altri problemi del tema testing per fare i tamponi, stiamo ragionando su altri fronti per\u00f2 \u00e8 pur vero che sul fronte dei testi contiamo che l&#8217;esperienza del dottor Rigoli veda l&#8217;alba presto e si arrivi all&#8217;auto diagnosi fai da te.<\/p>\n<p><strong>MINACCE DELLA SCORSA SETTIMANA, PREFERIREI NON PARLARNE, NON DARE SPAZIO<\/strong>\u00a0Se ne ricevono molte ma quando arriva la minaccia con la carta intestata con un marchio che vedevo da bambino mi preoccupa. Ho capito che \u00e8 uscita da Bologna centro dell&#8217;indagine. Ho evitato la denuncia per evitare uscisse la notizia che per\u00f2 \u00e8 finita nei media. Se pensano di fermare un&#8217;attivit\u00e0 si sbaglia, qui pare che saper amministrare sia una colpa. Minacce per cosa? Stiamo parlando di covid non di spianare le montagne per dare pi\u00f9 aria alla pianura. Non l&#8217;abbiamo portato noi il virus, ma altri.<\/p>\n<h2>GIANPAOLO BOTTACIN<\/h2>\n<p>Il modello di previsione prevede ancora una crescita, quando si parla di picco bisogna capire di cosa: contagi? positivi? ospedale? terapia intensive? decessi? Sono esattamente in quest&#8217;ordine. Sono curve sfasate una rispetto all&#8217;altra. Allo stato attuale sia a livello nazionale che regionale un leggero rallentamento della velocit\u00e0 di crescita. Una crescita pi\u00f9 lenta, stiamo andando verso il picco. Avevamo ipotizzato anche guardando altri paesi (Francia e Spagna) e abbiamo individuato il picco tra il 15 e il 20 novembre. Ci attendiamo una crescita di ricoveri fino al termine del mese di novembre. I numeri di posti letto in terapia intensiva rispetto a marzo \u00e8 pi\u00f9 basso, pi\u00f9 alto in area non critica. Oggi siamo pi\u00f9 o meno (ricoveri) al picco massimo di marzo. Se i dati sono ancora in crescita possiamo dire che prevediamo con questa ondata di avere un numero di ricoveri pi\u00f9 alti del giorno peggiore di marzo.<\/p>\n<p>&nbsp;<\/p>\n<p>https:\/\/www.facebook.com\/zaiaufficiale\/videos\/732189130731023<\/p>\n<p>&nbsp;<\/p>\n<blockquote>\n<p class=\"western\"><b>ZAIA: \u201cGRAZIE ALLE IENE E, IN PARTICOLARE ALLA IENA ALESSANDRO POLITI, CHE DA UN MESE SEGUONO L\u2019EVOLUZIONE DELLA EPIDEMIA DEL COVID-19 IN VENETO, CONTRIBUENDO ALLA SENSIBILIZZAZIONE DELLA GENTE\u201d <\/b><\/p>\n<\/blockquote>\n<p class=\"western\"><strong>VENEZIA<\/strong> \u201cE\u2019 ormai da pi\u00f9 di un mese che la troupe delle \u201cIene\u201d, guidata dall\u2019inviato Alessandro Politi, \u00e8 qui in Veneto, regione che questo programma ha sostanzialmente \u2018adottato\u2019, descrivendo in maniera puntualissima e, con una dose commovente di umanit\u00e0, l\u2019evoluzione del Covid-19. La vita dei pazienti, le loro sofferenze, ma anche il duro lavoro dei nostri operatori: tutti, dall\u2019operatore socio sanitario al primario del reparto, fino al docente universitario\u201d. Con queste parole, il Presidente Luca Zaia evidenzia e ringrazia il lavoro che le \u201cIene\u201d stanno svolgendo in questo territorio, valide alleate nella sensibilizzazione sull\u2019emergenza Coronavirus. \u201cLe \u201cIene\u201d hanno raccontato e raccontano il Covid-19 \u2013 ha continuato il Presidente &#8211; veramente da dentro, descrivendo il dolore, l\u2019ansia, la preoccupazione dei malati e dei loro parenti, la vita in corsia, nei reparti, nelle terapie intensive. L\u2019altalena tra la speranza e la delusione, la comparsa dei sintomi, la loro scomparsa e il ritorno sotto altra forma del virus. E raccontano anche la preoccupazione e la straordinaria partecipazione di chi, come gli operatori sanitari, rinuncia alla propria vita per salvarne un\u2019altra\u201d. \u201cGrazie quindi, di nuovo, &#8211; ha concluso Luca Zaia &#8211; alla troupe e ad Alessandro Politi delle \u201cIene\u201d che, con tanta passione e rara partecipazione, stanno seguendo l\u2019evoluzione dell\u2019epidemia nel Veneto, valorizzando anche la straordinaria esperienza del plasma iper-immune, che ha visto la nostra Regione assoluta innovatrice, sia nella metodica che nella clinica, ma anche nella creazione della grande banca del plasma\u201d.<\/p>\n<p>&nbsp;<\/p>\n<blockquote>\n<h3 class=\"western\"><b>COVID 19. UFFICIALE IL COMPUTO DEI TAMPONI RAPIDI A LIVELLO NAZIONALE.\u00a0<\/b><\/h3>\n<\/blockquote>\n<p class=\"western\"><strong>VENEZIA\u00a0 <\/strong><span style=\"color: #000000;\"><span style=\"font-size: medium;\">Ha preso il via in tutta Italia l\u2019operazione di computo dei test rapidi antigenici nel totale di quelli giornalmente effettuati, utilizzato per determinare il rapporto tra positivit\u00e0 riscontrate e campioni effettuati, da tempo richiesta dalla Regione del Veneto. <\/span><\/span><span style=\"color: #000000;\"><span style=\"font-size: medium;\">La Direzione Prevenzione del Veneto ha infatti ricevuto dalla Direzione Generale della Prevenzione del Ministero della Salute una comunicazione formale, nella quale si chiede, al fine di quantificare il contributo dei test rapidi antigenici utilizzati durante questa fase della pandemia, di conoscere &#8211; a livello regionale &#8211; le seguenti informazioni: <\/span><\/span><span style=\"font-size: medium;\"><span style=\"color: #000000;\">il numero\u00a0<\/span><strong><span style=\"color: #000000;\">totale di test rapidi antigenici effettuati<\/span><\/strong><span style=\"color: #000000;\"> durante la settimana dal 2 all&#8217; 8 novembre; <\/span><\/span><span style=\"font-size: medium;\"><span style=\"color: #000000;\">\u00a0il numero\u00a0<\/span><strong><span style=\"color: #000000;\">totale di test rapidi antigenici risultati positivi<\/span><\/strong><span style=\"color: #000000;\"> durante la settimana dal 2 all&#8217; 8 novembre; <\/span><\/span><span style=\"font-size: medium;\"><span style=\"color: #000000;\">\u00a0il numero\u00a0<\/span><strong><span style=\"color: #000000;\">totale di casi covid-19 identificati esclusivamente dal test rapido antigenico positivo\u00a0che sono stati caricati sulla piattaforma dell&#8217;Istituto Superiore di Sanit\u00e0<\/span><\/strong><span style=\"color: #000000;\">\u00a0durante la settimana dal 2 all&#8217; 8 novembre\u00a0(specificando, se differenti, il numero totale dei casi covid-19 inseriti nella banca dati dei casi aggregati e nella banca dati dei casi singoli, sempre dal 2 all&#8217; 8 novembre).<\/span><\/span><\/p>\n<blockquote>\n<p class=\"western\" align=\"JUSTIFY\"><em><span style=\"color: #000000;\">\u201c<span style=\"font-size: medium;\">I decisori ad ogni livello \u2013 prosegue Zaia \u2013 avranno cos\u00ec modo di valutare la situazione su dati pi\u00f9 attendibili e completi e si eviter\u00e0 che le Regioni come il Veneto, che fanno tanti tamponi, e di questi tanti rapidi, finiscano per essere penalizzate. Sinora infatti, non si calcolavano i tamponi rapidi nel totale nazionale, che comprendeva solo i molecolari, ma si caricavano comunque le positivit\u00e0 riscontrate con i rapidi, raggiungendo cos\u00ec un rapporto scorretto tra tamponi effettuati e positivit\u00e0\u201d. <\/span><\/span><\/em><\/p>\n<\/blockquote>\n","protected":false},"excerpt":{"rendered":"<p>VENEZIA Dalla sala stampa della Protezione Civile a Marghera, il Presidente del Veneto Luca Zaia fa il punto su l&#8217;emergenza Covid-19 in regione. C&#8217;E&#8217; ATTESA PER L&#8217;ORDINANZA CHE ENTRA IN VIGORE ALLE 24 DI DOMANI Ho detto che probabilmente oggi si presentava, \u00e8 scritta ma devo confrontarmi con i colleghi per capire se puo&#8217; andare&hellip;<\/p>\n","protected":false},"author":4,"featured_media":171984,"comment_status":"closed","ping_status":"closed","sticky":false,"template":"","format":"standard","meta":{"_monsterinsights_skip_tracking":false,"_monsterinsights_sitenote_active":false,"_monsterinsights_sitenote_note":"","_monsterinsights_sitenote_category":0,"footnotes":""},"categories":[51,49],"tags":[],"class_list":["post-171983","post","type-post","status-publish","format-standard","has-post-thumbnail","hentry","category-evidenza-top","category-news-18","category-51","category-49","description-off"],"img_url":"https:\/\/www.radiopiu.net\/wordpress\/wp-content\/uploads\/2020\/11\/zaia.jpg","_links":{"self":[{"href":"https:\/\/www.radiopiu.net\/wordpress\/wp-json\/wp\/v2\/posts\/171983","targetHints":{"allow":["GET"]}}],"collection":[{"href":"https:\/\/www.radiopiu.net\/wordpress\/wp-json\/wp\/v2\/posts"}],"about":[{"href":"https:\/\/www.radiopiu.net\/wordpress\/wp-json\/wp\/v2\/types\/post"}],"author":[{"embeddable":true,"href":"https:\/\/www.radiopiu.net\/wordpress\/wp-json\/wp\/v2\/users\/4"}],"replies":[{"embeddable":true,"href":"https:\/\/www.radiopiu.net\/wordpress\/wp-json\/wp\/v2\/comments?post=171983"}],"version-history":[{"count":0,"href":"https:\/\/www.radiopiu.net\/wordpress\/wp-json\/wp\/v2\/posts\/171983\/revisions"}],"wp:featuredmedia":[{"embeddable":true,"href":"https:\/\/www.radiopiu.net\/wordpress\/wp-json\/wp\/v2\/media\/171984"}],"wp:attachment":[{"href":"https:\/\/www.radiopiu.net\/wordpress\/wp-json\/wp\/v2\/media?parent=171983"}],"wp:term":[{"taxonomy":"category","embeddable":true,"href":"https:\/\/www.radiopiu.net\/wordpress\/wp-json\/wp\/v2\/categories?post=171983"},{"taxonomy":"post_tag","embeddable":true,"href":"https:\/\/www.radiopiu.net\/wordpress\/wp-json\/wp\/v2\/tags?post=171983"}],"curies":[{"name":"wp","href":"https:\/\/api.w.org\/{rel}","templated":true}]}}