{"id":172061,"date":"2020-11-12T05:43:39","date_gmt":"2020-11-12T04:43:39","guid":{"rendered":"https:\/\/www.radiopiu.net\/wordpress\/?p=172061"},"modified":"2020-11-12T06:15:03","modified_gmt":"2020-11-12T05:15:03","slug":"pronti-per-il-picco-ondata-con-conseguenze-maggiori-del-giorno-peggiore-di-marzo","status":"publish","type":"post","link":"https:\/\/www.radiopiu.net\/wordpress\/pronti-per-il-picco-ondata-con-conseguenze-maggiori-del-giorno-peggiore-di-marzo\/","title":{"rendered":"PRONTI PER IL PICCO, ONDATA CON CONSEGUENZE MAGGIORI DEL GIORNO PEGGIORE DI MARZO"},"content":{"rendered":"<p><strong>GIAMPAOLO BOTTACIN<\/strong>: &#8220;<em>Il modello di previsione prevede ancora una crescita, quando si parla di picco bisogna capire di cosa: contagi? positivi? ospedale? terapia intensive? decessi? Sono esattamente in quest&#8217;ordine. Sono curve sfasate una rispetto all&#8217;altra. Allo stato attuale sia a livello nazionale che regionale un leggero rallentamento della velocit\u00e0 di crescita. Una crescita pi\u00f9 lenta, stiamo andando verso il picco. Avevamo ipotizzato anche guardando altri paesi (Francia e Spagna) e abbiamo individuato il picco tra il 15 e il 20 novembre. Ci attendiamo una crescita di ricoveri fino al termine del mese di novembre. I numeri di posti letto in terapia intensiva rispetto a marzo \u00e8 pi\u00f9 basso, pi\u00f9 alto in area non critica. Oggi siamo pi\u00f9 o meno (ricoveri) al picco massimo di marzo. Se i dati sono ancora in crescita possiamo dire che prevediamo con questa ondata di avere un numero di ricoveri pi\u00f9 alti del giorno peggiore di marzo&#8221;.<\/em><\/p>\n<p>&nbsp;<\/p>\n","protected":false},"excerpt":{"rendered":"<p>GIAMPAOLO BOTTACIN: &#8220;Il modello di previsione prevede ancora una crescita, quando si parla di picco bisogna capire di cosa: contagi? positivi? ospedale? terapia intensive? decessi? Sono esattamente in quest&#8217;ordine. Sono curve sfasate una rispetto all&#8217;altra. Allo stato attuale sia a livello nazionale che regionale un leggero rallentamento della velocit\u00e0 di crescita. Una crescita pi\u00f9 lenta,&hellip;<\/p>\n","protected":false},"author":4,"featured_media":122521,"comment_status":"closed","ping_status":"closed","sticky":false,"template":"","format":"standard","meta":{"_monsterinsights_skip_tracking":false,"_monsterinsights_sitenote_active":false,"_monsterinsights_sitenote_note":"","_monsterinsights_sitenote_category":0,"footnotes":""},"categories":[51,49],"tags":[],"class_list":["post-172061","post","type-post","status-publish","format-standard","has-post-thumbnail","hentry","category-evidenza-top","category-news-18","category-51","category-49","description-off"],"img_url":"https:\/\/www.radiopiu.net\/wordpress\/wp-content\/uploads\/2020\/03\/covid-bottacin.jpg","_links":{"self":[{"href":"https:\/\/www.radiopiu.net\/wordpress\/wp-json\/wp\/v2\/posts\/172061","targetHints":{"allow":["GET"]}}],"collection":[{"href":"https:\/\/www.radiopiu.net\/wordpress\/wp-json\/wp\/v2\/posts"}],"about":[{"href":"https:\/\/www.radiopiu.net\/wordpress\/wp-json\/wp\/v2\/types\/post"}],"author":[{"embeddable":true,"href":"https:\/\/www.radiopiu.net\/wordpress\/wp-json\/wp\/v2\/users\/4"}],"replies":[{"embeddable":true,"href":"https:\/\/www.radiopiu.net\/wordpress\/wp-json\/wp\/v2\/comments?post=172061"}],"version-history":[{"count":0,"href":"https:\/\/www.radiopiu.net\/wordpress\/wp-json\/wp\/v2\/posts\/172061\/revisions"}],"wp:featuredmedia":[{"embeddable":true,"href":"https:\/\/www.radiopiu.net\/wordpress\/wp-json\/wp\/v2\/media\/122521"}],"wp:attachment":[{"href":"https:\/\/www.radiopiu.net\/wordpress\/wp-json\/wp\/v2\/media?parent=172061"}],"wp:term":[{"taxonomy":"category","embeddable":true,"href":"https:\/\/www.radiopiu.net\/wordpress\/wp-json\/wp\/v2\/categories?post=172061"},{"taxonomy":"post_tag","embeddable":true,"href":"https:\/\/www.radiopiu.net\/wordpress\/wp-json\/wp\/v2\/tags?post=172061"}],"curies":[{"name":"wp","href":"https:\/\/api.w.org\/{rel}","templated":true}]}}