{"id":172082,"date":"2020-11-12T05:58:46","date_gmt":"2020-11-12T04:58:46","guid":{"rendered":"https:\/\/www.radiopiu.net\/wordpress\/?p=172082"},"modified":"2020-11-12T06:07:14","modified_gmt":"2020-11-12T05:07:14","slug":"remiamo-tutti-nella-stessa-direzione-lettera-al-presidente-zaia","status":"publish","type":"post","link":"https:\/\/www.radiopiu.net\/wordpress\/remiamo-tutti-nella-stessa-direzione-lettera-al-presidente-zaia\/","title":{"rendered":"REMIAMO TUTTI NELLA STESSA DIREZIONE? LETTERA AL PRESIDENTE ZAIA"},"content":{"rendered":"<p><strong>RICEVIAMO E VOLENTIERI PUBBLICHIAMO<\/strong> una lettera inviata dall&#8217;Agordino al Presidente della Regione Luca Zaia che avr\u00e0 sicuramente modo di leggere ed eventualmente chiedere chiarimenti alla Ulss1, ma anche alla scuola.<\/p>\n<p>&nbsp;<\/p>\n<blockquote><p><em><a href=\"https:\/\/www.radiopiu.net\/wordpress\/remiamo-tutti-nella-stessa-direzione-lettera-al-presidente-zaia\/coronavirus-5129042__340\/\" rel=\"attachment wp-att-172085\"><img loading=\"lazy\" decoding=\"async\" class=\"wp-image-172085 alignleft\" src=\"https:\/\/www.radiopiu.net\/wordpress\/wp-content\/uploads\/2020\/11\/coronavirus-5129042__340-300x180.jpg\" alt=\"\" width=\"187\" height=\"112\" srcset=\"https:\/\/www.radiopiu.net\/wordpress\/wp-content\/uploads\/2020\/11\/coronavirus-5129042__340-300x180.jpg 300w, https:\/\/www.radiopiu.net\/wordpress\/wp-content\/uploads\/2020\/11\/coronavirus-5129042__340.jpg 567w\" sizes=\"auto, (max-width: 187px) 100vw, 187px\" \/><\/a>Abito a Falcade, mi scusi gentilissimo Presidene Luca Zaia,\u00a0 se mi permetto di scriverLe su messanger, ma sentivo il bisogno di sfogarmi e poich\u00e9 Io La ritengo un gran presidente, condividendo a volte le sue decisioni e a volte no, ma non le scrivo per questo. Piuttosto:\u00a0 mia figlia, frequenta la seconda media e mercoled\u00ec scorso una sua compagna dopo aver effettuato il tampone \u00e8 risultata positiva, sabato 7 la scuola ha mandato un comunicato avvisando i genitori di una positivit\u00e0 in classe, il fatto \u00e8 che a marted\u00ec 10\u00a0 novembre (una settimana dopo) devono ancora eseguire un test rapido o un tampone a tutti i ragazzi. Premetto che a noi genitori \u00e8 stato comunicato di continuare a mandare i figli a scuola. Io non voglio creare polemiche, perch\u00e9 non mi sembra il momento n\u00e9 il caso, ma personalmente rimango basita dal fatto che si continui a parlare di prevenzione, tutela e tamponi rapidi per le scuole&#8230; Poi ci chiediamo come mai i numeri continuano a crescere!<\/em><\/p><\/blockquote>\n","protected":false},"excerpt":{"rendered":"<p>RICEVIAMO E VOLENTIERI PUBBLICHIAMO una lettera inviata dall&#8217;Agordino al Presidente della Regione Luca Zaia che avr\u00e0 sicuramente modo di leggere ed eventualmente chiedere chiarimenti alla Ulss1, ma anche alla scuola. &nbsp; Abito a Falcade, mi scusi gentilissimo Presidene Luca Zaia,\u00a0 se mi permetto di scriverLe su messanger, ma sentivo il bisogno di sfogarmi e poich\u00e9&hellip;<\/p>\n","protected":false},"author":4,"featured_media":172084,"comment_status":"closed","ping_status":"closed","sticky":false,"template":"","format":"standard","meta":{"_monsterinsights_skip_tracking":false,"_monsterinsights_sitenote_active":false,"_monsterinsights_sitenote_note":"","_monsterinsights_sitenote_category":0,"footnotes":""},"categories":[51,49],"tags":[],"class_list":["post-172082","post","type-post","status-publish","format-standard","has-post-thumbnail","hentry","category-evidenza-top","category-news-18","category-51","category-49","description-off"],"img_url":"https:\/\/www.radiopiu.net\/wordpress\/wp-content\/uploads\/2020\/11\/school-5058305__340.jpg","_links":{"self":[{"href":"https:\/\/www.radiopiu.net\/wordpress\/wp-json\/wp\/v2\/posts\/172082","targetHints":{"allow":["GET"]}}],"collection":[{"href":"https:\/\/www.radiopiu.net\/wordpress\/wp-json\/wp\/v2\/posts"}],"about":[{"href":"https:\/\/www.radiopiu.net\/wordpress\/wp-json\/wp\/v2\/types\/post"}],"author":[{"embeddable":true,"href":"https:\/\/www.radiopiu.net\/wordpress\/wp-json\/wp\/v2\/users\/4"}],"replies":[{"embeddable":true,"href":"https:\/\/www.radiopiu.net\/wordpress\/wp-json\/wp\/v2\/comments?post=172082"}],"version-history":[{"count":0,"href":"https:\/\/www.radiopiu.net\/wordpress\/wp-json\/wp\/v2\/posts\/172082\/revisions"}],"wp:featuredmedia":[{"embeddable":true,"href":"https:\/\/www.radiopiu.net\/wordpress\/wp-json\/wp\/v2\/media\/172084"}],"wp:attachment":[{"href":"https:\/\/www.radiopiu.net\/wordpress\/wp-json\/wp\/v2\/media?parent=172082"}],"wp:term":[{"taxonomy":"category","embeddable":true,"href":"https:\/\/www.radiopiu.net\/wordpress\/wp-json\/wp\/v2\/categories?post=172082"},{"taxonomy":"post_tag","embeddable":true,"href":"https:\/\/www.radiopiu.net\/wordpress\/wp-json\/wp\/v2\/tags?post=172082"}],"curies":[{"name":"wp","href":"https:\/\/api.w.org\/{rel}","templated":true}]}}