{"id":172151,"date":"2020-11-13T05:37:20","date_gmt":"2020-11-13T04:37:20","guid":{"rendered":"https:\/\/www.radiopiu.net\/wordpress\/?p=172151"},"modified":"2020-11-13T09:34:01","modified_gmt":"2020-11-13T08:34:01","slug":"giornale-radiopiu-13-novembre-2020-direttore-mirko-mezzacasa","status":"publish","type":"post","link":"https:\/\/www.radiopiu.net\/wordpress\/giornale-radiopiu-13-novembre-2020-direttore-mirko-mezzacasa\/","title":{"rendered":"GIORNALE RADIOPIU 13 NOVEMBRE 2020 DIRETTORE MIRKO MEZZACASA"},"content":{"rendered":"<h3>PER<strong> RICEVERE QUESTO NOTIZIARIO DIRETTAMENTE SUL TUO CELLULARE ISCRIVITI AL CANALE TELEGRAM <\/strong><strong>\u201cRADIO PIU\u00a0 INFORMAZIONE&#8221;<\/strong><\/h3>\n<p><em>ATTENZIONE: LA NUOVA APP PER IOS-IPHONE<\/em><\/p>\n<div>\n<div><a href=\"https:\/\/apps.apple.com\/it\/app\/radio-pi%C3%B9-emittente-agordina\/id1515939845\">https:\/\/apps.apple.com\/it\/app\/radio-pi%C3%B9-emittente-agordina\/id1515939845<\/a><\/div>\n<\/div>\n<div><\/div>\n<div>\n<div dir=\"auto\"><em>ATTENZIONE: LA NUOVA APP RADIO\u00a0 PER ANDROID<\/em><\/div>\n<\/div>\n<p><a href=\"https:\/\/play.google.com\/store\/apps\/details?id=net.radiopiu.iniko\" target=\"_blank\" rel=\"noopener noreferrer\">https:\/\/play.google.com\/store\/apps\/details?id=net.radiopiu.iniko\u00a0\u00a0<\/a><\/p>\n<p>&nbsp;<\/p>\n<blockquote>\n<h3>di John Francis Della Pietra: Una luce s&#8217;accende laggi\u00f9 nell&#8217;ombra&#8230;<\/h3>\n<p><a href=\"https:\/\/www.radiopiu.net\/wordpress\/giornale-radiopiu-13-novembre-2020-direttore-mirko-mezzacasa\/f44ffda5-d557-43e6-a915-5759ad53a51f\/\" rel=\"attachment wp-att-172356\"><img loading=\"lazy\" decoding=\"async\" class=\"alignnone size-medium wp-image-172356\" src=\"https:\/\/www.radiopiu.net\/wordpress\/wp-content\/uploads\/2020\/11\/f44ffda5-d557-43e6-a915-5759ad53a51f-300x169.jpg\" alt=\"\" width=\"300\" height=\"169\" srcset=\"https:\/\/www.radiopiu.net\/wordpress\/wp-content\/uploads\/2020\/11\/f44ffda5-d557-43e6-a915-5759ad53a51f-300x169.jpg 300w, https:\/\/www.radiopiu.net\/wordpress\/wp-content\/uploads\/2020\/11\/f44ffda5-d557-43e6-a915-5759ad53a51f-1024x576.jpg 1024w, https:\/\/www.radiopiu.net\/wordpress\/wp-content\/uploads\/2020\/11\/f44ffda5-d557-43e6-a915-5759ad53a51f-768x432.jpg 768w, https:\/\/www.radiopiu.net\/wordpress\/wp-content\/uploads\/2020\/11\/f44ffda5-d557-43e6-a915-5759ad53a51f-1536x864.jpg 1536w, https:\/\/www.radiopiu.net\/wordpress\/wp-content\/uploads\/2020\/11\/f44ffda5-d557-43e6-a915-5759ad53a51f.jpg 1599w\" sizes=\"auto, (max-width: 300px) 100vw, 300px\" \/><\/a><\/p><\/blockquote>\n<p>&nbsp;<\/p>\n<hr \/>\n<p>&nbsp;<\/p>\n<blockquote>\n<h3>L&#8217;AUTOCERTIFICAZIONE<\/h3>\n<\/blockquote>\n<p><a href=\"https:\/\/www.radiopiu.net\/wordpress\/wp-content\/uploads\/2020\/11\/modello_autodichiarazione_editabile_ottobre_2020.pdf\">PER SCARICARE L&#8217;AUTOCERTIFICAZIONE CLICCA QUI<\/a><\/p>\n<p>&nbsp;<\/p>\n<blockquote>\n<h3>COL DI FOGLIA&#8230; IERI LAVORI IMPORTANTI POST VAIA<\/h3>\n<\/blockquote>\n<p><span style=\"color: #ff0000;\">video Iliana Comina<\/span><\/p>\n<p><iframe loading=\"lazy\" title=\"WhatsApp Video 2020 11 12 at 13 18 25\" width=\"1200\" height=\"675\" src=\"https:\/\/www.youtube.com\/embed\/P81u-a45_qE?feature=oembed\" frameborder=\"0\" allow=\"accelerometer; autoplay; clipboard-write; encrypted-media; gyroscope; picture-in-picture\" allowfullscreen><\/iframe><\/p>\n<p>&nbsp;<\/p>\n<p>&nbsp;<\/p>\n<p>&nbsp;<\/p>\n<hr \/>\n<p>&nbsp;<\/p>\n<blockquote>\n<h3>TAIBON Istituzione del divieto di accesso e di sosta su tutta la piazza San Cipriano oggetto di lavori di manutenzione straordinaria per il rifacimento del piano viabile danneggiato, lungo le intersezioni con via Aivata, via Paris Bordone e via\u00a0 Besarel, dal 12 novembre al 27 novembre, comunque fino al termine dei lavori.\u00a0 Resta possibile, in funzione delle varie aree di lavorazione, la temporanea istituzione di corridoi di accesso su parte della piazza da parte della ditta esecutrice dei lavori;<span style=\"color: #0000ff;\"> Le corse delle linee extraurbane della Dolomitibus ometteranno il transito alla fermata di San Cipriano transitando lungo la regionale 203 agordina. Le corse Villanova-Agordo effettueranno il percorso alternativo per Strapont omettendo la tratta per San Cipriano-Municipio. Verranno pertanto soppresse le fermate: San Cipriano, Napi, Piazza Municipio, saranno attivate quelle sul percorso per Strapont.<\/span><\/h3>\n<\/blockquote>\n<p>&nbsp;<\/p>\n<blockquote>\n<h3>CANALE D&#8217;AGORDO Divieto di transito al traffico veicolare, sul tratto di strada comunale dalla Piazza Papa Luciani all\u2019innesto di Via XX Agosto 1944 in entrambi i sensi di marcia , per lavori di allacciamento idrico e gas GPL dalle 7 alle\u00a0 17,\u00a0 da luned\u00ec 16 novembre a venerd\u00ec 20 novembre 2020, e comunque sino a termine dei lavori. Per lo stesso periodo temporale, \u00e8 istituito un senso unico alternato regolato da impianto semaforico in Via Tancon (dall\u2019altezza del civico n. 5) e Via Lotta (all\u2019altezza del civico n. 9), un senso unico in Via Lotta dal bivio di Via Roma fino al bivio di Via Mezzavilla. Inoltre nello stesso periodo temporale, \u00e8 istituito il divieto di transito ai veicoli pesanti(autobus turistici e camion) sul tratto di viabilit\u00e0 alternativa;<\/h3>\n<\/blockquote>\n<p>&nbsp;<\/p>\n<hr \/>\n<p>&nbsp;<\/p>\n<blockquote>\n<h3>DAL 15 NOVEMBRE L\u2019OBBLIGO DI PNEUMATICI DA NEVE O CATENE A BORDO<\/h3>\n<\/blockquote>\n<p><strong>SEDICO<\/strong> Veneto Strade ricorda che a partire dal 15 novembre 2020, e fino al 15 aprile 2021, tutti i veicoli circolanti lungo la viabilit\u00e0 devono essere muniti di pneumatici invernali\u00a0 o avere catene a bordo o altri mezzi antisdrucciolevoli omologati. Si ricorda che l\u2019obbligo \u00e8 prescritto in provincia di Belluno anche per la rete stradale ANAS e il tratto autostradale della A27.<\/p>\n<p><strong>PROVINCIALE 25 PASSO VALLES_CAVERSON<\/strong>\u00a0 INTERRUZIONI fino a 15 minuti dalle 7.30 alle 12 e dalle 13 alle 17, dal 9 al 20 novembre. Inoltre senso unico alternato regolato da movieri o semaforo per manutenzione sovrapasso pista da sci<\/p>\n<p>&nbsp;<\/p>\n<hr \/>\n<h3>PIU&#8217; DI 2000 PERSONE NEGLI OSPEDALI DEL VENETO, IN AUMENTO IL NUMERO DEI GUARITI, 950 NELLE ULTIME 24 ORE.<\/h3>\n<p>Per evitare la zona arancione ecco l&#8217;ordinanza con l&#8217;obbligo della mascherina sempre, passeggiate e corse ammesse solo dove non ci sono affollamenti, chiusura dei centri commerciali al sabato e dei negozi la domenica, mercati consentiti solo in aree perimetrate come a primavera. In Veneto su i guariti, ieri quasi 1000 in un solo giorno per un totale di oltre 33 mila, nelle ultime 24 ore pero&#8217; altre 3459 persone sono risultate positive al virus e il totale ha superato i 90mila. Oltre 10mila le persone attualmente malate a Padova, Treviso, Vicenza e Verona, 7mila a Venezia 3330 a Belluno, 1600 a Rovigo. Sono 1900 i pazienti in area non critica, oltre 2000 in ospedale se si sommano gli oltre 200 in terapia intensiva. In provincia ieri record di contagi, 324 in un giorno, 4 decessi tra ospedali (3) e case di riposo (1). I ricoverati sono 134 di questi 89 in area non critica, 8 in terapia intensiva, 6 a Belluno e 2 a Feltre. Si \u00e8 abbassata l&#8217;et\u00e0 dei contagiati, tra quelli gravi anche soggetti tra i 50 e i 60 anni. La Prefettura ha confermato che saranno intensificati i controlli delle Forze dell&#8217;ordine nella giornata in cui 4 persone sono state denunciate perch\u00e9 non hanno osservato l&#8217;isolamento domiciliare e una palestra a Feltre \u00e8 stata chiusa, in barba ai regolamenti da tutti osservati ha oscurato i vetri e aperto le porte ai clienti. Dal 16 marzo sono state controllate in provincia oltre 80mila persone, 1220 sanzionate.<\/p>\n<blockquote>\n<h3>TRE DECESSI IN 24 ORE, 325 POSITIVI, 134 I PAZIENTI RICOVERATI<\/h3>\n<\/blockquote>\n<p><strong>BELLUNO<\/strong> Nelle ultime 24 ore sono decedute 3 persone covid positive: una donna di 67 anni ricoverata alla Pneumologia Covid di Feltre, un uomo di 90 anni ricoverato in Geriatria covid a Belluno, una donna di 70 anni ricoverata in Malattie Infettive a Belluno.<\/p>\n<p><strong>POSITIVI OGGI: 324\u00a0<\/strong><\/p>\n<p><strong>OSPEDALE:\u00a0 SAN MARTINO BELLUNO 62, IN TERAPIA INTENSIVA 6; FELTRE 27 IN TERAPIA INTENSIVA 2. OSPEDALI DI COMUNITA&#8217;: ALANO 5, FELTRE 11, AGORDO 12, AURONZO 9.\u00a0<\/strong><\/p>\n<p><strong>IN PROVINCIA<\/strong> POSITIVI DEL 21 FEBBRAIO\u00a0 <span style=\"color: #0000ff;\">5484 (324)<\/span>\u00a0 \u00a0ATTUALMENTE POSITIVI <span style=\"color: #0000ff;\">3330 (+268)<\/span>\u00a0DECEDUTI DAL 21 FEBBRAIO <span style=\"color: #0000ff;\">181 (+5)<\/span>\u00a0 \u00a0NEGATIVIZZATI <span style=\"color: #0000ff;\">1973 (+72)\u00a0 <span style=\"color: #000000;\">\u00a0<\/span><\/span><\/p>\n<p>&nbsp;<\/p>\n<p><strong>DA CORTINA L&#8217;AGGIORNAMENTO DEL SINDACO GIANPIETRO GHEDINA<\/strong> in questi due giorni il numero di positivi al Covid-19 nel territorio di Cortina d\u2019Ampezzo \u00e8 passato da 147 a 158 casi (+11). Le persone in quarantena (isolamento domiciliare), che hanno avuto un contatto stretto con i positivi, sono 55 (-8). Il dato \u00e8 sensibilmente aumentato. Mentre all\u2019inizio i numeri erano alti, ma riferibili a due principali focolai, Casa di Riposo e ambiente dell\u2019 Hockey, oggi emerge una situazione molto pi\u00f9 diffusa tra la popolazione residente, con uno sviluppo di tipo familiare.<\/p>\n<p><strong>TAIBON, LA SITUAZIONE<\/strong>: 16 positivi, 9 isolati <strong>ROCCA PIETORE<\/strong> 8 positivi, 5 isolati <strong>DANTA DI CADORE<\/strong> 3 positivi (33 da inizio ottobre, il picco il 27 ottobre con 25 contagi). <strong>AURONZO <\/strong>oltre 200 casi e Il sindaco Tatiana Pais Becher dopo l&#8217;incontro con le Forze dell&#8217;Ordine minaccia di anticipare la chiusura dei locali, nessuna chiusura delle scuole perch\u00e9 spiega il sindaco rispettano le norme anti covid, sono 12 gli studenti positivi tra medie ed elementari. <strong>BELLUNO CASA GAGGIA LANTE<\/strong> 3 nuovi positivi (totale 10 su 25).<\/p>\n<p>&nbsp;<\/p>\n<p><strong>IL GRAFICO DELL&#8217;ASSESSORE GIANPAOLO BOTTACIN: i ricoveri per covid\u00a0 hanno superato quelli della prima ondata. Ovviamente poi ci sono anche altri 8000 pazienti ricoverati per altre patologie che si sommano ai pazienti covid\u00a0<\/strong>IN GIALLO CONTINUO I RICOVERI ATTUALI, TRATTEGGIATI LA PRIMA ONDATA. IN AZZURRO CONTINUO I RICOVERI DELLA TERAPIA INTENSIVA ATTUALI, TRATTEGGIATI LA PRIMA ONDATA.<\/p>\n<p><a href=\"https:\/\/www.radiopiu.net\/wordpress\/giornale-radiopiu-13-novembre-2020-direttore-mirko-mezzacasa\/124931331_10157765877137544_4567819808750052469_o\/\" rel=\"attachment wp-att-172354\"><img loading=\"lazy\" decoding=\"async\" class=\"wp-image-172354 aligncenter\" src=\"https:\/\/www.radiopiu.net\/wordpress\/wp-content\/uploads\/2020\/11\/124931331_10157765877137544_4567819808750052469_o-909x1024.jpg\" alt=\"\" width=\"313\" height=\"353\" srcset=\"https:\/\/www.radiopiu.net\/wordpress\/wp-content\/uploads\/2020\/11\/124931331_10157765877137544_4567819808750052469_o-909x1024.jpg 909w, https:\/\/www.radiopiu.net\/wordpress\/wp-content\/uploads\/2020\/11\/124931331_10157765877137544_4567819808750052469_o-266x300.jpg 266w, https:\/\/www.radiopiu.net\/wordpress\/wp-content\/uploads\/2020\/11\/124931331_10157765877137544_4567819808750052469_o-768x865.jpg 768w, https:\/\/www.radiopiu.net\/wordpress\/wp-content\/uploads\/2020\/11\/124931331_10157765877137544_4567819808750052469_o.jpg 1080w\" sizes=\"auto, (max-width: 313px) 100vw, 313px\" \/><\/a><\/p>\n<p>&nbsp;<\/p>\n<p>&nbsp;<\/p>\n<p><strong>IL MESSAGGIO DEL SINDACO DI SAN TOMASO MORENO DE VAL<\/strong><\/p>\n<audio class=\"wp-audio-shortcode\" id=\"audio-172151-1\" preload=\"none\" style=\"width: 100%;\" controls=\"controls\"><source type=\"audio\/mpeg\" src=\"https:\/\/www.radiopiu.net\/wordpress\/wp-content\/uploads\/2020\/11\/SINDACI-MORENO-COVID.mp3?_=1\" \/><a href=\"https:\/\/www.radiopiu.net\/wordpress\/wp-content\/uploads\/2020\/11\/SINDACI-MORENO-COVID.mp3\">https:\/\/www.radiopiu.net\/wordpress\/wp-content\/uploads\/2020\/11\/SINDACI-MORENO-COVID.mp3<\/a><\/audio>\n<p><strong>IL MESSAGGIO DEL SINDACO DI ROCCA PIETORE ANDREA DE BERNARDIN\u00a0<\/strong><\/p>\n<audio class=\"wp-audio-shortcode\" id=\"audio-172151-2\" preload=\"none\" style=\"width: 100%;\" controls=\"controls\"><source type=\"audio\/mpeg\" src=\"https:\/\/www.radiopiu.net\/wordpress\/wp-content\/uploads\/2020\/11\/SINDACI-ANDREA-COVID-2.mp3?_=2\" \/><a href=\"https:\/\/www.radiopiu.net\/wordpress\/wp-content\/uploads\/2020\/11\/SINDACI-ANDREA-COVID-2.mp3\">https:\/\/www.radiopiu.net\/wordpress\/wp-content\/uploads\/2020\/11\/SINDACI-ANDREA-COVID-2.mp3<\/a><\/audio>\n<p><strong>IL MESSAGGIO DEL SINDACO DI FALCADE MICHELE COSTA<\/strong><\/p>\n<audio class=\"wp-audio-shortcode\" id=\"audio-172151-3\" preload=\"none\" style=\"width: 100%;\" controls=\"controls\"><source type=\"audio\/mpeg\" src=\"https:\/\/www.radiopiu.net\/wordpress\/wp-content\/uploads\/2020\/11\/SINDACI-MICHELE-COVID-1.mp3?_=3\" \/><a href=\"https:\/\/www.radiopiu.net\/wordpress\/wp-content\/uploads\/2020\/11\/SINDACI-MICHELE-COVID-1.mp3\">https:\/\/www.radiopiu.net\/wordpress\/wp-content\/uploads\/2020\/11\/SINDACI-MICHELE-COVID-1.mp3<\/a><\/audio>\n<p><strong>IL SINDACO DI ALLEGHE DANILO DE TONI<\/strong><\/p>\n<audio class=\"wp-audio-shortcode\" id=\"audio-172151-4\" preload=\"none\" style=\"width: 100%;\" controls=\"controls\"><source type=\"audio\/mpeg\" src=\"https:\/\/www.radiopiu.net\/wordpress\/wp-content\/uploads\/2020\/11\/DANILO.mp3?_=4\" \/><a href=\"https:\/\/www.radiopiu.net\/wordpress\/wp-content\/uploads\/2020\/11\/DANILO.mp3\">https:\/\/www.radiopiu.net\/wordpress\/wp-content\/uploads\/2020\/11\/DANILO.mp3<\/a><\/audio>\n<p>&nbsp;<\/p>\n<p>&nbsp;<\/p>\n<hr \/>\n<p>&nbsp;<\/p>\n<blockquote>\n<h3>PERDE IL CONTROLLO DELL&#8217;AUTO, RICOVERATA A FELTRE<\/h3>\n<\/blockquote>\n<p><strong><a href=\"https:\/\/www.radiopiu.net\/wordpress\/aggredisce-la-moglie-arrestato\/carabinieri-6-2-3\/\" rel=\"attachment wp-att-22568\"><img loading=\"lazy\" decoding=\"async\" class=\"wp-image-22568 alignleft\" src=\"https:\/\/www.radiopiu.net\/wordpress\/wp-content\/uploads\/2016\/08\/carabinieri-6-2-300x204.jpg\" alt=\"\" width=\"153\" height=\"104\" \/><\/a>BORGO VALBELLUNA <\/strong>Marted\u00ec sera a Lentiai, verso le 23:30, una donna di Feltre di 38 anni, alla guida di una Golf, ha perso il controllo dell&#8217;auto mentre stava affrontando una rotonda finendo contro un muretto di recinzione laterale. Impatto violento con noetevoli conseguenze per l&#8217;auto,\u00a0 \u00a0la trentottenne \u00e8 stata ricoverata all&#8217;ospedale di Feltre ma non risulta in pericolo di vita. Sul posto i Carabinieri per i rilievi di legge.<\/p>\n<p>&nbsp;<\/p>\n<p>&nbsp;<\/p>\n<hr \/>\n<p>&nbsp;<\/p>\n<blockquote>\n<h3>SOCCORSO ALPINO: BLOCCATA SULLA PALESTRA DI ROCCIA, UOMO INVESTITO DA UN TRONCO<\/h3>\n<\/blockquote>\n<p><strong>SOVERZENE<\/strong> L&#8217;elicottero del Suem di Pieve di Cadore \u00e8 decollato in direzione della Palestra di roccia della Val Gallina poich\u00e9 risalendo la ferrata una giovane, impaurita, non era pi\u00f9 in grado di proseguire. La ragazza, una ventiduenne bellunese, che si trovava con un amico ferma a una cinquantina di metri da terra, \u00e8 stata recuperata dal tecnico di elisoccorso utilizzando un verricello di 15 metri, per essere poi lasciata in un prato nelle vicinanze. Il compagno \u00e8 sceso autonomamente. Pronto a intervenire il Soccorso alpino di Longarone.<\/p>\n<p>&nbsp;<\/p>\n<p><strong>AURONZO<\/strong> L&#8217;eliambulanza \u00e8 stata inviata in un bosco della Val Da Rin, ad Auronzo di Cadore, dove un boscaiolo che stava tagliando piante con il padre era stato investito da un tronco. Sbarcati con un verricello di 60 metri, equipe medica e tecnico di elisoccorso hanno prestato le prime cure all&#8217;uomo, per un sospetto politrauma. Immobilizzato e imbarellato, l&#8217;infortunato \u00e8 stato issato a bordo e trasportato all&#8217;ospedale di Belluno.<\/p>\n<p>&nbsp;<\/p>\n<p>&nbsp;<\/p>\n<hr \/>\n<p>&nbsp;<\/p>\n<blockquote>\n<h3>DILLO A RADIO PIU&#8217;&#8230;LO SFOGO DI STEFANO MURER, PRESIDENTE DELLA CROCE VERDE VAL BIOIS<\/h3>\n<\/blockquote>\n<p><strong><a href=\"https:\/\/www.radiopiu.net\/wordpress\/lassessore-gianpaolo-bottacin-ribatte-alle-accuse-del-presidente-della-croce-verde-val-biois-stefano-murer\/croce-verde-val-biois-2\/\" rel=\"attachment wp-att-153811\"><img loading=\"lazy\" decoding=\"async\" class=\"size-medium wp-image-153811 alignleft\" src=\"https:\/\/www.radiopiu.net\/wordpress\/wp-content\/uploads\/2020\/08\/CROCE-VERDE-VAL-BIOIS-300x225.jpg\" alt=\"\" width=\"300\" height=\"225\" srcset=\"https:\/\/www.radiopiu.net\/wordpress\/wp-content\/uploads\/2020\/08\/CROCE-VERDE-VAL-BIOIS-300x225.jpg 300w, https:\/\/www.radiopiu.net\/wordpress\/wp-content\/uploads\/2020\/08\/CROCE-VERDE-VAL-BIOIS-1024x768.jpg 1024w, https:\/\/www.radiopiu.net\/wordpress\/wp-content\/uploads\/2020\/08\/CROCE-VERDE-VAL-BIOIS-768x576.jpg 768w, https:\/\/www.radiopiu.net\/wordpress\/wp-content\/uploads\/2020\/08\/CROCE-VERDE-VAL-BIOIS-1536x1153.jpg 1536w, https:\/\/www.radiopiu.net\/wordpress\/wp-content\/uploads\/2020\/08\/CROCE-VERDE-VAL-BIOIS.jpg 1599w\" sizes=\"auto, (max-width: 300px) 100vw, 300px\" \/><\/a>RADIO PIU&#8217; <\/strong>Riceviamo e pubblichiamo una lettera arrivata in redazione a firma di Stefano Murer Presidente della Croce Verde Val Biois Recentemente ho avuto la sfortuna di trasportare un paziente positivo\u00a0al SARS-COV2. Seppur affrontato il soccorso con le dovute cautele, che la situazione contingente ci impone, rimane sempre latente un sentimento di preoccupazione \/ smarrimento \/ angoscia non tanto per noi ma per chi ci circonda, per i nostri familiari, amici compagni di lavoro o di passione. Dover comunque trascorrere la normale attivit\u00e0 come se nulla fosse accaduto \u00e8 difficile, non abbiamo normative che ci tutelano, siamo volontari che dedicano, chi pi\u00f9 chi meno, il loro tempo per il territorio, perch\u00e9 possa avere le stesse garanzie di servizio, o perlomeno avvicinarsi a ci\u00f2, dei territori in cui il servizio \u00e8 reso (territorio nei pressi dell&#8217;ospedale nel nostro caso).\u00a0Leggere che con enfasi si \u00e8 provveduto ad adeguare la normativa a protezione del Soccorso Alpino (giusto e doveroso) e che per le associazioni di volontariato come quella che rappresento esistano solo doveri: adeguare lo statuto per nuove disposizioni normative, doversi associare ad una rete nazionale per poter svolgere il nostro servizio, che ci tocca pagare ma nulla abbiamo in cambio (ANPAS), dover fare i rendiconti dettagliati altrimenti non ci viene riconosciuto il lavoro che svolgiamo ecc. e nessuna normativa a nostra tutela o ci sostenga tranne che quelle messe a disposizione della nostra stessa associazione, e come ciliegina sulla torta nemmeno la popolazione dei territori, in cui garantiamo il servizio, non ci sostiene in quanto nemmeno un terzo della popolazione dei Comuni della Valle del Biois sostiene con il tesseramento la Croce Verde Val Biois.\u00a0Tutto ci\u00f2 premesso mi chiedo per chi lo faccio, ne vale la pena, il mio \u00e8 senso civico o stupidit\u00e0?\u00a0Scusate lo sfogo<\/p>\n<div><strong>DAL CORRIERE DELLE ALPI GIANNI SANTOMASO<\/strong><\/div>\n<div>\n<audio class=\"wp-audio-shortcode\" id=\"audio-172151-5\" preload=\"none\" style=\"width: 100%;\" controls=\"controls\"><source type=\"audio\/mpeg\" src=\"https:\/\/www.radiopiu.net\/wordpress\/wp-content\/uploads\/2020\/11\/gianni-volontari.mp3?_=5\" \/><a href=\"https:\/\/www.radiopiu.net\/wordpress\/wp-content\/uploads\/2020\/11\/gianni-volontari.mp3\">https:\/\/www.radiopiu.net\/wordpress\/wp-content\/uploads\/2020\/11\/gianni-volontari.mp3<\/a><\/audio>\n<p>&nbsp;<\/p>\n<\/div>\n<div>\n<hr \/>\n<\/div>\n<div><\/div>\n<blockquote>\n<h3>OGGI IN AULA LA\u00a0 QUERELA CONTRO CASANOVA<\/h3>\n<\/blockquote>\n<p><span style=\"font-family: Georgia, Book Antiqua, serif;\"><b>L\u2019accusa: DIFFAMAZIONE AGGRAVATA PER AVER PRETESO RISPETTO PER L\u2019AMBIENTE <\/b><\/span><\/p>\n<p><strong><a href=\"https:\/\/www.radiopiu.net\/wordpress\/quad-in-quota-piu-forte-di-vaia-torna-in-val-del-biois-il-tour-4x4-delle-dolomiti\/quad-in-quota-1\/\" rel=\"attachment wp-att-101893\"><img loading=\"lazy\" decoding=\"async\" class=\" wp-image-101893 alignleft\" src=\"https:\/\/www.radiopiu.net\/wordpress\/wp-content\/uploads\/2019\/10\/quad-in-quota-1-300x200.jpg\" alt=\"\" width=\"204\" height=\"136\" srcset=\"https:\/\/www.radiopiu.net\/wordpress\/wp-content\/uploads\/2019\/10\/quad-in-quota-1-300x200.jpg 300w, https:\/\/www.radiopiu.net\/wordpress\/wp-content\/uploads\/2019\/10\/quad-in-quota-1-768x512.jpg 768w, https:\/\/www.radiopiu.net\/wordpress\/wp-content\/uploads\/2019\/10\/quad-in-quota-1-1024x683.jpg 1024w, https:\/\/www.radiopiu.net\/wordpress\/wp-content\/uploads\/2019\/10\/quad-in-quota-1.jpg 1500w\" sizes=\"auto, (max-width: 204px) 100vw, 204px\" \/><\/a>BELLUNO<\/strong> Oggi in Tribunale a Belluno si terr\u00e0 la prima udienza del processo penale contro il presidente onorario di Mountain Wilderness Luigi Casanova colpito da una querela bavaglio per aver scritto e condiviso un articolo intitolato \u201cDavvero i quad liberano i sentieri dagli alberi caduti?\u201dnel quale denunciava presunte violazioni della normativa ambientale dell\u2019Associazione Quad in Quota. Luigi Casanova di Mountain Wilderness \u00e8 stato querelato dal Presidente dell\u2019associazione Quad in quota Moreno Tommaselli, per aver firmato e poi condiviso sul sito dell\u2019associazione Mountain Wilderness un articolo. Il processo penale nasce da una querela sporta il 7 dicembre 2018, che lamentava la diffamatoriet\u00e0 del contenuto di un articolo pubblicato anche sul sito di MW che sosteneva che la Quad in quota nel raduno annuale di Quad avesse violato le normativa e le prescrizioni in materia ambientale ed accusava membri dell\u2019associazione Quad in Quota di aver rubato le bandiere della Mountain Wilderness che protestava contro lo scempio ambientale che i raduni provocavano. Stamane il giudice sentir\u00e0 le parti, raccoglier\u00e0 le liste dei testimoni e rinvier\u00e0 ai prossimi mesi per sentirli. Tommaselli dovrebbe costituirsi parte civile per ottenere il risarcimento.<\/p>\n<p>&nbsp;<\/p>\n<div><\/div>\n<div><\/div>\n<div><\/div>\n<div><\/div>\n<hr \/>\n<p>&nbsp;<\/p>\n<blockquote>\n<h3>LUXOTTICA: GLI OPERAI CON PROBLEMI FAMIGLIARI CONTINUERANNO A LAVORARE A GIORNATA, MA NON IN TUTTI I REPARTI<\/h3>\n<\/blockquote>\n<p><strong><a href=\"https:\/\/www.radiopiu.net\/wordpress\/luxottica-agordo-il-calendario-ferie-di-natale\/maglia-luxottica\/\" rel=\"attachment wp-att-103580\"><img loading=\"lazy\" decoding=\"async\" class=\" wp-image-103580 alignleft\" src=\"https:\/\/www.radiopiu.net\/wordpress\/wp-content\/uploads\/2019\/10\/MAGLIA-LUXOTTICA-300x300.jpeg\" alt=\"\" width=\"183\" height=\"183\" srcset=\"https:\/\/www.radiopiu.net\/wordpress\/wp-content\/uploads\/2019\/10\/MAGLIA-LUXOTTICA-300x300.jpeg 300w, https:\/\/www.radiopiu.net\/wordpress\/wp-content\/uploads\/2019\/10\/MAGLIA-LUXOTTICA-150x150.jpeg 150w, https:\/\/www.radiopiu.net\/wordpress\/wp-content\/uploads\/2019\/10\/MAGLIA-LUXOTTICA-768x768.jpeg 768w, https:\/\/www.radiopiu.net\/wordpress\/wp-content\/uploads\/2019\/10\/MAGLIA-LUXOTTICA.jpeg 1024w\" sizes=\"auto, (max-width: 183px) 100vw, 183px\" \/><\/a>AGORDO<\/strong> Incontro tra Luxottica e commissione delle pari opportunit\u00e0 per definire gli orari lavorativi per le persone con difficolt\u00e0 famigliari. Dopo la conferenza, la dirigenza di Luxottica ha confermato gli orari a giornata per le persone che hanno dei problemi seri nel lavorare a turni, questo in stamperia metallo e trattamenti superficiali. Le maestranze che lavorano nel reparto saldatura dovranno invece adeguarsi al nuovo orario quindi tutti gli operai del suddetto reparto, a partire dal 23 novembre, lavoreranno nei due turni (5:45-13:45 e 14:15-22:15).<\/p>\n<blockquote><p>Le sigle sindacali continueranno a lavorare per risolvere questi problemi e cercando soluzioni. Chi ha problemi extralavorativi pu\u00f2 rivolgersi alle RSU che tratteranno i singoli casi per cercare un giusto equilibrio tra le necessit\u00e0 delle persone e quelle produttive.<\/p><\/blockquote>\n<p>&nbsp;<\/p>\n<p>&nbsp;<\/p>\n<p>&nbsp;<\/p>\n<hr \/>\n<p>&nbsp;<\/p>\n<blockquote>\n<h3>LUXOTTICA: IL PROBLEMA DEI CESTINI PER I PART TIME INCENTIVATI<\/h3>\n<\/blockquote>\n<p><strong><a href=\"https:\/\/www.radiopiu.net\/wordpress\/giornale-radiopiu-01-agosto-2020-direttore-mirko-mezzacasa\/814ace46-a8a2-4c2d-a100-4d87aa509ef3\/\" rel=\"attachment wp-att-152483\"><img loading=\"lazy\" decoding=\"async\" class=\"size-medium wp-image-152483 alignleft\" src=\"https:\/\/www.radiopiu.net\/wordpress\/wp-content\/uploads\/2020\/07\/814ace46-a8a2-4c2d-a100-4d87aa509ef3-300x225.jpg\" alt=\"\" width=\"300\" height=\"225\" srcset=\"https:\/\/www.radiopiu.net\/wordpress\/wp-content\/uploads\/2020\/07\/814ace46-a8a2-4c2d-a100-4d87aa509ef3-300x225.jpg 300w, https:\/\/www.radiopiu.net\/wordpress\/wp-content\/uploads\/2020\/07\/814ace46-a8a2-4c2d-a100-4d87aa509ef3-1024x768.jpg 1024w, https:\/\/www.radiopiu.net\/wordpress\/wp-content\/uploads\/2020\/07\/814ace46-a8a2-4c2d-a100-4d87aa509ef3-768x576.jpg 768w, https:\/\/www.radiopiu.net\/wordpress\/wp-content\/uploads\/2020\/07\/814ace46-a8a2-4c2d-a100-4d87aa509ef3-1536x1152.jpg 1536w, https:\/\/www.radiopiu.net\/wordpress\/wp-content\/uploads\/2020\/07\/814ace46-a8a2-4c2d-a100-4d87aa509ef3.jpg 1560w\" sizes=\"auto, (max-width: 300px) 100vw, 300px\" \/><\/a>AGORDO<\/strong> Le lamentele non sono mancate negli ultimi mesi riguardo il cestino che viene consegnato a fine turno a tutti i Part Time Incentivati. Infatti, tutti gli operai Luxottica che stanno facendo l\u2019orario a 6 ore, hanno diritto ad un pranzo\/cena al sacco che viene preparato dalla mensa dello stabilimento. Un cestino che scarseggiava in quanto a contenuto e a volte prodotto in quantit\u00e0 insufficienti rispetto alle maestranze che devono riceverlo. La commissione RSU che si interessa di questo, dopo svariate segnalazioni, \u00e8 riuscita a risolvere il problema del cibo all\u2019interno della borsa che viene prelevata a fine turno. Dalle prossime ore all\u2019interno del cestino ci sar\u00e0 un primo, un secondo, frutta, acqua e pane. Si sta pensando anche un pranzo ad hoc per coloro che magari sono intolleranti ad alcuni alimenti facendo un cestino personalizzato ma la strada \u00e8 ancora lunga. Sempre nelle prossime ore verr\u00e0 riorganizzata anche la consegna delle borse visto che alcuni operai hanno dovuto tornare a casa a stomaco vuoto per la mancanza del cestino all\u2019uscita del reparto come successo nei giorni scorsi.<\/p>\n<p>&nbsp;<\/p>\n<hr \/>\n<p>&nbsp;<\/p>\n<blockquote>\n<h3>IL NUOVO COMMISSARIO PER SELVA DI CADORE<\/h3>\n<\/blockquote>\n<p><strong><a href=\"https:\/\/www.radiopiu.net\/wordpress\/il-minuto-di-silenzo-a-belluno-feltre-e-in-tutto-lagordino\/minuto-silenzio-cestaro-selva\/\" rel=\"attachment wp-att-126524\"><img loading=\"lazy\" decoding=\"async\" class=\" wp-image-126524 alignleft\" src=\"https:\/\/www.radiopiu.net\/wordpress\/wp-content\/uploads\/2020\/03\/MINUTO-SILENZIO-CESTARO-SELVA-169x300.jpg\" alt=\"\" width=\"110\" height=\"195\" srcset=\"https:\/\/www.radiopiu.net\/wordpress\/wp-content\/uploads\/2020\/03\/MINUTO-SILENZIO-CESTARO-SELVA-169x300.jpg 169w, https:\/\/www.radiopiu.net\/wordpress\/wp-content\/uploads\/2020\/03\/MINUTO-SILENZIO-CESTARO-SELVA-576x1024.jpg 576w, https:\/\/www.radiopiu.net\/wordpress\/wp-content\/uploads\/2020\/03\/MINUTO-SILENZIO-CESTARO-SELVA-768x1366.jpg 768w, https:\/\/www.radiopiu.net\/wordpress\/wp-content\/uploads\/2020\/03\/MINUTO-SILENZIO-CESTARO-SELVA-864x1536.jpg 864w, https:\/\/www.radiopiu.net\/wordpress\/wp-content\/uploads\/2020\/03\/MINUTO-SILENZIO-CESTARO-SELVA.jpg 899w\" sizes=\"auto, (max-width: 110px) 100vw, 110px\" \/><\/a>SELVA DI CADORE<\/strong> Come per Voltago dove il dottor Russo \u00e8 il commissario Prefettizio dopo che alle elezioni del 2019 e 2020 non \u00e8 stato raggiunto il quorum, anche per Selva di Cadore inizia il periodo con il referente della Prefettura, in questo caso perch\u00e9 il sindaco Silvia Cestaro eletta in consiglio regionale \u00e8 stata costretta alle dimissioni per incompatibilit\u00e0 di carica.\u00a0 <strong>I<\/strong>l Prefetto di Belluno, dr.ssa Adriana Cogode, ha nominato, con proprio decreto, il commissario prefettizio per la provvisoria gestione del Comune\u00a0 di Selva di Cadore nella persona del dr. Andrea Celsi, Viceprefetto Aggiunto in servizio presso la Prefettura. Il Commissario gestir\u00e0 l\u2019Ente fino alle elezioni amministrative in programma nel 2021e allo stesso sono stati conferiti i poteri del Sindaco, della Giunta e del Consiglio Comunale. Il dr. Andrea Celsi \u00e8 il Capo di Gabinetto del Prefetto nonch\u00e9 Dirigente dell\u2019Area Ordine e Sicurezza Pubblica e Commissario Prefettizio del Comune di Lozzo di Cadore.<\/p>\n<p>&nbsp;<\/p>\n<hr \/>\n<p>&nbsp;<\/p>\n<blockquote>\n<h3>AL FULCIS LE SPADE BELLUNESI DAL MUSEO CORRER DI VENEZIA<\/h3>\n<\/blockquote>\n<p><strong>DA BELLUNO\u00a0<\/strong><\/p>\n<p><strong>MORENO GIOLI<\/strong><\/p>\n<audio class=\"wp-audio-shortcode\" id=\"audio-172151-6\" preload=\"none\" style=\"width: 100%;\" controls=\"controls\"><source type=\"audio\/mpeg\" src=\"https:\/\/www.radiopiu.net\/wordpress\/wp-content\/uploads\/2020\/11\/MORENO.mp3?_=6\" \/><a href=\"https:\/\/www.radiopiu.net\/wordpress\/wp-content\/uploads\/2020\/11\/MORENO.mp3\">https:\/\/www.radiopiu.net\/wordpress\/wp-content\/uploads\/2020\/11\/MORENO.mp3<\/a><\/audio>\n<p><strong>MARCO PERALE\u00a0<\/strong><\/p>\n<audio class=\"wp-audio-shortcode\" id=\"audio-172151-7\" preload=\"none\" style=\"width: 100%;\" controls=\"controls\"><source type=\"audio\/mpeg\" src=\"https:\/\/www.radiopiu.net\/wordpress\/wp-content\/uploads\/2020\/11\/perale.mp3?_=7\" \/><a href=\"https:\/\/www.radiopiu.net\/wordpress\/wp-content\/uploads\/2020\/11\/perale.mp3\">https:\/\/www.radiopiu.net\/wordpress\/wp-content\/uploads\/2020\/11\/perale.mp3<\/a><\/audio>\n<p><strong>CARLO CAVALLI NUOVO CURATORE MUSEI BELLUNO<\/strong><\/p>\n<audio class=\"wp-audio-shortcode\" id=\"audio-172151-8\" preload=\"none\" style=\"width: 100%;\" controls=\"controls\"><source type=\"audio\/mpeg\" src=\"https:\/\/www.radiopiu.net\/wordpress\/wp-content\/uploads\/2020\/11\/cavalli.mp3?_=8\" \/><a href=\"https:\/\/www.radiopiu.net\/wordpress\/wp-content\/uploads\/2020\/11\/cavalli.mp3\">https:\/\/www.radiopiu.net\/wordpress\/wp-content\/uploads\/2020\/11\/cavalli.mp3<\/a><\/audio>\n<p><strong>LUIGINO BOITO<\/strong><\/p>\n<audio class=\"wp-audio-shortcode\" id=\"audio-172151-9\" preload=\"none\" style=\"width: 100%;\" controls=\"controls\"><source type=\"audio\/mpeg\" src=\"https:\/\/www.radiopiu.net\/wordpress\/wp-content\/uploads\/2020\/11\/luigino.mp3?_=9\" \/><a href=\"https:\/\/www.radiopiu.net\/wordpress\/wp-content\/uploads\/2020\/11\/luigino.mp3\">https:\/\/www.radiopiu.net\/wordpress\/wp-content\/uploads\/2020\/11\/luigino.mp3<\/a><\/audio>\n<p>&nbsp;<\/p>\n\n\t\t\t<style type='text\/css'>\n\t\t\t\t#gallery-1 {\n\t\t\t\t\tmargin: auto;\n\t\t\t\t}\n\t\t\t\t#gallery-1 .gallery-item {\n\t\t\t\t\tfloat: left;\n\t\t\t\t\tmargin-top: 10px;\n\t\t\t\t\ttext-align: center;\n\t\t\t\t\twidth: 33%;\n\t\t\t\t}\n\t\t\t\t#gallery-1 img {\n\t\t\t\t\tborder: 2px solid #cfcfcf;\n\t\t\t\t}\n\t\t\t\t#gallery-1 .gallery-caption {\n\t\t\t\t\tmargin-left: 0;\n\t\t\t\t}\n\t\t\t\t\/* see gallery_shortcode() in wp-includes\/media.php *\/\n\t\t\t<\/style>\n\t\t<div id='gallery-1' class='dt-gallery-container gallery galleryid-172151 gallery-columns-3 gallery-size-thumbnail'><dl class='gallery-item'>\n\t\t\t\t<dt class='gallery-icon landscape'>\n\t\t\t\t\t<a class=\"rollover rollover-zoom dt-pswp-item\" title=\"4787793e-aa3d-443a-aa77-cad37b3e7967\" data-dt-img-description=\"\" data-large_image_width=\"1600\" data-large_image_height=\"1200\"href='https:\/\/www.radiopiu.net\/wordpress\/wp-content\/uploads\/2020\/11\/4787793e-aa3d-443a-aa77-cad37b3e7967.jpg'><img loading=\"lazy\" decoding=\"async\" width=\"150\" height=\"150\" src=\"https:\/\/www.radiopiu.net\/wordpress\/wp-content\/uploads\/2020\/11\/4787793e-aa3d-443a-aa77-cad37b3e7967-150x150.jpg\" class=\"attachment-thumbnail size-thumbnail\" alt=\"\" \/><\/a>\n\t\t\t\t<\/dt><\/dl><dl class='gallery-item'>\n\t\t\t\t<dt class='gallery-icon landscape'>\n\t\t\t\t\t<a class=\"rollover rollover-zoom dt-pswp-item\" title=\"9f012e22-7440-466b-a7f4-28c778fa7f5f\" data-dt-img-description=\"\" data-large_image_width=\"1600\" data-large_image_height=\"1200\"href='https:\/\/www.radiopiu.net\/wordpress\/wp-content\/uploads\/2020\/11\/9f012e22-7440-466b-a7f4-28c778fa7f5f.jpg'><img loading=\"lazy\" decoding=\"async\" width=\"150\" height=\"150\" src=\"https:\/\/www.radiopiu.net\/wordpress\/wp-content\/uploads\/2020\/11\/9f012e22-7440-466b-a7f4-28c778fa7f5f-150x150.jpg\" class=\"attachment-thumbnail size-thumbnail\" alt=\"\" \/><\/a>\n\t\t\t\t<\/dt><\/dl><dl class='gallery-item'>\n\t\t\t\t<dt class='gallery-icon landscape'>\n\t\t\t\t\t<a class=\"rollover rollover-zoom dt-pswp-item\" title=\"415e0a72-371d-47f8-ac6f-964728f99eb7\" data-dt-img-description=\"\" data-large_image_width=\"1600\" data-large_image_height=\"1200\"href='https:\/\/www.radiopiu.net\/wordpress\/wp-content\/uploads\/2020\/11\/415e0a72-371d-47f8-ac6f-964728f99eb7.jpg'><img loading=\"lazy\" decoding=\"async\" width=\"150\" height=\"150\" src=\"https:\/\/www.radiopiu.net\/wordpress\/wp-content\/uploads\/2020\/11\/415e0a72-371d-47f8-ac6f-964728f99eb7-150x150.jpg\" class=\"attachment-thumbnail size-thumbnail\" alt=\"\" \/><\/a>\n\t\t\t\t<\/dt><\/dl><br style=\"clear: both\" \/>\n\t\t\t<\/div>\n\n<p>&nbsp;<\/p>\n<hr \/>\n<p>&nbsp;<\/p>\n<p>&nbsp;<\/p>\n<blockquote><p><strong>IL\u00a0 COMITATO ALPAGO 2 RUOTE &amp; SOLIDARIET\u00c0 E IL GIRO DEL LAGO DI SANTA CROCE PIANGONO VITTORIO MARES<\/strong><\/p><\/blockquote>\n<p>&nbsp;<\/p>\n<p><strong><a href=\"https:\/\/www.radiopiu.net\/wordpress\/giornale-radiopiu-13-novembre-2020-direttore-mirko-mezzacasa\/vittorio-mares-al-girodel-lago-di-santa-croce-2013-1\/\" rel=\"attachment wp-att-172341\"><img loading=\"lazy\" decoding=\"async\" class=\"size-medium wp-image-172341 alignleft\" src=\"https:\/\/www.radiopiu.net\/wordpress\/wp-content\/uploads\/2020\/11\/Vittorio-Mares-al-Girodel-Lago-di-Santa-Croce-2013-1-300x199.jpg\" alt=\"\" width=\"300\" height=\"199\" srcset=\"https:\/\/www.radiopiu.net\/wordpress\/wp-content\/uploads\/2020\/11\/Vittorio-Mares-al-Girodel-Lago-di-Santa-Croce-2013-1-300x199.jpg 300w, https:\/\/www.radiopiu.net\/wordpress\/wp-content\/uploads\/2020\/11\/Vittorio-Mares-al-Girodel-Lago-di-Santa-Croce-2013-1-1024x678.jpg 1024w, https:\/\/www.radiopiu.net\/wordpress\/wp-content\/uploads\/2020\/11\/Vittorio-Mares-al-Girodel-Lago-di-Santa-Croce-2013-1-768x509.jpg 768w, https:\/\/www.radiopiu.net\/wordpress\/wp-content\/uploads\/2020\/11\/Vittorio-Mares-al-Girodel-Lago-di-Santa-Croce-2013-1-1536x1017.jpg 1536w, https:\/\/www.radiopiu.net\/wordpress\/wp-content\/uploads\/2020\/11\/Vittorio-Mares-al-Girodel-Lago-di-Santa-Croce-2013-1-2048x1356.jpg 2048w\" sizes=\"auto, (max-width: 300px) 100vw, 300px\" \/><\/a>ALPAGO<\/strong> Il comitato Alpago 2 Ruote &amp; Solidariet\u00e0 e il Giro del Lago piangono Vittorio Mares. Nella mattinata di oggi, gioved\u00ec 12 novembre, \u00e8 morto colui che, a met\u00e0 degli anni Novanta, ha creato il Giro del Lago di Santa Croce, la manifestazione solidaristica che ogni estate in Alpago richiama migliaia di podisti e ciclisti. \u00abVittorio \u00e8 stato colui che ha ideato, creato e poi fatto crescere il Giro del Lago: grazie alla sua intuizione prima, alla sua passione, generosit\u00e0 e caparbiet\u00e0 poi, la manifestazione ha potuto diventare negli anni un sostegno\u00a0 vitale per due associazioni, come la Via di Natale di Aviano e la Cucchini di Belluno, che operano a favore dei malati oncologici e dei loro familiari\u00bb dice Ennio Soccal, succeduto nel 2010 a Vittorio Mares nella carica di presidente del comitato Alpago 2 Ruote &amp; Solidariet\u00e0. \u00abGratitudine \u00e8 la parola che voglio esprimere a Vittorio, a nome mio personale e di tutto il comitato: il suo impegno a favore degli altri, nell\u2019ambito del Giro del Lago ma anche in tanti altri ambiti della vita dell&#8217;Alpago, dalla politica alla cultura al sociale, \u00e8 stato straordinario. Alla moglie e a tutti i familiari di Vittorio giunga il nostro abbraccio affettuoso\u00bb.<\/p>\n<p>&nbsp;<\/p>\n<p>&nbsp;<\/p>\n<hr \/>\n<blockquote>\n<h3>RACCOLTA RECORD PER AVIANO, OPERAZIONE DI SOLIDARIETA&#8217; AGORDINA<\/h3>\n<\/blockquote>\n<p><strong><a href=\"https:\/\/www.radiopiu.net\/wordpress\/raccolta-record-per-aviano-operazione-di-solidarieta-agordina\/tappi\/\" rel=\"attachment wp-att-172244\"><img loading=\"lazy\" decoding=\"async\" class=\"size-medium wp-image-172244 alignleft\" src=\"https:\/\/www.radiopiu.net\/wordpress\/wp-content\/uploads\/2020\/11\/tappi-300x200.jpg\" alt=\"\" width=\"300\" height=\"200\" srcset=\"https:\/\/www.radiopiu.net\/wordpress\/wp-content\/uploads\/2020\/11\/tappi-300x200.jpg 300w, https:\/\/www.radiopiu.net\/wordpress\/wp-content\/uploads\/2020\/11\/tappi-768x513.jpg 768w, https:\/\/www.radiopiu.net\/wordpress\/wp-content\/uploads\/2020\/11\/tappi.jpg 1024w\" sizes=\"auto, (max-width: 300px) 100vw, 300px\" \/><\/a>CANALE D&#8217;AGORDO<\/strong>\u00a0 2.310 kg di tappi (poco pi\u00f9 di 23 quintali) in soli 7 mesi, da aprile ad ottobre 2020, e<br \/>\n34 quintali in un anno. Un risultato da record per una piccola realt\u00e0 come Canale d&#8217; Agordo, dove i volontari<br \/>\ndell&#8217;Associazione Pro Loco, in collaborazione con la classe 1951, da cinque anni a questa parte portano avanti la raccolta dei tappi di plastica, che vengono poi riciclati per produrre nuovi componenti da immettere sul mercato.<br \/>\nIn base al quantitativo raccolto la ditta trevigiana che si occupa dello smaltimento corrisponde il relativo importo in denaro direttamente alla Via di Natale (www.viadinatale.org), un&#8217; associazione benefica che dal 1989 si occupa di <a href=\"https:\/\/www.radiopiu.net\/wordpress\/raccolta-record-per-aviano-operazione-di-solidarieta-agordina\/tappi2\/\" rel=\"attachment wp-att-172245\"><img loading=\"lazy\" decoding=\"async\" class=\"size-medium wp-image-172245 alignright\" src=\"https:\/\/www.radiopiu.net\/wordpress\/wp-content\/uploads\/2020\/11\/tappi2-300x200.jpg\" alt=\"\" width=\"300\" height=\"200\" srcset=\"https:\/\/www.radiopiu.net\/wordpress\/wp-content\/uploads\/2020\/11\/tappi2-300x200.jpg 300w, https:\/\/www.radiopiu.net\/wordpress\/wp-content\/uploads\/2020\/11\/tappi2-768x513.jpg 768w, https:\/\/www.radiopiu.net\/wordpress\/wp-content\/uploads\/2020\/11\/tappi2.jpg 1024w\" sizes=\"auto, (max-width: 300px) 100vw, 300px\" \/><\/a>accogliere gratuitamente i pazienti in terapia al C.R.O. (Centro di Riferimento Oncologico) di Aviano e i loro famigliari. L&#8217;iniziativa \u00e8 andata crescendo di anno in anno, al punto tale che Canale d&#8217; Agordo \u00e8 diventato un punto di riferimento fondamentale per tutto il bellunese e non solo: arrivano tappi dalla Val Gardena e dalle grandi citt\u00e0 come Milano e Venezia. A complimentarsi in primis dei numeri realizzati a Canale d&#8217; Agordo la ditta incaricata del ritiro <em>&#8220;Assistiamo\u00a0 raramente &#8211; riferisce &#8211;\u00a0 a risultati del genere, perfino se paragonati a quelli dei maggiori capoluoghi di riferimento del paese. Una vera soddisfazione, quindi, per le nostre comunit\u00e0 che, se mosse da una giusta causa, riescono ad unirsi e a far rete&#8221;.<\/em> Quest&#8217;anno, a causa della pandemia di Coronavirus, l&#8217; Associazione Pro Loco non ha potuto nemmeno organizzare l&#8217;altro evento a sostegno della Via di Natale, la cosiddetta \u201cLucciolata\u201d, camminata in notturna lungo le vie del paese. A maggior ragione si richiede a chiunque volesse contribuire di impegnarsi nella raccolta dei tappi in plastica e di rivolgersi ai punti di conferimento pi\u00f9 vicini per non spezzare questa straordinaria catena di solidariet\u00e0.<\/p>\n<p><strong>In foto: Vigilio Costa (Presidente Pro Loco Canale), Fulvio Tancon e Guido Battain.\u00a0<\/strong><\/p>\n<p><strong>DAL CORRIERE DELLE ALPI GIANNI SANTOMASO<\/strong><\/p>\n<audio class=\"wp-audio-shortcode\" id=\"audio-172151-10\" preload=\"none\" style=\"width: 100%;\" controls=\"controls\"><source type=\"audio\/mpeg\" src=\"https:\/\/www.radiopiu.net\/wordpress\/wp-content\/uploads\/2020\/11\/gianni-tappi.mp3?_=10\" \/><a href=\"https:\/\/www.radiopiu.net\/wordpress\/wp-content\/uploads\/2020\/11\/gianni-tappi.mp3\">https:\/\/www.radiopiu.net\/wordpress\/wp-content\/uploads\/2020\/11\/gianni-tappi.mp3<\/a><\/audio>\n<p>&nbsp;<\/p>\n<p>&nbsp;<\/p>\n<hr \/>\n<p>&nbsp;<\/p>\n<p>&nbsp;<\/p>\n<blockquote>\n<h3>LA PREFETTURA CONDIVIDE L&#8217;ESIGENZA DI AUMENTARE I CONTROLLI ANTI COVID<\/h3>\n<\/blockquote>\n<p><strong><a href=\"https:\/\/www.radiopiu.net\/wordpress\/giornale-radiopiu-06-febbraio-2019-direttore-mirko-mezzacasa\/prefettura\/\" rel=\"attachment wp-att-75516\"><img loading=\"lazy\" decoding=\"async\" class=\"size-medium wp-image-75516 alignleft\" src=\"https:\/\/www.radiopiu.net\/wordpress\/wp-content\/uploads\/2019\/02\/prefettura-300x150.jpeg\" alt=\"\" width=\"300\" height=\"150\" srcset=\"https:\/\/www.radiopiu.net\/wordpress\/wp-content\/uploads\/2019\/02\/prefettura-300x150.jpeg 300w, https:\/\/www.radiopiu.net\/wordpress\/wp-content\/uploads\/2019\/02\/prefettura-768x384.jpeg 768w, https:\/\/www.radiopiu.net\/wordpress\/wp-content\/uploads\/2019\/02\/prefettura-1024x512.jpeg 1024w, https:\/\/www.radiopiu.net\/wordpress\/wp-content\/uploads\/2019\/02\/prefettura.jpeg 1599w\" sizes=\"auto, (max-width: 300px) 100vw, 300px\" \/><\/a>BELLUNO<\/strong> Nel fine settimana saranno incentivati i controlli delle Forze di Polizia per evitare assembramenti gi\u00e0 visti lo scorso fine settimana. E&#8217; stato deciso nell&#8217;incontro in Prefettura sull&#8217;attuazione delle misure di contenimento del contagio, con particolare riguardo alla prevenzione dei fenomeni di assembramento. E&#8217; \u00a0stata nuovamente condivisa l\u2019esigenza di sensibilizzare l\u2019intera comunit\u00e0 bellunese sulla necessit\u00e0 di rispettare integralmente e rigorosamente le disposizioni governative e le semplici regole. E&#8217; stato preso atto dell\u2019esito dei controlli svolti nei giorni scorsi dalle Forze di Polizia in tutto il territorio provinciale che, pur in un contesto che si conferma generalmente rispettoso del quadro normativo vigente, hanno portato all\u2019elevazione di sanzioni nei riguardi di due bar e di alcune persone che hanno violato le disposizioni<\/p>\n<blockquote><p><em>Domani nuova riunione del Comitato Provinciale per l\u2019Ordine e la Sicurezza Pubblica, esteso alla partecipazione delle organizzazioni di categoria, affinch\u00e9 vengano ulteriormente sensibilizzati gli esercizi pubblici al rigoroso rispetto delle norme sul distanziamento interpersonale.<\/em><\/p>\n<h2>QUATTRO PERSONE DENUNCIATE, CHIUSA UNA PALESTRA<\/h2>\n<\/blockquote>\n<p><strong><img loading=\"lazy\" decoding=\"async\" class=\"alignleft\" src=\"https:\/\/www.radiopiu.net\/wordpress\/wp-content\/uploads\/2019\/12\/CARABINIERI-FELTRE-2.jpg\" width=\"259\" height=\"194\" \/>SANTA GIUSTINA\u00a0<\/strong> Tre persone dello stesso nucleo familiare sono state denunciate dai Carabinieri di Santa Giustina. In piena emergenza Covid sono usciti di casa come nulla fosse senza rispettare il divieto poich\u00e9 positivi al covid 19. La donna stava tranquillamente facendo acquisti in un esercizio commerciale del paese senza curarsi di chi gli stava accanto e che avrebbe potuto infettare. Padre e figlio hanno preso l&#8217;auto e sono saliti in una casera di propiet\u00e0.<\/p>\n<p><strong>FELTRE<\/strong> Lo strano oscuramento dei vetri della palestra ha insospettito i Carabinieri di Feltre, una volta entrati il sospetto si \u00e8 trasformato in denuncia e chiusura dell&#8217;attivit\u00e0 perch\u00e9 all&#8217;interno c&#8217;erano tre clienti che stavano facendo attivit\u00e0 fisica. L&#8217;impianto di illuminazione era stato staccato mentre le porte automatizzate con i badge erano regolarmente in funzione. I tre sono stati allontanati, la titolare sanzionata per inosservanza alla sospensione dell&#8217;attivita.<\/p>\n<p><strong>AURONZO<\/strong> I Carabinieri hanno denunciato un donna sorpresa nei pressi di un supermercato nonostante l&#8217;obbligo di isolamento domiciliare perch\u00e9 positiva al covid.<\/p>\n<p>&nbsp;<\/p>\n<hr \/>\n<blockquote>\n<h3>LA NUOVA ORDINANZA SEGNO DEI TEMPI DOVE NON SI RISPETTANO LE REGOLE &#8211; DOMENICA TUTTI I NEGOZI CHIUSI E MASCHERINA SEMPRE- : PARLA ZAIA &#8211; OLTRE 2000 PERSONE IN OSPEDALE &#8211;<\/h3>\n<\/blockquote>\n<p>In sintesi l&#8217;ordinanza \u00a0in vigore dalla mezzanotte e\u00a0 fino al 3 dicembre. La MASCHERINA va indossata in modo corretto fuori dalla propria abitazione, nei mezzi pubblici e anche nella propria abitazione se in presenza di non conviventi Se\u00a0 abbassata per bere, mangiare o fumare va mantenuta una distanza minima di 1 metro dalle altre persone SPORT attivit\u00e0 motorie e attivit\u00e0 all&#8217;aperto (passeggiate) si possono fare al di fuori dei centri abitati, delle piazze, delle spiagge, delle localit\u00e0 di montagna. Nello sport va mantenuta una distanza di due metri dalle altre persone, nelle altre attivit\u00e0 (comprese le passeggiate) almeno un metro. SUPERMERCATI E NEGOZI PER LA SPESA E&#8217; fortemente raccomandato lasciare l&#8217;accesso delle prime due ore di apertura dei centri commerciali e dei supermercati agli over 65. SCUOLA Nel primo ciclo sono sospese le attivit\u00e0 di educazione fisica, canto e strumenti a fiato BAR e RISTORANTI dalle ore 15 alle ore 18 possono servire solo i clienti\u00a0 seduti (aperti sabato e domenica) vietato \u00a0mangiare e bere cibo e bevande da asporto all&#8217;esterno dei locali. SABATO le grandi e medie strutture di vendita sono chiuse, tranne che per quanto riguarda farmacie, parafarmacie, alimentari, edicole e tabaccai DOMENICA \u00a0sono chiusi anche i negozi di vicinato, tranne farmacie, parafarmacie, alimentari, edicole e tabaccai<br \/>\nconsentita sempre la vendita con consegna a domicilio.<\/p>\n<blockquote><p>&nbsp;<\/p><\/blockquote>\n<blockquote>\n<h2>LEGGI LA CONFERENZA STAMPA DI LUCA ZAIA<\/h2>\n<p><strong><span style=\"color: #ff0000;\">PER EVITARE OGNI FORMA DI ASSEMBRAMENTO MEGLIO UN SACRIFICIO OGGI CHE UNA ZONA ROSSA DOMANI. L&#8217;APPELLO AI CITTADINI NON UN&#8217;ORDINANZA DA GUARDIA E LADRI.<\/span><\/strong><\/p><\/blockquote>\n<p><em>Una nuova ordinanza per autotutelarci. Se crediamo che i medici siano eroi allora aiutiamoli in questa malattia strana che ti d\u00e0 l&#8217;impressione di affogare, che chiede ossigeno.\u00a0 NUOVA ORDINANZA Mascherina sempre anche in passeggiata &#8211; eccetto la corsa &#8211; in auto se vi sono viaggiatori a bordo non conviventi e sempre nei mezzi pubblici. Attivit\u00e0 motoria non si fa in centro storico e in citt\u00e0 ma in periferia. Sabato chisura totale di tutti i centri commerciali (e parchi) e la domenica chiusi tutti i negozi eccetto alimentari, farmacie, parafarmacie, edicole. Rimangono aperti i bar fino alle 18 (dalle 15 solo seduti assolutamente non in piedi), il coprifuoco fino alle 22 e met\u00e0 capienza sui mezzi di trasporto pubblico.\u00a0<\/em><\/p>\n<p>Ampliamo la possibilit\u00e0 di ricovero finch\u00e8 non si raggiunge la parte alta della curva, sarebbe un grande affare il giro di boa sui 2200 ricoverati, affrontiamo il tema giorno dopo giorno con la collaborazione dei direttori sanitari. Sono quasi 8000 i pazienti ordinari che trovano meno disponibilit\u00e0 dei servizi sanitari soprattutto con riferimento agli interventi programmabili ma garantiamo le urgenze. <strong>TRACCIAMENTO<\/strong> stiamo facendo sforzi immani con 3000 persone al giorno e con la macchina che si ingolfa. Inutile fare i tamponi doppi, rapidi e molecolari, lo dimostra la lettura scientifica<span style=\"color: #000000;\"><strong> ORDINANZA SEGNO DEI TEMPI\u00a0<\/strong><\/span><span style=\"color: #ff0000;\"><span style=\"color: #000000;\"> Necessaria mentre 54mila sanitari si stanno consumando per curare i pazienti. Inutile chiarmarli eroi e poi si vanno a fare assembramenti, si porta male la mascherina o si pensa che il virus \u00e8 un problema degli altri. L&#8217;ordinanza intercetta gli irriducibili anche se la strande maggioranza dei veneti si compara bene, E&#8217; comunque un fallimento sociale in mancanza del buonsenso. Non \u00e8 un atto d&#8217;imperio o prevaricazione, ma solo il rimettere in fila alcuni principi fondanti utili nella battaglia, ma senza la collaborazione dei cittadini non ne verremo fuori.\u00a0 <strong>ECCO COSA CAMBIA DALLA MEZZANOTTE DI DOMANI\u00a0<\/strong> L&#8217;ordinanza, una serie di necessarie raccomandazioni. Ha l&#8217;intesa del Ministro Speranza, c&#8217;\u00e8 un interlocuzione con il Presidente del Consiglio dei Ministri che condivida le nostre mosse in autonomia con Veneto, Emilia e Friuli Venezia Giulia, sperando ci siano misure economiche per i &#8220;danneggiati&#8221;. Dalla mezzanotte di domani al 3 dicembre: 1 fuori casa obbligatorio l&#8217;uso corretto della mascherina ad eccezione dei bambini sotto i 6 anni, soggetti che svolgono attivit\u00e0 sportiva intensa. Nel caso di abbassamento della mascherina dovr\u00e0 essere assicurata la distanza minima di un metro. Obbligo di mascherina sul trasporto pubblico. Nella propria abitazione e abitazioni altrui con non conviventi va portata la mascherina. 2) attivit\u00e0 sportiva consentita presso parchi pubblici, aree verdi, rurali e periferiche purch\u00e9 nel rispetto della distanza di sicurezza di 2 metri e 1 metro per ogni attivit\u00e0 al di fuori delle strade e piazze centro storici e aree affollate, l&#8217;attivit\u00e0 motoria anche la passeggiata si fanno in periferia. Non si va al mare per affollare le spiagge, per evitare ammassamenti. 3) <\/span><\/span>\u00a0Accesso esercizi di vendita per una sola persona PER NUCLEO FAMILIARE. Il negozio poi regola le entrate in base alla metratura ma l&#8217;entrata \u00e8 consentita ad una sola persona per nucleo familiare. <span style=\"color: #ff0000;\"><span style=\"color: #000000;\">4) Divieto di commercio nell&#8217;area all&#8217;aperto se i sindaci non si sono dotati del piano gi\u00e0 noto: perimetrazione, presenza unico varco di accesso e uno di uscita, sorveglianza pubblica o privata. Il mercato avr\u00e0 una sua perimetrazione. 4) Grandi e medie strutture (supermercati) devono garantire l&#8217;accesso agli anziani (65 anni in su) nelle prime due ore di apertura. Evitiamo quindi di andare a fare la spesa nelle prime due ore del mattino per proteggerli. 5) Previo parere CTS nelle scuole di primi ciclo sospese l&#8217;insegnamento dell&#8217;educazione fisica, canto e strumenti a fiato. 6) Somministrazione alimenti e bevande dalle 15 alle 18 esclusivamente con consumazione da seduti su posti distanziati. 7) Vietata la consumazione di bevande e alimenti in area pubblica, il trancio di pizza si mangia in auto, a casa, ma non davanti all&#8217;attivit\u00e0 in compagnia degli amici. 8) Prefestivi e festivi: il sabato\u00a0 le grandi e medie strutture di vendita con uno o pi\u00f9 esercizi collegati (parchi compresi) chiusi al pubblico salvo che per la vendita alimenti, medicinali ed edicole. Outlet quindi chiusi il sabato. Domenica: vietata ogni tipo di vendita, chiusi tutti i negozi sempre fatta eccezione per farmacie, parafarmacie, alimenti ed edicole. <strong>ULTERIORI MISURE<\/strong>:trasporto pubblico locale rimodula la propria programmazione per assicurare servizi minimi di linea adeguandosi al 50% massimo della capienza.Nei casi di competizioni sportive ammesse gli sportivi e gli accompagnatori &#8211; anche giornalisti, cronisti, operatori e tecnici &#8211;\u00a0 provenienti da altre regioni accedono alle strutture con tampone fatto nelle precedenti 72 ore. <strong>SANZIONI<\/strong> da 400 a 1000 euro. <strong>PER LE ATTIVITA&#8217; CHE RIMARRANNO CHIUSE<\/strong> Non posso assicurare che ci saranno ristori ma abbiamo chiesto al Governo di prevederle perch\u00e9 tutti hanno gli stessi diritti. <strong>VARIATI PARLA DI SUPPORTO ALL&#8217;ORDINANZA\u00a0 CON LE FORZE DI POLIZIA<\/strong> Lo convidido. Anche se un ammassamento piegato con le multe sarebbe una sconfitta. <strong>CHIESE?<\/strong> Sono regolamentate con le linee guida nazionali. <strong>EDUCAZIONE FISICA NELLE SCUOLE ANCHE SUI BANCHI DI SCUOLA?<\/strong> Si \u00e8 vietata almeno per 2 settimane ma attendiamo il parere del<strong> CTS NEGLI ESERCIZI PUBBLICI GIRA GENTE IN QUARANTENA CHE SI FA?<\/strong> Se si ha certezza si faccia denuncia.\u00a0\u00a0<\/span><\/span><\/p>\n<blockquote><p><span style=\"color: #ff0000;\"><span style=\"color: #000000;\"><em>LE REGIONI NON HANNO MAI CREATO INTRALCIO AL GOVERNO, ABBIAMO VOTATO SEMPRE E TUTTO ALL&#8217;UNANIMITA&#8217;. NON C&#8217;E&#8217; UN PROVVEDIMENTO GOVERNATIVO CHE NON HA AVUTO IL VAGLIO DELLA REGIONE. <\/em><\/span><\/span><\/p><\/blockquote>\n<p>https:\/\/www.facebook.com\/zaiaufficiale\/videos\/376542003397261<\/p>\n<p>&nbsp;<\/p>\n<p>&nbsp;<\/p>\n<p>&nbsp;<\/p>\n<p>&nbsp;<\/p>\n<hr \/>\n<p align=\"CENTER\"><span style=\"font-family: Arial, serif;\"><span style=\"font-size: medium;\"><b>NUOVA PEDIATRA DI LIBERA SCELTA IN SERVIZIO DA LUNEDI NEL BELLUNESE\u00a0<\/b><\/span><\/span><\/p>\n<p align=\"JUSTIFY\"><span style=\"font-size: medium;\"><span style=\"font-family: Calibri, serif;\"><span style=\"font-size: large;\"><b>Belluno<\/b><\/span><\/span><span style=\"font-family: Calibri, serif;\"><span style=\"font-size: large;\">. <\/span><\/span><span style=\"font-family: Calibri, serif;\">Da luned\u00ec\u00a0 <\/span><span style=\"font-family: Calibri, serif;\">la dr.ssa Lucia Tessarotto, inizier\u00e0 l\u2019attivit\u00e0 di Pediatra di Libera Scelta con<\/span> <span style=\"font-family: Calibri, serif;\">incarico definitivo nell\u2019ambito territoriale dei comuni di Belluno, Limana, Ponte nelle Alpi,<\/span> <span style=\"font-family: Calibri, serif;\">Soverzene, Longarone, Ospitale di Cadore, Val di zoldo, Zoppe\u2019 di Cadore, Chies d\u2019Alpago e<\/span> <span style=\"font-family: Calibri, serif;\">Tambre. <\/span><\/span><span style=\"font-size: medium;\"><span style=\"font-family: Calibri, serif;\">I bambini, la cui assistenza \u00e8 stata garantita temporaneamente dal dr Gianpaolo Risdonne verranno assegnati d\u2019ufficio alla dr.ssa Tessarotto (salvo diversa scelta effettuata nel frattempo). <\/span><\/span><span style=\"font-size: medium;\"><span style=\"font-family: Calibri, serif;\">Per fissare un appuntamento con la dr.ssa Tessarotto : tel. <\/span><span style=\"font-family: Calibri, serif;\">351 0595936 <\/span><\/span><span style=\"font-size: medium;\"><span style=\"font-family: Calibri, serif;\">Resta comunque ferma la possibilit\u00e0 di effettuare una scelta diversa tra uno dei pediatri con disponibilit\u00e0 di posti. Per qualsiasi informazione \u00e8 possibile contattare il seguente numero telefonico: 0437.516757 (dal lunedi al venerdi dalle ore 8.00 alle ore 12.30).<\/span><\/span><\/p>\n<p>&nbsp;<\/p>\n<hr \/>\n<p align=\"CENTER\"><span style=\"font-size: large;\"><b>USCITA DALL&#8217;ISOLAMENTO E DALLA QUARANTENA<\/b><\/span><\/p>\n<ul>\n<li>\n<p align=\"JUSTIFY\"><span style=\"font-size: medium;\"><b>i soggetti Covid positivi<\/b><\/span><span style=\"font-size: medium;\"> escono dall&#8217;isolamento (della durata minima di 10 giorni), se asintomatici, dal momento in cui ricevono il referto NEGATIVO del tampone molecolare per SARS-CoV-2 (la comunicazione ufficiale da parte del Dipartimento di Prevenzione giunge solitamente 2-3 giorni dopo, formalizzando l&#8217;uscita gi\u00e0 avvenuta);<\/span><\/p>\n<\/li>\n<li>\n<p align=\"JUSTIFY\"><span style=\"font-size: medium;\"><b>i contatti di caso rimasti Covid negativi e asintomatici<\/b><\/span><span style=\"font-size: medium;\"> escono dalla quarantena a seguito di negativit\u00e0 del tampone rapido eseguito al decimo giorno di quarantena. A questi soggetti il Dipartimento di Prevenzione di regola non invia comunicazione formale.<\/span><\/p>\n<\/li>\n<li><\/li>\n<\/ul>\n<hr \/>\n<p>&nbsp;<\/p>\n<blockquote class=\"wp-embedded-content\" data-secret=\"4ev3PfzUGg\"><p><a href=\"https:\/\/www.radiopiu.net\/wordpress\/covid-faq-ma-diciamolo-in-italiano-domande-poste-frequentemente\/\">COVID: FAQ&#8230;MA DICIAMOLO IN ITALIANO &#8220;DOMANDE POSTE FREQUENTEMENTE&#8221;<\/a><\/p><\/blockquote>\n<p><iframe loading=\"lazy\" class=\"wp-embedded-content\" sandbox=\"allow-scripts\" security=\"restricted\" style=\"position: absolute; clip: rect(1px, 1px, 1px, 1px);\" title=\"&#8220;COVID: FAQ&#8230;MA DICIAMOLO IN ITALIANO &#8220;DOMANDE POSTE FREQUENTEMENTE&#8221;&#8221; &#8212; Radio Pi\u00f9\" src=\"https:\/\/www.radiopiu.net\/wordpress\/covid-faq-ma-diciamolo-in-italiano-domande-poste-frequentemente\/embed\/#?secret=4ev3PfzUGg\" data-secret=\"4ev3PfzUGg\" width=\"600\" height=\"338\" frameborder=\"0\" marginwidth=\"0\" marginheight=\"0\" scrolling=\"no\"><\/iframe><\/p>\n<p>&nbsp;<\/p>\n<hr \/>\n<p>&nbsp;<\/p>\n<p>&nbsp;<\/p>\n<blockquote class=\"wp-embedded-content\" data-secret=\"yJwtKtrWX5\"><p><a href=\"https:\/\/www.radiopiu.net\/wordpress\/12-novembre\/\">CORONAVIRUS: AGGIORNAMENTO NAZIONALE 12 NOVEMBRE<\/a><\/p><\/blockquote>\n<p><iframe loading=\"lazy\" class=\"wp-embedded-content\" sandbox=\"allow-scripts\" security=\"restricted\" style=\"position: absolute; clip: rect(1px, 1px, 1px, 1px);\" title=\"&#8220;CORONAVIRUS: AGGIORNAMENTO NAZIONALE 12 NOVEMBRE&#8221; &#8212; Radio Pi\u00f9\" src=\"https:\/\/www.radiopiu.net\/wordpress\/12-novembre\/embed\/#?secret=yJwtKtrWX5\" data-secret=\"yJwtKtrWX5\" width=\"600\" height=\"338\" frameborder=\"0\" marginwidth=\"0\" marginheight=\"0\" scrolling=\"no\"><\/iframe><\/p>\n<p>&nbsp;<\/p>\n<blockquote class=\"wp-embedded-content\" data-secret=\"LFpLeP1wf3\"><p><a href=\"https:\/\/www.radiopiu.net\/wordpress\/https-wp-me-p63lo7-ibe\/\">CON I 73 DI OGGI SONO 1900 I RICOVERATI IN AREA NON CRITICA, NELLE ULTIME 24 ORE ALTRI 43 DECESSI<\/a><\/p><\/blockquote>\n<p><iframe loading=\"lazy\" class=\"wp-embedded-content\" sandbox=\"allow-scripts\" security=\"restricted\" style=\"position: absolute; clip: rect(1px, 1px, 1px, 1px);\" title=\"&#8220;CON I 73 DI OGGI SONO 1900 I RICOVERATI IN AREA NON CRITICA, NELLE ULTIME 24 ORE ALTRI 43 DECESSI&#8221; &#8212; Radio Pi\u00f9\" src=\"https:\/\/www.radiopiu.net\/wordpress\/https-wp-me-p63lo7-ibe\/embed\/#?secret=LFpLeP1wf3\" data-secret=\"LFpLeP1wf3\" width=\"600\" height=\"338\" frameborder=\"0\" marginwidth=\"0\" marginheight=\"0\" scrolling=\"no\"><\/iframe><\/p>\n<p>&nbsp;<\/p>\n<p>&nbsp;<\/p>\n<p>&nbsp;<\/p>\n<p><strong>I GRAFICI DI TIZIANO DE COL\u00a0<\/strong><\/p>\n<p><a href=\"https:\/\/www.radiopiu.net\/wordpress\/al-fulcis-le-spade-bellunesi-dal-museo-correr-di-venezia\/05f856a5-3044-43ba-b3f1-90d8debb715a-6\/\" rel=\"attachment wp-att-172324\"><img loading=\"lazy\" decoding=\"async\" class=\"alignnone size-medium wp-image-172324\" src=\"https:\/\/www.radiopiu.net\/wordpress\/wp-content\/uploads\/2020\/11\/05f856a5-3044-43ba-b3f1-90d8debb715a-5-300x180.jpg\" alt=\"\" width=\"300\" height=\"180\" srcset=\"https:\/\/www.radiopiu.net\/wordpress\/wp-content\/uploads\/2020\/11\/05f856a5-3044-43ba-b3f1-90d8debb715a-5-300x180.jpg 300w, https:\/\/www.radiopiu.net\/wordpress\/wp-content\/uploads\/2020\/11\/05f856a5-3044-43ba-b3f1-90d8debb715a-5.jpg 592w\" sizes=\"auto, (max-width: 300px) 100vw, 300px\" \/><\/a><a href=\"https:\/\/www.radiopiu.net\/wordpress\/giornale-radiopiu-13-novembre-2020-direttore-mirko-mezzacasa\/ee1db7ac-7392-4f6c-94da-f04fd1f2c5e1-2\/\" rel=\"attachment wp-att-172323\"><img loading=\"lazy\" decoding=\"async\" class=\"alignnone size-medium wp-image-172323\" src=\"https:\/\/www.radiopiu.net\/wordpress\/wp-content\/uploads\/2020\/11\/ee1db7ac-7392-4f6c-94da-f04fd1f2c5e1-1-300x208.jpg\" alt=\"\" width=\"300\" height=\"208\" srcset=\"https:\/\/www.radiopiu.net\/wordpress\/wp-content\/uploads\/2020\/11\/ee1db7ac-7392-4f6c-94da-f04fd1f2c5e1-1-300x208.jpg 300w, https:\/\/www.radiopiu.net\/wordpress\/wp-content\/uploads\/2020\/11\/ee1db7ac-7392-4f6c-94da-f04fd1f2c5e1-1-768x533.jpg 768w, https:\/\/www.radiopiu.net\/wordpress\/wp-content\/uploads\/2020\/11\/ee1db7ac-7392-4f6c-94da-f04fd1f2c5e1-1.jpg 920w\" sizes=\"auto, (max-width: 300px) 100vw, 300px\" \/><\/a><\/p>\n<p>&nbsp;<\/p>\n<p>&nbsp;<\/p>\n<hr \/>\n<p>&nbsp;<\/p>\n<p>&nbsp;<\/p>\n<h2><span style=\"color: #ff0000;\">DILLO A RADIO PIU&#8217;\u00a0<\/span><\/h2>\n<p><strong>di Susy Dan_Falcade<\/strong><\/p>\n<p><span style=\"color: #0000ff;\">ANDRA&#8217; TUTTO BENE?\u00a0 QUESTA VOLTA VORREI TANTO POTERLO CREDERE<\/span><\/p>\n<p><a href=\"https:\/\/www.radiopiu.net\/wordpress\/andra-tutto-bene-questa-volta-vorrei-tanto-poterlo-credere\/pp-42\/\" rel=\"attachment wp-att-172285\"><img loading=\"lazy\" decoding=\"async\" class=\" wp-image-172285 alignleft\" src=\"https:\/\/www.radiopiu.net\/wordpress\/wp-content\/uploads\/2020\/11\/pp-1-300x300.jpg\" alt=\"\" width=\"147\" height=\"147\" srcset=\"https:\/\/www.radiopiu.net\/wordpress\/wp-content\/uploads\/2020\/11\/pp-1-300x300.jpg 300w, https:\/\/www.radiopiu.net\/wordpress\/wp-content\/uploads\/2020\/11\/pp-1-150x150.jpg 150w, https:\/\/www.radiopiu.net\/wordpress\/wp-content\/uploads\/2020\/11\/pp-1.jpg 638w\" sizes=\"auto, (max-width: 147px) 100vw, 147px\" \/><\/a>\u201cAndr\u00e0 tutto bene!\u201d. Cos\u00ec era scritto dovunque, con sopra disegnato un bell\u2019arcobaleno, qualche mese fa. Era la speranza di tutti. Era l\u2019augurio che ci facevamo l\u2019un l\u2019altro. Era una sorta di rito scaramantico che anch\u2019io ho condiviso, vedi mai che funzionasse\u2026. Era il tempo dell\u2019Italia bella, dell\u2019Italia migliore, unita e solidale, che cantava tutta insieme, da un balcone all\u2019altro, e, abbracciandosi virtualmente, si sentiva meno sola e spaventata. Era il tempo della bandiera appesa alle finestre e delle Frecce Tricolori che sorvolavano citt\u00e0 svuotate e cimiteri pieni. Era il tempo degli \u201ceroi\u201d, medici, infermieri e operatori sanitari che hanno lavorato per settimane senza nemmeno il tempo di respirare per curare tutti, paradossalmente anche coloro che del virus negavano perfino l\u2019esistenza, e che a decine ci hanno rimesso la vita. 9 mesi, 43.000 morti e oltre un milione di contagiati dopo, siamo tornati alla casella del VIA. Ma non stiamo giocando a Monopoli. No, non \u00e8 andato affatto tutto bene. Non era difficile prevedere che sarebbe finita cos\u00ec. Ce l\u2019avevano gi\u00e0 raccontato le strade e le piazze affollate per l\u2019irrinunciabile aperitivo, le movide, le discoteche, le spiagge stracolme di gente, i sentieri di montagna su cui incrociavi gruppi compatti come falangi macedoni. Tanta gente ovunque, in barba a distanziamento e mascherine. E\u2019 bastato cominciare ad allentare le misure restrittive che avevamo dimostrato di saper rispettare perch\u00e9 prevalesse il \u201cliberi tutti\u201d che ci ha portato dove siamo ora. Mesi di sacrifici, di rinunce e di risultati buttati al vento per tornare al punto di partenza.\u00a0 Con la differenza che, se \u00e8 vero che di questo virus ora sappiamo un po\u2019 di pi\u00f9, \u00e8 anche vero che le misure che si rendono necessarie per contenerlo si abbattono su un paese gi\u00e0 stremato, psicologicamente ed economicamente, che non ha pi\u00f9 risorse da spendere. Si vedr\u00e0 nelle prossime settimane se queste misure avranno effetto, ma nessuno pi\u00f9 esclude un nuovo lockdown che, col Natale alle porte, avrebbe un effetto catastrofico.\u00a0 Se si potr\u00e0 evitarlo dipende, cos\u00ec ci viene ripetuto, dal \u201ccomportamento dei cittadini\u201d. Ed \u00e8 proprio questo che mi preoccupa. Andr\u00e0 tutto bene, questa volta? Vorrei poterlo credere.<\/p>\n<p>&nbsp;<\/p>\n<p>&nbsp;<\/p>\n<p>&nbsp;<\/p>\n<hr \/>\n<p>&nbsp;<\/p>\n<blockquote>\n<h3>NUBIFRAGI DI AGOSTO: SNELLIRE PROCEDURE DI RISTORO DEI DANNI<\/h3>\n<\/blockquote>\n<audio class=\"wp-audio-shortcode\" id=\"audio-172151-11\" preload=\"none\" style=\"width: 100%;\" controls=\"controls\"><source type=\"audio\/mpeg\" src=\"https:\/\/www.radiopiu.net\/wordpress\/wp-content\/uploads\/2020\/11\/roger.mp3?_=11\" \/><a href=\"https:\/\/www.radiopiu.net\/wordpress\/wp-content\/uploads\/2020\/11\/roger.mp3\">https:\/\/www.radiopiu.net\/wordpress\/wp-content\/uploads\/2020\/11\/roger.mp3<\/a><\/audio>\n<p><strong><a href=\"https:\/\/www.radiopiu.net\/wordpress\/speciale-feltre-fondi-di-confine-e-biblioteche-dal-gr-pomeriggio-di-radio-piu\/roger_de_menech_daticamera\/\" rel=\"attachment wp-att-49599\"><img loading=\"lazy\" decoding=\"async\" class=\"size-full wp-image-49599 alignleft\" src=\"https:\/\/www.radiopiu.net\/wordpress\/wp-content\/uploads\/2018\/05\/Roger_De_Menech_daticamera.jpg\" alt=\"\" width=\"165\" height=\"228\" \/><\/a>ROMA\u00a0<\/strong>Il sottosegretario all\u2019ambiente Roberto Morassut ha risposto a un\u2019interrogazione dei deputati veneti del Partito democratico\u00a0Roger De Menech\u00a0e\u00a0Alessia Rotta\u00a0che avevano sollecitato governo e regione Veneto a snellire le procedure per l\u2019erogazione dei fondi alle imprese e ai cittadini danneggiati dai nubifragi che lo scorso agosto hanno duramente colpito molte zone del Veneto, in particolare nelle province di Belluno, Padova, Vicenza e Verona.\u00a0\u00ab<em>Pochi giorni dopo gli eventi, il governo ha stanziato 6,8 milioni di euro, importo utile per affrontare la prima parte dell\u2019emergenza\u00bb, ricordano i deputati. \u00abQuelle risorse non erano destinate a ristorare i danni di enti, aziende e privati cittadini per le quali \u00e8 necessario che la Regione, il cui presidente \u00e8 stato nominato Commissario per il superamento dell\u2019emergenza, mandi al Dipartimento di Protezione Civile il piano degli interventi (entro 45 giorni) e successivamente alla sua approvazione un elenco puntuale dei danni e degli interventi (entro 90 giorni). Solo con queste informazioni sar\u00e0 possibile stanziare ulteriori risorse<\/em>\u00bb.\u00a0\u00ab<em>Come sta emergendo dalle audizioni sul dissesto in Commissione Ambiente alla Camera\u00bb, aggiunge Rotta, \u00aboccorre riprendere la procedura sul dissesto e il governo sta preparando un decreto perch\u00e9 si esca dall\u2019emergenza e le procedure possano essere rapide e sollecite<\/em>\u00bb.\u00a0Nel frattempo, il ministero dell\u2019Ambiente ha reso noto che nell\u2019ultimo decennio in Veneto ha finanziato 84 opere per la mitigazione del rischio idrico e geologico per un valore complessivo di 200 milioni di euro. Quando saranno disponibili i fondi europei del Recovery Fund, il ministero prevede di sbloccare in tutta Italia lavori di messa in sicurezza del territorio per circa 12 miliardi di euro, di cui 2 miliardi di opere in Veneto, sulla base degli interventi proposti dalla stessa Regione.<\/p>\n<p>&nbsp;<\/p>\n<p>&nbsp;<\/p>\n<hr \/>\n<p>&nbsp;<\/p>\n<blockquote>\n<h3>FELTRE: ASSOCIAZIONI SPORTIVE IN AFFANNO A CAUSA DELL\u2019EMERGENZA SANITARIA: IL COMUNE VARA UN SOSTEGNO STRAORDINARIO DA 78 MILA EURO<\/h3>\n<\/blockquote>\n<p><strong><a href=\"https:\/\/www.radiopiu.net\/wordpress\/tassa-di-soggiorno-parla-lassessore-al-turismo-del-comune-di-feltre\/feltre-centro\/\" rel=\"attachment wp-att-124727\"><img loading=\"lazy\" decoding=\"async\" class=\"size-medium wp-image-124727 alignleft\" src=\"https:\/\/www.radiopiu.net\/wordpress\/wp-content\/uploads\/2020\/03\/FELTRE-CENTRO-300x238.jpg\" alt=\"\" width=\"300\" height=\"238\" srcset=\"https:\/\/www.radiopiu.net\/wordpress\/wp-content\/uploads\/2020\/03\/FELTRE-CENTRO-300x238.jpg 300w, https:\/\/www.radiopiu.net\/wordpress\/wp-content\/uploads\/2020\/03\/FELTRE-CENTRO-1024x812.jpg 1024w, https:\/\/www.radiopiu.net\/wordpress\/wp-content\/uploads\/2020\/03\/FELTRE-CENTRO-768x609.jpg 768w, https:\/\/www.radiopiu.net\/wordpress\/wp-content\/uploads\/2020\/03\/FELTRE-CENTRO.jpg 1092w\" sizes=\"auto, (max-width: 300px) 100vw, 300px\" \/><\/a>FELTRE\u00a0<\/strong>Dando attuazione alla decisione della Conferenza dei Capigruppo, fatta propria dal consiglio comunale, il Comune di Feltre scende in campo a sostegno delle associazioni sportive locali, messe duramente alla prova in questi mesi, anche sul piano economico, dal dilagare della pandemia da Covid-19 e lo fa stanziando un fondo per contributi straordinari pari a 78 mila euro. I numerosi provvedimenti adottati sia a livello nazionale che regionale a seguito dell\u2019emergenza sanitaria hanno infatti determinato la chiusura o la drastica riduzione delle attivit\u00e0 sportive causando, nella maggior parte dei casi, la sospensione parziale o totale delle iniziative, comprese quelle di autofinanziamento, oltre che l\u2019obbligo di sostenere spese impreviste collegate all&#8217;adozione delle misure di sicurezza (igienizzazioni, trasporti, ampliamento dei locali in uso, etc\u2026).\u00a0\u201c<em>La situazione di difficolt\u00e0 in cui versano le nostre societ\u00e0 sportive si sta facendo insostenibile, dal momento che in questa fase sono carenti i sostegni di altro tipo da parte delle istituzioni, sottolinea il presidente del consiglio comunale con delega alle associazioni Manuel Sacchet; il rischio \u00e8 quello di veder saltare completamente le attivit\u00e0 pianificate e di metter in dubbio il futuro delle stesse associazioni. <\/em><em>C\u2019\u00e8 per\u00f2 un altro aspetto altrettanto importante, aggiunge Sacchet, e riguarda il fatto che la prolungata situazione di crisi rischierebbe di indurre le societ\u00e0 sportive a chiedere a coloro che usufruiscono delle loro attivit\u00e0 un&#8217;ulteriore compartecipazione alle spese, andando ad incidere sulle famiglie, gi\u00e0 duramente provate dalla crisi.<\/em>\u00a0<em>Un contributo straordinario che, oltre\u00a0 a riconoscere il ruolo delle realt\u00e0 sportive che operano sul territorio comunale, ha quindi come obiettivo primario quello di salvaguardare una delle principali fonti di aggregazione sociale e raggiungere le fasce di popolazione che pi\u00f9 hanno risentito delle conseguenze dell\u2019emergenza sanitaria in atto, ovvero i bambini, i giovani, le persone con disabilit\u00e0, le famiglie e le persone in condizione di svantaggio socio-economico<\/em>\u201d, conclude Sacchet. Nel corso della medesima seduta di giunta, l\u2019Amministrazione ha approvato anche l\u2019avviso pubblico per l&#8217;assegnazione di contributi finanziari ordinari alle associazioni che operano nei settori socio \u2013 assistenziale ed umanitario, dell&#8217;impegno civile e promozione dei diritti umani, culturale, scientifico, educativo, ambientale e ricreativo per un importo complessivo di 22 mila euro. Nei prossimi giorni saranno pubblicati i relativi avvisi con le modalit\u00e0 e i termini per la richiesta dei contributi.<\/p>\n<p>&nbsp;<\/p>\n<p>&nbsp;<\/p>\n<hr \/>\n<p>&nbsp;<\/p>\n<blockquote>\n<h3>GIOVANI VOLONTARI SUL TEMA DEGLI SPRECHI ALIMENTARI<\/h3>\n<\/blockquote>\n<p><strong><a href=\"https:\/\/www.radiopiu.net\/wordpress\/giovani-volontari-sul-tema-degli-sprechi-alimentari\/1_foto-gruppo\/\" rel=\"attachment wp-att-172211\"><img loading=\"lazy\" decoding=\"async\" class=\"size-medium wp-image-172211 alignleft\" src=\"https:\/\/www.radiopiu.net\/wordpress\/wp-content\/uploads\/2020\/11\/1_Foto-gruppo-300x225.jpg\" alt=\"\" width=\"300\" height=\"225\" srcset=\"https:\/\/www.radiopiu.net\/wordpress\/wp-content\/uploads\/2020\/11\/1_Foto-gruppo-300x225.jpg 300w, https:\/\/www.radiopiu.net\/wordpress\/wp-content\/uploads\/2020\/11\/1_Foto-gruppo-1024x768.jpg 1024w, https:\/\/www.radiopiu.net\/wordpress\/wp-content\/uploads\/2020\/11\/1_Foto-gruppo-768x576.jpg 768w, https:\/\/www.radiopiu.net\/wordpress\/wp-content\/uploads\/2020\/11\/1_Foto-gruppo-1536x1152.jpg 1536w, https:\/\/www.radiopiu.net\/wordpress\/wp-content\/uploads\/2020\/11\/1_Foto-gruppo.jpg 1600w\" sizes=\"auto, (max-width: 300px) 100vw, 300px\" \/><\/a>BELLUNO \u00a0<\/strong>Dal Banco alimentare ai laboratori delle scuole, sono molte le attivit\u00e0 che, per un anno intero, hanno coinvolto i giovani volontari Hichem e Victor.\u00a0Termina, infatti, il progetto di volontariato &#8220;Raising Awareness, Standing in Solidarity\u201d, promosso dall\u2019Area Europa del Comitato d\u2019intesa\/Csv di Belluno e finanziato da Agenzia Nazionale per i Giovani nell\u2019ambito del programma European Solidarity Corps. Protagonisti i due ventottenni, Hichem Ben Mzaker e Victor Garrido Jim\u00e9nez, provenienti rispettivamente da Tunisia e Spagna e ospiti del Comitato d\u2019Intesa, che hanno promosso in provincia un percorso di educazione e sensibilizzazione dei giovani bellunesi sulla lotta agli sprechi alimentari e sull\u2019adozione di stili di vita responsabili.\u00a0Diverse le attivit\u00e0 messe in campo: Victor e Hichem hanno supportato il Banco Alimentare di Belluno nella raccolta di alimenti, donati alle famiglie bisognose; hanno ideato un flash mob a Belluno, per la Giornata nazionale di prevenzione dello spreco alimentare, lanciando un questionario on line sugli sprechi domestici. Poi laboratori didattici sul tema presso il Liceo Renier, la biblioteca di Tambre e la Cooperativa sociale Blhyster. Ancora, hanno ideato strumenti didattici innovativi come fumetti, quiz on line e un gioco dell\u2019oca. In pieno lockdown \u00e8 nato poi il blog \u201cRicette in quarantena\u201d (https:\/\/receipsinquarantine.wordpress.com) che raccoglie ricette anti-spreco inviate dalla comunit\u00e0, in italiano e inglese; infine, cineforum e \u201ctandem linguistici\u201d, cio\u00e8 conversazioni in lingua inglese, francese, spagnola ed araba, sia in presenza che on line. \u00ab<em>Nonostante il lockdown siamo riusciti a portare avanti tutte le attivit\u00e0 programmate. Il virus ha colpito gli animi, ma non ha abbattuto il desiderio di mettersi a servizio degli altri<\/em>\u00bb dichiarano Laura De Riz, coordinatrice di progetto e Ariela Shatku, mentor dei giovani. \u00ab<em>Quest\u2019anno le richieste di giovani disponibili a esperienze di volontariato internazionale sono aumentate esponenzialmente, segno che la solidariet\u00e0 non conosce ostacoli<\/em>\u00bb.<\/p>\n<p>&nbsp;<\/p>\n<hr \/>\n<p>&nbsp;<\/p>\n<p>&nbsp;<\/p>\n<blockquote>\n<h3>ACC: ILLUSTRATO IL NUOVO PIANO INDUSTRIALE CONCRETO DAL PROSSIMO LUGLIO. PREVISTA UNA STRUTTURA SOCIETARIA A MAGGIORANZA PUBBLICA<\/h3>\n<\/blockquote>\n<p><strong>\u00a0DAI NOTIZIARI DI RADIO PIU STEFANO\u00a0 BONA<\/strong><\/p>\n<audio class=\"wp-audio-shortcode\" id=\"audio-172151-12\" preload=\"none\" style=\"width: 100%;\" controls=\"controls\"><source type=\"audio\/mpeg\" src=\"https:\/\/www.radiopiu.net\/wordpress\/wp-content\/uploads\/2020\/11\/STEFANO-DELLA-BONA.mp3?_=12\" \/><a href=\"https:\/\/www.radiopiu.net\/wordpress\/wp-content\/uploads\/2020\/11\/STEFANO-DELLA-BONA.mp3\">https:\/\/www.radiopiu.net\/wordpress\/wp-content\/uploads\/2020\/11\/STEFANO-DELLA-BONA.mp3<\/a><\/audio>\n<blockquote><p>&nbsp;<\/p><\/blockquote>\n<p><strong><a href=\"https:\/\/www.radiopiu.net\/wordpress\/il-ritorno-al-lavoro-dei-licenzati-dai-cinesi\/acc-mel\/\" rel=\"attachment wp-att-145345\"><img loading=\"lazy\" decoding=\"async\" class=\"size-medium wp-image-145345 alignleft\" src=\"https:\/\/www.radiopiu.net\/wordpress\/wp-content\/uploads\/2020\/06\/ACC-MEL-300x300.png\" alt=\"\" width=\"300\" height=\"300\" srcset=\"https:\/\/www.radiopiu.net\/wordpress\/wp-content\/uploads\/2020\/06\/ACC-MEL-300x300.png 300w, https:\/\/www.radiopiu.net\/wordpress\/wp-content\/uploads\/2020\/06\/ACC-MEL-150x150.png 150w, https:\/\/www.radiopiu.net\/wordpress\/wp-content\/uploads\/2020\/06\/ACC-MEL-768x768.png 768w, https:\/\/www.radiopiu.net\/wordpress\/wp-content\/uploads\/2020\/06\/ACC-MEL.png 796w\" sizes=\"auto, (max-width: 300px) 100vw, 300px\" \/><\/a>BORGO VALBELLUNA<\/strong> Si \u00e8 tenuto l&#8217;incontro organizzato dal Mise tra il Commissario straordinario, le regioni, gli enti locali e le organizzazioni sindacali nazionali e territoriali. Il Commissario straordinario Maurizio Castro ha illustrato il nuovo piano industriale della Newco, Italcomp, che nascer\u00e0 a luglio, con una struttura societaria a maggioranza pubblica e che si inserir\u00e0 nel mercato dei compressori, dei motori per compressori e dei motori per gli elettrodomestici.<em> &#8220;Come Fiom &#8211; dice Stefano Bona &#8211;\u00a0 riteniamo molto positivo questo percorso, un nuovo percorso della politica che si occupa finalmente anche delle questioni industriali e ci teniamo a ricordare che se oggi possiamo discutere di questo progetto \u00e8 s\u00ec grazie all&#8217;impegno del ministero e al lavoro del Commissario straordinario ma tutto ci\u00f2 \u00e8 stato possibile soprattutto grazie alla tenacia dei lavoratori delle due fabbriche, di Mel e di Riva di Chieri, che non hanno mai mollato, tenendo in tutto questo tempo le fabbriche aperte e che ringraziamo prima di chiunque altro&#8221;.<\/em> Per quanto riguarda la struttura societaria i sindacati credono sia importante e fondamentale che emerga un impegno fattivo da parte delle Regioni, affinch\u00e9 la nuova societ\u00e0 che andiamo a costituire abbia un controllo pubblico, <a href=\"https:\/\/www.radiopiu.net\/wordpress\/giornale-radiopiu-13-novembre-2020-direttore-mirko-mezzacasa\/download-1000\/\" rel=\"attachment wp-att-172257\"><img loading=\"lazy\" decoding=\"async\" class=\"size-full wp-image-172257 alignright\" src=\"https:\/\/www.radiopiu.net\/wordpress\/wp-content\/uploads\/2020\/11\/download-12.jpg\" alt=\"\" width=\"259\" height=\"194\" \/><\/a>questione che consideriamo strategica per la buona riuscita di tutto il progetto. <em>&#8220;In merito al percorso che ci porter\u00e0 alla costituzione della Newco\u00a0 &#8211; continua Bona &#8211; riteniamo inoltre necessario che ci siano garanzie da subito sulla tenuta in sicurezza dello stabilimento di Mel sia da un punto di vista finanziario che produttivo. Quello che per noi \u00e8 ora importante per andare avanti \u00e8 procedere con un tavolo che inizi, in modo continuativo e sistematico, a entrare nel merito dell&#8217;occupazione. \u00c8 necessario quindi capire quale sar\u00e0 la struttura occupazionale proposta, che per quanto ci riguarda non pu\u00f2 che vedere la piena occupazione. Riteniamo perci\u00f2 prematuro destinare al piano industriale i 9 mln di euro del fondo Whirlpool destinato ai lavoratori, senza aver prima affrontato e compreso il perimetro occupazionale della nuova societ\u00e0&#8221;.<\/em> Fermo restando quindi che un discorso su eventuali incentivi all&#8217;uscita si potr\u00e0 fare soltanto quando ci sar\u00e0 chiarezza della\u00a0 struttura occupazionale, avendo chiaro quali e quanti fondi occorrono, i sindacati ritengono che occupazione e mobilit\u00e0 devono essere discusse insieme con la richiesta al Commissario e al Mise di valutare la possibilit\u00e0 di prevedere l&#8217;utilizzo delle risorse anche per la riqualificazione dei lavoratori e per un&#8217;eventuale incentivazione.<\/p>\n<p>&nbsp;<\/p>\n<hr \/>\n<blockquote>\n<h3><\/h3>\n<h3>GOVERNO DETERMINATO NELLA REALIZZAZIONE DEL POLO INDUSTRIALE: &#8220;FATTI PASSI AVANTI&#8221;<\/h3>\n<\/blockquote>\n<p><strong><a href=\"https:\/\/www.radiopiu.net\/wordpress\/giornale-radiopiu-23-aprile-2020-direttore-mirko-mezzacasa\/federico-dinca-3\/\" rel=\"attachment wp-att-132319\"><img loading=\"lazy\" decoding=\"async\" class=\"size-medium wp-image-132319 alignleft\" src=\"https:\/\/www.radiopiu.net\/wordpress\/wp-content\/uploads\/2020\/04\/FEDERICO-DINCA-237x300.png\" alt=\"\" width=\"237\" height=\"300\" srcset=\"https:\/\/www.radiopiu.net\/wordpress\/wp-content\/uploads\/2020\/04\/FEDERICO-DINCA-237x300.png 237w, https:\/\/www.radiopiu.net\/wordpress\/wp-content\/uploads\/2020\/04\/FEDERICO-DINCA-808x1024.png 808w, https:\/\/www.radiopiu.net\/wordpress\/wp-content\/uploads\/2020\/04\/FEDERICO-DINCA-768x973.png 768w, https:\/\/www.radiopiu.net\/wordpress\/wp-content\/uploads\/2020\/04\/FEDERICO-DINCA.png 1018w\" sizes=\"auto, (max-width: 237px) 100vw, 237px\" \/><\/a>ROMA<\/strong> <em>\u201cIl Governo crede fortemente nel nuovo polo industriale del compressore italiano con la sinergia tra gli stabilimenti dell\u2019Acc di Mel e dell\u2019ex Embraco di Riva di Chieri: come ha sottolineato oggi la sottosegretaria al Mise Alessandra Todde, \u00e8 stato firmato il decreto che d\u00e0 vita al fondo per le crisi di impresa, articolo 43 del Dl Rilancio, che segna un ulteriore passo in avanti per il progetto \u2018Italcomp\u2019. Inoltre, il piano industriale che oggi \u00e8 stato illustrato alle organizzazioni sindacali nazionali e territoriali ha gi\u00e0 trovato consensi nel mercato, grazie alle costanti verifiche del Commissario Castro e dello stesso Ministero dello Sviluppo Economico e si avverte la necessit\u00e0 di un nuovo player europeo del settore\u201d. <\/em>Lo afferma il Ministro per i Rapporti con il Parlamento, Federico D\u2019Inc\u00e0, al termine del tavolo tecnico di oggi tra il Ministero dello Sviluppo economico e le organizzazioni sindacali sul piano industriale di \u2018Italcomp\u2019. Secondo D\u2019Inc\u00e0 \u201cMel continuer\u00e0 ad avere un ruolo strategico nella produzione di compressori a velocit\u00e0 variabile e per quelli di frigoriferi ad alta tiratura con l\u2019obiettivo di raggiungere i 6 milioni di volumi, mentre il sito di Chieri si impegner\u00e0 nella produzione di motori, con l\u2019aggiunta di una nuova linea per quelli riguardanti le lavatrici. Aumenta, quindi, l\u2019investimento complessivo per il progetto con 56 milioni di euro, di cui 38 per Mel e 18 per Chieri\u201d.<\/p>\n<p>&nbsp;<\/p>\n<p>&nbsp;<\/p>\n<hr \/>\n<p>&nbsp;<\/p>\n<blockquote>\n<h2>OGGI MANIFESTAZIONE DAVANTI A TUTTI GLI OSPEDALI DEL VENETO<\/h2>\n<\/blockquote>\n<blockquote>\n<h3><a href=\"https:\/\/www.radiopiu.net\/wordpress\/giornale-radiopiu-11-novembre-2020-direttore-mirko-mezzacasa\/be5cc544-b1b7-474e-8c4a-ab5fa4ac92a6\/\" rel=\"attachment wp-att-171838\"><img loading=\"lazy\" decoding=\"async\" class=\" wp-image-171838 alignleft\" src=\"https:\/\/www.radiopiu.net\/wordpress\/wp-content\/uploads\/2020\/11\/be5cc544-b1b7-474e-8c4a-ab5fa4ac92a6-240x300.jpg\" alt=\"\" width=\"144\" height=\"180\" srcset=\"https:\/\/www.radiopiu.net\/wordpress\/wp-content\/uploads\/2020\/11\/be5cc544-b1b7-474e-8c4a-ab5fa4ac92a6-240x300.jpg 240w, https:\/\/www.radiopiu.net\/wordpress\/wp-content\/uploads\/2020\/11\/be5cc544-b1b7-474e-8c4a-ab5fa4ac92a6-819x1024.jpg 819w, https:\/\/www.radiopiu.net\/wordpress\/wp-content\/uploads\/2020\/11\/be5cc544-b1b7-474e-8c4a-ab5fa4ac92a6-768x960.jpg 768w, https:\/\/www.radiopiu.net\/wordpress\/wp-content\/uploads\/2020\/11\/be5cc544-b1b7-474e-8c4a-ab5fa4ac92a6.jpg 1201w\" sizes=\"auto, (max-width: 144px) 100vw, 144px\" \/><\/a>PUBBLICO PER IL PUBBLICO, LAVORATORI UNITI PER DARE CURE E SERVIZI AI CITTADINI<\/h3>\n<\/blockquote>\n<p><strong>BELLUNO\u00a0<\/strong> Oggi giornata di mobilitazione del lavoro pubblico per chiedere sicurezza, assunzioni e contratti. Presidio a Belluno alle 11 davanti all&#8217;ospedale San Martino cos\u00ec come in tutti gli ospedali del Veneto per rivendicare il potenziamento del servizio sanitario regionale, assunzioni straordinarie, rinnovo dei contratti, sicurezza per i lavoratori.<\/p>\n<p><strong>AI MICROFONI DI RADIO PIU&#8217; GIANLUIGI DELLA GIACOMA A NOME DEI SINDACATI DELLA FUNZIONE PUBBLICA CGIL_CISL_UIL<\/strong><\/p>\n<audio class=\"wp-audio-shortcode\" id=\"audio-172151-13\" preload=\"none\" style=\"width: 100%;\" controls=\"controls\"><source type=\"audio\/mpeg\" src=\"https:\/\/www.radiopiu.net\/wordpress\/wp-content\/uploads\/2020\/11\/gian.mp3?_=13\" \/><a href=\"https:\/\/www.radiopiu.net\/wordpress\/wp-content\/uploads\/2020\/11\/gian.mp3\">https:\/\/www.radiopiu.net\/wordpress\/wp-content\/uploads\/2020\/11\/gian.mp3<\/a><\/audio>\n<p>&nbsp;<\/p>\n<p>&nbsp;<\/p>\n<hr \/>\n<p>&nbsp;<\/p>\n<p>&nbsp;<\/p>\n<blockquote>\n<h2>OGGI IMPRESE DI PULIZIA IN PIAZZA, SCIOPERO PER 7000 ADDETTI DELLA MARCA<\/h2>\n<\/blockquote>\n<p><strong><a href=\"https:\/\/www.radiopiu.net\/wordpress\/https-wp-me-p63lo7-io2\/girl-1531575_960_720\/\" rel=\"attachment wp-att-172239\"><img loading=\"lazy\" decoding=\"async\" class=\" wp-image-172239 alignleft\" src=\"https:\/\/www.radiopiu.net\/wordpress\/wp-content\/uploads\/2020\/11\/girl-1531575_960_720-300x208.jpg\" alt=\"\" width=\"211\" height=\"146\" srcset=\"https:\/\/www.radiopiu.net\/wordpress\/wp-content\/uploads\/2020\/11\/girl-1531575_960_720-300x208.jpg 300w, https:\/\/www.radiopiu.net\/wordpress\/wp-content\/uploads\/2020\/11\/girl-1531575_960_720-768x533.jpg 768w, https:\/\/www.radiopiu.net\/wordpress\/wp-content\/uploads\/2020\/11\/girl-1531575_960_720.jpg 960w\" sizes=\"auto, (max-width: 211px) 100vw, 211px\" \/><\/a>TREVISO<\/strong> Oggi incroceranno le braccia per l\u2019intero turno di lavoro gli oltre 7.000 addetti del comparto delle imprese di pulizia, servizi integrati e multiservizi della provincia di Treviso, aderendo alla mobilitazione nazionale indetta dai sindacati di categoria dopo le iniziative territoriali delle ultime settimane e la grande manifestazione del 21 ottobre scorso, in risposta all\u2019indisponibilit\u00e0 delle associazioni datoriali e delle imprese del settore a rinnovare il contratto collettivo nazionale scaduto da oltre 7 anni. I lavoratori e le lavoratrici manifesteranno in presidio dalle 11.30 alle 12.30 davanti all\u2019edificio di Poste Italiane in Piazza Vittoria a Treviso. Fisascat Cisl Belluno Treviso esprime infine solidariet\u00e0 e sostegno alla mobilitazione del personale sanitario prevista sempre per la giornata di venerd\u00ec 13 novembre.<\/p>\n<blockquote>\n<h2><strong><a href=\"https:\/\/www.radiopiu.net\/wordpress\/https-wp-me-p63lo7-io2\/post_multiservizi_sciopero-1\/\" rel=\"attachment wp-att-172254\"><img loading=\"lazy\" decoding=\"async\" class=\"wp-image-172254 alignleft\" src=\"https:\/\/www.radiopiu.net\/wordpress\/wp-content\/uploads\/2020\/11\/post_multiservizi_SCIOPERO-1-300x300.jpg\" alt=\"\" width=\"174\" height=\"174\" srcset=\"https:\/\/www.radiopiu.net\/wordpress\/wp-content\/uploads\/2020\/11\/post_multiservizi_SCIOPERO-1-300x300.jpg 300w, https:\/\/www.radiopiu.net\/wordpress\/wp-content\/uploads\/2020\/11\/post_multiservizi_SCIOPERO-1-1024x1024.jpg 1024w, https:\/\/www.radiopiu.net\/wordpress\/wp-content\/uploads\/2020\/11\/post_multiservizi_SCIOPERO-1-150x150.jpg 150w, https:\/\/www.radiopiu.net\/wordpress\/wp-content\/uploads\/2020\/11\/post_multiservizi_SCIOPERO-1-768x768.jpg 768w, https:\/\/www.radiopiu.net\/wordpress\/wp-content\/uploads\/2020\/11\/post_multiservizi_SCIOPERO-1-1536x1536.jpg 1536w, https:\/\/www.radiopiu.net\/wordpress\/wp-content\/uploads\/2020\/11\/post_multiservizi_SCIOPERO-1-2048x2048.jpg 2048w\" sizes=\"auto, (max-width: 174px) 100vw, 174px\" \/><\/a>A Belluno nel settore operano pi\u00f9 di 1000 addetti<\/strong><\/h2>\n<\/blockquote>\n<p><strong>BELLUNO<\/strong> Le lavoratrici e I lavoratori dei servizi in appalto di pulizia e sanificazione svolgono un ruolo ritenuto essenziale\u00a0 per il contenimento del contagio nei presidi ospedalieri, nelle Rsa, nelle case di cura, nelle scuole, nelle universit\u00e0, nei tribunali, nelle fabbriche e negli uffici pubblici e privati, esponendosi in prima linea per garantire l\u2019accessibilit\u00e0 dei luoghi che senza la loro opera, non sarebbe possibile.\u00a0 Filcams Cgil, Fisascat Cisl e Uiltrasporti puntano il dito contro il dietrofront delle rappresentanze datoriali del settore che opera prevalentemente negli appalti pubblici. Non rispettando gli impegni e gli affidamenti, hanno fatto saltare tutti gli incontri programmati, producendo una strumentale dilatazione dei tempi negoziali, mettendo in discussione diritti e tutele e la definizione di un aumento salariale congruo e dignitoso.<\/p>\n<p>&nbsp;<\/p>\n<p>&nbsp;<\/p>\n<hr \/>\n<p>&nbsp;<\/p>\n<blockquote>\n<h3>ASCA CERCA PERSONALE INFERMIERISTICO E ASSISTENZIALE<\/h3>\n<\/blockquote>\n<p><strong><a href=\"https:\/\/www.radiopiu.net\/wordpress\/asca-ricerca-personale-infermieristico\/asca-4\/\" rel=\"attachment wp-att-128881\"><img loading=\"lazy\" decoding=\"async\" class=\"size-medium wp-image-128881 alignleft\" src=\"https:\/\/www.radiopiu.net\/wordpress\/wp-content\/uploads\/2020\/04\/ASCA-300x165.png\" alt=\"\" width=\"300\" height=\"165\" srcset=\"https:\/\/www.radiopiu.net\/wordpress\/wp-content\/uploads\/2020\/04\/ASCA-300x165.png 300w, https:\/\/www.radiopiu.net\/wordpress\/wp-content\/uploads\/2020\/04\/ASCA-1024x565.png 1024w, https:\/\/www.radiopiu.net\/wordpress\/wp-content\/uploads\/2020\/04\/ASCA-768x424.png 768w, https:\/\/www.radiopiu.net\/wordpress\/wp-content\/uploads\/2020\/04\/ASCA.png 1211w\" sizes=\"auto, (max-width: 300px) 100vw, 300px\" \/><\/a>AGORDO\u00a0<\/strong>ASCA comunica che in relazione alla selezione pubblica finalizzata alla formulazione di una graduatoria di idoneit\u00e0 utile all\u2019inserimento a tempo indeterminato e a tempo pieno\u00a0presso la RSA di Agordo di INFERMIERI in scadenza il 16\/11\/2020, \u00e8 stato prorogato il termine<strong>\u00a0<\/strong>ultimo per la presentazione delle candidature al giorno\u00a018 dicembre 2020.\u00a0Viene confermato invece il termine del\u00a023 novembre 2020\u00a0\u00a0per la selezione pubblica finalizzata alla formulazione di una graduatoria di idoneit\u00e0 utile all\u2019inserimento a tempo indeterminato e\u00a0a tempo pieno presso la RSA di Agordo di OPERATORI SOCIO SANITARI.\u00a0Si avvisa che per ragioni legate alla emergenza pandemica in corso sono state semplificate le procedure di selezione che avverranno sulla base dei curricula pervenuti.\u00a0Tutte le informazioni sono presenti sulla home page del sito aziendale\u00a0<a href=\"http:\/\/www.servizisocialiasca.it\/\">www.servizisocialiasca.it<\/a>.<\/p>\n<p>&nbsp;<\/p>\n<p>&nbsp;<\/p>\n<hr \/>\n<p>&nbsp;<\/p>\n<blockquote>\n<h3>BORSE DI STUDIO IN RIVA AL LAGO, ECCO IL BANDO<\/h3>\n<\/blockquote>\n<p><strong>ALLEGHE\u00a0 <\/strong>Il Comune ha pubblicato il Bando per l\u2019assegnazione di borse di studio comunali agli studenti, residenti, frequentanti le scuole superiori o laureatesi nel 2020. Il modulo di domanda si pu\u00f2 reperire sul sito del Comune di Alleghe o richiedere direttamente all\u2019Ufficio Servizi Demografici; le domande potranno essere inoltrate fino al 20 dicembre 2020.\u201d<\/p>\n<p>&nbsp;<\/p>\n<p>&nbsp;<\/p>\n<hr \/>\n<blockquote>\n<h3><\/h3>\n<h3>CONCORSO PUBBLICO PER L&#8217;ASSUNZIONE DI UN ISTRUTTORE TECNICO E UN AGENTE DI POLIZIA LOCALE<\/h3>\n<\/blockquote>\n<p><strong>PEDAVENA<\/strong> Concorso pubblico per l&#8217;assunzione a tempo indeterminato e pieno di un istruttore tecnico categoria C1 presso l\u2019Area Tecnica del Comune di Pedavena, presso lo stesso Comune altro concorso per l&#8217;assunzione a tempo indeterminato e pieno di un Agente di Polizia Locale categoria C1.\u00a0 Le domande di partecipazione dovranno pervenire all&#8217;ufficio protocollo dell&#8217;Unione Montana Feltrina. Informazioni sul sito istituzionale dell&#8217;ente.\u00a0 Termine di scadenza per la presentazione delle domande alle 12 del\u00a0 10 dicembre.<\/p>\n<p>&nbsp;<\/p>\n<hr \/>\n<p>&nbsp;<\/p>\n<p>&nbsp;<\/p>\n<blockquote>\n<h3>RICONOSCERE E MONITORARE LE FARFALLE<\/h3>\n<\/blockquote>\n<p><strong><a href=\"https:\/\/www.radiopiu.net\/wordpress\/farfalla-vivere-a-colori-blogger\/\"><img loading=\"lazy\" decoding=\"async\" class=\"wp-image-29945 alignleft\" src=\"https:\/\/www.radiopiu.net\/wordpress\/wp-content\/uploads\/2017\/03\/farfalla-vivere-a-colori-blogger.jpg\" alt=\"\" width=\"171\" height=\"129\" \/><\/a>FELTRE<\/strong> Il Parco Nazionale delle Dolomiti Bellunesi ospita l&#8217;8\u00b0 workshop nazionale di formazione dei volontari.<br \/>\nL&#8217;incontro si terr\u00e0 mercoled\u00ec 25 novembre, con inizio alle 9:45, sulla piattaforma Zoom, nel rispetto delle attuali normative anti Covid. Per partecipare al workshop online \u00e8 necessario iscriversi inviando una mail a federica.paradiso@unito.it entro e non oltre luned\u00ec 23 novembre. Il workshop \u00e8 gratuito ed \u00e8 aperto a chiunque desideri contriburie alla raccolta di dati sulle farfalle, sia all&#8217;interno che all&#8217;esterno del Parco. Tutte le informazioni raccolte confluiranno in un unico grande database europeo, che consentir\u00e0 di monitorare nel tempo lo stato di conservazione delle divere specie di farfalle, dalla Scandinavia al Mediterraneo.<\/p>\n<p>&nbsp;<\/p>\n<p>&nbsp;<\/p>\n<blockquote>\n<h2>\u201cSTORIA BREVE DELL\u2019AGORDINO\u201d DI TAMIS ILLUSTRATA DA OPERE DI AUGUSTO MURER di RENATO BONA<\/h2>\n<h2><\/h2>\n<\/blockquote>\n<p>&nbsp;<\/p>\n<p>Il compianto Augusto Murer, pittore e scultore falcadino universalmente noto ed apprezzato, \u00e8 uno degli illustratori (sugli altri torneremo in altra occasione), con la copertina e sei lavori, del libro \u201cStoria breve dell\u2019Agordino\u201d, del prof. don Ferdinando Tamis, anch\u2019egli nativo della terra agordina. Il volume \u00e8 stato stampato nella Pasqua del 1989 dalla bellunese tipografia Piave e dedicato dall\u2019autore \u201calla famiglia e alla scuola\u201d. La presentazione \u00e8 stata a cura di educatori e alunni del bellunese Seminario Gregoriano, ricordando che Tamis \u201c\u00e8 lo stesso autore dell\u2019opera in 6 volumi \u2018La Storia dell\u2019Agordino\u2019 pubblicati dal 1978 al 1987\u201d e spiegando che la Storia breve fa conoscere in maniera agile e sintetica la lunga esperienza di tradizioni sociali, politico-amministrative e religiose di questa considerevole parte della provincia di Belluno\u201d. Infatti &#8211; proseguono &#8211; la gente che la abita, nello splendido scenario delle Dolomiti, di cui molto si \u00e8 parlato nell\u2019anno centenario degli studi del Dolomieu, ha una storia millenaria che merita di essere studiata e offerta alle nuove generazioni, pi\u00f9 ancora che non la storia delle sue montagne, o almeno insieme con lo studio dell\u2019ambiente naturale. In questa storia infatti si rileva come la gente agordina, con altre comunit\u00e0 alpine, si \u00e8 temprata il carattere partecipando all\u2019evolversi della civilt\u00e0 europea, ma soprattutto costituendo e conservando forme di vita comunitaria ben radicate e armonizzate con l\u2019ambiente. La conclusione: \u201cMentre in tutto il Triveneto le Diocesi si preparano al convegno che studia le radici cristiane della cultura e civilt\u00e0 delle nostre popolazioni, quest\u2019opera del prof. sac. Ferdinando Tamis invita giovani e famiglie a conoscere la cultura romano-cristiana, nel modello ben caratterizzato e variegato sviluppatosi nella nostra terra. E\u2019 un patrimonio che va conosciuto per comprendere la nostra gente nella sua vera anima, quella che non pu\u00f2 essere rilevata dalle statistiche, capace anche oggi di perseguire i valori di una vita comunitaria, splendidamente espressa nel passato\u201d. Il pregevole volume del prof. don Tamis \u00e8 articolato nei seguenti capitoli, che a nostro avviso dovrebbero essere in grado di soddisfare appieno ogni curiosit\u00e0 del lettore: \u201cFra secoli e millenni\u201d (La leggenda, La protostoria, La tradizione, La cronaca); \u201cLa Pieve rurale\u201d (I chierici, I laici, Il popolo, Lenta evoluzione, Curiosit\u00e0); \u201cIl dominio vescovile\u201d (I longobardi, La donazione di Berengario, La corte vescovile); \u201cIl Comune rurale\u201d (La borghesia, La rivoluzione dei militi, La Magnifica comunit\u00e0 di Agordo, Le parentele); \u201cLa signoria degli Avoscano\u201d (La famiglia, La rivolta contro Belluno, Nuove conquiste, Giacomo Avoscano, La fine); \u201cLe dominazioni straniere\u201d (Dominio dei Carraresi, I duchi d\u2019Austria, I Visconti, Costumi); \u201cSotto il dominio veneto\u201d (Il partito guelfo, Prima dedizione a Venezia, Gli Ungheri, Seconda dedizione a Venezia); \u201cIndice di sviluppo\u201d (Le miniere di Valle Imperina, La navigabilit\u00e0 del Cordevole, Le strade, Un ordine nuovo); \u201cCalamit\u00e0\u201d (L\u2019incendio del 1430, la morte di Bartolomeo Miari, la guerra con la Germania, La Lega di Cambrai, La peste, L\u2019incendio del 1635, Il banditismo, la \u201cboa\u201d di La Valle, Il lago di Alleghe); \u201cLa Rocca di Pietore\u201d (il Castello, La comunit\u00e0 della Rocca, La congiura dei guelfi, Con i bellunesi per sempre, Gli Ungheri, Il dominio veneto, Un caso limite, Una data storica, Un fatto di sangue, La vertenza con il Vescovo, Rivendicazioni, Piccola cronaca, La fine); \u201cTempi nuovi\u201d (I francesi, La repubblica cisalpina, Gli austriaci, La sommossa dei villici, L\u2019armata d\u2019Italia, Il regno d\u2019Italia, La spedizione Peyri, I nostri soldati con Napoleone). Nell\u2019impossibilit\u00e0 di entrare nel merito dei singoli argomenti proposti, tutti di notevole interesse, concludiamo partendo dall\u2019inizio: il capitolo primo si apre con un distico dedicato \u201cad un ragazzo\u201d; eccolo: \u201cLa tua famiglia ha dei ricordi che non devono essere dimenticati. Il tuo paese ha tradizioni che vanno rispettate e sono fatte per educare, il tuo popolo ha una civilt\u00e0 che lo distingue dagli altri popoli. Tu non lascerai perdere i ricordi della tua famiglia e rispetterai le tradizioni del paese nel quale vivi. Soprattutto dovrai amare la civilt\u00e0 del popolo al quale appartieni. Solo cos\u00ec, quando avrai in mano questo libro, dimostrerai di comprendere la Storia del tuo paese, che non offre per te vasti orizzonti che dinotano un passato drammatico e glorioso, ma ha questo di buono, che si svolge con un metodo di lenta e prudente evoluzione, consolidando ed arricchendo il patrimonio acquisito attraverso molte generazioni\u201d.<\/p>\n<p>&nbsp;<\/p>\n\n\t\t\t<style type='text\/css'>\n\t\t\t\t#gallery-2 {\n\t\t\t\t\tmargin: auto;\n\t\t\t\t}\n\t\t\t\t#gallery-2 .gallery-item {\n\t\t\t\t\tfloat: left;\n\t\t\t\t\tmargin-top: 10px;\n\t\t\t\t\ttext-align: center;\n\t\t\t\t\twidth: 33%;\n\t\t\t\t}\n\t\t\t\t#gallery-2 img {\n\t\t\t\t\tborder: 2px solid #cfcfcf;\n\t\t\t\t}\n\t\t\t\t#gallery-2 .gallery-caption {\n\t\t\t\t\tmargin-left: 0;\n\t\t\t\t}\n\t\t\t\t\/* see gallery_shortcode() in wp-includes\/media.php *\/\n\t\t\t<\/style>\n\t\t<div id='gallery-2' class='dt-gallery-container gallery galleryid-172151 gallery-columns-3 gallery-size-thumbnail'><dl class='gallery-item'>\n\t\t\t\t<dt class='gallery-icon portrait'>\n\t\t\t\t\t<a class=\"rollover\" href='https:\/\/www.radiopiu.net\/wordpress\/storia-breve-dellagordino-di-tamis-illustrata-da-opere-di-augusto-murer-di-renato-bona\/124400197_787963005377001_1408329671447881919_n\/'><img loading=\"lazy\" decoding=\"async\" width=\"150\" height=\"150\" src=\"https:\/\/www.radiopiu.net\/wordpress\/wp-content\/uploads\/2020\/11\/124400197_787963005377001_1408329671447881919_n-150x150.jpg\" class=\"attachment-thumbnail size-thumbnail\" alt=\"\" \/><\/a>\n\t\t\t\t<\/dt><\/dl><dl class='gallery-item'>\n\t\t\t\t<dt class='gallery-icon portrait'>\n\t\t\t\t\t<a class=\"rollover\" href='https:\/\/www.radiopiu.net\/wordpress\/storia-breve-dellagordino-di-tamis-illustrata-da-opere-di-augusto-murer-di-renato-bona\/124973713_411847299994421_938716726814066222_n\/'><img loading=\"lazy\" decoding=\"async\" width=\"150\" height=\"150\" src=\"https:\/\/www.radiopiu.net\/wordpress\/wp-content\/uploads\/2020\/11\/124973713_411847299994421_938716726814066222_n-150x150.jpg\" class=\"attachment-thumbnail size-thumbnail\" alt=\"\" \/><\/a>\n\t\t\t\t<\/dt><\/dl><dl class='gallery-item'>\n\t\t\t\t<dt class='gallery-icon landscape'>\n\t\t\t\t\t<a class=\"rollover\" href='https:\/\/www.radiopiu.net\/wordpress\/storia-breve-dellagordino-di-tamis-illustrata-da-opere-di-augusto-murer-di-renato-bona\/125100068_983454965478451_58692023883714062_n\/'><img loading=\"lazy\" decoding=\"async\" width=\"150\" height=\"150\" src=\"https:\/\/www.radiopiu.net\/wordpress\/wp-content\/uploads\/2020\/11\/125100068_983454965478451_58692023883714062_n-150x150.jpg\" class=\"attachment-thumbnail size-thumbnail\" alt=\"\" \/><\/a>\n\t\t\t\t<\/dt><\/dl><br style=\"clear: both\" \/><dl class='gallery-item'>\n\t\t\t\t<dt class='gallery-icon portrait'>\n\t\t\t\t\t<a class=\"rollover\" href='https:\/\/www.radiopiu.net\/wordpress\/storia-breve-dellagordino-di-tamis-illustrata-da-opere-di-augusto-murer-di-renato-bona\/125112709_715043986090604_3913109655181806011_n\/'><img loading=\"lazy\" decoding=\"async\" width=\"150\" height=\"150\" src=\"https:\/\/www.radiopiu.net\/wordpress\/wp-content\/uploads\/2020\/11\/125112709_715043986090604_3913109655181806011_n-150x150.jpg\" class=\"attachment-thumbnail size-thumbnail\" alt=\"\" \/><\/a>\n\t\t\t\t<\/dt><\/dl><dl class='gallery-item'>\n\t\t\t\t<dt class='gallery-icon portrait'>\n\t\t\t\t\t<a class=\"rollover\" href='https:\/\/www.radiopiu.net\/wordpress\/storia-breve-dellagordino-di-tamis-illustrata-da-opere-di-augusto-murer-di-renato-bona\/125279872_381893693142136_8399288979566233211_n-2\/'><img loading=\"lazy\" decoding=\"async\" width=\"150\" height=\"150\" src=\"https:\/\/www.radiopiu.net\/wordpress\/wp-content\/uploads\/2020\/11\/125279872_381893693142136_8399288979566233211_n-1-150x150.jpg\" class=\"attachment-thumbnail size-thumbnail\" alt=\"\" \/><\/a>\n\t\t\t\t<\/dt><\/dl><dl class='gallery-item'>\n\t\t\t\t<dt class='gallery-icon portrait'>\n\t\t\t\t\t<a class=\"rollover\" href='https:\/\/www.radiopiu.net\/wordpress\/storia-breve-dellagordino-di-tamis-illustrata-da-opere-di-augusto-murer-di-renato-bona\/125184186_362688304826354_5750185116351834446_n\/'><img loading=\"lazy\" decoding=\"async\" width=\"150\" height=\"150\" src=\"https:\/\/www.radiopiu.net\/wordpress\/wp-content\/uploads\/2020\/11\/125184186_362688304826354_5750185116351834446_n-150x150.jpg\" class=\"attachment-thumbnail size-thumbnail\" alt=\"\" \/><\/a>\n\t\t\t\t<\/dt><\/dl><br style=\"clear: both\" \/><dl class='gallery-item'>\n\t\t\t\t<dt class='gallery-icon portrait'>\n\t\t\t\t\t<a class=\"rollover\" href='https:\/\/www.radiopiu.net\/wordpress\/storia-breve-dellagordino-di-tamis-illustrata-da-opere-di-augusto-murer-di-renato-bona\/125324724_701490860777691_7899547929545054403_n\/'><img loading=\"lazy\" decoding=\"async\" width=\"150\" height=\"150\" src=\"https:\/\/www.radiopiu.net\/wordpress\/wp-content\/uploads\/2020\/11\/125324724_701490860777691_7899547929545054403_n-150x150.jpg\" class=\"attachment-thumbnail size-thumbnail\" alt=\"\" \/><\/a>\n\t\t\t\t<\/dt><\/dl><dl class='gallery-item'>\n\t\t\t\t<dt class='gallery-icon portrait'>\n\t\t\t\t\t<a class=\"rollover\" href='https:\/\/www.radiopiu.net\/wordpress\/storia-breve-dellagordino-di-tamis-illustrata-da-opere-di-augusto-murer-di-renato-bona\/125184186_362688304826354_5750185116351834446_n-2\/'><img loading=\"lazy\" decoding=\"async\" width=\"150\" height=\"150\" src=\"https:\/\/www.radiopiu.net\/wordpress\/wp-content\/uploads\/2020\/11\/125184186_362688304826354_5750185116351834446_n-1-150x150.jpg\" class=\"attachment-thumbnail size-thumbnail\" alt=\"\" \/><\/a>\n\t\t\t\t<\/dt><\/dl>\n\t\t\t\t<br style='clear: both' \/>\n\t\t\t<\/div>\n\n<p>&nbsp;<\/p>\n<p>NELLE FOTO (sito del Museo Murer; riproduzioni dal libro di don Ferdinando Tamis): l\u2019autore di \u201cStoria breve dell\u2019Agordino\u201d, prof. don Ferdinando Tamis; la copertina del volume con il disegno \u201cDonna della montagna\u201d; il maestro Augusto Murer (con il figlio Franco, anch\u2019egli valente artista, ripresi nello studio-museo di Molino di Falcade); \u201cRicordi d\u2019infanzia\u201d del 1984; \u201cFabbricatore di gerle\u201d, stesso anno; \u201cVolto d\u2019operaio\u201d, del 1961; \u201cContadina\u201d del 1984; \u201cManiscalco\u201d, del 1975; \u201cLavori campestri\u201d, del 1984, tutti disegni di Augusto Murer ad illustrare (con altri autori) il libro di Tamis.<\/p>\n<h2><\/h2>\n<p>&nbsp;<\/p>\n<p>&nbsp;<\/p>\n<hr \/>\n<p>&nbsp;<\/p>\n<div class=\"im_message_wrap clearfix\">\n<div class=\"im_content_message_wrap im_message_out\">\n<h2><span style=\"color: #ff0000;\">IERI ALLA RADIO\u00a0 IN VIVO VERSO 2020-21<\/span><\/h2>\n<p><strong>IL RITORNO DI IN VIVO VERSO, LA SESTA STAGIONE, SECONDA SETTIMANA DA UN&#8217;IDEA DI BRUNELLA MORO:\u00a0 <\/strong>Poeti nuovi, per In Vivo Verso, e poeti gi\u00e0 conosciuti e amati, da domani.. versi che toccano, che fanno bene al cuore. Soprattutto in questo momento in cui l&#8217; arte e le sue espressioni hanno le ali tarpate .. E allora benvenuti e ben rivisti, Bianca Soligo, Nicola Scodro, Cristina De Iasi,\u00a0 Daniele Sommariva e il meraviglioso video di Sara Casal<\/p>\n<p><strong><span style=\"color: #0000ff;\">IN ONDA DAL LUNEDI AL VENERDI ALLE 7.10, 10.10, 18.50\u00a0<\/span><\/strong><\/p>\n<p>&nbsp;<\/p>\n<blockquote class=\"wp-embedded-content\" data-secret=\"lFqUYdstu9\"><p><a href=\"https:\/\/www.radiopiu.net\/wordpress\/i-colori-dellautunno-di-laura-dulivo\/\">I COLORI DELL&#8217;AUTUNNO di LAURA D&#8217;ULIVO<\/a><\/p><\/blockquote>\n<p><iframe loading=\"lazy\" class=\"wp-embedded-content\" sandbox=\"allow-scripts\" security=\"restricted\" style=\"position: absolute; clip: rect(1px, 1px, 1px, 1px);\" title=\"&#8220;I COLORI DELL&#8217;AUTUNNO di LAURA D&#8217;ULIVO&#8221; &#8212; Radio Pi\u00f9\" src=\"https:\/\/www.radiopiu.net\/wordpress\/i-colori-dellautunno-di-laura-dulivo\/embed\/#?secret=lFqUYdstu9\" data-secret=\"lFqUYdstu9\" width=\"600\" height=\"338\" frameborder=\"0\" marginwidth=\"0\" marginheight=\"0\" scrolling=\"no\"><\/iframe><\/p>\n<p>&nbsp;<\/p>\n<\/div>\n<\/div>\n<p><strong><span style=\"font-family: Verdana, sans-serif;\"><span style=\"font-size: medium;\">LA RACCOLTA COMPLETA, TUTTE LE COLLEZIONI<\/span><\/span><\/strong><\/p>\n<blockquote><p>&nbsp;<\/p><\/blockquote>\n<blockquote class=\"wp-embedded-content\" data-secret=\"SthF09OMuj\"><p><a href=\"https:\/\/www.radiopiu.net\/wordpress\/in-vivo-verso\/\">In Vivo Verso<\/a><\/p><\/blockquote>\n<p><iframe loading=\"lazy\" class=\"wp-embedded-content\" sandbox=\"allow-scripts\" security=\"restricted\" style=\"position: absolute; clip: rect(1px, 1px, 1px, 1px);\" title=\"&#8220;In Vivo Verso&#8221; &#8212; Radio Pi\u00f9\" src=\"https:\/\/www.radiopiu.net\/wordpress\/in-vivo-verso\/embed\/#?secret=SthF09OMuj\" data-secret=\"SthF09OMuj\" width=\"600\" height=\"338\" frameborder=\"0\" marginwidth=\"0\" marginheight=\"0\" scrolling=\"no\"><\/iframe><\/p>\n<hr \/>\n<p>&nbsp;<\/p>\n<h2>007 IN CONDOTTA CON LA PROF. MARIA ROSA SALMAZO IL LUNEDI ALLE 10,30 E ALLE 19.00 LA DOMENICA ALLE 8 DEL MATTINO. NONA STAGIONE<\/h2>\n<h2>LA RACCOLTA COMPLETA<\/h2>\n<blockquote class=\"wp-embedded-content\" data-secret=\"7gPHJ5eMVi\"><p><a href=\"https:\/\/www.radiopiu.net\/wordpress\/007incondotta-9\/\">007 in condotta<\/a><\/p><\/blockquote>\n<p><iframe loading=\"lazy\" class=\"wp-embedded-content\" sandbox=\"allow-scripts\" security=\"restricted\" style=\"position: absolute; clip: rect(1px, 1px, 1px, 1px);\" title=\"&#8220;007 in condotta&#8221; &#8212; Radio Pi\u00f9\" src=\"https:\/\/www.radiopiu.net\/wordpress\/007incondotta-9\/embed\/#?secret=7gPHJ5eMVi\" data-secret=\"7gPHJ5eMVi\" width=\"600\" height=\"338\" frameborder=\"0\" marginwidth=\"0\" marginheight=\"0\" scrolling=\"no\"><\/iframe><\/p>\n<p>&nbsp;<\/p>\n<hr \/>\n<p>&nbsp;<\/p>\n<blockquote>\n<h2>SALUTE E SOCIETA&#8217; IL LUNEDI ALLE 13.10 E ALLE 20.10, LA DOMENICA ALLE 10.30 A CURA DEL DOTTOR MARCO CARACCIOLO. QUINTA STAGIONE<\/h2>\n<\/blockquote>\n<h3>LA RACCOLTA COMPLETA<\/h3>\n<blockquote class=\"wp-embedded-content\" data-secret=\"yEkItSRdLI\"><p><a href=\"https:\/\/www.radiopiu.net\/wordpress\/saluteesocieta\/\">Salute e Societ\u00e0<\/a><\/p><\/blockquote>\n<p><iframe loading=\"lazy\" class=\"wp-embedded-content\" sandbox=\"allow-scripts\" security=\"restricted\" style=\"position: absolute; clip: rect(1px, 1px, 1px, 1px);\" title=\"&#8220;Salute e Societ\u00e0&#8221; &#8212; Radio Pi\u00f9\" src=\"https:\/\/www.radiopiu.net\/wordpress\/saluteesocieta\/embed\/#?secret=yEkItSRdLI\" data-secret=\"yEkItSRdLI\" width=\"600\" height=\"338\" frameborder=\"0\" marginwidth=\"0\" marginheight=\"0\" scrolling=\"no\"><\/iframe><\/p>\n<hr \/>\n<blockquote>\n<h2><\/h2>\n<h2>FANTASTICHE DOLOMITI, NUOVA STAGIONE. APPUNTAMENTO QUINDICINALE IL GIOVEDI ALLE 10.30 E 1900<\/h2>\n<\/blockquote>\n<h1>LA RACCOLTA COMPLETA<\/h1>\n<blockquote class=\"wp-embedded-content\" data-secret=\"wK67uy43Hc\"><p><a href=\"https:\/\/www.radiopiu.net\/wordpress\/fantastiche-dolomiti-la-presentazione-con-claudio-canova\/\">FANTASTICHE DOLOMITI: IL QUINDICINALE APPUNTAMENTO ALLA RADIO<\/a><\/p><\/blockquote>\n<p><iframe loading=\"lazy\" class=\"wp-embedded-content\" sandbox=\"allow-scripts\" security=\"restricted\" style=\"position: absolute; clip: rect(1px, 1px, 1px, 1px);\" title=\"&#8220;FANTASTICHE DOLOMITI: IL QUINDICINALE APPUNTAMENTO ALLA RADIO&#8221; &#8212; Radio Pi\u00f9\" src=\"https:\/\/www.radiopiu.net\/wordpress\/fantastiche-dolomiti-la-presentazione-con-claudio-canova\/embed\/#?secret=wK67uy43Hc\" data-secret=\"wK67uy43Hc\" width=\"600\" height=\"338\" frameborder=\"0\" marginwidth=\"0\" marginheight=\"0\" scrolling=\"no\"><\/iframe><\/p>\n<p>&nbsp;<\/p>\n<p>&nbsp;<\/p>\n<div class=\"mw-parser-output\">\n<p>&nbsp;<\/p>\n<\/div>\n<p>&nbsp;<\/p>\n<hr \/>\n<p>&nbsp;<\/p>\n<h2><span style=\"color: #ff0000;\">IERI ALLA RADIO\u00a0<\/span><\/h2>\n<h2><a href=\"https:\/\/www.radiopiu.net\/wordpress\/giornale-radiopiu-06-febbraio-2019-direttore-mirko-mezzacasa\/logo_spi-cgil-800x445\/\" rel=\"attachment wp-att-75538\"><img loading=\"lazy\" decoding=\"async\" class=\"size-medium wp-image-75538 alignleft\" src=\"https:\/\/www.radiopiu.net\/wordpress\/wp-content\/uploads\/2019\/02\/Logo_Spi-CGIL-800x445-300x167.jpg\" alt=\"\" width=\"300\" height=\"167\" srcset=\"https:\/\/www.radiopiu.net\/wordpress\/wp-content\/uploads\/2019\/02\/Logo_Spi-CGIL-800x445-300x167.jpg 300w, https:\/\/www.radiopiu.net\/wordpress\/wp-content\/uploads\/2019\/02\/Logo_Spi-CGIL-800x445-768x427.jpg 768w, https:\/\/www.radiopiu.net\/wordpress\/wp-content\/uploads\/2019\/02\/Logo_Spi-CGIL-800x445.jpg 800w\" sizes=\"auto, (max-width: 300px) 100vw, 300px\" \/><\/a><span style=\"color: #ff0000;\">SPECIALE SPI CGIL &#8211; PUNTATA DEL 12 NOVEMBRE 2020<\/span><\/h2>\n<p><strong>di Claudio Fontanive<\/strong><\/p>\n<p>OSPITE: Maria Rita Gentilin<\/p>\n<audio class=\"wp-audio-shortcode\" id=\"audio-172151-14\" preload=\"none\" style=\"width: 100%;\" controls=\"controls\"><source type=\"audio\/mpeg\" src=\"https:\/\/www.radiopiu.net\/wordpress\/wp-content\/uploads\/2020\/11\/spi-cgil-12-novembre.mp3?_=14\" \/><a href=\"https:\/\/www.radiopiu.net\/wordpress\/wp-content\/uploads\/2020\/11\/spi-cgil-12-novembre.mp3\">https:\/\/www.radiopiu.net\/wordpress\/wp-content\/uploads\/2020\/11\/spi-cgil-12-novembre.mp3<\/a><\/audio>\n<p>&nbsp;<\/p>\n<hr \/>\n<p>&nbsp;<\/p>\n<h2><span style=\"color: #808000;\">DUE MINUTI UN LIBRO\u00a0 TUTTI I GIORNI ALLA RADIO ALLE 9.30 E ALLE 18. QUINTA STAGIONE\u00a0<\/span><\/h2>\n<blockquote class=\"wp-embedded-content\" data-secret=\"WhLKC6ULX9\"><p><a href=\"https:\/\/www.radiopiu.net\/wordpress\/il-cuore-di-frankenstein\/\">IL CUORE DI FRANKENSTEIN<\/a><\/p><\/blockquote>\n<p><iframe loading=\"lazy\" class=\"wp-embedded-content\" sandbox=\"allow-scripts\" security=\"restricted\" style=\"position: absolute; clip: rect(1px, 1px, 1px, 1px);\" title=\"&#8220;IL CUORE DI FRANKENSTEIN&#8221; &#8212; Radio Pi\u00f9\" src=\"https:\/\/www.radiopiu.net\/wordpress\/il-cuore-di-frankenstein\/embed\/#?secret=WhLKC6ULX9\" data-secret=\"WhLKC6ULX9\" width=\"600\" height=\"338\" frameborder=\"0\" marginwidth=\"0\" marginheight=\"0\" scrolling=\"no\"><\/iframe><\/p>\n<p>&nbsp;<\/p>\n<h2>LA RACCOLTA COMPLETA<\/h2>\n<blockquote class=\"wp-embedded-content\" data-secret=\"RGbajCvbFt\"><p><a href=\"https:\/\/www.radiopiu.net\/wordpress\/due-minuti-un-libro\/\">Due minuti un libro<\/a><\/p><\/blockquote>\n<p><iframe loading=\"lazy\" class=\"wp-embedded-content\" sandbox=\"allow-scripts\" security=\"restricted\" style=\"position: absolute; clip: rect(1px, 1px, 1px, 1px);\" title=\"&#8220;Due minuti un libro&#8221; &#8212; Radio Pi\u00f9\" src=\"https:\/\/www.radiopiu.net\/wordpress\/due-minuti-un-libro\/embed\/#?secret=RGbajCvbFt\" data-secret=\"RGbajCvbFt\" width=\"600\" height=\"338\" frameborder=\"0\" marginwidth=\"0\" marginheight=\"0\" scrolling=\"no\"><\/iframe><\/p>\n<p>&nbsp;<\/p>\n<hr \/>\n<p>&nbsp;<\/p>\n<p>&nbsp;<\/p>\n<blockquote>\n<h2><a href=\"https:\/\/www.radiopiu.net\/wordpress\/speciale-solidarieta-veneto\/solidarieta-veneto-3\/\" rel=\"attachment wp-att-134366\"><img loading=\"lazy\" decoding=\"async\" class=\"wp-image-134366 alignleft\" src=\"https:\/\/www.radiopiu.net\/wordpress\/wp-content\/uploads\/2020\/05\/solidariet\u00e0-veneto-300x210.jpg\" alt=\"\" width=\"179\" height=\"125\" srcset=\"https:\/\/www.radiopiu.net\/wordpress\/wp-content\/uploads\/2020\/05\/solidariet\u00e0-veneto-300x210.jpg 300w, https:\/\/www.radiopiu.net\/wordpress\/wp-content\/uploads\/2020\/05\/solidariet\u00e0-veneto-1024x717.jpg 1024w, https:\/\/www.radiopiu.net\/wordpress\/wp-content\/uploads\/2020\/05\/solidariet\u00e0-veneto-768x538.jpg 768w, https:\/\/www.radiopiu.net\/wordpress\/wp-content\/uploads\/2020\/05\/solidariet\u00e0-veneto.jpg 1373w\" sizes=\"auto, (max-width: 179px) 100vw, 179px\" \/><\/a>SOLIDARIETA&#8217; VENETO FONDO PENSIONE, IN ONDA IL PRIMO VENERDI DEL MESE ALLE 10.30 E ALLE 19.00 QUINTA STAGIONE<\/h2>\n<h2>LA RACCOLTA COMPLETA<\/h2>\n<\/blockquote>\n<blockquote class=\"wp-embedded-content\" data-secret=\"yL42j2Ilw6\"><p><a href=\"https:\/\/www.radiopiu.net\/wordpress\/solidarieta-veneto\/\">Solidariet\u00e0 Veneto<\/a><\/p><\/blockquote>\n<p><iframe loading=\"lazy\" class=\"wp-embedded-content\" sandbox=\"allow-scripts\" security=\"restricted\" style=\"position: absolute; clip: rect(1px, 1px, 1px, 1px);\" title=\"&#8220;Solidariet\u00e0 Veneto&#8221; &#8212; Radio Pi\u00f9\" src=\"https:\/\/www.radiopiu.net\/wordpress\/solidarieta-veneto\/embed\/#?secret=yL42j2Ilw6\" data-secret=\"yL42j2Ilw6\" width=\"600\" height=\"338\" frameborder=\"0\" marginwidth=\"0\" marginheight=\"0\" scrolling=\"no\"><\/iframe><\/p>\n<p>&nbsp;<\/p>\n<p>&nbsp;<\/p>\n<div>\n<p>&nbsp;<\/p>\n<hr \/>\n<p>&nbsp;<\/p>\n<div>\n<h2><span style=\"color: #33cccc;\">I RACCONTI DI PAOLO SOPPELSA il lunedi alle 9.30 e 18.30<\/span><\/h2>\n<h2><span style=\"color: #33cccc;\"><strong>LA RACCOLTA COMPLETA<\/strong><\/span><\/h2>\n<blockquote class=\"wp-embedded-content\" data-secret=\"VAf8GmqH6v\"><p><a href=\"https:\/\/www.radiopiu.net\/wordpress\/i-racconti-di-paolo-soppelsa\/\">I racconti di Paolo Soppelsa<\/a><\/p><\/blockquote>\n<p><iframe loading=\"lazy\" class=\"wp-embedded-content\" sandbox=\"allow-scripts\" security=\"restricted\" style=\"position: absolute; clip: rect(1px, 1px, 1px, 1px);\" title=\"&#8220;I racconti di Paolo Soppelsa&#8221; &#8212; Radio Pi\u00f9\" src=\"https:\/\/www.radiopiu.net\/wordpress\/i-racconti-di-paolo-soppelsa\/embed\/#?secret=VAf8GmqH6v\" data-secret=\"VAf8GmqH6v\" width=\"600\" height=\"338\" frameborder=\"0\" marginwidth=\"0\" marginheight=\"0\" scrolling=\"no\"><\/iframe><\/p>\n<\/div>\n<p>&nbsp;<\/p>\n<hr \/>\n<p>&nbsp;<\/p>\n<h2><strong>LE\u00a0 PUNTATE di Luisa Alchini di Leggermente Bellunesi, la domenica alle 11, il martedi alle 10.30 e alle 19.00<\/strong><\/h2>\n<h1><span style=\"color: #000000;\">LA RACCOLTA COMPLETA<\/span><\/h1>\n<blockquote class=\"wp-embedded-content\" data-secret=\"oGEgYp8jIs\"><p><a href=\"https:\/\/www.radiopiu.net\/wordpress\/leggermente-20\/\">LEGGERmente&#8230;Bellunesi<\/a><\/p><\/blockquote>\n<p><iframe loading=\"lazy\" class=\"wp-embedded-content\" sandbox=\"allow-scripts\" security=\"restricted\" style=\"position: absolute; clip: rect(1px, 1px, 1px, 1px);\" title=\"&#8220;LEGGERmente&#8230;Bellunesi&#8221; &#8212; Radio Pi\u00f9\" src=\"https:\/\/www.radiopiu.net\/wordpress\/leggermente-20\/embed\/#?secret=oGEgYp8jIs\" data-secret=\"oGEgYp8jIs\" width=\"600\" height=\"338\" frameborder=\"0\" marginwidth=\"0\" marginheight=\"0\" scrolling=\"no\"><\/iframe><\/p>\n<hr \/>\n<p>&nbsp;<\/p>\n<blockquote>\n<h3>L&#8217;ALMANACCO LADINO CON L&#8217;ISTITUT CESA DE JAN QUINDICINALE APPUNTAMENTO. LA DOMENICA ALLE 9 IL LUNEDI ALE 8.35 IL MARTEDI ALLE 12.35 IL MERCOLEDI ALLE 18.35. SECONDA STAGIONE.<\/h3>\n<\/blockquote>\n<p>&nbsp;<\/p>\n<p><strong>LA RACCOLTA COMPLETA\u00a0<\/strong><\/p>\n<blockquote class=\"wp-embedded-content\" data-secret=\"l6QvmO5qr6\"><p><a href=\"https:\/\/www.radiopiu.net\/wordpress\/almanacco-ladino\/\">Almanacco Ladino<\/a><\/p><\/blockquote>\n<p><iframe loading=\"lazy\" class=\"wp-embedded-content\" sandbox=\"allow-scripts\" security=\"restricted\" style=\"position: absolute; clip: rect(1px, 1px, 1px, 1px);\" title=\"&#8220;Almanacco Ladino&#8221; &#8212; Radio Pi\u00f9\" src=\"https:\/\/www.radiopiu.net\/wordpress\/almanacco-ladino\/embed\/#?secret=l6QvmO5qr6\" data-secret=\"l6QvmO5qr6\" width=\"600\" height=\"338\" frameborder=\"0\" marginwidth=\"0\" marginheight=\"0\" scrolling=\"no\"><\/iframe><\/p>\n<p>&nbsp;<\/p>\n<\/div>\n<hr \/>\n<div>\n<h2><span style=\"color: #000080;\"><a class=\"dt-pswp-item\" href=\"https:\/\/www.radiopiu.net\/wordpress\/wp-content\/uploads\/2020\/10\/pp.jpg\" data-dt-img-description=\"\" data-large_image_width=\"640\" data-large_image_height=\"640\"><img loading=\"lazy\" decoding=\"async\" class=\"wp-image-163678 alignleft\" src=\"https:\/\/www.radiopiu.net\/wordpress\/wp-content\/uploads\/2020\/10\/pp-300x300.jpg\" alt=\"\" width=\"106\" height=\"106\" srcset=\"https:\/\/www.radiopiu.net\/wordpress\/wp-content\/uploads\/2020\/10\/pp-300x300.jpg 300w, https:\/\/www.radiopiu.net\/wordpress\/wp-content\/uploads\/2020\/10\/pp-150x150.jpg 150w, https:\/\/www.radiopiu.net\/wordpress\/wp-content\/uploads\/2020\/10\/pp-125x125.jpg 125w, https:\/\/www.radiopiu.net\/wordpress\/wp-content\/uploads\/2020\/10\/pp-200x200.jpg 200w, https:\/\/www.radiopiu.net\/wordpress\/wp-content\/uploads\/2020\/10\/pp-80x80.jpg 80w, https:\/\/www.radiopiu.net\/wordpress\/wp-content\/uploads\/2020\/10\/pp-480x480.jpg 480w, https:\/\/www.radiopiu.net\/wordpress\/wp-content\/uploads\/2020\/10\/pp.jpg 640w\" sizes=\"auto, (max-width: 106px) 100vw, 106px\" \/><\/a> <\/span><\/h2>\n<h2><span style=\"color: #000080;\">DON CESARE, IL PENSIERO DEL GIORNO. ALLA RADIO ALLE 7 DEL MATTINO E ALLE 19.30 DELLA SERA.\u00a0\u00a0<\/span><\/h2>\n<\/div>\n<p>&nbsp;<\/p>\n<p>&nbsp;<\/p>\n<p>&nbsp;<\/p>\n<audio class=\"wp-audio-shortcode\" id=\"audio-172151-15\" preload=\"none\" style=\"width: 100%;\" controls=\"controls\"><source type=\"audio\/mpeg\" src=\"https:\/\/www.radiopiu.net\/wordpress\/wp-content\/uploads\/2020\/11\/CESARE-9.mp3?_=15\" \/><a href=\"https:\/\/www.radiopiu.net\/wordpress\/wp-content\/uploads\/2020\/11\/CESARE-9.mp3\">https:\/\/www.radiopiu.net\/wordpress\/wp-content\/uploads\/2020\/11\/CESARE-9.mp3<\/a><\/audio>\n<p>&nbsp;<\/p>\n<hr \/>\n<p>&nbsp;<\/p>\n<div>\n<p><a class=\"dt-pswp-item\" href=\"https:\/\/www.radiopiu.net\/wordpress\/wp-content\/uploads\/2018\/09\/viabilita.jpeg\" data-dt-img-description=\"\" data-large_image_width=\"800\" data-large_image_height=\"100\"><img loading=\"lazy\" decoding=\"async\" class=\"aligncenter wp-image-61954 size-full\" src=\"https:\/\/www.radiopiu.net\/wordpress\/wp-content\/uploads\/2018\/09\/viabilita.jpeg\" alt=\"\" width=\"800\" height=\"100\" srcset=\"https:\/\/www.radiopiu.net\/wordpress\/wp-content\/uploads\/2018\/09\/viabilita.jpeg 800w, https:\/\/www.radiopiu.net\/wordpress\/wp-content\/uploads\/2018\/09\/viabilita-300x38.jpeg 300w, https:\/\/www.radiopiu.net\/wordpress\/wp-content\/uploads\/2018\/09\/viabilita-768x96.jpeg 768w\" sizes=\"auto, (max-width: 800px) 100vw, 800px\" \/><\/a><\/p>\n<\/div>\n<p>&nbsp;<\/p>\n<p><strong>PROVINCIALE 28 DELLE COSTE D&#8217;ALPAGO<\/strong> chiusura totale al transito dalle 8 alle 17 dal 16 al 21 novembre in localit\u00e0 Roncazza di Tambre per taglio ed esbosco piante<\/p>\n<p><strong>PROVINCIALE 346 SAN PELLEGRINO_CANALE D&#8217;AGORDO <\/strong>Dal 9 all&#8217;11 novembre senso unico alternato tra Canale d&#8217;Agordo e Vallada.<\/p>\n<p><strong>PROVINCIALE 25 PASSO VALLES_CAVERSON<\/strong>\u00a0 INTERRUZIONI fino a 15 minuti dalle 7.30 alle 12 e dalle 13 alle 17, dal 9 al 20 novembre. Inoltre senso unico alternato regolato da movieri o semaforo per manutenzione sovrapasso pista da sci<\/p>\n<p><strong>REGIONALE 203 AGORDINA COLLAZ-LIVINALLONGO<\/strong>\u00a0 fino al 4 dicembre (sabato e festivi esclusi) senso unico alternato per singoli tratti di 150 metri<\/p>\n<p><strong>SR 203 AGORDINA<\/strong> fino al 20 novembre, brevi interruzioni al traffico di massimo 15 minuti in localit\u00e0 Collaz di Livinallongo dalle 7:30 alle 17:30 per taglio ed esbosco alberi a monte della strada<\/p>\n<p><strong>SP 13 VAL VANES<\/strong> senso unico alternato regolato da semaforo o movieri in localit\u00e0 Al Cristo di Santa Giustina per posa fibre ottiche<\/p>\n<p><strong>SR 203 AGORDINA<\/strong>\u00a0fino al 30 novembre, compresi sabato e domenica, \u00a0senso unico alternato regolato da semaforo in localit\u00e0 Sopra Sac di Alleghe per allestimento opere di difesa valanghiva<\/p>\n<p><strong>SP\u00a0423 LAGO DI SANTA CROCE_POIATTE_ALPAGO <\/strong>Fino al 12 dicembre (esclusi festivi e prefestivi) senso unico alternato con movieri o semaforo per esecuzione paramassi a monte della strada<\/p>\n<p><strong>SR 473 DI CROCE D&#8217;AUNE\u00a0 <\/strong>fino \u00a0al 20 novembre, dalle 7:30 alle 17 esclusi sabati e domeniche, senso unico alternato regolato da semaforo in localit\u00e0 Croce D&#8217;Aune di Pedavena per ripristino impianto di illuminazione pubblica<\/p>\n<p><strong>SR 203 , localit\u00e0 VIGNOLE<\/strong>\u00a0 fino al 13 novembre senso unico dalle 7.30 alle 8.30 e dalle 16 alle 17 con moviere, dalle 8.30 alle 16 con semaforo<\/p>\n<p><strong>SR 50 SCALE DI PRIMOLANO<\/strong> fino al 18 novembre, dalle 8 alle 12 e dalle 13 alle 18 esclusi sabato e domenica, senso unico alternato regolato da movieri per ripristino piano viabile su cavidotto e-distribuzione<\/p>\n<p><strong>SP 422 DELL&#8217;ALPAGO E DEL CANSIGLIO\u00a0<\/strong>fino al 30 novembre, esclusi sabato e domenica, senso unico alternato regolato da movieri tra Puos e Cornei per posa fibre ottiche<\/p>\n<p><strong>SR 48 DELLE DOLOMITI<\/strong>\u00a0fino al 30 novembre senso unico alternato regolato da impianto semaforico tra Arabba e Cernadoi per consolidamento ciglio stradale e sostituzione barriere di sicurezza<\/p>\n<p><strong>SR 48 DELLE DOLOMITI\u00a0<\/strong>tra i comuni di Livinallongo Del Col Di Lana e Cortina, senso unico alternato regolato da movieri fino\u00a0 al 20 novembre, sabato e domenica compresi, \u00a0per collegamento elettrodotto interrato e-distribuzione<\/p>\n<p><strong>PROVINCIALE 251\u00a0<\/strong> COLLE SANTA LUCIA Fino al 28 novembre senso unico (per asfaltature) compresi sabato e domenica (stessa situazione lungo la 203 agordina in localit\u00e0 Rucav\u00e0)<\/p>\n<p><strong>SP 3 DELLA VAL IMPERINA<\/strong> fino a revoca, senso unico alternato regolato a vista in localit\u00e0 Gona di Conedera di Rivamonte per cedimento della carreggiata stradale<\/p>\n<p><strong>SP 49 DI MISURINA <\/strong>fino al\u00a020 novembre, senso unico alternato regolato da impianto semaforico tra Misurina e il confine con la provincia di Bolzano per posa elettrodotto interrato<\/p>\n<p><strong>REGIONALE 203 AGORDINA<\/strong>\u00a0 Fino\u00a0 al 18 dicembre (esclusi festivi e prefestivi) senso unico alternato tra Peron e Candaten con movieri dalle 7.30 alle 9 e dalle 16.30 alle 18. Con semaforo negli altri orari<\/p>\n<p><strong>REGIONALE 203 AGORDINA<\/strong> Fino al 30 novembre (sabato e domenica esclusi) tra Candaten e La Stanga dalle 7.30 alle 9 e dalle 16.30 alle 18 con movieri e negli altri orari con semaforo, senso unico alternato.<\/p>\n<div>\n<p>&nbsp;<\/p>\n<hr \/>\n<p>&nbsp;<\/p>\n<p class=\"photoswipe-wrapper\"><a class=\"dt-pswp-item pspw-wrap-ready\" href=\"https:\/\/i0.wp.com\/www.radiopiu.net\/wordpress\/wp-content\/uploads\/2018\/09\/WhatsApp-Image-2018-09-20-at-16.04.06.jpeg?ssl=1\" data-dt-img-description=\"\" data-large_image_width=\"800\" data-large_image_height=\"100\"><img loading=\"lazy\" decoding=\"async\" class=\"aligncenter wp-image-61378 size-full jetpack-lazy-image jetpack-lazy-image--handled\" src=\"https:\/\/i0.wp.com\/www.radiopiu.net\/wordpress\/wp-content\/uploads\/2018\/09\/WhatsApp-Image-2018-09-20-at-16.04.06.jpeg?resize=800%2C100&amp;ssl=1\" sizes=\"auto, (max-width: 800px) 100vw, 800px\" srcset=\"https:\/\/i0.wp.com\/www.radiopiu.net\/wordpress\/wp-content\/uploads\/2018\/09\/WhatsApp-Image-2018-09-20-at-16.04.06.jpeg?w=800&amp;ssl=1 800w, https:\/\/i0.wp.com\/www.radiopiu.net\/wordpress\/wp-content\/uploads\/2018\/09\/WhatsApp-Image-2018-09-20-at-16.04.06.jpeg?resize=300%2C38&amp;ssl=1 300w, https:\/\/i0.wp.com\/www.radiopiu.net\/wordpress\/wp-content\/uploads\/2018\/09\/WhatsApp-Image-2018-09-20-at-16.04.06.jpeg?resize=768%2C96&amp;ssl=1 768w\" alt=\"\" width=\"800\" height=\"100\" data-lazy-loaded=\"1\" \/><\/a><\/p>\n<\/div>\n<p>&nbsp;<\/p>\n<p><center><b>Venerdi 13<\/b><\/center><b>Tempo atteso:\u00a0<\/b>Sulle Dolomiti tempo ben soleggiato con cielo sereno e arrivo di nubi alte in serata. Aria limpida e ottima visibilit\u00e0, specie in quota. Sulle Prealpi, stessa situazione iniziale, eccetto locali nebbie mattutine nelle conche, prima della comparsa di nubi basse pomeridiane, pi\u00f9 estese dopo il tramonto. La notte sar\u00e0 pi\u00f9 fredda nelle valli, mentre il divario termico diurno sar\u00e0 forte tra i settori soleggiati e quelli interessati da eventuali nubi basse.<br \/>\n<b>Precipitazioni:\u00a0<\/b>Assenti (0%).<br \/>\n<b>Temperature:\u00a0<\/b>Minime in rialzo in quota e in diminuzione nelle valli, dove si osserver\u00e0 una lieve inversione termica; massime in generale lieve aumento, circa 1\/2\u00b0C in pi\u00f9 rispetto a gioved\u00ec, eccetto eventuale calo nei settori in ombra e quelli interessati da nubi basse. Sono previste punte di 11\/12\u00b0C nei fondovalle Prealpini e 8\/11\u00b0C a 1000\/1200 m, assai meno nei settori in ombra e in caso di comparsa nubi basse. Su Prealpi a 1500 m min 5\u00b0C max 7\u00b0C, a 2000 m min 3\u00b0C max 5\u00b0C. Su Dolomiti a 2000 m min 2\u00b0C max 5\u00b0C, a 3000 m min -3\u00b0C max -1\u00b0C.<br \/>\n<b>Venti:\u00a0<\/b>Nelle valli generalmente deboli per brezze, a tratti e localmente moderati; in quota deboli\/moderati da ovest nord-ovest, a 5-10 km\/h a 2000 m e 10\/20 km\/h a 3000 m.<\/p>\n<hr \/>\n<p><center><b>Sabato 14<\/b><\/center><b>Tempo atteso:\u00a0<\/b>Al mattino sulle Dolomiti nubi alte, in diradamento con successivo ritorno del sole in un cielo sempre pi\u00f9 sereno. Sulle Prealpi e la pedemontana la situazione sar\u00e0 diversa per presenza di nubi basse\/nebbie, in queste condizioni il soleggiamento dipender\u00e0 dal dissolversi o meno delle suddette, su alcuni settori la copertura nuvolosa potr\u00e0 essere persistente. Forte contrato termico, sia notturno che diurno, tra i settori interessati da nubi basse e quelli no.<br \/>\n<b>Precipitazioni:\u00a0<\/b>Assenti (0%).<br \/>\n<b>Temperature:\u00a0<\/b>Minime in lieve aumento, pi\u00f9 marcato in caso di nubi basse; massime senza notevoli variazioni eccetto calo delle suddette in caso di forte riduzione del soleggiamento per nubi basse. Su Prealpi a 1500 m min 6\u00b0C max 8\u00b0C, a 2000 m min 4\u00b0C max 6\u00b0C. Su Dolomiti a 2000 m min 3\u00b0C max 6\u00b0C, a 3000 m min -2\u00b0C max -1\u00b0C.<br \/>\n<b>Venti:\u00a0<\/b>Nelle valli generalmente deboli per brezze, a tratti e localmente moderati; in quota deboli\/moderati da sud-ovest al mattino e da nord-ovest al pomeriggio, a 5-10 km\/h a 2000 m e 10\/20 km\/h a 3000 m.<\/p>\n<hr \/>\n<p><center><b>Domenica 15<\/b><\/center>Sulle Dolomiti sole e cielo sereno con aria limpida al mattino e velature del cielo al pomeriggio. Su Prealpi e pedemontana nubi basse e, nell&#8217;ipotesi del dissiparsi della suddetta copertura, eventuali tratti soleggiati; dissolvimento pi\u00f9 probabile in quota e un po&#8217; meno nelle conche. Temperature in generale lieve aumento, eccetto diminuzione delle massime nei settori interessati dalle nubi basse di giorno. Venti deboli di direzione variabile nelle valli e deboli\/moderati da sud-ovest in quota.<\/p>\n<hr \/>\n<p><center><b>Lunedi 16<\/b><\/center>Peggioramento del tempo con aumento della nuvolosit\u00e0 stratiforme fino a cielo coperto, associato a deboli precipitazioni tra met\u00e0 mattinata e prima parte del pomeriggio, nevose oltre i 1500\/1600 m sulle Dolomiti e 1600\/1800 m sulle Prealpi. Nel corso del pomeriggio rapido miglioramento a partire dalle Dolomiti. Temperature in diminuzione con minime osservate alla sera. Venti deboli di direzione variabile nelle valli, eccetto episodi di Foehn serale; moderati da sud-ovest al mattino, diventando tesi da nord nel pomeriggio\/sera in quota. Previsore: R.L.Th.<\/p>\n","protected":false},"excerpt":{"rendered":"<p>PER RICEVERE QUESTO NOTIZIARIO DIRETTAMENTE SUL TUO CELLULARE ISCRIVITI AL CANALE TELEGRAM \u201cRADIO PIU\u00a0 INFORMAZIONE&#8221; ATTENZIONE: LA NUOVA APP PER IOS-IPHONE https:\/\/apps.apple.com\/it\/app\/radio-pi%C3%B9-emittente-agordina\/id1515939845 ATTENZIONE: LA NUOVA APP RADIO\u00a0 PER ANDROID https:\/\/play.google.com\/store\/apps\/details?id=net.radiopiu.iniko\u00a0\u00a0 &nbsp; di John Francis Della Pietra: Una luce s&#8217;accende laggi\u00f9 nell&#8217;ombra&#8230; &nbsp; &nbsp; L&#8217;AUTOCERTIFICAZIONE PER SCARICARE L&#8217;AUTOCERTIFICAZIONE CLICCA QUI &nbsp; COL DI FOGLIA&#8230; IERI LAVORI&hellip;<\/p>\n","protected":false},"author":4,"featured_media":172324,"comment_status":"closed","ping_status":"closed","sticky":false,"template":"","format":"standard","meta":{"_monsterinsights_skip_tracking":false,"_monsterinsights_sitenote_active":false,"_monsterinsights_sitenote_note":"","_monsterinsights_sitenote_category":0,"footnotes":""},"categories":[1,51,86,49],"tags":[],"class_list":["post-172151","post","type-post","status-publish","format-standard","has-post-thumbnail","hentry","category-senza-categoria","category-evidenza-top","category-gr","category-news-18","category-1","category-51","category-86","category-49","description-off"],"img_url":"https:\/\/www.radiopiu.net\/wordpress\/wp-content\/uploads\/2020\/11\/05f856a5-3044-43ba-b3f1-90d8debb715a-5.jpg","_links":{"self":[{"href":"https:\/\/www.radiopiu.net\/wordpress\/wp-json\/wp\/v2\/posts\/172151","targetHints":{"allow":["GET"]}}],"collection":[{"href":"https:\/\/www.radiopiu.net\/wordpress\/wp-json\/wp\/v2\/posts"}],"about":[{"href":"https:\/\/www.radiopiu.net\/wordpress\/wp-json\/wp\/v2\/types\/post"}],"author":[{"embeddable":true,"href":"https:\/\/www.radiopiu.net\/wordpress\/wp-json\/wp\/v2\/users\/4"}],"replies":[{"embeddable":true,"href":"https:\/\/www.radiopiu.net\/wordpress\/wp-json\/wp\/v2\/comments?post=172151"}],"version-history":[{"count":0,"href":"https:\/\/www.radiopiu.net\/wordpress\/wp-json\/wp\/v2\/posts\/172151\/revisions"}],"wp:featuredmedia":[{"embeddable":true,"href":"https:\/\/www.radiopiu.net\/wordpress\/wp-json\/wp\/v2\/media\/172324"}],"wp:attachment":[{"href":"https:\/\/www.radiopiu.net\/wordpress\/wp-json\/wp\/v2\/media?parent=172151"}],"wp:term":[{"taxonomy":"category","embeddable":true,"href":"https:\/\/www.radiopiu.net\/wordpress\/wp-json\/wp\/v2\/categories?post=172151"},{"taxonomy":"post_tag","embeddable":true,"href":"https:\/\/www.radiopiu.net\/wordpress\/wp-json\/wp\/v2\/tags?post=172151"}],"curies":[{"name":"wp","href":"https:\/\/api.w.org\/{rel}","templated":true}]}}