{"id":172190,"date":"2020-11-13T05:30:38","date_gmt":"2020-11-13T04:30:38","guid":{"rendered":"https:\/\/www.radiopiu.net\/wordpress\/?p=172190"},"modified":"2020-11-13T06:07:45","modified_gmt":"2020-11-13T05:07:45","slug":"dillo-a-radio-piu-lo-sfogo-di-stefano-murer-croce-verde-val-biois","status":"publish","type":"post","link":"https:\/\/www.radiopiu.net\/wordpress\/dillo-a-radio-piu-lo-sfogo-di-stefano-murer-croce-verde-val-biois\/","title":{"rendered":"DILLO A RADIO PIU&#8217;&#8230;LO SFOGO DI STEFANO MURER, PRESIDENTE DELLA CROCE VERDE VAL BIOIS"},"content":{"rendered":"<p><strong><a href=\"https:\/\/www.radiopiu.net\/wordpress\/lassessore-gianpaolo-bottacin-ribatte-alle-accuse-del-presidente-della-croce-verde-val-biois-stefano-murer\/croce-verde-val-biois-2\/\" rel=\"attachment wp-att-153811\"><img loading=\"lazy\" decoding=\"async\" class=\"size-medium wp-image-153811 alignleft\" src=\"https:\/\/www.radiopiu.net\/wordpress\/wp-content\/uploads\/2020\/08\/CROCE-VERDE-VAL-BIOIS-300x225.jpg\" alt=\"\" width=\"300\" height=\"225\" srcset=\"https:\/\/www.radiopiu.net\/wordpress\/wp-content\/uploads\/2020\/08\/CROCE-VERDE-VAL-BIOIS-300x225.jpg 300w, https:\/\/www.radiopiu.net\/wordpress\/wp-content\/uploads\/2020\/08\/CROCE-VERDE-VAL-BIOIS-1024x768.jpg 1024w, https:\/\/www.radiopiu.net\/wordpress\/wp-content\/uploads\/2020\/08\/CROCE-VERDE-VAL-BIOIS-768x576.jpg 768w, https:\/\/www.radiopiu.net\/wordpress\/wp-content\/uploads\/2020\/08\/CROCE-VERDE-VAL-BIOIS-1536x1153.jpg 1536w, https:\/\/www.radiopiu.net\/wordpress\/wp-content\/uploads\/2020\/08\/CROCE-VERDE-VAL-BIOIS.jpg 1599w\" sizes=\"auto, (max-width: 300px) 100vw, 300px\" \/><\/a>RADIO PIU&#8217; <\/strong>Riceviamo e pubblichiamo una lettera arrivata in redazione a firma di Stefano Murer Presidente della Croce Verde Val Biois<\/p>\n<blockquote>\n<div>Recentemente ho avuto la sfortuna di trasportare un paziente positivo\u00a0al SARS-COV2. Seppur affrontato il soccorso con le dovute cautele, che la situazione contingente ci impone, rimane sempre latente un sentimento di preoccupazione \/ smarrimento \/ angoscia non tanto per noi ma per chi ci circonda, per i nostri familiari, amici compagni di lavoro o di passione. Dover comunque trascorrere la normale attivit\u00e0 come se nulla fosse accaduto \u00e8 difficile, non abbiamo normative che ci tutelano, siamo volontari che dedicano, chi pi\u00f9 chi meno, il loro tempo per il territorio, perch\u00e9 possa avere le stesse garanzie di servizio, o perlomeno avvicinarsi a ci\u00f2, dei territori in cui il servizio \u00e8 reso (territorio nei pressi dell&#8217;ospedale nel nostro caso).\u00a0Leggere che con enfasi si \u00e8 provveduto ad adeguare la normativa a protezione del Soccorso Alpino (giusto e doveroso) e che per le associazioni di volontariato come quella che rappresento esistano solo doveri: adeguare lo statuto per nuove disposizioni normative, doversi associare ad una rete nazionale per poter svolgere il nostro servizio, che ci tocca pagare ma nulla abbiamo in cambio (ANPAS), dover fare i rendiconti dettagliati altrimenti non ci viene riconosciuto il lavoro che svolgiamo ecc. e nessuna normativa a nostra tutela o ci sostenga tranne che quelle messe a disposizione della nostra stessa associazione, e come ciliegina sulla torta nemmeno la popolazione dei territori, in cui garantiamo il servizio, non ci sostiene in quanto nemmeno un terzo della popolazione dei Comuni della Valle del Biois sostiene con il tesseramento la Croce Verde Val Biois.\u00a0Tutto ci\u00f2 premesso mi chiedo per chi lo faccio, ne vale la pena, il mio \u00e8 senso civico o stupidit\u00e0?\u00a0Scusate lo sfogo<\/div>\n<\/blockquote>\n","protected":false},"excerpt":{"rendered":"<p>RADIO PIU&#8217; Riceviamo e pubblichiamo una lettera arrivata in redazione a firma di Stefano Murer Presidente della Croce Verde Val Biois Recentemente ho avuto la sfortuna di trasportare un paziente positivo\u00a0al SARS-COV2. Seppur affrontato il soccorso con le dovute cautele, che la situazione contingente ci impone, rimane sempre latente un sentimento di preoccupazione \/ smarrimento&hellip;<\/p>\n","protected":false},"author":4,"featured_media":153811,"comment_status":"closed","ping_status":"closed","sticky":false,"template":"","format":"standard","meta":{"_monsterinsights_skip_tracking":false,"_monsterinsights_sitenote_active":false,"_monsterinsights_sitenote_note":"","_monsterinsights_sitenote_category":0,"footnotes":""},"categories":[51,104,49],"tags":[],"class_list":["post-172190","post","type-post","status-publish","format-standard","has-post-thumbnail","hentry","category-evidenza-top","category-evidenza_3","category-news-18","category-51","category-104","category-49","description-off"],"img_url":"https:\/\/www.radiopiu.net\/wordpress\/wp-content\/uploads\/2020\/08\/CROCE-VERDE-VAL-BIOIS.jpg","_links":{"self":[{"href":"https:\/\/www.radiopiu.net\/wordpress\/wp-json\/wp\/v2\/posts\/172190","targetHints":{"allow":["GET"]}}],"collection":[{"href":"https:\/\/www.radiopiu.net\/wordpress\/wp-json\/wp\/v2\/posts"}],"about":[{"href":"https:\/\/www.radiopiu.net\/wordpress\/wp-json\/wp\/v2\/types\/post"}],"author":[{"embeddable":true,"href":"https:\/\/www.radiopiu.net\/wordpress\/wp-json\/wp\/v2\/users\/4"}],"replies":[{"embeddable":true,"href":"https:\/\/www.radiopiu.net\/wordpress\/wp-json\/wp\/v2\/comments?post=172190"}],"version-history":[{"count":0,"href":"https:\/\/www.radiopiu.net\/wordpress\/wp-json\/wp\/v2\/posts\/172190\/revisions"}],"wp:featuredmedia":[{"embeddable":true,"href":"https:\/\/www.radiopiu.net\/wordpress\/wp-json\/wp\/v2\/media\/153811"}],"wp:attachment":[{"href":"https:\/\/www.radiopiu.net\/wordpress\/wp-json\/wp\/v2\/media?parent=172190"}],"wp:term":[{"taxonomy":"category","embeddable":true,"href":"https:\/\/www.radiopiu.net\/wordpress\/wp-json\/wp\/v2\/categories?post=172190"},{"taxonomy":"post_tag","embeddable":true,"href":"https:\/\/www.radiopiu.net\/wordpress\/wp-json\/wp\/v2\/tags?post=172190"}],"curies":[{"name":"wp","href":"https:\/\/api.w.org\/{rel}","templated":true}]}}