{"id":172251,"date":"2020-11-13T05:34:48","date_gmt":"2020-11-13T04:34:48","guid":{"rendered":"https:\/\/www.radiopiu.net\/wordpress\/?p=172251"},"modified":"2020-11-13T05:51:30","modified_gmt":"2020-11-13T04:51:30","slug":"tre-decessi-in-24-ore-325-positivi-134-i-pazienti-ricoverati","status":"publish","type":"post","link":"https:\/\/www.radiopiu.net\/wordpress\/tre-decessi-in-24-ore-325-positivi-134-i-pazienti-ricoverati\/","title":{"rendered":"TRE DECESSI IN 24 ORE, 325 POSITIVI, 134 I PAZIENTI RICOVERATI"},"content":{"rendered":"<p><strong>BELLUNO<\/strong> Nelle ultime 24 ore sono decedute3 persone covid positive: una donna di 67 anni ricoverata alla Pneumologia Covid di Feltre, un uomo di 90 anni ricoverato in Geriatria covid a Belluno, una donna di 70 anni ricoverata in Malattie Infettive a Belluno.<\/p>\n<p><strong>POSITIVI OGGI: 324\u00a0<\/strong><\/p>\n<p><strong>OSPEDALE:\u00a0 SAN MARTINO BELLUNO 62, IN TERAPIA INTENSIVA 6; FELTRE 27 IN TERAPIA INTENSIVA 2. OSPEDALI DI COMUNITA&#8217;: ALANO 5, FELTRE 11, AGORDO 12, AURONZO 9.\u00a0<\/strong><\/p>\n<p><strong>IN PROVINCIA<\/strong> POSITIVI DEL 21 FEBBRAIO\u00a0 <span style=\"color: #0000ff;\">5484 (324)<\/span>\u00a0 \u00a0ATTUALMENTE POSITIVI <span style=\"color: #0000ff;\">3330 (+268)<\/span>\u00a0DECEDUTI DAL 21 FEBBRAIO <span style=\"color: #0000ff;\">181 (+5)<\/span>\u00a0 \u00a0NEGATIVIZZATI <span style=\"color: #0000ff;\">1973 (+72)\u00a0 <span style=\"color: #000000;\">\u00a0<\/span><\/span><\/p>\n<p>&nbsp;<\/p>\n<hr \/>\n<p align=\"CENTER\"><span style=\"font-family: Arial, serif;\"><span style=\"font-size: medium;\"><b>NUOVA PEDIATRA DI LIBERA SCELTA IN SERVIZIO DA LUNEDI NEL BELLUNESE\u00a0<\/b><\/span><\/span><\/p>\n<p align=\"JUSTIFY\"><span style=\"font-size: medium;\"><span style=\"font-family: Calibri, serif;\"><span style=\"font-size: large;\"><b>Belluno<\/b><\/span><\/span><span style=\"font-family: Calibri, serif;\"><span style=\"font-size: large;\">. <\/span><\/span><span style=\"font-family: Calibri, serif;\">Da luned\u00ec\u00a0 <\/span><span style=\"font-family: Calibri, serif;\">la dr.ssa Lucia Tessarotto, inizier\u00e0 l\u2019attivit\u00e0 di Pediatra di Libera Scelta con<\/span> <span style=\"font-family: Calibri, serif;\">incarico definitivo nell\u2019ambito territoriale dei comuni di Belluno, Limana, Ponte nelle Alpi,<\/span> <span style=\"font-family: Calibri, serif;\">Soverzene, Longarone, Ospitale di Cadore, Val di zoldo, Zoppe\u2019 di Cadore, Chies d\u2019Alpago e<\/span> <span style=\"font-family: Calibri, serif;\">Tambre. <\/span><\/span><span style=\"font-size: medium;\"><span style=\"font-family: Calibri, serif;\">I bambini, la cui assistenza \u00e8 stata garantita temporaneamente dal dr Gianpaolo Risdonne verranno assegnati d\u2019ufficio alla dr.ssa Tessarotto (salvo diversa scelta effettuata nel frattempo). <\/span><\/span><span style=\"font-size: medium;\"><span style=\"font-family: Calibri, serif;\">Per fissare un appuntamento con la dr.ssa Tessarotto : tel. <\/span><span style=\"font-family: Calibri, serif;\">351 0595936 <\/span><\/span><span style=\"font-size: medium;\"><span style=\"font-family: Calibri, serif;\">Resta comunque ferma la possibilit\u00e0 di effettuare una scelta diversa tra uno dei pediatri con disponibilit\u00e0 di posti. Per qualsiasi informazione \u00e8 possibile contattare il seguente numero telefonico: 0437.516757 (dal lunedi al venerdi dalle ore 8.00 alle ore 12.30).<\/span><\/span><\/p>\n<p>&nbsp;<\/p>\n<hr \/>\n<p align=\"CENTER\"><span style=\"font-size: large;\"><b>USCITA DALL&#8217;ISOLAMENTO E DALLA QUARANTENA<\/b><\/span><\/p>\n<ul>\n<li>\n<p align=\"JUSTIFY\"><span style=\"font-size: medium;\"><b>i soggetti Covid positivi<\/b><\/span><span style=\"font-size: medium;\"> escono dall&#8217;isolamento (della durata minima di 10 giorni), se asintomatici, dal momento in cui ricevono il referto NEGATIVO del tampone molecolare per SARS-CoV-2 (la comunicazione ufficiale da parte del Dipartimento di Prevenzione giunge solitamente 2-3 giorni dopo, formalizzando l&#8217;uscita gi\u00e0 avvenuta);<\/span><\/p>\n<\/li>\n<li>\n<p align=\"JUSTIFY\"><span style=\"font-size: medium;\"><b>i contatti di caso rimasti Covid negativi e asintomatici<\/b><\/span><span style=\"font-size: medium;\"> escono dalla quarantena a seguito di negativit\u00e0 del tampone rapido eseguito al decimo giorno di quarantena. A questi soggetti il Dipartimento di Prevenzione di regola non invia comunicazione formale.<\/span><\/p>\n<\/li>\n<\/ul>\n<hr \/>\n<p>&nbsp;<\/p>\n<blockquote class=\"wp-embedded-content\" data-secret=\"h0qY36EUri\"><p><a href=\"https:\/\/www.radiopiu.net\/wordpress\/covid-faq-ma-diciamolo-in-italiano-domande-poste-frequentemente\/\">COVID: FAQ&#8230;MA DICIAMOLO IN ITALIANO &#8220;DOMANDE POSTE FREQUENTEMENTE&#8221;<\/a><\/p><\/blockquote>\n<p><iframe loading=\"lazy\" class=\"wp-embedded-content\" sandbox=\"allow-scripts\" security=\"restricted\" style=\"position: absolute; clip: rect(1px, 1px, 1px, 1px);\" title=\"&#8220;COVID: FAQ&#8230;MA DICIAMOLO IN ITALIANO &#8220;DOMANDE POSTE FREQUENTEMENTE&#8221;&#8221; &#8212; Radio Pi\u00f9\" src=\"https:\/\/www.radiopiu.net\/wordpress\/covid-faq-ma-diciamolo-in-italiano-domande-poste-frequentemente\/embed\/#?secret=h0qY36EUri\" data-secret=\"h0qY36EUri\" width=\"600\" height=\"338\" frameborder=\"0\" marginwidth=\"0\" marginheight=\"0\" scrolling=\"no\"><\/iframe><\/p>\n<p>&nbsp;<\/p>\n","protected":false},"excerpt":{"rendered":"<p>BELLUNO Nelle ultime 24 ore sono decedute3 persone covid positive: una donna di 67 anni ricoverata alla Pneumologia Covid di Feltre, un uomo di 90 anni ricoverato in Geriatria covid a Belluno, una donna di 70 anni ricoverata in Malattie Infettive a Belluno. POSITIVI OGGI: 324\u00a0 OSPEDALE:\u00a0 SAN MARTINO BELLUNO 62, IN TERAPIA INTENSIVA 6;&hellip;<\/p>\n","protected":false},"author":4,"featured_media":121260,"comment_status":"closed","ping_status":"closed","sticky":false,"template":"","format":"standard","meta":{"_monsterinsights_skip_tracking":false,"_monsterinsights_sitenote_active":false,"_monsterinsights_sitenote_note":"","_monsterinsights_sitenote_category":0,"footnotes":""},"categories":[51,49],"tags":[],"class_list":["post-172251","post","type-post","status-publish","format-standard","has-post-thumbnail","hentry","category-evidenza-top","category-news-18","category-51","category-49","description-off"],"img_url":"https:\/\/www.radiopiu.net\/wordpress\/wp-content\/uploads\/2020\/03\/covid-ulss.jpg","_links":{"self":[{"href":"https:\/\/www.radiopiu.net\/wordpress\/wp-json\/wp\/v2\/posts\/172251","targetHints":{"allow":["GET"]}}],"collection":[{"href":"https:\/\/www.radiopiu.net\/wordpress\/wp-json\/wp\/v2\/posts"}],"about":[{"href":"https:\/\/www.radiopiu.net\/wordpress\/wp-json\/wp\/v2\/types\/post"}],"author":[{"embeddable":true,"href":"https:\/\/www.radiopiu.net\/wordpress\/wp-json\/wp\/v2\/users\/4"}],"replies":[{"embeddable":true,"href":"https:\/\/www.radiopiu.net\/wordpress\/wp-json\/wp\/v2\/comments?post=172251"}],"version-history":[{"count":0,"href":"https:\/\/www.radiopiu.net\/wordpress\/wp-json\/wp\/v2\/posts\/172251\/revisions"}],"wp:featuredmedia":[{"embeddable":true,"href":"https:\/\/www.radiopiu.net\/wordpress\/wp-json\/wp\/v2\/media\/121260"}],"wp:attachment":[{"href":"https:\/\/www.radiopiu.net\/wordpress\/wp-json\/wp\/v2\/media?parent=172251"}],"wp:term":[{"taxonomy":"category","embeddable":true,"href":"https:\/\/www.radiopiu.net\/wordpress\/wp-json\/wp\/v2\/categories?post=172251"},{"taxonomy":"post_tag","embeddable":true,"href":"https:\/\/www.radiopiu.net\/wordpress\/wp-json\/wp\/v2\/tags?post=172251"}],"curies":[{"name":"wp","href":"https:\/\/api.w.org\/{rel}","templated":true}]}}