{"id":172258,"date":"2020-11-13T05:22:51","date_gmt":"2020-11-13T04:22:51","guid":{"rendered":"https:\/\/www.radiopiu.net\/wordpress\/?p=172258"},"modified":"2020-11-13T06:09:15","modified_gmt":"2020-11-13T05:09:15","slug":"acc-illustrato-il-nuovo-piano-industriale-concreto-dal-prossimo-luglio","status":"publish","type":"post","link":"https:\/\/www.radiopiu.net\/wordpress\/acc-illustrato-il-nuovo-piano-industriale-concreto-dal-prossimo-luglio\/","title":{"rendered":"ACC: ILLUSTRATO IL NUOVO PIANO INDUSTRIALE CONCRETO DAL PROSSIMO LUGLIO."},"content":{"rendered":"<blockquote>\n<h3><em>PREVISTA UNA STRUTTURA SOCIETARIA A MAGGIORANZA PUBBLICA\u00a0\u00a0<\/em><\/h3>\n<\/blockquote>\n<p><strong><a href=\"https:\/\/www.radiopiu.net\/wordpress\/il-ritorno-al-lavoro-dei-licenzati-dai-cinesi\/acc-mel\/\" rel=\"attachment wp-att-145345\"><img loading=\"lazy\" decoding=\"async\" class=\"size-medium wp-image-145345 alignleft\" src=\"https:\/\/www.radiopiu.net\/wordpress\/wp-content\/uploads\/2020\/06\/ACC-MEL-300x300.png\" alt=\"\" width=\"300\" height=\"300\" srcset=\"https:\/\/www.radiopiu.net\/wordpress\/wp-content\/uploads\/2020\/06\/ACC-MEL-300x300.png 300w, https:\/\/www.radiopiu.net\/wordpress\/wp-content\/uploads\/2020\/06\/ACC-MEL-150x150.png 150w, https:\/\/www.radiopiu.net\/wordpress\/wp-content\/uploads\/2020\/06\/ACC-MEL-768x768.png 768w, https:\/\/www.radiopiu.net\/wordpress\/wp-content\/uploads\/2020\/06\/ACC-MEL.png 796w\" sizes=\"auto, (max-width: 300px) 100vw, 300px\" \/><\/a>BORGO VALBELLUNA<\/strong> Si \u00e8 tenuto l&#8217;incontro organizzato dal Mise tra il Commissario straordinario, le regioni, gli enti locali e le organizzazioni sindacali nazionali e territoriali. Il Commissario straordinario Maurizio Castro ha illustrato il nuovo piano industriale della Newco, Italcomp, che nascer\u00e0 a luglio, con una struttura societaria a maggioranza pubblica e che si inserir\u00e0 nel mercato dei compressori, dei motori per compressori e dei motori per gli elettrodomestici.<em> &#8220;Come Fiom &#8211; dice Stefano Bona &#8211;\u00a0 riteniamo molto positivo questo percorso, un nuovo percorso della politica che si occupa finalmente anche delle questioni industriali e ci teniamo a ricordare che se oggi possiamo discutere di questo progetto \u00e8 s\u00ec grazie all&#8217;impegno del ministero e al lavoro del Commissario straordinario ma tutto ci\u00f2 \u00e8 stato possibile soprattutto grazie alla tenacia dei lavoratori delle due fabbriche, di Mel e di Riva di Chieri, che non hanno mai mollato, tenendo in tutto questo tempo le fabbriche aperte e che ringraziamo prima di chiunque altro&#8221;.<\/em> Per quanto riguarda la struttura societaria i sindacati credono sia importante e fondamentale che emerga un impegno fattivo da parte delle Regioni, affinch\u00e9 la nuova societ\u00e0 che andiamo a costituire abbia un controllo pubblico, <a href=\"https:\/\/www.radiopiu.net\/wordpress\/giornale-radiopiu-13-novembre-2020-direttore-mirko-mezzacasa\/download-1000\/\" rel=\"attachment wp-att-172257\"><img loading=\"lazy\" decoding=\"async\" class=\"size-full wp-image-172257 alignright\" src=\"https:\/\/www.radiopiu.net\/wordpress\/wp-content\/uploads\/2020\/11\/download-12.jpg\" alt=\"\" width=\"259\" height=\"194\" \/><\/a>questione che consideriamo strategica per la buona riuscita di tutto il progetto. <em>&#8220;In merito al percorso che ci porter\u00e0 alla costituzione della Newco\u00a0 &#8211; continua\u00a0 Bona &#8211; riteniamo inoltre necessario che ci siano garanzie da subito sulla tenuta in sicurezza dello stabilimento di Mel sia da un punto di vista finanziario che produttivo. Quello che per noi \u00e8 ora importante per andare avanti \u00e8 procedere con un tavolo che inizi, in modo continuativo e sistematico, a entrare nel merito dell&#8217;occupazione. \u00c8 necessario quindi capire quale sar\u00e0 la struttura occupazionale proposta, che per quanto ci riguarda non pu\u00f2 che vedere la piena occupazione. Riteniamo perci\u00f2 prematuro destinare al piano industriale i 9 mln di euro del fondo Whirlpool destinato ai lavoratori, senza aver prima affrontato e compreso il perimetro occupazionale della nuova societ\u00e0&#8221;.<\/em> Fermo restando quindi che un discorso su eventuali incentivi all&#8217;uscita si potr\u00e0 fare soltanto quando ci sar\u00e0 chiarezza della\u00a0 struttura occupazionale, avendo chiaro quali e quanti fondi occorrono, i sindacati ritengono che occupazione e mobilit\u00e0 devono essere discusse insieme con la richiesta al Commissario e al Mise di valutare la possibilit\u00e0 di prevedere l&#8217;utilizzo delle risorse anche per la riqualificazione dei lavoratori e per un&#8217;eventuale incentivazione.<\/p>\n","protected":false},"excerpt":{"rendered":"<p>PREVISTA UNA STRUTTURA SOCIETARIA A MAGGIORANZA PUBBLICA\u00a0\u00a0 BORGO VALBELLUNA Si \u00e8 tenuto l&#8217;incontro organizzato dal Mise tra il Commissario straordinario, le regioni, gli enti locali e le organizzazioni sindacali nazionali e territoriali. Il Commissario straordinario Maurizio Castro ha illustrato il nuovo piano industriale della Newco, Italcomp, che nascer\u00e0 a luglio, con una struttura societaria a&hellip;<\/p>\n","protected":false},"author":4,"featured_media":145345,"comment_status":"closed","ping_status":"closed","sticky":false,"template":"","format":"standard","meta":{"_monsterinsights_skip_tracking":false,"_monsterinsights_sitenote_active":false,"_monsterinsights_sitenote_note":"","_monsterinsights_sitenote_category":0,"footnotes":""},"categories":[1,51,49],"tags":[],"class_list":["post-172258","post","type-post","status-publish","format-standard","has-post-thumbnail","hentry","category-senza-categoria","category-evidenza-top","category-news-18","category-1","category-51","category-49","description-off"],"img_url":"https:\/\/www.radiopiu.net\/wordpress\/wp-content\/uploads\/2020\/06\/ACC-MEL.png","_links":{"self":[{"href":"https:\/\/www.radiopiu.net\/wordpress\/wp-json\/wp\/v2\/posts\/172258","targetHints":{"allow":["GET"]}}],"collection":[{"href":"https:\/\/www.radiopiu.net\/wordpress\/wp-json\/wp\/v2\/posts"}],"about":[{"href":"https:\/\/www.radiopiu.net\/wordpress\/wp-json\/wp\/v2\/types\/post"}],"author":[{"embeddable":true,"href":"https:\/\/www.radiopiu.net\/wordpress\/wp-json\/wp\/v2\/users\/4"}],"replies":[{"embeddable":true,"href":"https:\/\/www.radiopiu.net\/wordpress\/wp-json\/wp\/v2\/comments?post=172258"}],"version-history":[{"count":0,"href":"https:\/\/www.radiopiu.net\/wordpress\/wp-json\/wp\/v2\/posts\/172258\/revisions"}],"wp:featuredmedia":[{"embeddable":true,"href":"https:\/\/www.radiopiu.net\/wordpress\/wp-json\/wp\/v2\/media\/145345"}],"wp:attachment":[{"href":"https:\/\/www.radiopiu.net\/wordpress\/wp-json\/wp\/v2\/media?parent=172258"}],"wp:term":[{"taxonomy":"category","embeddable":true,"href":"https:\/\/www.radiopiu.net\/wordpress\/wp-json\/wp\/v2\/categories?post=172258"},{"taxonomy":"post_tag","embeddable":true,"href":"https:\/\/www.radiopiu.net\/wordpress\/wp-json\/wp\/v2\/tags?post=172258"}],"curies":[{"name":"wp","href":"https:\/\/api.w.org\/{rel}","templated":true}]}}