{"id":172284,"date":"2020-11-13T05:29:30","date_gmt":"2020-11-13T04:29:30","guid":{"rendered":"https:\/\/www.radiopiu.net\/wordpress\/?p=172284"},"modified":"2020-11-13T06:14:48","modified_gmt":"2020-11-13T05:14:48","slug":"andra-tutto-bene-questa-volta-vorrei-tanto-poterlo-credere","status":"publish","type":"post","link":"https:\/\/www.radiopiu.net\/wordpress\/andra-tutto-bene-questa-volta-vorrei-tanto-poterlo-credere\/","title":{"rendered":"ANDRA&#8217; TUTTO BENE?\u00a0 QUESTA VOLTA VORREI TANTO POTERLO CREDERE"},"content":{"rendered":"<p>&nbsp;<\/p>\n<h2><span style=\"color: #ff0000;\">DILLO A RADIO PIU&#8217;\u00a0<\/span><\/h2>\n<p><strong>di Susy Dan_Falcade<\/strong><\/p>\n<p><a href=\"https:\/\/www.radiopiu.net\/wordpress\/andra-tutto-bene-questa-volta-vorrei-tanto-poterlo-credere\/pp-42\/\" rel=\"attachment wp-att-172285\"><img loading=\"lazy\" decoding=\"async\" class=\" wp-image-172285 alignleft\" src=\"https:\/\/www.radiopiu.net\/wordpress\/wp-content\/uploads\/2020\/11\/pp-1-300x300.jpg\" alt=\"\" width=\"222\" height=\"222\" srcset=\"https:\/\/www.radiopiu.net\/wordpress\/wp-content\/uploads\/2020\/11\/pp-1-300x300.jpg 300w, https:\/\/www.radiopiu.net\/wordpress\/wp-content\/uploads\/2020\/11\/pp-1-150x150.jpg 150w, https:\/\/www.radiopiu.net\/wordpress\/wp-content\/uploads\/2020\/11\/pp-1.jpg 638w\" sizes=\"auto, (max-width: 222px) 100vw, 222px\" \/><\/a>\u201cAndr\u00e0 tutto bene!\u201d. Cos\u00ec era scritto dovunque, con sopra disegnato un bell\u2019arcobaleno, qualche mese fa. Era la speranza di tutti. Era l\u2019augurio che ci facevamo l\u2019un l\u2019altro. Era una sorta di rito scaramantico che anch\u2019io ho condiviso, vedi mai che funzionasse\u2026. Era il tempo dell\u2019Italia bella, dell\u2019Italia migliore, unita e solidale, che cantava tutta insieme, da un balcone all\u2019altro, e, abbracciandosi virtualmente, si sentiva meno sola e spaventata. Era il tempo della bandiera appesa alle finestre e delle Frecce Tricolori che sorvolavano citt\u00e0 svuotate e cimiteri pieni. Era il tempo degli \u201ceroi\u201d, medici, infermieri e operatori sanitari che hanno lavorato per settimane senza nemmeno il tempo di respirare per curare tutti, paradossalmente anche coloro che del virus negavano perfino l\u2019esistenza, e che a decine ci hanno rimesso la vita. 9 mesi, 43.000 morti e oltre un milione di contagiati dopo, siamo tornati alla casella del VIA. Ma non stiamo giocando a Monopoli. No, non \u00e8 andato affatto tutto bene. Non era difficile prevedere che sarebbe finita cos\u00ec. Ce l\u2019avevano gi\u00e0 raccontato le strade e le piazze affollate per l\u2019irrinunciabile aperitivo, le movide, le discoteche, le spiagge stracolme di gente, i sentieri di montagna su cui incrociavi gruppi compatti come falangi macedoni. Tanta gente ovunque, in barba a distanziamento e mascherine. E\u2019 bastato cominciare ad allentare le misure restrittive che avevamo dimostrato di saper rispettare perch\u00e9 prevalesse il \u201cliberi tutti\u201d che ci ha portato dove siamo ora. Mesi di sacrifici, di rinunce e di risultati buttati al vento per tornare al punto di partenza.\u00a0 Con la differenza che, se \u00e8 vero che di questo virus ora sappiamo un po\u2019 di pi\u00f9, \u00e8 anche vero che le misure che si rendono necessarie per contenerlo si abbattono su un paese gi\u00e0 stremato, psicologicamente ed economicamente, che non ha pi\u00f9 risorse da spendere. Si vedr\u00e0 nelle prossime settimane se queste misure avranno effetto, ma nessuno pi\u00f9 esclude un nuovo lockdown che, col Natale alle porte, avrebbe un effetto catastrofico.\u00a0 Se si potr\u00e0 evitarlo dipende, cos\u00ec ci viene ripetuto, dal \u201ccomportamento dei cittadini\u201d. Ed \u00e8 proprio questo che mi preoccupa. Andr\u00e0 tutto bene, questa volta? Vorrei poterlo credere.<\/p>\n<p>&nbsp;<\/p>\n<p>&nbsp;<\/p>\n","protected":false},"excerpt":{"rendered":"<p>&nbsp; DILLO A RADIO PIU&#8217;\u00a0 di Susy Dan_Falcade \u201cAndr\u00e0 tutto bene!\u201d. Cos\u00ec era scritto dovunque, con sopra disegnato un bell\u2019arcobaleno, qualche mese fa. Era la speranza di tutti. Era l\u2019augurio che ci facevamo l\u2019un l\u2019altro. Era una sorta di rito scaramantico che anch\u2019io ho condiviso, vedi mai che funzionasse\u2026. Era il tempo dell\u2019Italia bella, dell\u2019Italia&hellip;<\/p>\n","protected":false},"author":4,"featured_media":172285,"comment_status":"closed","ping_status":"closed","sticky":false,"template":"","format":"standard","meta":{"_monsterinsights_skip_tracking":false,"_monsterinsights_sitenote_active":false,"_monsterinsights_sitenote_note":"","_monsterinsights_sitenote_category":0,"footnotes":""},"categories":[51,104,49],"tags":[],"class_list":["post-172284","post","type-post","status-publish","format-standard","has-post-thumbnail","hentry","category-evidenza-top","category-evidenza_3","category-news-18","category-51","category-104","category-49","description-off"],"img_url":"https:\/\/www.radiopiu.net\/wordpress\/wp-content\/uploads\/2020\/11\/pp-1.jpg","_links":{"self":[{"href":"https:\/\/www.radiopiu.net\/wordpress\/wp-json\/wp\/v2\/posts\/172284","targetHints":{"allow":["GET"]}}],"collection":[{"href":"https:\/\/www.radiopiu.net\/wordpress\/wp-json\/wp\/v2\/posts"}],"about":[{"href":"https:\/\/www.radiopiu.net\/wordpress\/wp-json\/wp\/v2\/types\/post"}],"author":[{"embeddable":true,"href":"https:\/\/www.radiopiu.net\/wordpress\/wp-json\/wp\/v2\/users\/4"}],"replies":[{"embeddable":true,"href":"https:\/\/www.radiopiu.net\/wordpress\/wp-json\/wp\/v2\/comments?post=172284"}],"version-history":[{"count":0,"href":"https:\/\/www.radiopiu.net\/wordpress\/wp-json\/wp\/v2\/posts\/172284\/revisions"}],"wp:featuredmedia":[{"embeddable":true,"href":"https:\/\/www.radiopiu.net\/wordpress\/wp-json\/wp\/v2\/media\/172285"}],"wp:attachment":[{"href":"https:\/\/www.radiopiu.net\/wordpress\/wp-json\/wp\/v2\/media?parent=172284"}],"wp:term":[{"taxonomy":"category","embeddable":true,"href":"https:\/\/www.radiopiu.net\/wordpress\/wp-json\/wp\/v2\/categories?post=172284"},{"taxonomy":"post_tag","embeddable":true,"href":"https:\/\/www.radiopiu.net\/wordpress\/wp-json\/wp\/v2\/tags?post=172284"}],"curies":[{"name":"wp","href":"https:\/\/api.w.org\/{rel}","templated":true}]}}