{"id":172288,"date":"2020-11-13T05:31:09","date_gmt":"2020-11-13T04:31:09","guid":{"rendered":"https:\/\/www.radiopiu.net\/wordpress\/?p=172288"},"modified":"2020-11-13T05:52:21","modified_gmt":"2020-11-13T04:52:21","slug":"https-wp-me-p63lo7-ioq","status":"publish","type":"post","link":"https:\/\/www.radiopiu.net\/wordpress\/https-wp-me-p63lo7-ioq\/","title":{"rendered":"QUATTRO PERSONE DENUNCIATE, CHIUSA UNA PALESTRA"},"content":{"rendered":"<p>&nbsp;<\/p>\n<p><strong><img loading=\"lazy\" decoding=\"async\" class=\"alignleft\" src=\"https:\/\/www.radiopiu.net\/wordpress\/wp-content\/uploads\/2019\/12\/CARABINIERI-FELTRE-2.jpg\" width=\"259\" height=\"194\" \/>SANTA GIUSTINA\u00a0<\/strong> Tre persone dello stesso nucleo familiare sono state denunciate dai Carabinieri di Santa Giustina. In piena emergenza Covid sono usciti di casa come nulla fosse senza rispettare il divieto poich\u00e9 positivi al covid 19. La donna stava tranquillamente facendo acquisti in un esercizio commerciale del paese senza curarsi di chi gli stava accanto e che avrebbe potuto infettare. Padre e figlio hanno preso l&#8217;auto e sono saliti in una casera di prorpiet\u00e0.<\/p>\n<p><strong>FELTRE<\/strong> Lo strano oscuramento dei vetri della palestra ha insospettito i Carabinieri di Feltre, una volta entrati il sospetto si \u00e8 trasformato in denuncia e chiusura dell&#8217;attivit\u00e0 perch\u00e9 all&#8217;interno c&#8217;erano tre clienti che stavano facendo attivit\u00e0 fisica. L&#8217;impianto di illuminazione era stato staccato mentre le porte automatizzate con i badge erano regolarmente in funzione. I tre sono stati allontanati, la titolare sanzionata per inosservanza alla sospensione dell&#8217;attivita.<\/p>\n<p><strong>AURONZO<\/strong> I Carabinieri hanno denunciato un donna sorpresa nei pressi di un supermercato nonostante l&#8217;obbligo di isolamento domiciliare perch\u00e9 positiva al covid.<\/p>\n","protected":false},"excerpt":{"rendered":"<p>&nbsp; SANTA GIUSTINA\u00a0 Tre persone dello stesso nucleo familiare sono state denunciate dai Carabinieri di Santa Giustina. In piena emergenza Covid sono usciti di casa come nulla fosse senza rispettare il divieto poich\u00e9 positivi al covid 19. La donna stava tranquillamente facendo acquisti in un esercizio commerciale del paese senza curarsi di chi gli stava&hellip;<\/p>\n","protected":false},"author":4,"featured_media":110913,"comment_status":"closed","ping_status":"closed","sticky":false,"template":"","format":"standard","meta":{"_monsterinsights_skip_tracking":false,"_monsterinsights_sitenote_active":false,"_monsterinsights_sitenote_note":"","_monsterinsights_sitenote_category":0,"footnotes":""},"categories":[51,49],"tags":[],"class_list":["post-172288","post","type-post","status-publish","format-standard","has-post-thumbnail","hentry","category-evidenza-top","category-news-18","category-51","category-49","description-off"],"img_url":"https:\/\/www.radiopiu.net\/wordpress\/wp-content\/uploads\/2019\/12\/CARABINIERI-FELTRE-2.jpg","_links":{"self":[{"href":"https:\/\/www.radiopiu.net\/wordpress\/wp-json\/wp\/v2\/posts\/172288","targetHints":{"allow":["GET"]}}],"collection":[{"href":"https:\/\/www.radiopiu.net\/wordpress\/wp-json\/wp\/v2\/posts"}],"about":[{"href":"https:\/\/www.radiopiu.net\/wordpress\/wp-json\/wp\/v2\/types\/post"}],"author":[{"embeddable":true,"href":"https:\/\/www.radiopiu.net\/wordpress\/wp-json\/wp\/v2\/users\/4"}],"replies":[{"embeddable":true,"href":"https:\/\/www.radiopiu.net\/wordpress\/wp-json\/wp\/v2\/comments?post=172288"}],"version-history":[{"count":0,"href":"https:\/\/www.radiopiu.net\/wordpress\/wp-json\/wp\/v2\/posts\/172288\/revisions"}],"wp:featuredmedia":[{"embeddable":true,"href":"https:\/\/www.radiopiu.net\/wordpress\/wp-json\/wp\/v2\/media\/110913"}],"wp:attachment":[{"href":"https:\/\/www.radiopiu.net\/wordpress\/wp-json\/wp\/v2\/media?parent=172288"}],"wp:term":[{"taxonomy":"category","embeddable":true,"href":"https:\/\/www.radiopiu.net\/wordpress\/wp-json\/wp\/v2\/categories?post=172288"},{"taxonomy":"post_tag","embeddable":true,"href":"https:\/\/www.radiopiu.net\/wordpress\/wp-json\/wp\/v2\/tags?post=172288"}],"curies":[{"name":"wp","href":"https:\/\/api.w.org\/{rel}","templated":true}]}}