{"id":172302,"date":"2020-11-13T05:30:46","date_gmt":"2020-11-13T04:30:46","guid":{"rendered":"https:\/\/www.radiopiu.net\/wordpress\/?p=172302"},"modified":"2020-11-13T06:13:01","modified_gmt":"2020-11-13T05:13:01","slug":"soccorso-alpino-bloccata-sulla-palestra-di-roccia-uomo-investito-da-un-tronco","status":"publish","type":"post","link":"https:\/\/www.radiopiu.net\/wordpress\/soccorso-alpino-bloccata-sulla-palestra-di-roccia-uomo-investito-da-un-tronco\/","title":{"rendered":"SOCCORSO ALPINO: BLOCCATA SULLA PALESTRA DI ROCCIA, UOMO INVESTITO DA UN TRONCO"},"content":{"rendered":"<p><strong>SOVERZENE<\/strong>\u00a0Alle l&#8217;elicottero del Suem di Pieve di Cadore \u00e8 decollato in direzione della Palestra di roccia della Val Gallina poich\u00e9 risalendo la ferrata una giovane, impaurita, non era pi\u00f9 in grado di proseguire. La ragazza, una ventiduenne bellunese, che si trovava con un amico ferma a una cinquantina di metri da terra, \u00e8 stata recuperata dal tecnico di elisoccorso utilizzando un verricello di 15 metri, per essere poi lasciata in un prato nelle vicinanze. Il compagno \u00e8 sceso autonomamente. Pronto a intervenire il Soccorso alpino di Longarone.<\/p>\n<p>&nbsp;<\/p>\n<p><strong>AURONZO<\/strong> L&#8217;eliambulanza \u00e8 stata inviata in un bosco della Val Da Rin, ad Auronzo di Cadore, dove un boscaiolo che stava tagliando piante con il padre era stato investito da un tronco. Sbarcati con un verricello di 60 metri, equipe medica e tecnico di elisoccorso hanno prestato le prime cure all&#8217;uomo, per un sospetto politrauma. Immobilizzato e imbarellato, l&#8217;infortunato \u00e8 stato issato a bordo e trasportato all&#8217;ospedale di Belluno.<\/p>\n","protected":false},"excerpt":{"rendered":"<p>SOVERZENE\u00a0Alle l&#8217;elicottero del Suem di Pieve di Cadore \u00e8 decollato in direzione della Palestra di roccia della Val Gallina poich\u00e9 risalendo la ferrata una giovane, impaurita, non era pi\u00f9 in grado di proseguire. La ragazza, una ventiduenne bellunese, che si trovava con un amico ferma a una cinquantina di metri da terra, \u00e8 stata recuperata&hellip;<\/p>\n","protected":false},"author":4,"featured_media":164432,"comment_status":"closed","ping_status":"closed","sticky":false,"template":"","format":"standard","meta":{"_monsterinsights_skip_tracking":false,"_monsterinsights_sitenote_active":false,"_monsterinsights_sitenote_note":"","_monsterinsights_sitenote_category":0,"footnotes":""},"categories":[51,49],"tags":[],"class_list":["post-172302","post","type-post","status-publish","format-standard","has-post-thumbnail","hentry","category-evidenza-top","category-news-18","category-51","category-49","description-off"],"img_url":"https:\/\/www.radiopiu.net\/wordpress\/wp-content\/uploads\/2020\/10\/salt_20201005_175730_488_resized.jpg","_links":{"self":[{"href":"https:\/\/www.radiopiu.net\/wordpress\/wp-json\/wp\/v2\/posts\/172302","targetHints":{"allow":["GET"]}}],"collection":[{"href":"https:\/\/www.radiopiu.net\/wordpress\/wp-json\/wp\/v2\/posts"}],"about":[{"href":"https:\/\/www.radiopiu.net\/wordpress\/wp-json\/wp\/v2\/types\/post"}],"author":[{"embeddable":true,"href":"https:\/\/www.radiopiu.net\/wordpress\/wp-json\/wp\/v2\/users\/4"}],"replies":[{"embeddable":true,"href":"https:\/\/www.radiopiu.net\/wordpress\/wp-json\/wp\/v2\/comments?post=172302"}],"version-history":[{"count":0,"href":"https:\/\/www.radiopiu.net\/wordpress\/wp-json\/wp\/v2\/posts\/172302\/revisions"}],"wp:featuredmedia":[{"embeddable":true,"href":"https:\/\/www.radiopiu.net\/wordpress\/wp-json\/wp\/v2\/media\/164432"}],"wp:attachment":[{"href":"https:\/\/www.radiopiu.net\/wordpress\/wp-json\/wp\/v2\/media?parent=172302"}],"wp:term":[{"taxonomy":"category","embeddable":true,"href":"https:\/\/www.radiopiu.net\/wordpress\/wp-json\/wp\/v2\/categories?post=172302"},{"taxonomy":"post_tag","embeddable":true,"href":"https:\/\/www.radiopiu.net\/wordpress\/wp-json\/wp\/v2\/tags?post=172302"}],"curies":[{"name":"wp","href":"https:\/\/api.w.org\/{rel}","templated":true}]}}