{"id":172339,"date":"2020-11-12T21:44:11","date_gmt":"2020-11-12T20:44:11","guid":{"rendered":"https:\/\/www.radiopiu.net\/wordpress\/?p=172339"},"modified":"2020-11-13T06:13:34","modified_gmt":"2020-11-13T05:13:34","slug":"172339-2","status":"publish","type":"post","link":"https:\/\/www.radiopiu.net\/wordpress\/172339-2\/","title":{"rendered":"IL\u00a0 COMITATO ALPAGO 2 RUOTE &#038; SOLIDARIET\u00c0 E IL GIRO DEL LAGO DI SANTA CROCE PIANGONO VITTORIO MARES"},"content":{"rendered":"<blockquote><p>&nbsp;<\/p><\/blockquote>\n<p>&nbsp;<\/p>\n<p><strong><a href=\"https:\/\/www.radiopiu.net\/wordpress\/giornale-radiopiu-13-novembre-2020-direttore-mirko-mezzacasa\/vittorio-mares-al-girodel-lago-di-santa-croce-2013-1\/\" rel=\"attachment wp-att-172341\"><img loading=\"lazy\" decoding=\"async\" class=\"size-medium wp-image-172341 alignleft\" src=\"https:\/\/www.radiopiu.net\/wordpress\/wp-content\/uploads\/2020\/11\/Vittorio-Mares-al-Girodel-Lago-di-Santa-Croce-2013-1-300x199.jpg\" alt=\"\" width=\"300\" height=\"199\" srcset=\"https:\/\/www.radiopiu.net\/wordpress\/wp-content\/uploads\/2020\/11\/Vittorio-Mares-al-Girodel-Lago-di-Santa-Croce-2013-1-300x199.jpg 300w, https:\/\/www.radiopiu.net\/wordpress\/wp-content\/uploads\/2020\/11\/Vittorio-Mares-al-Girodel-Lago-di-Santa-Croce-2013-1-1024x678.jpg 1024w, https:\/\/www.radiopiu.net\/wordpress\/wp-content\/uploads\/2020\/11\/Vittorio-Mares-al-Girodel-Lago-di-Santa-Croce-2013-1-768x509.jpg 768w, https:\/\/www.radiopiu.net\/wordpress\/wp-content\/uploads\/2020\/11\/Vittorio-Mares-al-Girodel-Lago-di-Santa-Croce-2013-1-1536x1017.jpg 1536w, https:\/\/www.radiopiu.net\/wordpress\/wp-content\/uploads\/2020\/11\/Vittorio-Mares-al-Girodel-Lago-di-Santa-Croce-2013-1-2048x1356.jpg 2048w\" sizes=\"auto, (max-width: 300px) 100vw, 300px\" \/><\/a>ALPAGO<\/strong> Il comitato Alpago 2 Ruote &amp; Solidariet\u00e0 e il Giro del Lago piangono Vittorio Mares. Nella mattinata di oggi, gioved\u00ec 12 novembre, \u00e8 morto colui che, a met\u00e0 degli anni Novanta, ha creato il Giro del Lago di Santa Croce, la manifestazione solidaristica che ogni estate in Alpago richiama migliaia di podisti e ciclisti. \u00abVittorio \u00e8 stato colui che ha ideato, creato e poi fatto crescere il Giro del Lago: grazie alla sua intuizione prima, alla sua passione, generosit\u00e0 e caparbiet\u00e0 poi, la manifestazione ha potuto diventare negli anni un sostegno\u00a0 vitale per due associazioni, come la Via di Natale di Aviano e la Cucchini di Belluno, che operano a favore dei malati oncologici e dei loro familiari\u00bb dice Ennio Soccal, succeduto nel 2010 a Vittorio Mares nella carica di presidente del comitato Alpago 2 Ruote &amp; Solidariet\u00e0. \u00abGratitudine \u00e8 la parola che voglio esprimere a Vittorio, a nome mio personale e di tutto il comitato: il suo impegno a favore degli altri, nell\u2019ambito del Giro del Lago ma anche in tanti altri ambiti della vita dell&#8217;Alpago, dalla politica alla cultura al sociale, \u00e8 stato straordinario. Alla moglie e a tutti i familiari di Vittorio giunga il nostro abbraccio affettuoso\u00bb.<\/p>\n","protected":false},"excerpt":{"rendered":"<p>&nbsp; &nbsp; ALPAGO Il comitato Alpago 2 Ruote &amp; Solidariet\u00e0 e il Giro del Lago piangono Vittorio Mares. Nella mattinata di oggi, gioved\u00ec 12 novembre, \u00e8 morto colui che, a met\u00e0 degli anni Novanta, ha creato il Giro del Lago di Santa Croce, la manifestazione solidaristica che ogni estate in Alpago richiama migliaia di podisti&hellip;<\/p>\n","protected":false},"author":4,"featured_media":172341,"comment_status":"closed","ping_status":"closed","sticky":false,"template":"","format":"standard","meta":{"_monsterinsights_skip_tracking":false,"_monsterinsights_sitenote_active":false,"_monsterinsights_sitenote_note":"","_monsterinsights_sitenote_category":0,"footnotes":""},"categories":[49],"tags":[],"class_list":["post-172339","post","type-post","status-publish","format-standard","has-post-thumbnail","hentry","category-news-18","category-49","description-off"],"img_url":"https:\/\/www.radiopiu.net\/wordpress\/wp-content\/uploads\/2020\/11\/Vittorio-Mares-al-Girodel-Lago-di-Santa-Croce-2013-1-scaled.jpg","_links":{"self":[{"href":"https:\/\/www.radiopiu.net\/wordpress\/wp-json\/wp\/v2\/posts\/172339","targetHints":{"allow":["GET"]}}],"collection":[{"href":"https:\/\/www.radiopiu.net\/wordpress\/wp-json\/wp\/v2\/posts"}],"about":[{"href":"https:\/\/www.radiopiu.net\/wordpress\/wp-json\/wp\/v2\/types\/post"}],"author":[{"embeddable":true,"href":"https:\/\/www.radiopiu.net\/wordpress\/wp-json\/wp\/v2\/users\/4"}],"replies":[{"embeddable":true,"href":"https:\/\/www.radiopiu.net\/wordpress\/wp-json\/wp\/v2\/comments?post=172339"}],"version-history":[{"count":0,"href":"https:\/\/www.radiopiu.net\/wordpress\/wp-json\/wp\/v2\/posts\/172339\/revisions"}],"wp:featuredmedia":[{"embeddable":true,"href":"https:\/\/www.radiopiu.net\/wordpress\/wp-json\/wp\/v2\/media\/172341"}],"wp:attachment":[{"href":"https:\/\/www.radiopiu.net\/wordpress\/wp-json\/wp\/v2\/media?parent=172339"}],"wp:term":[{"taxonomy":"category","embeddable":true,"href":"https:\/\/www.radiopiu.net\/wordpress\/wp-json\/wp\/v2\/categories?post=172339"},{"taxonomy":"post_tag","embeddable":true,"href":"https:\/\/www.radiopiu.net\/wordpress\/wp-json\/wp\/v2\/tags?post=172339"}],"curies":[{"name":"wp","href":"https:\/\/api.w.org\/{rel}","templated":true}]}}