{"id":172429,"date":"2020-11-14T05:45:58","date_gmt":"2020-11-14T04:45:58","guid":{"rendered":"https:\/\/www.radiopiu.net\/wordpress\/?p=172429"},"modified":"2020-11-14T06:22:34","modified_gmt":"2020-11-14T05:22:34","slug":"conferenza-stampa-luca-zaia","status":"publish","type":"post","link":"https:\/\/www.radiopiu.net\/wordpress\/conferenza-stampa-luca-zaia\/","title":{"rendered":"&#8220;HO PROVATO IL TEST FAI DA TE E&#8217; FANTASTICO, RIGOLI LO STA TESTANDO. IL VACCINO POTREBBE DIVENTARE UN PASS&#8221;- PARLA LUCA ZAIA &#8211; RISPETTO AI TAMPONI OGGI I POSITIVI SONO LE META&#8217; DELLA SCORSA PRIMAVERA"},"content":{"rendered":"<p><strong>VENEZIA<\/strong> Dalla sala stampa della Protezione Civile di Marghera, Luca Zaia fa il punto sul l&#8217;emergenza Covid-19<\/p>\n<p><strong>I NUMERI 2.529.005 tamponi 17.644 molecolari nelle ultime 24 ore. 543.000 sono i tamponi rapidi fino ad oggi 94.506 postivi (+3605) sono un terzo dei positivi di marzo. I positivi su tampone sono meno della met\u00e0 rispetto a marzo. OGGI 227 TERAPIE INTENSIVE RISPETTO (+6) RISPETTO\u00a0 ALLE 356 DI MARZO. RICOVERI: 1947 (+71). POSITIVI DI OGGI SONO 57.288 IN ISOLAMENTO 21.271 PERSONE, TOTALE DECESSI 2764 (+37) DIMESSI 5508.\u00a0<\/strong><\/p>\n<blockquote><p><strong>Domande sulla nuova ordinanza\u00a0 telefono:<\/strong> 8009990009 <strong>mail\u00a0<\/strong> sala.operativa@regione.veneto.it<\/p>\n<h2><span style=\"color: #0000ff;\">DOMANI NON CI SARA&#8217; IL MERCATO A BELLUNO per la prossima settimana decider\u00e0 la Giunta con un provvedimento. Confermati i controlli annunciati dalla Prefettura per sabato.<\/span><\/h2>\n<h2>LEGGI LA CONFERENZA STAMPA<\/h2>\n<\/blockquote>\n<p><em>Critiche perch\u00e8 mancano i dispositivi? Non mi risulta proprio. Se non saranno rispettate le regole prepariamoci al cambio di fascia. I cittadini sono chiamati a fare squadra. Mancano infermieri: Se c&#8217;\u00e8 qualcuno che ne ha di liberi ci chiami: li assumiamo subito. Gli unici liberi sono quelli delle case di riposo ma non \u00e8 la soluzione, significa spostare il problema da un posto all&#8217;altro.<\/em><\/p>\n<p>Le differenze tra la prima ondata e oggi? Sicuramente una macchina sanitaria pi\u00f9 efficace. Abbiamo oggi pazienti che caricano di meno le terapie intensive e il turn over del paziente (ospedalizzazione media) \u00e8 calata rispetto alla scorsa primavera. Oggi abbiamo 1947 (+71) ricoverati i dimessi 5508 (+104) cio\u00e8 entrano meno persone in ospedale rispetto ai dimessi. Il sistema tiene. I<strong> ricoveri nella Rsa<\/strong> grazie ad operazioni tamponi, screenig e chiusure ci portano a dire che l&#8217;ospedalizzazione a marzo degli anziani delle case di riposo era del 22% e oggi \u00e8 invece abbassata fino all&#8217;8% in linea con quello che accade sul resto della popolazione, altre categoria sociali, altri target d&#8217;et\u00e0. Dopo l&#8217;ordinanza di ieri chiedo ai cittadini di stringere i denti evitando strategia per dribbrarlo tipo fare lo spritz a mezzogiorno.<strong><span style=\"color: #ff0000;\"> PARRUCCHIERI E LAVANDERIE NEI CENTRI COMMERCIALI DOMENICA RIMANGONO APERTI. COME NELLE ZONE ROSSE. <\/span><\/strong><span style=\"color: #ff0000;\"><span style=\"color: #000000;\">L&#8217;ordinanza nasce perch\u00e9 non si vada nei centri cittadini, in montagna, al lago o al mare, \u00e8 un sacrificio per sole due settimane per evitare di cambiare zona e ci chiudano i confini comunali. <\/span><\/span>Stamani ho provato il test fai da te \u00e8 splendido, se funziona \u00e8 una rivoluziona. E&#8217; facile da fare, rapidissimo e Rigoli lo sta testando. <strong>RISTORI PER LE CHIUSURE?<\/strong> E&#8217; iniziata l&#8217;interlocuzione con il Governo. Chi avr\u00e0 misurre restrittive ha detto il Presidente avr\u00e0 ristori, ora chiudono i negozi la domenica e i centri commerciali che prima erano aperti. <strong>GLI INFERMIERI PROTESTANO A PADOVA PER LA MANCANZA DEI DISPOSITIVI\u00a0<\/strong> A me non risulta\u00a0 che ci dicano\u00a0 in quale reparto mancano perch\u00e9 la distribuzione \u00e8 fatta su base della richiesta. Abbiamo 29 milioni di pezzi in magazzino e scorte per mesi. <strong>ANDAMENTO DELLA CURVA DA SEGNI COERENTI CON LA PREVISIONI DI AVVICINAMENTO AL PICCO?<\/strong> Si, speriamo di arrivare all&#8217;apice anche se non sappiamo quanto durer\u00e0<strong> INIZIO DISCESA A FINE NOVEMBRE?<\/strong> Lo speriamo sempre ma ancora il trand non c&#8217;\u00e8. Le curve\u00a0 ci dicono di dormire preoccupati.<strong> I GARDEN CENTER NEL FINE SETTIMANA?<\/strong> Sono chiusi come tutte le attivit\u00e0. E&#8217; un sacrificio per due settimana poi vediamo. <strong>SE NON CI FOSSE L&#8217;ORDINANZA SAREBBE STATA RAGGIUNTA LA SOGLIA ARANCIONE?<\/strong> Senza un comportamento corretto si andrebbe al collasso della sanit\u00e0, nel giro di 15 giorni. <strong>EDUCAZIONE FISICA ALL&#8217;APERTO C&#8217;E&#8217; UNA POSSIBILITA&#8217; DI APERTURA?<\/strong> Arriva anche la brutta stagione, al di la&#8217; di questo educazione fisica, canto e strumenti a fiato sono pratiche vietate da indicazioni della comunit\u00e0 scientifica, si esprimer\u00e0 il CTS ma nessuno puo&#8217; dirci che non ci siamo preoccupati di dare corso ad un&#8217;indicazione pi\u00f9 volte segnalata.BANCA DEL PLASMA? E&#8217; un mio pallino, me la sono inventata io, stiamo spingendo sul recultamento, cerchiamo di interecettare il trasfusionato nel momento della dimissione dall&#8217;ospedale. <strong>VACCINO ANTI COVID<\/strong> Ne arriveranno tanti sulle quote siamo pi\u00f9 alti dell&#8217;8%. La dottoressa Russo\u00a0 n\u00e8 parler\u00e0 nei prossimi giorni delle dosi e dell&#8217;organizzazione della campagna vaccinale,\u00a0 stiamo parlando di milioni di pezzi potrebbe diventare una sorta di pass.<strong> VACCINO ANTIINFLUENZALE<\/strong> in arrivo 1milione e 127mila dosi, i tre lotti sono gi\u00e0 qui. Siamo stati i primi in Italia a comprarlo.<\/p>\n<p><strong>PER ACCEDERE ALLA DIRETTA VIDEO:<\/strong><\/p>\n<h1><span style=\"color: #0000ff;\"><a style=\"color: #0000ff;\" href=\"https:\/\/www.facebook.com\/zaiaufficiale\/videos\/363220894737945\">CLICCA QUI\u00a0\u00a0<\/a><\/span><\/h1>\n<p>https:\/\/www.facebook.com\/zaiaufficiale\/videos\/363220894737945<\/p>\n<p>&nbsp;<\/p>\n<p>&nbsp;<\/p>\n<p>&nbsp;<\/p>\n<p>&nbsp;<\/p>\n<p>&nbsp;<\/p>\n","protected":false},"excerpt":{"rendered":"<p>VENEZIA Dalla sala stampa della Protezione Civile di Marghera, Luca Zaia fa il punto sul l&#8217;emergenza Covid-19 I NUMERI 2.529.005 tamponi 17.644 molecolari nelle ultime 24 ore. 543.000 sono i tamponi rapidi fino ad oggi 94.506 postivi (+3605) sono un terzo dei positivi di marzo. I positivi su tampone sono meno della met\u00e0 rispetto a&hellip;<\/p>\n","protected":false},"author":4,"featured_media":139388,"comment_status":"closed","ping_status":"closed","sticky":false,"template":"","format":"standard","meta":{"_monsterinsights_skip_tracking":false,"_monsterinsights_sitenote_active":false,"_monsterinsights_sitenote_note":"","_monsterinsights_sitenote_category":0,"footnotes":""},"categories":[51,49],"tags":[],"class_list":["post-172429","post","type-post","status-publish","format-standard","has-post-thumbnail","hentry","category-evidenza-top","category-news-18","category-51","category-49","description-off"],"img_url":"https:\/\/www.radiopiu.net\/wordpress\/wp-content\/uploads\/2020\/05\/ZAIA-1.jpg","_links":{"self":[{"href":"https:\/\/www.radiopiu.net\/wordpress\/wp-json\/wp\/v2\/posts\/172429","targetHints":{"allow":["GET"]}}],"collection":[{"href":"https:\/\/www.radiopiu.net\/wordpress\/wp-json\/wp\/v2\/posts"}],"about":[{"href":"https:\/\/www.radiopiu.net\/wordpress\/wp-json\/wp\/v2\/types\/post"}],"author":[{"embeddable":true,"href":"https:\/\/www.radiopiu.net\/wordpress\/wp-json\/wp\/v2\/users\/4"}],"replies":[{"embeddable":true,"href":"https:\/\/www.radiopiu.net\/wordpress\/wp-json\/wp\/v2\/comments?post=172429"}],"version-history":[{"count":0,"href":"https:\/\/www.radiopiu.net\/wordpress\/wp-json\/wp\/v2\/posts\/172429\/revisions"}],"wp:featuredmedia":[{"embeddable":true,"href":"https:\/\/www.radiopiu.net\/wordpress\/wp-json\/wp\/v2\/media\/139388"}],"wp:attachment":[{"href":"https:\/\/www.radiopiu.net\/wordpress\/wp-json\/wp\/v2\/media?parent=172429"}],"wp:term":[{"taxonomy":"category","embeddable":true,"href":"https:\/\/www.radiopiu.net\/wordpress\/wp-json\/wp\/v2\/categories?post=172429"},{"taxonomy":"post_tag","embeddable":true,"href":"https:\/\/www.radiopiu.net\/wordpress\/wp-json\/wp\/v2\/tags?post=172429"}],"curies":[{"name":"wp","href":"https:\/\/api.w.org\/{rel}","templated":true}]}}