{"id":172431,"date":"2020-11-13T11:43:34","date_gmt":"2020-11-13T10:43:34","guid":{"rendered":"https:\/\/www.radiopiu.net\/wordpress\/?p=172431"},"modified":"2020-11-13T11:43:34","modified_gmt":"2020-11-13T10:43:34","slug":"enzo-muscia-protagonista-di-apericeo-liniziativa-del-gruppo-giovani-di-confindustria-belluno-dolomiti","status":"publish","type":"post","link":"https:\/\/www.radiopiu.net\/wordpress\/enzo-muscia-protagonista-di-apericeo-liniziativa-del-gruppo-giovani-di-confindustria-belluno-dolomiti\/","title":{"rendered":"ENZO MUSCIA PROTAGONISTA DI APERICEO, L\u2019INIZIATIVA DEL GRUPPO GIOVANI DI CONFINDUSTRIA BELLUNO DOLOMITI"},"content":{"rendered":"<p><strong><a href=\"https:\/\/www.radiopiu.net\/wordpress\/giornale-radio-piu-25-09-direttore-mirko-mezzacasa\/confindustria-500\/\" rel=\"attachment wp-att-10966\"><img loading=\"lazy\" decoding=\"async\" class=\"size-medium wp-image-10966 alignleft\" src=\"https:\/\/www.radiopiu.net\/wordpress\/wp-content\/uploads\/2015\/09\/confindustria-500-300x216.jpg\" alt=\"\" width=\"300\" height=\"216\" \/><\/a>BELLUNO\u00a0<\/strong>La sua storia, poco meno di un anno fa, \u00e8 stata anche raccontata da una fiction Rai di successo; del resto, quella di Enzo Muscia, \u00e8 una vicenda umana e imprenditoriale da record e sar\u00e0 lui stesso a ripercorrerla \u2013 in un evento on-line in programma per il 17 novembre alle 18 &#8211; davanti ai giovani manager e imprenditori della provincia di Belluno nell\u2019ambito dell\u2019iniziativa AperiCEO, il format ideato dal Gruppo Giovani di Confindustria Belluno Dolomiti. Quella di Enzo, classe 1969, \u00e8 una storia recente. E\u2019 il 2011 quando il Gruppo francese A Novo chiude la filiale italiana, in cui lavoravano 232 persone, tra i quali lo stesso Muscia, che decide allora di acquisire l\u2019azienda, impegnando tutte le proprie risorse. Da collaboratore, appassionato del proprio lavoro, a imprenditore, il passo \u00e8 breve quanto coraggioso, per qualcuno \u2013 forse \u2013 un azzardo. Eppure Enzo \u2013 perito elettronico di formazione che ha mosso i suoi primi passi come operaio di Electrolux \u2013 va avanti e rifonda cos\u00ec la societ\u00e0 e riassume una parte dei suoi ex colleghi, riprendendo l&#8217;attivit\u00e0 di servizio post vendita nel settore dei prodotti elettronici. Oggi A Novo Italia Srl ha due sedi operative, a Saronno e a Torino, 50 dipendenti circa e conta un fatturato di 3 milioni di euro, cui nel 2020 si \u00e8 aggiunta la societ\u00e0 NovoSan, dedicata alla sanificazione degli ambienti di lavoro con l\u2019assunzione di 24 persone durante l\u2019emergenza Covid. \u201c<em>Quella di Enzo Muscia sar\u00e0 una testimonianza preziosa\u201d, afferma Marco Da Rin Zanco, presidente del Gruppo Giovani di Confindustria Belluno Dolomiti e ideatore di AperiCEO, \u201cperch\u00e9 parla di coraggio e della necessit\u00e0 di avere una visione, di andare oltre quelli che possono sembrare dei limiti. Si tratta di un racconto importante soprattutto in un momento come quello attuale, nel quale siamo chiamati a guardare al di l\u00e0 del Covid e riprogrammare il nostro futuro<\/em>\u201d. L&#8217;appuntamento \u2013 rigorosamente on line viste anche le ultime normative anti-Covid &#8211; \u00e8 per il 17 novembre alle 18 e le iscrizioni sono aperte sul sito eventbrite. Tutte le indicazioni utili sono disponibili anche sui social di Confindustria Belluno Dolomiti e del Gruppo Giovani<\/p>\n","protected":false},"excerpt":{"rendered":"<p>BELLUNO\u00a0La sua storia, poco meno di un anno fa, \u00e8 stata anche raccontata da una fiction Rai di successo; del resto, quella di Enzo Muscia, \u00e8 una vicenda umana e imprenditoriale da record e sar\u00e0 lui stesso a ripercorrerla \u2013 in un evento on-line in programma per il 17 novembre alle 18 &#8211; davanti ai&hellip;<\/p>\n","protected":false},"author":4,"featured_media":0,"comment_status":"closed","ping_status":"closed","sticky":false,"template":"","format":"standard","meta":{"_monsterinsights_skip_tracking":false,"_monsterinsights_sitenote_active":false,"_monsterinsights_sitenote_note":"","_monsterinsights_sitenote_category":0,"footnotes":""},"categories":[49],"tags":[],"class_list":["post-172431","post","type-post","status-publish","format-standard","hentry","category-news-18","category-49","description-off"],"img_url":false,"_links":{"self":[{"href":"https:\/\/www.radiopiu.net\/wordpress\/wp-json\/wp\/v2\/posts\/172431","targetHints":{"allow":["GET"]}}],"collection":[{"href":"https:\/\/www.radiopiu.net\/wordpress\/wp-json\/wp\/v2\/posts"}],"about":[{"href":"https:\/\/www.radiopiu.net\/wordpress\/wp-json\/wp\/v2\/types\/post"}],"author":[{"embeddable":true,"href":"https:\/\/www.radiopiu.net\/wordpress\/wp-json\/wp\/v2\/users\/4"}],"replies":[{"embeddable":true,"href":"https:\/\/www.radiopiu.net\/wordpress\/wp-json\/wp\/v2\/comments?post=172431"}],"version-history":[{"count":0,"href":"https:\/\/www.radiopiu.net\/wordpress\/wp-json\/wp\/v2\/posts\/172431\/revisions"}],"wp:attachment":[{"href":"https:\/\/www.radiopiu.net\/wordpress\/wp-json\/wp\/v2\/media?parent=172431"}],"wp:term":[{"taxonomy":"category","embeddable":true,"href":"https:\/\/www.radiopiu.net\/wordpress\/wp-json\/wp\/v2\/categories?post=172431"},{"taxonomy":"post_tag","embeddable":true,"href":"https:\/\/www.radiopiu.net\/wordpress\/wp-json\/wp\/v2\/tags?post=172431"}],"curies":[{"name":"wp","href":"https:\/\/api.w.org\/{rel}","templated":true}]}}