{"id":172535,"date":"2020-11-13T23:59:14","date_gmt":"2020-11-13T22:59:14","guid":{"rendered":"https:\/\/www.radiopiu.net\/wordpress\/?p=172535"},"modified":"2020-11-13T17:31:49","modified_gmt":"2020-11-13T16:31:49","slug":"via-crucis-della-madonna-di-pare-nellatlante-dei-capitelli-di-limana-di-renato-bona","status":"publish","type":"post","link":"https:\/\/www.radiopiu.net\/wordpress\/via-crucis-della-madonna-di-pare-nellatlante-dei-capitelli-di-limana-di-renato-bona\/","title":{"rendered":"VIA CRUCIS DELLA MADONNA DI PAR\u00c8\u201d NELL\u2019ATLANTE DEI CAPITELLI DI LIMANA di RENATO BONA"},"content":{"rendered":"<p>&nbsp;<\/p>\n<p><strong>BELLUNO\u00a0<\/strong> Nel novembre 2001 Promoduck di Santa Giustina stampava per la Regione Veneto, la Provincia di Belluno e la Comunit\u00e0 montana Val Belluna, nell\u2019ambito del programma regionale Leader II del Gruppo di azione locale (Gal) 2 \u201cPrealpi e Dolomiti bellunesi e feltrine, l\u2019\u201cAtlante dei capitelli, cappelle, edicole, con piani di restauro e conservazione\u201d, stendendo inventario e catalogo del patrimonio esistente. La Comunit\u00e0 montana aveva affidato ad un gruppo di professionisti coordinato dall\u2019architetto Renato Da Re di Sedico, l\u2019incarico per la redazione appunto dei piani di restauro e conservazione nei territori di Sedico, Sospirolo e Limana con successivo piano di recupero della \u201cVia Crucis\u201d di Limana. Il lavoro ha comportato impegnative attivit\u00e0 di inventariazione, catalogazione, schedatura delle testimonianze minori del patrimonio pittorico-figurativo ed architettonico compreso nell\u2019ambito territoriale dei tre comuni. Ci soffermiamo in quest\u2019occasione, sul piano di intervento-progetto di recupero della \u201cVia Crucis\u201d limanese, con cenni storici che accompagnano l\u2019illustrazione della situazione delle singole \u201cstazioni\u201d. Si apprende cos\u00ec che \u201cla realizzazione del suggestivo sentiero risale al 1842, in concomitanza con i lavori di restauro che interessarono la chiesa di Madonna di Par\u00e8, punto d\u2019arrivo del sacro percorso\u201d. Viene ricordato che \u201cPer incrementare la pratica devozionale nel piccolo santuario ed accrescere la frequentazione, il cappellano di Limana, don Giuseppe Sandi, fece ampliare la strada di accesso proveniente dal villaggio di Giaon, collocando ai lati 14 capitelli con le stazioni della Via Crucis. Le immagini ad olio raffiguranti le tappe del Calvario di Cristo furono realizzate da Galeazzo Monti (1790-1857). La solenne benedizione dei capitelli, con annessa concessione delle previste indulgenze, avvenne il 7 ottobre 1842; nella circostanza al benemerito don Giuseppe Sandi fu affidato l\u2019incarico di \u2018Direttore della Pia Istituzione della Via Crucis\u2019\u201d. Nel 1883 &#8211; ricordano i tecnici \u2013 si procedette ad un primo radicale restauro dei piccoli sacelli, culminato con una nuova benedizione. E ricordano che \u201cIntorno al 1900, al termine del sentiero vennero collocate tre grandi croci (sostituite nella primavera dell\u2019anno 2000) con l\u2019evidente funzione di rendere ancora pi\u00f9 verosimile la rievocazione della passione di Cristo. Qualche decennio dopo si present\u00f2 l\u2019esigenza di provvedere ad un ulteriore restauro dei capitelli e venne costituito apposito comitato formato da esperti e volenterosi coordinati da Luigi Gasperin (febbraio 1940). Durante i tristi momenti della seconda guerra mondiale, la popolazione limanese, esortata dall\u2019allora arciprete don Paolo Pescosta deliber\u00f2 di eseguire i necessari restauri, qualora la Madonna di Par\u00e8 avesse protetto il territorio comunale dalle pesanti conseguenze dei combattimenti. Nel 1946, nonostante le misere condizioni economiche, il voto venne sciolto ed ognuna delle 11 frazioni del comune si prese cura del rifacimento di un capitello, i tre rimanenti (stazioni XII, XIII e XIV) vennero ripristinati per intervento dell\u2019amministrazione pubblica e delle famiglie Roncada Romano e Bianchet Gioacchino\u201d. Spiegano poi che \u201cSulla parete nord di ciascun sacello \u00e8 ancora visibile la scritta col nome della frazione o della famiglia offerente. La realizzazione dei dipinti collocati nelle nicchie fu commissionata al pittore Luigi Vardanega (1909-1988) assai attivo nella zona di Limana, dove ha eseguito, fra l\u2019altro, alcuni affreschi nelle chiese di Villa e Cesa\u201d. Richiamano quindi il fatto che \u201cun tempo, la sera del Venerd\u00ec Santo, la Via Crucis era teatro di una partecipata cerimonia, durante la quale gli abitanti delle frazioni di Limana, giunti processionalmente dalla chiesa parrocchiale, percorrevano alla luce delle fiaccole il sentiero sostando ad ogni stazione, fino a raggiungere la chiesa di Madonna Par\u00e8; attualmente il suggestivo rito \u00e8 stato spostato al venerd\u00ec precedente\u201d. Segue la serie delle immagini (qui riprodotte dalla pubblicazione) accostata all\u2019elencazione e descrizione di: epoca di costruzione, dimensioni, architettura, stato di conservazione, necessit\u00e0 di intervento, iscrizioni, immagini votive dei singoli capitelli: \u201cCristo coronato di spine\u201da Giaon centro (con quadro su supporto ligneo del 1985 circa), \u201cGes\u00f9 condannato a morte\u201d in localit\u00e0 Madonna di Par\u00e8 come tutti gli altri (con quadro di \u201cGes\u00f9 davanti a Pilato\u201d di Luigi Vardanega, del 1946, come tutti gli altri che seguiranno); \u201cGes\u00f9 riceve la Croce\u201d; \u201cPrima caduta di Ges\u00f9 sul Calvario\u201d; \u201cIncontro di Ges\u00f9 con la Madonna\u201d; \u201cGes\u00f9 e il cireneo\u201d; \u201cGes\u00f9 e la Veronica\u201d; \u201cSeconda caduta di Ges\u00f9\u201d; \u201cGes\u00f9 e le pie donne\u201d; \u201cTerza caduta di Ges\u00f9\u201d; \u201cGes\u00f9 spogliato ed abbeverato\u201d; \u201cGes\u00f9 crocifisso\u201d; \u201cGes\u00f9 morto in croce\u201d; \u201cGes\u00f9 deposto dalla croce\u201d;\u201dGes\u00f9 posto sul sepolcro\u201d. In chiusura della relazione tecnica i redattori esprimono l\u2019auspicio che \u201cdalla lettura delle schede sia possibile ritrovare aspetti poco conosciuti,, e talvolta curiosi, di una tradizione popolare che rischia di essere dimenticata ed alla riscoperta della quale, forse, questo studio \u00e8 riuscito a dare un piccolo contributo\u201d.<\/p>\n\n\t\t\t<style type='text\/css'>\n\t\t\t\t#gallery-1 {\n\t\t\t\t\tmargin: auto;\n\t\t\t\t}\n\t\t\t\t#gallery-1 .gallery-item {\n\t\t\t\t\tfloat: left;\n\t\t\t\t\tmargin-top: 10px;\n\t\t\t\t\ttext-align: center;\n\t\t\t\t\twidth: 12%;\n\t\t\t\t}\n\t\t\t\t#gallery-1 img {\n\t\t\t\t\tborder: 2px solid #cfcfcf;\n\t\t\t\t}\n\t\t\t\t#gallery-1 .gallery-caption {\n\t\t\t\t\tmargin-left: 0;\n\t\t\t\t}\n\t\t\t\t\/* see gallery_shortcode() in wp-includes\/media.php *\/\n\t\t\t<\/style>\n\t\t<div id='gallery-1' class='dt-gallery-container gallery galleryid-172535 gallery-columns-8 gallery-size-thumbnail'><dl class='gallery-item'>\n\t\t\t\t<dt class='gallery-icon portrait'>\n\t\t\t\t\t<a class=\"rollover rollover-zoom dt-pswp-item\" title=\"125219255_283203129699650_5021600109230173776_n\" data-dt-img-description=\"\" data-large_image_width=\"895\" data-large_image_height=\"2048\"href='https:\/\/www.radiopiu.net\/wordpress\/wp-content\/uploads\/2020\/11\/125219255_283203129699650_5021600109230173776_n.jpg'><img loading=\"lazy\" decoding=\"async\" width=\"150\" height=\"150\" src=\"https:\/\/www.radiopiu.net\/wordpress\/wp-content\/uploads\/2020\/11\/125219255_283203129699650_5021600109230173776_n-150x150.jpg\" class=\"attachment-thumbnail size-thumbnail\" alt=\"\" \/><\/a>\n\t\t\t\t<\/dt><\/dl><dl class='gallery-item'>\n\t\t\t\t<dt class='gallery-icon portrait'>\n\t\t\t\t\t<a class=\"rollover rollover-zoom dt-pswp-item\" title=\"125233584_2786725908320370_5076046114487599569_n\" data-dt-img-description=\"\" data-large_image_width=\"862\" data-large_image_height=\"2048\"href='https:\/\/www.radiopiu.net\/wordpress\/wp-content\/uploads\/2020\/11\/125233584_2786725908320370_5076046114487599569_n.jpg'><img loading=\"lazy\" decoding=\"async\" width=\"150\" height=\"150\" src=\"https:\/\/www.radiopiu.net\/wordpress\/wp-content\/uploads\/2020\/11\/125233584_2786725908320370_5076046114487599569_n-150x150.jpg\" class=\"attachment-thumbnail size-thumbnail\" alt=\"\" \/><\/a>\n\t\t\t\t<\/dt><\/dl><dl class='gallery-item'>\n\t\t\t\t<dt class='gallery-icon portrait'>\n\t\t\t\t\t<a class=\"rollover rollover-zoom dt-pswp-item\" title=\"124980092_370063587751718_9060977314060744092_n\" data-dt-img-description=\"\" data-large_image_width=\"706\" data-large_image_height=\"2048\"href='https:\/\/www.radiopiu.net\/wordpress\/wp-content\/uploads\/2020\/11\/124980092_370063587751718_9060977314060744092_n.jpg'><img loading=\"lazy\" decoding=\"async\" width=\"150\" height=\"150\" src=\"https:\/\/www.radiopiu.net\/wordpress\/wp-content\/uploads\/2020\/11\/124980092_370063587751718_9060977314060744092_n-150x150.jpg\" class=\"attachment-thumbnail size-thumbnail\" alt=\"\" \/><\/a>\n\t\t\t\t<\/dt><\/dl><dl class='gallery-item'>\n\t\t\t\t<dt class='gallery-icon portrait'>\n\t\t\t\t\t<a class=\"rollover rollover-zoom dt-pswp-item\" title=\"125459453_3657687570948165_566673789902810808_n\" data-dt-img-description=\"\" data-large_image_width=\"945\" data-large_image_height=\"2048\"href='https:\/\/www.radiopiu.net\/wordpress\/wp-content\/uploads\/2020\/11\/125459453_3657687570948165_566673789902810808_n.jpg'><img loading=\"lazy\" decoding=\"async\" width=\"150\" height=\"150\" src=\"https:\/\/www.radiopiu.net\/wordpress\/wp-content\/uploads\/2020\/11\/125459453_3657687570948165_566673789902810808_n-150x150.jpg\" class=\"attachment-thumbnail size-thumbnail\" alt=\"\" \/><\/a>\n\t\t\t\t<\/dt><\/dl><dl class='gallery-item'>\n\t\t\t\t<dt class='gallery-icon portrait'>\n\t\t\t\t\t<a class=\"rollover rollover-zoom dt-pswp-item\" title=\"125218891_1325442947790975_3874609134406779315_n\" data-dt-img-description=\"\" data-large_image_width=\"908\" data-large_image_height=\"2048\"href='https:\/\/www.radiopiu.net\/wordpress\/wp-content\/uploads\/2020\/11\/125218891_1325442947790975_3874609134406779315_n.jpg'><img loading=\"lazy\" decoding=\"async\" width=\"150\" height=\"150\" src=\"https:\/\/www.radiopiu.net\/wordpress\/wp-content\/uploads\/2020\/11\/125218891_1325442947790975_3874609134406779315_n-150x150.jpg\" class=\"attachment-thumbnail size-thumbnail\" alt=\"\" \/><\/a>\n\t\t\t\t<\/dt><\/dl><dl class='gallery-item'>\n\t\t\t\t<dt class='gallery-icon portrait'>\n\t\t\t\t\t<a class=\"rollover rollover-zoom dt-pswp-item\" title=\"125405249_368548317699801_8531615807499864840_n\" data-dt-img-description=\"\" data-large_image_width=\"899\" data-large_image_height=\"2048\"href='https:\/\/www.radiopiu.net\/wordpress\/wp-content\/uploads\/2020\/11\/125405249_368548317699801_8531615807499864840_n.jpg'><img loading=\"lazy\" decoding=\"async\" width=\"150\" height=\"150\" src=\"https:\/\/www.radiopiu.net\/wordpress\/wp-content\/uploads\/2020\/11\/125405249_368548317699801_8531615807499864840_n-150x150.jpg\" class=\"attachment-thumbnail size-thumbnail\" alt=\"\" \/><\/a>\n\t\t\t\t<\/dt><\/dl><dl class='gallery-item'>\n\t\t\t\t<dt class='gallery-icon portrait'>\n\t\t\t\t\t<a class=\"rollover rollover-zoom dt-pswp-item\" title=\"125492341_653334608619322_5247481104185097865_n\" data-dt-img-description=\"\" data-large_image_width=\"151\" data-large_image_height=\"260\"href='https:\/\/www.radiopiu.net\/wordpress\/wp-content\/uploads\/2020\/11\/125492341_653334608619322_5247481104185097865_n.jpg'><img loading=\"lazy\" decoding=\"async\" width=\"150\" height=\"150\" src=\"https:\/\/www.radiopiu.net\/wordpress\/wp-content\/uploads\/2020\/11\/125492341_653334608619322_5247481104185097865_n-150x150.jpg\" class=\"attachment-thumbnail size-thumbnail\" alt=\"\" \/><\/a>\n\t\t\t\t<\/dt><\/dl><dl class='gallery-item'>\n\t\t\t\t<dt class='gallery-icon portrait'>\n\t\t\t\t\t<a class=\"rollover rollover-zoom dt-pswp-item\" title=\"125284728_977365352753677_6565717144781690092_n\" data-dt-img-description=\"\" data-large_image_width=\"878\" data-large_image_height=\"1796\"href='https:\/\/www.radiopiu.net\/wordpress\/wp-content\/uploads\/2020\/11\/125284728_977365352753677_6565717144781690092_n.jpg'><img loading=\"lazy\" decoding=\"async\" width=\"150\" height=\"150\" src=\"https:\/\/www.radiopiu.net\/wordpress\/wp-content\/uploads\/2020\/11\/125284728_977365352753677_6565717144781690092_n-150x150.jpg\" class=\"attachment-thumbnail size-thumbnail\" alt=\"\" \/><\/a>\n\t\t\t\t<\/dt><\/dl><br style=\"clear: both\" \/><dl class='gallery-item'>\n\t\t\t\t<dt class='gallery-icon portrait'>\n\t\t\t\t\t<a class=\"rollover rollover-zoom dt-pswp-item\" title=\"125133298_702829560662619_3763267711999650697_n\" data-dt-img-description=\"\" data-large_image_width=\"946\" data-large_image_height=\"2048\"href='https:\/\/www.radiopiu.net\/wordpress\/wp-content\/uploads\/2020\/11\/125133298_702829560662619_3763267711999650697_n.jpg'><img loading=\"lazy\" decoding=\"async\" width=\"150\" height=\"150\" src=\"https:\/\/www.radiopiu.net\/wordpress\/wp-content\/uploads\/2020\/11\/125133298_702829560662619_3763267711999650697_n-150x150.jpg\" class=\"attachment-thumbnail size-thumbnail\" alt=\"\" \/><\/a>\n\t\t\t\t<\/dt><\/dl><dl class='gallery-item'>\n\t\t\t\t<dt class='gallery-icon portrait'>\n\t\t\t\t\t<a class=\"rollover rollover-zoom dt-pswp-item\" title=\"125237876_645785432760691_4752119030794524192_n\" data-dt-img-description=\"\" data-large_image_width=\"973\" data-large_image_height=\"2048\"href='https:\/\/www.radiopiu.net\/wordpress\/wp-content\/uploads\/2020\/11\/125237876_645785432760691_4752119030794524192_n.jpg'><img loading=\"lazy\" decoding=\"async\" width=\"150\" height=\"150\" src=\"https:\/\/www.radiopiu.net\/wordpress\/wp-content\/uploads\/2020\/11\/125237876_645785432760691_4752119030794524192_n-150x150.jpg\" class=\"attachment-thumbnail size-thumbnail\" alt=\"\" \/><\/a>\n\t\t\t\t<\/dt><\/dl><dl class='gallery-item'>\n\t\t\t\t<dt class='gallery-icon portrait'>\n\t\t\t\t\t<a class=\"rollover rollover-zoom dt-pswp-item\" title=\"125248375_1007358226342198_2428523517238985713_n\" data-dt-img-description=\"\" data-large_image_width=\"952\" data-large_image_height=\"2048\"href='https:\/\/www.radiopiu.net\/wordpress\/wp-content\/uploads\/2020\/11\/125248375_1007358226342198_2428523517238985713_n.jpg'><img loading=\"lazy\" decoding=\"async\" width=\"150\" height=\"150\" src=\"https:\/\/www.radiopiu.net\/wordpress\/wp-content\/uploads\/2020\/11\/125248375_1007358226342198_2428523517238985713_n-150x150.jpg\" class=\"attachment-thumbnail size-thumbnail\" alt=\"\" \/><\/a>\n\t\t\t\t<\/dt><\/dl><dl class='gallery-item'>\n\t\t\t\t<dt class='gallery-icon portrait'>\n\t\t\t\t\t<a class=\"rollover rollover-zoom dt-pswp-item\" title=\"125126636_714922486119154_8100039790201276098_n\" data-dt-img-description=\"\" data-large_image_width=\"939\" data-large_image_height=\"2048\"href='https:\/\/www.radiopiu.net\/wordpress\/wp-content\/uploads\/2020\/11\/125126636_714922486119154_8100039790201276098_n.jpg'><img loading=\"lazy\" decoding=\"async\" width=\"150\" height=\"150\" src=\"https:\/\/www.radiopiu.net\/wordpress\/wp-content\/uploads\/2020\/11\/125126636_714922486119154_8100039790201276098_n-150x150.jpg\" class=\"attachment-thumbnail size-thumbnail\" alt=\"\" \/><\/a>\n\t\t\t\t<\/dt><\/dl><dl class='gallery-item'>\n\t\t\t\t<dt class='gallery-icon portrait'>\n\t\t\t\t\t<a class=\"rollover rollover-zoom dt-pswp-item\" title=\"125012461_363755874846132_4704906691805302416_n\" data-dt-img-description=\"\" data-large_image_width=\"943\" data-large_image_height=\"2048\"href='https:\/\/www.radiopiu.net\/wordpress\/wp-content\/uploads\/2020\/11\/125012461_363755874846132_4704906691805302416_n.jpg'><img loading=\"lazy\" decoding=\"async\" width=\"150\" height=\"150\" src=\"https:\/\/www.radiopiu.net\/wordpress\/wp-content\/uploads\/2020\/11\/125012461_363755874846132_4704906691805302416_n-150x150.jpg\" class=\"attachment-thumbnail size-thumbnail\" alt=\"\" \/><\/a>\n\t\t\t\t<\/dt><\/dl><dl class='gallery-item'>\n\t\t\t\t<dt class='gallery-icon portrait'>\n\t\t\t\t\t<a class=\"rollover rollover-zoom dt-pswp-item\" title=\"125345239_389997275478101_3358498549243666275_n\" data-dt-img-description=\"\" data-large_image_width=\"962\" data-large_image_height=\"2048\"href='https:\/\/www.radiopiu.net\/wordpress\/wp-content\/uploads\/2020\/11\/125345239_389997275478101_3358498549243666275_n.jpg'><img loading=\"lazy\" decoding=\"async\" width=\"150\" height=\"150\" src=\"https:\/\/www.radiopiu.net\/wordpress\/wp-content\/uploads\/2020\/11\/125345239_389997275478101_3358498549243666275_n-150x150.jpg\" class=\"attachment-thumbnail size-thumbnail\" alt=\"\" \/><\/a>\n\t\t\t\t<\/dt><\/dl><dl class='gallery-item'>\n\t\t\t\t<dt class='gallery-icon portrait'>\n\t\t\t\t\t<a class=\"rollover rollover-zoom dt-pswp-item\" title=\"125210601_822798258455251_8611747379444244702_n\" data-dt-img-description=\"\" data-large_image_width=\"900\" data-large_image_height=\"2048\"href='https:\/\/www.radiopiu.net\/wordpress\/wp-content\/uploads\/2020\/11\/125210601_822798258455251_8611747379444244702_n.jpg'><img loading=\"lazy\" decoding=\"async\" width=\"150\" height=\"150\" src=\"https:\/\/www.radiopiu.net\/wordpress\/wp-content\/uploads\/2020\/11\/125210601_822798258455251_8611747379444244702_n-150x150.jpg\" class=\"attachment-thumbnail size-thumbnail\" alt=\"\" \/><\/a>\n\t\t\t\t<\/dt><\/dl><dl class='gallery-item'>\n\t\t\t\t<dt class='gallery-icon portrait'>\n\t\t\t\t\t<a class=\"rollover rollover-zoom dt-pswp-item\" title=\"125275388_1006605619845548_6838867938665670107_n\" data-dt-img-description=\"\" data-large_image_width=\"951\" data-large_image_height=\"2048\"href='https:\/\/www.radiopiu.net\/wordpress\/wp-content\/uploads\/2020\/11\/125275388_1006605619845548_6838867938665670107_n.jpg'><img loading=\"lazy\" decoding=\"async\" width=\"150\" height=\"150\" src=\"https:\/\/www.radiopiu.net\/wordpress\/wp-content\/uploads\/2020\/11\/125275388_1006605619845548_6838867938665670107_n-150x150.jpg\" class=\"attachment-thumbnail size-thumbnail\" alt=\"\" \/><\/a>\n\t\t\t\t<\/dt><\/dl><br style=\"clear: both\" \/>\n\t\t\t<\/div>\n\n","protected":false},"excerpt":{"rendered":"<p>&nbsp; BELLUNO\u00a0 Nel novembre 2001 Promoduck di Santa Giustina stampava per la Regione Veneto, la Provincia di Belluno e la Comunit\u00e0 montana Val Belluna, nell\u2019ambito del programma regionale Leader II del Gruppo di azione locale (Gal) 2 \u201cPrealpi e Dolomiti bellunesi e feltrine, l\u2019\u201cAtlante dei capitelli, cappelle, edicole, con piani di restauro e conservazione\u201d, stendendo&hellip;<\/p>\n","protected":false},"author":4,"featured_media":172542,"comment_status":"closed","ping_status":"closed","sticky":false,"template":"","format":"standard","meta":{"_monsterinsights_skip_tracking":false,"_monsterinsights_sitenote_active":false,"_monsterinsights_sitenote_note":"","_monsterinsights_sitenote_category":0,"footnotes":""},"categories":[49],"tags":[],"class_list":["post-172535","post","type-post","status-publish","format-standard","has-post-thumbnail","hentry","category-news-18","category-49","description-off"],"img_url":"https:\/\/www.radiopiu.net\/wordpress\/wp-content\/uploads\/2020\/11\/125492341_653334608619322_5247481104185097865_n.jpg","_links":{"self":[{"href":"https:\/\/www.radiopiu.net\/wordpress\/wp-json\/wp\/v2\/posts\/172535","targetHints":{"allow":["GET"]}}],"collection":[{"href":"https:\/\/www.radiopiu.net\/wordpress\/wp-json\/wp\/v2\/posts"}],"about":[{"href":"https:\/\/www.radiopiu.net\/wordpress\/wp-json\/wp\/v2\/types\/post"}],"author":[{"embeddable":true,"href":"https:\/\/www.radiopiu.net\/wordpress\/wp-json\/wp\/v2\/users\/4"}],"replies":[{"embeddable":true,"href":"https:\/\/www.radiopiu.net\/wordpress\/wp-json\/wp\/v2\/comments?post=172535"}],"version-history":[{"count":0,"href":"https:\/\/www.radiopiu.net\/wordpress\/wp-json\/wp\/v2\/posts\/172535\/revisions"}],"wp:featuredmedia":[{"embeddable":true,"href":"https:\/\/www.radiopiu.net\/wordpress\/wp-json\/wp\/v2\/media\/172542"}],"wp:attachment":[{"href":"https:\/\/www.radiopiu.net\/wordpress\/wp-json\/wp\/v2\/media?parent=172535"}],"wp:term":[{"taxonomy":"category","embeddable":true,"href":"https:\/\/www.radiopiu.net\/wordpress\/wp-json\/wp\/v2\/categories?post=172535"},{"taxonomy":"post_tag","embeddable":true,"href":"https:\/\/www.radiopiu.net\/wordpress\/wp-json\/wp\/v2\/tags?post=172535"}],"curies":[{"name":"wp","href":"https:\/\/api.w.org\/{rel}","templated":true}]}}