{"id":172612,"date":"2020-11-15T07:32:15","date_gmt":"2020-11-15T06:32:15","guid":{"rendered":"https:\/\/www.radiopiu.net\/wordpress\/?p=172612"},"modified":"2020-11-15T08:41:56","modified_gmt":"2020-11-15T07:41:56","slug":"giornale-radiopiu-15-novembre-2020-direttore-mirko-mezzacasa","status":"publish","type":"post","link":"https:\/\/www.radiopiu.net\/wordpress\/giornale-radiopiu-15-novembre-2020-direttore-mirko-mezzacasa\/","title":{"rendered":"GIORNALE RADIOPIU 15 NOVEMBRE 2020 DIRETTORE MIRKO MEZZACASA"},"content":{"rendered":"<h3>PER<strong> RICEVERE QUESTO NOTIZIARIO DIRETTAMENTE SUL TUO CELLULARE ISCRIVITI AL CANALE TELEGRAM <\/strong><strong>\u201cRADIO PIU\u00a0 INFORMAZIONE&#8221;<\/strong><\/h3>\n<p><em>ATTENZIONE: LA NUOVA APP PER IOS-IPHONE<\/em><\/p>\n<div>\n<div><a href=\"https:\/\/apps.apple.com\/it\/app\/radio-pi%C3%B9-emittente-agordina\/id1515939845\">https:\/\/apps.apple.com\/it\/app\/radio-pi%C3%B9-emittente-agordina\/id1515939845<\/a><\/div>\n<\/div>\n<div><\/div>\n<div>\n<div dir=\"auto\"><em>ATTENZIONE: LA NUOVA APP RADIO\u00a0 PER ANDROID<\/em><\/div>\n<\/div>\n<p><a href=\"https:\/\/play.google.com\/store\/apps\/details?id=net.radiopiu.iniko\" target=\"_blank\" rel=\"noopener noreferrer\">https:\/\/play.google.com\/store\/apps\/details?id=net.radiopiu.iniko\u00a0\u00a0<\/a><\/p>\n<p>&nbsp;<\/p>\n<hr \/>\n<p>&nbsp;<\/p>\n<blockquote>\n<h3>L&#8217;AUTOCERTIFICAZIONE<\/h3>\n<\/blockquote>\n<p><a href=\"https:\/\/www.radiopiu.net\/wordpress\/wp-content\/uploads\/2020\/11\/modello_autodichiarazione_editabile_ottobre_2020.pdf\">PER SCARICARE L&#8217;AUTOCERTIFICAZIONE CLICCA QUI<\/a><\/p>\n<p>&nbsp;<\/p>\n<hr \/>\n<p>&nbsp;<\/p>\n<hr \/>\n<p>&nbsp;<\/p>\n<blockquote class=\"wp-embedded-content\" data-secret=\"ah8N2hzyiD\"><p><a href=\"https:\/\/www.radiopiu.net\/wordpress\/emergenza-covid-19-il-messaggio-dei-sindaci-dellagordino\/\">EMERGENZA COVID-19: IL MESSAGGIO DEI SINDACI DELL&#8217;AGORDINO<\/a><\/p><\/blockquote>\n<p><iframe loading=\"lazy\" class=\"wp-embedded-content\" sandbox=\"allow-scripts\" security=\"restricted\" style=\"position: absolute; clip: rect(1px, 1px, 1px, 1px);\" title=\"&#8220;EMERGENZA COVID-19: IL MESSAGGIO DEI SINDACI DELL&#8217;AGORDINO&#8221; &#8212; Radio Pi\u00f9\" src=\"https:\/\/www.radiopiu.net\/wordpress\/emergenza-covid-19-il-messaggio-dei-sindaci-dellagordino\/embed\/#?secret=ah8N2hzyiD\" data-secret=\"ah8N2hzyiD\" width=\"600\" height=\"338\" frameborder=\"0\" marginwidth=\"0\" marginheight=\"0\" scrolling=\"no\"><\/iframe><\/p>\n<p>&nbsp;<\/p>\n<blockquote>\n<h2>SILVIA CESTARO, CONSIGLIERE REGIONALE, PRESENZA IMPORTANTE IN COMMISSIONI FONDAMENTALI ANCHE PER L&#8217;AGORDINO<\/h2>\n<p>&nbsp;<\/p><\/blockquote>\n<p><strong><a href=\"https:\/\/www.radiopiu.net\/wordpress\/i-vigili-del-fuoco-volontari-di-selva-di-cadore-sanificano-le-strade\/silva-cestaro-2020\/\" rel=\"attachment wp-att-130287\"><img loading=\"lazy\" decoding=\"async\" class=\"size-medium wp-image-130287 alignleft\" src=\"https:\/\/www.radiopiu.net\/wordpress\/wp-content\/uploads\/2020\/04\/SILVA-CESTARO-2020-225x300.jpg\" alt=\"\" width=\"225\" height=\"300\" srcset=\"https:\/\/www.radiopiu.net\/wordpress\/wp-content\/uploads\/2020\/04\/SILVA-CESTARO-2020-225x300.jpg 225w, https:\/\/www.radiopiu.net\/wordpress\/wp-content\/uploads\/2020\/04\/SILVA-CESTARO-2020-768x1024.jpg 768w, https:\/\/www.radiopiu.net\/wordpress\/wp-content\/uploads\/2020\/04\/SILVA-CESTARO-2020-1152x1536.jpg 1152w, https:\/\/www.radiopiu.net\/wordpress\/wp-content\/uploads\/2020\/04\/SILVA-CESTARO-2020.jpg 1200w\" sizes=\"auto, (max-width: 225px) 100vw, 225px\" \/><\/a>SELVA DI CADORE<\/strong> Il comune di Selva Di Cadore \u00e8 commissariato. Infatti Silvia Cestaro \u00e8 consigliere regionale dopo le ultime elezioni. Una presenza importante in commissioni fondamentali, anche per l&#8217;Agordino.<\/p>\n<p><strong>AI MICROFONI DI RADIO PIU&#8217; IL CONSIGLIERE REGIONALE SILVIA CESTARO<\/strong><\/p>\n<audio class=\"wp-audio-shortcode\" id=\"audio-172612-1\" preload=\"none\" style=\"width: 100%;\" controls=\"controls\"><source type=\"audio\/mpeg\" src=\"https:\/\/www.radiopiu.net\/wordpress\/wp-content\/uploads\/2020\/11\/GR-930.mp3?_=1\" \/><a href=\"https:\/\/www.radiopiu.net\/wordpress\/wp-content\/uploads\/2020\/11\/GR-930.mp3\">https:\/\/www.radiopiu.net\/wordpress\/wp-content\/uploads\/2020\/11\/GR-930.mp3<\/a><\/audio>\n<p>&nbsp;<\/p>\n<p>&nbsp;<\/p>\n<p>&nbsp;<\/p>\n<p>&nbsp;<\/p>\n<hr \/>\n<p>&nbsp;<\/p>\n<blockquote>\n<h3>TAIBON Istituzione del divieto di accesso e di sosta su tutta la piazza San Cipriano oggetto di lavori di manutenzione straordinaria per il rifacimento del piano viabile danneggiato, lungo le intersezioni con via Aivata, via Paris Bordone e via\u00a0 Besarel, dal 12 novembre al 27 novembre, comunque fino al termine dei lavori.\u00a0 Resta possibile, in funzione delle varie aree di lavorazione, la temporanea istituzione di corridoi di accesso su parte della piazza da parte della ditta esecutrice dei lavori;<span style=\"color: #0000ff;\"> Le corse delle linee extraurbane della Dolomitibus ometteranno il transito alla fermata di San Cipriano transitando lungo la regionale 203 agordina. Le corse Villanova-Agordo effettueranno il percorso alternativo per Strapont omettendo la tratta per San Cipriano-Municipio. Verranno pertanto soppresse le fermate: San Cipriano, Napi, Piazza Municipio, saranno attivate quelle sul percorso per Strapont.<\/span><\/h3>\n<\/blockquote>\n<p>&nbsp;<\/p>\n<blockquote>\n<h3>CANALE D&#8217;AGORDO Divieto di transito al traffico veicolare, sul tratto di strada comunale dalla Piazza Papa Luciani all\u2019innesto di Via XX Agosto 1944 in entrambi i sensi di marcia , per lavori di allacciamento idrico e gas GPL dalle 7 alle\u00a0 17,\u00a0 da luned\u00ec 16 novembre a venerd\u00ec 20 novembre 2020, e comunque sino a termine dei lavori. Per lo stesso periodo temporale, \u00e8 istituito un senso unico alternato regolato da impianto semaforico in Via Tancon (dall\u2019altezza del civico n. 5) e Via Lotta (all\u2019altezza del civico n. 9), un senso unico in Via Lotta dal bivio di Via Roma fino al bivio di Via Mezzavilla. Inoltre nello stesso periodo temporale, \u00e8 istituito il divieto di transito ai veicoli pesanti(autobus turistici e camion) sul tratto di viabilit\u00e0 alternativa;<\/h3>\n<\/blockquote>\n<p>&nbsp;<\/p>\n<hr \/>\n<p>&nbsp;<\/p>\n<blockquote>\n<h3>COVID IN PROVINCIA: UN DECESSO, 185 NUOVI POSITIVI E 136 SOGGETTI RICOVERATI NEGLI OSPEDALI BELLUNESI<\/h3>\n<\/blockquote>\n<p><strong><a href=\"https:\/\/www.radiopiu.net\/wordpress\/covid-in-provincia-un-decesso-185-nuovi-positivi-e-136-soggetti-ricoverati-negli-ospedali-bellunesi\/img_20201114_175711\/\" rel=\"attachment wp-att-172781\"><img loading=\"lazy\" decoding=\"async\" class=\" wp-image-172781 alignleft\" src=\"https:\/\/www.radiopiu.net\/wordpress\/wp-content\/uploads\/2020\/11\/IMG_20201114_175711-233x300.jpg\" alt=\"\" width=\"155\" height=\"199\" srcset=\"https:\/\/www.radiopiu.net\/wordpress\/wp-content\/uploads\/2020\/11\/IMG_20201114_175711-233x300.jpg 233w, https:\/\/www.radiopiu.net\/wordpress\/wp-content\/uploads\/2020\/11\/IMG_20201114_175711-797x1024.jpg 797w, https:\/\/www.radiopiu.net\/wordpress\/wp-content\/uploads\/2020\/11\/IMG_20201114_175711-768x987.jpg 768w, https:\/\/www.radiopiu.net\/wordpress\/wp-content\/uploads\/2020\/11\/IMG_20201114_175711.jpg 1140w\" sizes=\"auto, (max-width: 155px) 100vw, 155px\" \/><\/a>BELLUNO<\/strong> 185 nuove positivit\u00e0 nelle ultime 24 ore in provincia di Belluno. La situazione negli ospedali bellunesi: Ospedale San Martino di Belluno 55 ricoveri in area non critica e 5 in terapia intensiva. ospedale Santa Maria del Prato di Feltre 32 ricoveri in area non critica e 5 in terapia intensiva. Negli ospedali di comunit\u00e0: 4 ricoveri ad Alano, 10 a Feltre, 12 ad Agordo e 13 ad Auronzo.\u00a0Nelle ultime 24 ore sono \u00e8 deceduto un uomo covid positivo di anni 84 ricoverato in Medicina Covid a Belluno. Sono stati attivati ulteriori posti letto di terapia intensiva per pazienti Covid positivi nell\u2019area dell\u2019ex rianimazione (piano terra \u2013 Pad. Dalla Palma) dell\u2019ospedale di Feltre. \u00c8 in corso di attivazione un\u2019ulteriore area di degenza Covid a San Martino di Belluno (Ospedale di comunit\u00e0 Belluno). Nella giornata di oggi i pazienti Covid negativi ospitati nell\u2019ospedale di comunit\u00e0 sono stati trasferiti nelle unit\u00e0 operative di Medicina di Agordo e di Pieve di Cadore.<\/p>\n<p>&nbsp;<\/p>\n<p>&nbsp;<\/p>\n<p>&nbsp;<\/p>\n<p>&nbsp;<\/p>\n<hr \/>\n<p>&nbsp;<\/p>\n<blockquote>\n<h3>LE AFFERMAZIONI DI BOITO APRONO SCENARI INQUIETANTI. L&#8217;INTERVENTO DI ANDREA FIOCCO, FP CGIL<\/h3>\n<\/blockquote>\n<p><strong><a href=\"https:\/\/www.radiopiu.net\/wordpress\/fp-cgil-chiude-siano-applicati-i-corretti-utilizzi-dei-dpi\/fp-cgil\/\" rel=\"attachment wp-att-122552\"><img loading=\"lazy\" decoding=\"async\" class=\"size-full wp-image-122552 alignleft\" src=\"https:\/\/www.radiopiu.net\/wordpress\/wp-content\/uploads\/2020\/03\/fp-cgil.png\" alt=\"\" width=\"175\" height=\"191\" \/><\/a>BELLUNO<\/strong> Andrea Fiocco, segretario territoriale della FP CGIL, \u00e8 preoccupato dopo le affermazioni di Boito sulla certificazione delle mascherine che in alcune case di riposo vengono utilizzate. &#8221;\u00a0<em>Racconta di aver avuto da alcuni conoscenti le mascherine di cui parla (si riferisce a mascherine chirurgiche e FFP2, quelle usate nelle strutture soprattutto da quando c\u2019\u00e8 il covid), e di averle analizzate, senza avere mandato ufficiale &#8211; racconta Fiocco &#8211; \u00a0La sua azienda ha investito molto in questi mesi in strumentazioni che permettono di analizzare questi DPI (si parla di un test della paraffina). I risultati di cui riferisce sono a dir poco allarmanti: Ci sarebbero mascherine con la marcatura CE che coincide con un istituto che certifica solitamente macchine e non mascherine; L\u2019analisi fatta sulle FFP2, che dovrebbe avere un filtraggio del 94%, rivelerebbero un filtraggio in realt\u00e0 4 punti sotto. Naturalmente, come sindacalista che segue e tutela i lavoratori delle strutture residenziali, ho fatto un salto sulla sedia. Da giorni cerchiamo di comprendere le motivazioni per cui in questa seconda ondata le Case di Riposo sono cos\u00ec diffusamente invase da contagi, sia tra gli ospiti, sia tra i lavoratori. Ci sono aziende che hanno visto allontanarsi dal servizio, per andare in quarantena o perch\u00e9 malati, anche met\u00e0 del personale, con grave compromissione del servizio e sovraccarico per coloro che sono rimasti al lavoro. Per non parlare dei malati e dei morti tra gli ospiti. Questa notizia \u00e8 importantissima, e riteniamo giusto che si faccia un approfondimento, perch\u00e9 le affermazioni del Dr. Boito aprono scenari inquietanti. Quanti lotti di mascherine potrebbero essere nelle condizioni sopra descritte? E se questo problema investe le case di riposo, chi dice che non investa anche l\u2019Ulss 1 o le altre Ulss del Veneto, visto che gli ordinativi sono centralizzati?<\/em>&#8221;<\/p>\n<p><strong>ANDREA FIOCCO, FP CGIL<\/strong><\/p>\n<audio class=\"wp-audio-shortcode\" id=\"audio-172612-2\" preload=\"none\" style=\"width: 100%;\" controls=\"controls\"><source type=\"audio\/mpeg\" src=\"https:\/\/www.radiopiu.net\/wordpress\/wp-content\/uploads\/2020\/11\/FIOCCO-MASCHERINE.mp3?_=2\" \/><a href=\"https:\/\/www.radiopiu.net\/wordpress\/wp-content\/uploads\/2020\/11\/FIOCCO-MASCHERINE.mp3\">https:\/\/www.radiopiu.net\/wordpress\/wp-content\/uploads\/2020\/11\/FIOCCO-MASCHERINE.mp3<\/a><\/audio>\n<p>&nbsp;<\/p>\n<hr \/>\n<p>&nbsp;<\/p>\n<blockquote>\n<h3>DAL 15 NOVEMBRE L\u2019OBBLIGO DI PNEUMATICI DA NEVE O CATENE A BORDO<\/h3>\n<\/blockquote>\n<p><strong>SEDICO<\/strong> Veneto Strade ricorda che a partire dal 15 novembre 2020, e fino al 15 aprile 2021, tutti i veicoli circolanti lungo la viabilit\u00e0 devono essere muniti di pneumatici invernali\u00a0 o avere catene a bordo o altri mezzi antisdrucciolevoli omologati. Si ricorda che l\u2019obbligo \u00e8 prescritto in provincia di Belluno anche per la rete stradale ANAS e il tratto autostradale della A27.<\/p>\n<p><strong>PROVINCIALE 25 PASSO VALLES_CAVERSON<\/strong>\u00a0 INTERRUZIONI fino a 15 minuti dalle 7.30 alle 12 e dalle 13 alle 17, dal 9 al 20 novembre. Inoltre senso unico alternato regolato da movieri o semaforo per manutenzione sovrapasso pista da sci<\/p>\n<p>&nbsp;<\/p>\n<p>&nbsp;<\/p>\n<hr \/>\n<p>&nbsp;<\/p>\n<p>&nbsp;<\/p>\n<blockquote>\n<h3><a href=\"https:\/\/www.radiopiu.net\/wordpress\/giornale-radiopiu-15-novembre-2020-direttore-mirko-mezzacasa\/714e1fa6-beea-49fc-ab9f-1306c6aee214\/\" rel=\"attachment wp-att-172797\"><img loading=\"lazy\" decoding=\"async\" class=\" wp-image-172797 alignleft\" src=\"https:\/\/www.radiopiu.net\/wordpress\/wp-content\/uploads\/2020\/11\/714e1fa6-beea-49fc-ab9f-1306c6aee214-135x300.jpg\" alt=\"\" width=\"81\" height=\"180\" srcset=\"https:\/\/www.radiopiu.net\/wordpress\/wp-content\/uploads\/2020\/11\/714e1fa6-beea-49fc-ab9f-1306c6aee214-135x300.jpg 135w, https:\/\/www.radiopiu.net\/wordpress\/wp-content\/uploads\/2020\/11\/714e1fa6-beea-49fc-ab9f-1306c6aee214-461x1024.jpg 461w, https:\/\/www.radiopiu.net\/wordpress\/wp-content\/uploads\/2020\/11\/714e1fa6-beea-49fc-ab9f-1306c6aee214-691x1536.jpg 691w, https:\/\/www.radiopiu.net\/wordpress\/wp-content\/uploads\/2020\/11\/714e1fa6-beea-49fc-ab9f-1306c6aee214.jpg 720w\" sizes=\"auto, (max-width: 81px) 100vw, 81px\" \/><\/a> BOMBA NEL NEGOZIO, FERMATO UN AGORDINO<\/h3>\n<\/blockquote>\n<p><strong>TREVISO<\/strong> \u00a0Enrico Sorar\u00f9, 56 anni, originario di Rocca Pietore\u00a0 senza fissa dimora. \u00e8 stato identtificato dalle telecamere, soprattutto da Polizia e Caranieri, \u00e8 il responsabile dell&#8217;esplosione della bomba a mano riempita di biglie metalliche che ha danneggiato una vetrata del supermercato Pam di via Zorzetto a Treviso. L&#8217;atto dinamitardo non ha movente politico. Era una semplice vendetta contro l&#8217;esercizio commerciale per le cui molteplici denunce di furto Sorar\u00f9 aveva dovuto scontrare in galera un anno e 9 mesi.<\/p>\n<p>&nbsp;<\/p>\n<p>&nbsp;<\/p>\n<p>&nbsp;<\/p>\n<p>&nbsp;<\/p>\n<hr \/>\n<h3><\/h3>\n<blockquote>\n<h3>\u00a0MOTOCICLISTI IN OSPEDALE<\/h3>\n<\/blockquote>\n<p>Incidente ieri mattina, sulla provinciale 423, a Farra. Alle 10.58 uno \u00e8 caduto e l&#8217;altro \u00e8 finito a sua volta sull&#8217;asfalto per evitarlo. Entrambi trevigiani sono stati portati al San Martino: non sono gravi.<\/p>\n<p>&nbsp;<\/p>\n<p>&nbsp;<\/p>\n<hr \/>\n<p>&nbsp;<\/p>\n<blockquote>\n<h3><a href=\"https:\/\/www.radiopiu.net\/wordpress\/giornale-radiopiu-15-novembre-2020-direttore-mirko-mezzacasa\/safe_image-10\/\" rel=\"attachment wp-att-172798\"><img loading=\"lazy\" decoding=\"async\" class=\"size-medium wp-image-172798 alignleft\" src=\"https:\/\/www.radiopiu.net\/wordpress\/wp-content\/uploads\/2020\/11\/safe_image-300x156.jpg\" alt=\"\" width=\"300\" height=\"156\" srcset=\"https:\/\/www.radiopiu.net\/wordpress\/wp-content\/uploads\/2020\/11\/safe_image-300x156.jpg 300w, https:\/\/www.radiopiu.net\/wordpress\/wp-content\/uploads\/2020\/11\/safe_image.jpg 500w\" sizes=\"auto, (max-width: 300px) 100vw, 300px\" \/><\/a>E&#8217; MORTA L&#8217;EX DOCENTE MUSUMECI<\/h3>\n<\/blockquote>\n<p><strong>FELTRE<\/strong> Rita Musumeci era un&#8217;apprezzata docente di chimica in pensione. L&#8217;ha strappata alla vita una malattia incurabile. Numerosi gli attestati di stima degli ex studenti e colleghi di lavoro. Da tempo con il marito si dedicata alla scrittura con racconti destinati ai giovani, lascia anche un fratello e una sorella.<\/p>\n<p>&nbsp;<\/p>\n<p>&nbsp;<\/p>\n<p>&nbsp;<\/p>\n<p>&nbsp;<\/p>\n<hr \/>\n<blockquote>\n<h3><\/h3>\n<h3>SI FA CONSEGNARE 17 MILA EURO DA UN PENSIONATO. ARRESTATO E IN CARCERE A TREVISO<\/h3>\n<\/blockquote>\n<p><strong><a href=\"https:\/\/www.radiopiu.net\/wordpress\/si-fa-consegnare-17-mila-euro-da-un-pensionato-arrestato-e-in-carcere-a-treviso\/photo_2020-11-14_12-49-55\/\" rel=\"attachment wp-att-172655\"><img loading=\"lazy\" decoding=\"async\" class=\" wp-image-172655 alignleft\" src=\"https:\/\/www.radiopiu.net\/wordpress\/wp-content\/uploads\/2020\/11\/photo_2020-11-14_12-49-55-225x300.jpg\" alt=\"\" width=\"115\" height=\"153\" srcset=\"https:\/\/www.radiopiu.net\/wordpress\/wp-content\/uploads\/2020\/11\/photo_2020-11-14_12-49-55-225x300.jpg 225w, https:\/\/www.radiopiu.net\/wordpress\/wp-content\/uploads\/2020\/11\/photo_2020-11-14_12-49-55.jpg 768w\" sizes=\"auto, (max-width: 115px) 100vw, 115px\" \/><\/a>PIEVE DI SOLIGO <\/strong>Un venditore ambulante domiciliato a Belluno, ma di origini marocchine, \u00e8 stato arrestato e associato al carcere di Treviso dai Carabinieri di Pieve di Soligo. Il fatto a Refrontolo in provincia di Treviso dove l&#8217;uomo \u00e8 stato colto all&#8217;interno di un&#8217;abitazione dove si era appena fatto consegnare 1000 euro in contanti da un pensionato. Da tempo erano in atto episodi estorsivi, in particolare da 3 mesi lo straniero si era gi\u00e0 fatto consegnare dall&#8217;anziano, in pi\u00f9 occasioni, 17 mila euro. L&#8217;uomo \u00e8 stato colto in flagranza di reato, segno evidente che gli uomini dell&#8217;Arma erano sul &#8220;pezzo&#8221; pronti a far scattare la trappola che ha portato all&#8217;arresto del venditore ambulante.<\/p>\n<p>&nbsp;<\/p>\n<p>&nbsp;<\/p>\n<p>&nbsp;<\/p>\n<p>&nbsp;<\/p>\n<hr \/>\n<p>&nbsp;<\/p>\n<blockquote>\n<h3>A CORTINA TROVANO UN TRATTO GHIACCIATO E CHIAMANO AIUTO, A SELVA DI CADORE RECUPERATI 2 VENTENNI CON CANI AL SEGUITO<\/h3>\n<\/blockquote>\n<p><strong><a href=\"https:\/\/www.radiopiu.net\/wordpress\/recuperati-allalba-due-escursionisti-sulle-pale-di-san-lucano\/salt_20200809_102446_176_resized\/\" rel=\"attachment wp-att-154185\"><img loading=\"lazy\" decoding=\"async\" class=\" wp-image-154185 alignleft\" src=\"https:\/\/www.radiopiu.net\/wordpress\/wp-content\/uploads\/2020\/08\/salt_20200809_102446_176_resized-300x225.jpg\" alt=\"\" width=\"216\" height=\"162\" srcset=\"https:\/\/www.radiopiu.net\/wordpress\/wp-content\/uploads\/2020\/08\/salt_20200809_102446_176_resized-300x225.jpg 300w, https:\/\/www.radiopiu.net\/wordpress\/wp-content\/uploads\/2020\/08\/salt_20200809_102446_176_resized-1024x768.jpg 1024w, https:\/\/www.radiopiu.net\/wordpress\/wp-content\/uploads\/2020\/08\/salt_20200809_102446_176_resized-768x576.jpg 768w, https:\/\/www.radiopiu.net\/wordpress\/wp-content\/uploads\/2020\/08\/salt_20200809_102446_176_resized.jpg 1182w\" sizes=\"auto, (max-width: 216px) 100vw, 216px\" \/><\/a>CORTINA <\/strong>Ieri alle 14.30 circa l&#8217;elicottero del Suem di Pieve di Cadore \u00e8 decollato in direzione di Punta Anna, 2.700 metri di altitudine, a Cortina d&#8217;Ampezzo, poich\u00e9 due escursionisti, che avevano completato la ferrata che porta alla spalla della vetta, una volta usciti si erano trovati in un tratto ghiacciato e non si erano sentiti di proseguire. Individuati dall&#8217;equipaggio, i due, B.C., 48 anni, di Treviso, lei e G.R., 53 anni, di Vicenza, lui, sono stati imbarcati in hovering dal tecnico di elisoccorso e lasciati al Rifugio Dibona.<\/p>\n<p><strong>SELVA DI CADORE\u00a0<\/strong>Alle 16.30 l&#8217;eliambulanza \u00e8 volata verso il Monte Cernera, a Selva di Cadore, per una giovane coppia che aveva contattato il 118, dicendo che si trovava con i propri cani in difficolt\u00e0 sulla neve, ormai prossimo il buio. Rintracciati durante il sorvolo all&#8217;altezza di Forcella Ciazza, tra il Cernera e il Verdei, l&#8217;elicottero ha sbarcato il tecnico di elisoccorso, che ha fatto spostare i due ventenni emiliani e i loro 4 cani, tre di media grandezza al guinzaglio e uno piccolo nello zaino, in un punto agevoli per farli salire tutti quanti in hovering. Al limitare della scadenza effemeridi, gli escursionisti sono rientrati assieme all&#8217;equipaggio in aeroporto a Belluno.<\/p>\n<p>&nbsp;<\/p>\n<p>&nbsp;<\/p>\n<p>&nbsp;<\/p>\n<hr \/>\n<p>&nbsp;<\/p>\n<blockquote>\n<h3>CORDOGLIO PER LA MORTE DI FRANCO GELAIN<\/h3>\n<\/blockquote>\n<p><strong><a href=\"https:\/\/www.radiopiu.net\/wordpress\/giornale-radiopiu-14-novembre-2020-direttore-mirko-mezzacasa\/101803615_149768166655065_374412051746914304_o\/\" rel=\"attachment wp-att-172589\"><img loading=\"lazy\" decoding=\"async\" class=\"size-medium wp-image-172589 alignleft\" src=\"https:\/\/www.radiopiu.net\/wordpress\/wp-content\/uploads\/2020\/11\/101803615_149768166655065_374412051746914304_o-300x300.jpg\" alt=\"\" width=\"300\" height=\"300\" srcset=\"https:\/\/www.radiopiu.net\/wordpress\/wp-content\/uploads\/2020\/11\/101803615_149768166655065_374412051746914304_o-300x300.jpg 300w, https:\/\/www.radiopiu.net\/wordpress\/wp-content\/uploads\/2020\/11\/101803615_149768166655065_374412051746914304_o-1021x1024.jpg 1021w, https:\/\/www.radiopiu.net\/wordpress\/wp-content\/uploads\/2020\/11\/101803615_149768166655065_374412051746914304_o-150x150.jpg 150w, https:\/\/www.radiopiu.net\/wordpress\/wp-content\/uploads\/2020\/11\/101803615_149768166655065_374412051746914304_o-768x770.jpg 768w, https:\/\/www.radiopiu.net\/wordpress\/wp-content\/uploads\/2020\/11\/101803615_149768166655065_374412051746914304_o-1532x1536.jpg 1532w, https:\/\/www.radiopiu.net\/wordpress\/wp-content\/uploads\/2020\/11\/101803615_149768166655065_374412051746914304_o.jpg 2010w\" sizes=\"auto, (max-width: 300px) 100vw, 300px\" \/><\/a>BELLUNO <\/strong>\u00abUna persona che ha sempre messo nel suo lavoro una grande passione: era lui che trasformava le aiuole dei nostri parchi in vere e proprie sculture verdi, tanto ammirate dai bellunesi e dai turisti. I suoi lavori erano anche diventati per anni protagonisti dell&#8217;iniziativa Cervia Citt\u00e0 Giardino, una delle mostre di allestimenti floreali pi\u00f9 importanti d\u2019Italia, quando era alla guida della delegazione bellunese partecipante a questa manifestazione. Era un convinto difensore dei diritti dei lavoratori, e anche in questo metteva la stessa passione che metteva nel suo lavoro. Ha insegnato tanto ai nostri giardinieri, prima di andare in pensione, e con la tragedia di ieri perdiamo una persona che ha sempre operato con passione e con amore per rendere sempre pi\u00f9 bella la sua citt\u00e0\u00bb: cos\u00ec il Sindaco di Belluno, Jacopo Massaro, ricorda Franco Gelain, ex giardiniere comunale scomparso ieri a causa di un incidente in montagna. Ricorda la passione e l&#8217;impegno di Gelain anche l&#8217;assessore al verde pubblico, Biagio Giannone: \u00abNei due anni di assessorato nei quali ho lavorato con lui, ho potuto apprezzare la sua attenzione anche ai pi\u00f9 piccoli particolari, il suo modo encomiabile di prendersi cura dei nostri giardini. Ricordo una persona pacata, gentile ed appassionata in tutto quello che faceva. Nel suo lavoro, andava oltre le sue mansioni, dimostrando un grande amore per la citt\u00e0 e i suoi parchi. La notizia della sua morte mi ha riempito di tristezza e mi stringo alla famiglia in un abbraccio\u00bb.<\/p>\n<p>&nbsp;<\/p>\n<p>&nbsp;<\/p>\n<p>&nbsp;<\/p>\n<p>&nbsp;<\/p>\n<p>&nbsp;<\/p>\n<hr \/>\n<p>&nbsp;<\/p>\n<blockquote>\n<h3>LUIGI GUGLIELMI ALLIEVO DEL PELLEGRINI APPREZZA IL MUSLA ED INVITA A RICALIBRARE GLI OBIETTIVI<\/h3>\n<\/blockquote>\n<p><strong><a href=\"https:\/\/www.radiopiu.net\/wordpress\/giornale-radiopiu-15-novembre-2020-direttore-mirko-mezzacasa\/pp-43\/\" rel=\"attachment wp-att-172799\"><img loading=\"lazy\" decoding=\"async\" class=\"wp-image-172799 alignleft\" src=\"https:\/\/www.radiopiu.net\/wordpress\/wp-content\/uploads\/2020\/11\/pp-2-300x300.jpg\" alt=\"\" width=\"179\" height=\"179\" srcset=\"https:\/\/www.radiopiu.net\/wordpress\/wp-content\/uploads\/2020\/11\/pp-2-300x300.jpg 300w, https:\/\/www.radiopiu.net\/wordpress\/wp-content\/uploads\/2020\/11\/pp-2-150x150.jpg 150w, https:\/\/www.radiopiu.net\/wordpress\/wp-content\/uploads\/2020\/11\/pp-2.jpg 640w\" sizes=\"auto, (max-width: 179px) 100vw, 179px\" \/><\/a>IL SERVIZIO DI GIANNI SANTOMASO<\/strong><\/p>\n<audio class=\"wp-audio-shortcode\" id=\"audio-172612-3\" preload=\"none\" style=\"width: 100%;\" controls=\"controls\"><source type=\"audio\/mpeg\" src=\"https:\/\/www.radiopiu.net\/wordpress\/wp-content\/uploads\/2020\/11\/GIANNI-MUSLA.mp3?_=3\" \/><a href=\"https:\/\/www.radiopiu.net\/wordpress\/wp-content\/uploads\/2020\/11\/GIANNI-MUSLA.mp3\">https:\/\/www.radiopiu.net\/wordpress\/wp-content\/uploads\/2020\/11\/GIANNI-MUSLA.mp3<\/a><\/audio>\n<p>&nbsp;<\/p>\n<p><strong><a href=\"https:\/\/www.radiopiu.net\/wordpress\/musla-il-movimento-per-lunificazione-e-standardizzazione-linguistica-dellagordino\/schermata-2020-11-11-alle-10-35-52\/\" rel=\"attachment wp-att-172003\"><img loading=\"lazy\" decoding=\"async\" class=\"size-medium wp-image-172003 alignleft\" src=\"https:\/\/www.radiopiu.net\/wordpress\/wp-content\/uploads\/2020\/11\/Schermata-2020-11-11-alle-10.35.52-300x185.png\" alt=\"\" width=\"300\" height=\"185\" srcset=\"https:\/\/www.radiopiu.net\/wordpress\/wp-content\/uploads\/2020\/11\/Schermata-2020-11-11-alle-10.35.52-300x185.png 300w, https:\/\/www.radiopiu.net\/wordpress\/wp-content\/uploads\/2020\/11\/Schermata-2020-11-11-alle-10.35.52-1024x631.png 1024w, https:\/\/www.radiopiu.net\/wordpress\/wp-content\/uploads\/2020\/11\/Schermata-2020-11-11-alle-10.35.52-768x473.png 768w, https:\/\/www.radiopiu.net\/wordpress\/wp-content\/uploads\/2020\/11\/Schermata-2020-11-11-alle-10.35.52.png 1490w\" sizes=\"auto, (max-width: 300px) 100vw, 300px\" \/><\/a>RADIO PIU&#8217; <\/strong>La docente e giornalista Luisa Manfroi espone qualche considerazione riguardo il MUSLA<\/p>\n<blockquote><p><em>Ben venga l\u2019interesse dei giovani verso la propria lingua, il proprio idioma.\u00a0Un interesse e un\u2019iniziativa che spero possa avere seguito. Del resto siamo nella patria di linguisti e cultori della tradizione come Giovan Battista Pellegrini, GioBatta Rossi, Vito Pallabazzer e Silvio Pellegrini che hanno dedicato la loro vita alla ricerca.\u00a0Non mi stancher\u00f2 mai di dire che parlare il proprio idioma, quello che la legge 482\/1999 definisce \u201clingua minoritaria\u201d ma che comunemente definiamo \u201cdialetto\u201d, serve a rendere di pi\u00f9 il senso di comunit\u00e0 e contribuisce a essere pi\u00f9 consapevoli del proprio territorio, della propria identit\u00e0 culturale. Se una persona conosce le proprie origini, \u00e8 pi\u00f9 facile che rimanga legata al proprio territorio e, forse, \u00e8 meno facile che lo lasci, contribuendo al triste fenomeno dello spopolamento.<\/em><br \/>\n<em>Mi piace prendere in prestito il motto dell\u2019Unione Europea che \u00e8 \u201cUnit\u00e0 nella diversit\u00e0\u201d che si pu\u00f2 declinare anche per la lingua: si pu\u00f2 parlare la lingua del proprio posto e in contemporanea conoscere l\u2019italiano che \u00e8 la lingua nazionale e l\u2019inglese che \u00e8 la lingua usata internazionalmente.\u00a0Evidentemente, mi viene da pensare che la globalizzazione cominci a pesare e che la ricerca della propria identit\u00e0 culturale, e quindi linguistica, stia acquistando attenzione e interesse.\u00a0Lo stanno da tempo facendo i discendenti degli emigranti sparsi in Europa e nei vari continenti interessati a mantenere la lingua dei propri antenati. Un plauso, perci\u00f2, all\u2019iniziativa di questi giovani studiosi auspicando, come ho detto, che oltre alla codificazione linguistica e alla grafia, il nostro idioma torni e continui ad essere un veicolo di comunicazione tra i ragazzi che si pu\u00f2 affiancare in maniera flessibile all\u2019italiano e all\u2019inglese.\u00a0Ho seguito nella seconda met\u00e0 degli anni Novanta del secolo scorso l\u2019iter che ha portato alla approvazione della legge 482 del 1999 a tutela delle minoranze linguistiche, quella dell\u2019Agordino \u00e8 il ladino. Si deve molto a questa legge che, una ventina di anni fa, ha portato la scuola a promuovere progetti finanziati di valorizzazione della lingua e della cultura ladina. Perci\u00f2, non sono completamente d\u2019accordo sul fatto che agli agordini non sia stata data la possibilit\u00e0 di imparare la lingua anche a scuola. Devo dire che alcune scuole, gi\u00e0 prima dalla legge, per tradizione, non hanno tralasciato di lasciare spazio alla lingua minoritaria che a scuola, in generale, \u00e8 uno strumento trasversale rispetto ad altre discipline, ma \u00e8 pure utile per conoscere alcuni aspetti della geografia e dell\u2019ambiente locale. Il Clil \u00e8 una metodologia didattica che si presta bene a questo scopo e in alcune scuole dell\u2019IC di Cencenighe sono stati fatti finora dei progetti Clil anche di ladino.\u00a0Pur essendo la scuola un ottimo punto di partenza, credo che la consapevolezza e l\u2019attenzione per il proprio idioma debba partire e nascere in modo spontaneo dalla famiglia anche se, in certi casi, l\u2019interesse pu\u00f2 essere individuale, del singolo e dar vita ad iniziative come quella del Musla mirate a mantenere viva la lingua dell\u2019Agordino.<\/em><br \/>\n<em>Luisa Manfroi<\/em><\/p><\/blockquote>\n<audio class=\"wp-audio-shortcode\" id=\"audio-172612-4\" preload=\"none\" style=\"width: 100%;\" controls=\"controls\"><source type=\"audio\/mpeg\" src=\"https:\/\/www.radiopiu.net\/wordpress\/wp-content\/uploads\/2020\/11\/LUISA-MANFROI-MUSLA.mp3?_=4\" \/><a href=\"https:\/\/www.radiopiu.net\/wordpress\/wp-content\/uploads\/2020\/11\/LUISA-MANFROI-MUSLA.mp3\">https:\/\/www.radiopiu.net\/wordpress\/wp-content\/uploads\/2020\/11\/LUISA-MANFROI-MUSLA.mp3<\/a><\/audio>\n<p>&nbsp;<\/p>\n<p><iframe loading=\"lazy\" title=\"MUSLA - L&#039;INTERVISTA DI GIANNI SANTOMASO\" width=\"1200\" height=\"675\" src=\"https:\/\/www.youtube.com\/embed\/W2jPVTQpLuo?start=496&#038;feature=oembed\" frameborder=\"0\" allow=\"accelerometer; autoplay; clipboard-write; encrypted-media; gyroscope; picture-in-picture\" allowfullscreen><\/iframe><\/p>\n<p>&nbsp;<\/p>\n<p>&nbsp;<\/p>\n<p>&nbsp;<\/p>\n<hr \/>\n<p>&nbsp;<\/p>\n<blockquote>\n<h3 dir=\"auto\">OGGI LA \u201cGIORNATA NAZIONALE IN MEMORIA DELLE VITTIME DELLA STRADA\u201d<\/h3>\n<\/blockquote>\n<p><strong><a href=\"https:\/\/www.radiopiu.net\/wordpress\/polizia-1\/\" rel=\"attachment wp-att-60258\"><img loading=\"lazy\" decoding=\"async\" class=\"size-medium wp-image-60258 alignleft\" src=\"https:\/\/www.radiopiu.net\/wordpress\/wp-content\/uploads\/2018\/09\/POLIZIA-1-300x225.jpg\" alt=\"\" width=\"300\" height=\"225\" srcset=\"https:\/\/www.radiopiu.net\/wordpress\/wp-content\/uploads\/2018\/09\/POLIZIA-1-300x225.jpg 300w, https:\/\/www.radiopiu.net\/wordpress\/wp-content\/uploads\/2018\/09\/POLIZIA-1-768x576.jpg 768w, https:\/\/www.radiopiu.net\/wordpress\/wp-content\/uploads\/2018\/09\/POLIZIA-1-1024x768.jpg 1024w, https:\/\/www.radiopiu.net\/wordpress\/wp-content\/uploads\/2018\/09\/POLIZIA-1.jpg 1600w\" sizes=\"auto, (max-width: 300px) 100vw, 300px\" \/><\/a>BELLUNO<\/strong>\u00a0Oggi si celebra la &#8220;Giornata nazionale in memoria delle vittime della strada&#8221;, un momento di ricordo e riflessione che viene dedicato ogni anno, la terza domenica di novembre, alle vittime di incidenti stradali ed ai loro familiari, istituita anche in Italia con la Legge 29 dicembre 2017 n. 227, allo scopo di promuovere ogni iniziativa utile a migliorare la sicurezza stradale e a informare gli utenti della strada, in particolare i giovani, sulle gravi conseguenze che possono derivare da condotte di guida non rispettose del Codice della strada. Dall\u2019esame dei dati ISTAT da poco resi noti, emerge che nel 2019 si sono verificati in Italia 172.183 incidenti stradali con lesioni a persone, che hanno provocato 3.173 vittime e 241.384 feriti, con un costo sociale degli incidenti pari a 16,8 miliardi di euro (1% del PIL). Da questi dati si evince che l\u2019obiettivo europeo di dimezzare del 50% il numero delle vittime nel decennio 2010-2020 non \u00e8 stato ancora raggiunto, dal momento che la diminuzione in tale periodo (fino al 2019) \u00e8 solo pari al 22,8%: pertanto l\u2019Unione Europea si \u00e8 posta un ulteriore obiettivo denominato \u201c<em>Vision Zero<\/em>\u201d (Zero Vittime) e finalizzato a ridurre quasi totalmente il numero di vittime della strada entro il\u00a02050,\u00a0seguendo l\u2019esempio dei paesi che hanno conseguito i migliori risultati in termini di sicurezza stradale. La distrazione (in particolare l\u2019uso indebito di cellulare alla guida, che fa perdere il controllo della strada percorsa davanti a s\u00e9) \u00e8, purtroppo, ancora al primo posto fra le cause degli incidenti, seguita dal mancato rispetto della precedenza e dalla velocit\u00e0 troppo elevata o non commisurata, nonch\u00e9 dalla guida in stato di alterazione psicofisica dovuto all\u2019assunzione di alcool o sostanze stupefacenti e dal mancato utilizzo di dispositivi di ritenuta (cinture di sicurezza &#8211; in particolare posteriori &#8211; e seggiolini per bambini): tutte situazioni sulle quali pu\u00f2 e si deve intervenire, mediante una maggiore consapevolezza alla guida da parte del conducente sulla responsabilit\u00e0 per la propria incolumit\u00e0 e di quella degli altri. In questa occasione la memoria va dunque a tutte le vittime di incidenti stradali, compresi gli appartenenti alle Forze di Polizia che sono sulla strada tutti i giorni per compiere il proprio dovere. Da sempre, in particolare, gli operatori della Polizia Stradale indossano una divisa che comporta lo svolgimento di un servizio connotato da impegno, sacrificio e abnegazione, valori fondanti del proprio operato che consentono loro di vivere con prossimit\u00e0 e grande sensibilit\u00e0 la missione, spesso eroica e dolorosa che sono chiamati a svolgere. Per assicurare tutto questo, gli operatori pagano da sempre un prezzo altissimo: basti pensare che dalla sua istituzione ad oggi sono 376 gli operatori della Polizia Stradale che hanno sacrificato la loro vita sulla strada. La Polizia Stradale, nell\u2019ambito del percorso di vicinanza al cittadino che caratterizza da sempre la Polizia di Stato ed \u00e8 ben riassunto nel motto \u201cesserci sempre\u201d, raccomanda quindi ancora una volta a tutti gli utenti della strada la necessit\u00e0 di assumere atteggiamenti virtuosi alla guida dei veicoli, ma anche quando si circola come pedoni, al fine di garantire sempre la sicurezza propria ed altrui.<\/p>\n<p>&nbsp;<\/p>\n<p>&nbsp;<\/p>\n<hr \/>\n<p>&nbsp;<\/p>\n<blockquote class=\"wp-embedded-content\" data-secret=\"DinTZyfZhO\"><p><a href=\"https:\/\/www.radiopiu.net\/wordpress\/coronavirus-aggiornamento-nazionale-14-novembre\/\">CORONAVIRUS: AGGIORNAMENTO NAZIONALE 14 NOVEMBRE<\/a><\/p><\/blockquote>\n<p><iframe loading=\"lazy\" class=\"wp-embedded-content\" sandbox=\"allow-scripts\" security=\"restricted\" style=\"position: absolute; clip: rect(1px, 1px, 1px, 1px);\" title=\"&#8220;CORONAVIRUS: AGGIORNAMENTO NAZIONALE 14 NOVEMBRE&#8221; &#8212; Radio Pi\u00f9\" src=\"https:\/\/www.radiopiu.net\/wordpress\/coronavirus-aggiornamento-nazionale-14-novembre\/embed\/#?secret=DinTZyfZhO\" data-secret=\"DinTZyfZhO\" width=\"600\" height=\"338\" frameborder=\"0\" marginwidth=\"0\" marginheight=\"0\" scrolling=\"no\"><\/iframe><\/p>\n<p>&nbsp;<\/p>\n<hr \/>\n<p>&nbsp;<\/p>\n<blockquote class=\"wp-embedded-content\" data-secret=\"l5BDnkLFdN\"><p><a href=\"https:\/\/www.radiopiu.net\/wordpress\/nelle-ultime-24-ore-sono-3759-i-nuovi-positivi-in-vento-62-decessi-da-ieri-sera-ricoveri-in-aumento-nonostante-71-dimessi-a-belluno-185-nuove-positivita\/\">NELLE ULTIME 24 ORE SONO 3759 I NUOVI POSITIVI IN VENTO. 62 DECESSI DA IERI SERA, RICOVERI IN AUMENTO NONOSTANTE 71 DIMESSI. A BELLUNO 185 NUOVE POSITIVITA&#8217;<\/a><\/p><\/blockquote>\n<p><iframe loading=\"lazy\" class=\"wp-embedded-content\" sandbox=\"allow-scripts\" security=\"restricted\" style=\"position: absolute; clip: rect(1px, 1px, 1px, 1px);\" title=\"&#8220;NELLE ULTIME 24 ORE SONO 3759 I NUOVI POSITIVI IN VENTO. 62 DECESSI DA IERI SERA, RICOVERI IN AUMENTO NONOSTANTE 71 DIMESSI. A BELLUNO 185 NUOVE POSITIVITA&#8217;&#8221; &#8212; Radio Pi\u00f9\" src=\"https:\/\/www.radiopiu.net\/wordpress\/nelle-ultime-24-ore-sono-3759-i-nuovi-positivi-in-vento-62-decessi-da-ieri-sera-ricoveri-in-aumento-nonostante-71-dimessi-a-belluno-185-nuove-positivita\/embed\/#?secret=l5BDnkLFdN\" data-secret=\"l5BDnkLFdN\" width=\"600\" height=\"338\" frameborder=\"0\" marginwidth=\"0\" marginheight=\"0\" scrolling=\"no\"><\/iframe><\/p>\n<p>&nbsp;<\/p>\n<hr \/>\n<p>&nbsp;<\/p>\n<blockquote>\n<h3>I GRAFICI DI TIZIANO DE COL<\/h3>\n<\/blockquote>\n\n\t\t\t<style type='text\/css'>\n\t\t\t\t#gallery-1 {\n\t\t\t\t\tmargin: auto;\n\t\t\t\t}\n\t\t\t\t#gallery-1 .gallery-item {\n\t\t\t\t\tfloat: left;\n\t\t\t\t\tmargin-top: 10px;\n\t\t\t\t\ttext-align: center;\n\t\t\t\t\twidth: 33%;\n\t\t\t\t}\n\t\t\t\t#gallery-1 img {\n\t\t\t\t\tborder: 2px solid #cfcfcf;\n\t\t\t\t}\n\t\t\t\t#gallery-1 .gallery-caption {\n\t\t\t\t\tmargin-left: 0;\n\t\t\t\t}\n\t\t\t\t\/* see gallery_shortcode() in wp-includes\/media.php *\/\n\t\t\t<\/style>\n\t\t<div id='gallery-1' class='dt-gallery-container gallery galleryid-172612 gallery-columns-3 gallery-size-medium'><dl class='gallery-item'>\n\t\t\t\t<dt class='gallery-icon landscape'>\n\t\t\t\t\t<a class=\"rollover rollover-zoom dt-pswp-item\" title=\"1d027577-04b3-4148-854f-c91386144d8b\" data-dt-img-description=\"\" data-large_image_width=\"794\" data-large_image_height=\"355\"href='https:\/\/www.radiopiu.net\/wordpress\/wp-content\/uploads\/2020\/11\/1d027577-04b3-4148-854f-c91386144d8b.jpg'><img loading=\"lazy\" decoding=\"async\" width=\"300\" height=\"134\" src=\"https:\/\/www.radiopiu.net\/wordpress\/wp-content\/uploads\/2020\/11\/1d027577-04b3-4148-854f-c91386144d8b-300x134.jpg\" class=\"attachment-medium size-medium\" alt=\"\" srcset=\"https:\/\/www.radiopiu.net\/wordpress\/wp-content\/uploads\/2020\/11\/1d027577-04b3-4148-854f-c91386144d8b-300x134.jpg 300w, https:\/\/www.radiopiu.net\/wordpress\/wp-content\/uploads\/2020\/11\/1d027577-04b3-4148-854f-c91386144d8b-768x343.jpg 768w, https:\/\/www.radiopiu.net\/wordpress\/wp-content\/uploads\/2020\/11\/1d027577-04b3-4148-854f-c91386144d8b.jpg 794w\" sizes=\"auto, (max-width: 300px) 100vw, 300px\" \/><\/a>\n\t\t\t\t<\/dt><\/dl><dl class='gallery-item'>\n\t\t\t\t<dt class='gallery-icon landscape'>\n\t\t\t\t\t<a class=\"rollover rollover-zoom dt-pswp-item\" title=\"3e37cd2d-8f03-4044-bcae-1c06764cce6f\" data-dt-img-description=\"\" data-large_image_width=\"853\" data-large_image_height=\"537\"href='https:\/\/www.radiopiu.net\/wordpress\/wp-content\/uploads\/2020\/11\/3e37cd2d-8f03-4044-bcae-1c06764cce6f.jpg'><img loading=\"lazy\" decoding=\"async\" width=\"300\" height=\"189\" src=\"https:\/\/www.radiopiu.net\/wordpress\/wp-content\/uploads\/2020\/11\/3e37cd2d-8f03-4044-bcae-1c06764cce6f-300x189.jpg\" class=\"attachment-medium size-medium\" alt=\"\" srcset=\"https:\/\/www.radiopiu.net\/wordpress\/wp-content\/uploads\/2020\/11\/3e37cd2d-8f03-4044-bcae-1c06764cce6f-300x189.jpg 300w, https:\/\/www.radiopiu.net\/wordpress\/wp-content\/uploads\/2020\/11\/3e37cd2d-8f03-4044-bcae-1c06764cce6f-768x483.jpg 768w, https:\/\/www.radiopiu.net\/wordpress\/wp-content\/uploads\/2020\/11\/3e37cd2d-8f03-4044-bcae-1c06764cce6f.jpg 853w\" sizes=\"auto, (max-width: 300px) 100vw, 300px\" \/><\/a>\n\t\t\t\t<\/dt><\/dl><dl class='gallery-item'>\n\t\t\t\t<dt class='gallery-icon landscape'>\n\t\t\t\t\t<a class=\"rollover rollover-zoom dt-pswp-item\" title=\"9600478c-15df-426e-b02d-615c3481607c\" data-dt-img-description=\"\" data-large_image_width=\"732\" data-large_image_height=\"447\"href='https:\/\/www.radiopiu.net\/wordpress\/wp-content\/uploads\/2020\/11\/9600478c-15df-426e-b02d-615c3481607c.jpg'><img loading=\"lazy\" decoding=\"async\" width=\"300\" height=\"183\" src=\"https:\/\/www.radiopiu.net\/wordpress\/wp-content\/uploads\/2020\/11\/9600478c-15df-426e-b02d-615c3481607c-300x183.jpg\" class=\"attachment-medium size-medium\" alt=\"\" srcset=\"https:\/\/www.radiopiu.net\/wordpress\/wp-content\/uploads\/2020\/11\/9600478c-15df-426e-b02d-615c3481607c-300x183.jpg 300w, https:\/\/www.radiopiu.net\/wordpress\/wp-content\/uploads\/2020\/11\/9600478c-15df-426e-b02d-615c3481607c.jpg 732w\" sizes=\"auto, (max-width: 300px) 100vw, 300px\" \/><\/a>\n\t\t\t\t<\/dt><\/dl><br style=\"clear: both\" \/>\n\t\t\t<\/div>\n\n<p>&nbsp;<\/p>\n<p>&nbsp;<\/p>\n<p>&nbsp;<\/p>\n<hr \/>\n<p>&nbsp;<\/p>\n<blockquote>\n<h2>LEGGI LA CONFERENZA STAMPA DI LUCA ZAIA. RT IN VENTO OGGI A 1,29<\/h2>\n<\/blockquote>\n<p><em>Da luned\u00ec saranno sperimentati\u00a0 5mila test fai da te. Friuli ed Emilia arancioni? L&#8217;algoritmo \u00e8 impietoso. Raggiunto l&#8217;accordo dei 100mila tamponi in pi\u00f9 dalla Regione ai\u00a0 medici di base<\/em><\/p>\n<p><strong>PUNTI COVID DALLE 7 ALLE 19<\/strong> Cambier\u00e0 il piano di sanit\u00e0 pubblica con il test rapido che arriver\u00e0 nei prossimi giorni, disponibile con qualche euro. Saranno rafforzati i punti covid con ampliamento dell&#8217;orario, almeno uno h24 e tutti gli altri con prescrizione medica dalle 7 del mattino alle 19 della sera. C&#8217;\u00e8 chi scrive che \u00e8 stato ore in coda ma anche chi dice che in un quarto d&#8217;ora ha fatto tampone per se stesso e anche per il figlio. <strong>UNA COMMISSIONE PER LE DONAZIONI<\/strong> Stamane si \u00e8 tenuta l&#8217;unit\u00e0 di crisi della Protezione Civile, deliberato e assunto i protoccoli per le terapie intensive, le cure domiciliari e una commissione con i dottori Masullo, Dell&#8217;Acqua, Simoniato e l&#8217;avvocato Caramel per portare in maniera didascalica e puntuale la contabilit\u00e0 dei famosi milioni di euro versati dai cittadini. Chiedo una stampa di tutti i nomi con i versamenti da allegare al fascicolo perch\u00e9 \u00e8 un pezzo di storia, 38 milioni sul conto corrente della Regione con quelli delle Ulss si arriva a 58 milioni di euro. Non solo per adempimenti di legge facciamo questo, ma anche per un fatto di visibilit\u00e0 e aspetto organizzativo. C&#8217;\u00e8 chi ha versato un euro, ma anche chi ha versato milioni di euro. <strong>SIAMO IN ZONA GIALLA PLUS<\/strong> non sono convinto che i colleghi di Emilia e Friuli abbiamo situazioni diroccate, ma l&#8217;algoritmo \u00e8 impietoso, per numeri decimali &#8220;spara&#8221; classifiche diverse che ti mettono in un&#8217;area o nell&#8217;altra. Le due regioni hanno condiviso con noi anche l&#8217;ordinanza che purtroppo salta. Per noi \u00e8 sempre valida, prevede aspetti cruciali, se dovessimo fare l&#8217;estrema sintesi invita a non creare assembramenti. Si puo&#8217; passeggiare ma non in centro, in piazza, nei viali principali. Dietro l&#8217;angolo c&#8217;\u00e8 la zona arancione e anche quella rossa. Dobbiamo dare una mano ai medici e ai pazienti che soffrono in ospedale, come cittadini serve impegno per non creare assembramenti e nel portare la mascherina. <strong>MEDICI DI BASE<\/strong>\u00a0 raggiunto l&#8217;accordo dei 100mila tamponi in pi\u00f9 dalla Regione, su\u00a0 loro richiesta e andreamo avanti fino ad esaurimento. <strong>IL GIALLO NON E&#8217; UN GIOCO A PREMI\u00a0<\/strong> Un appello ai ragazzi: con l&#8217;area gialla non abbiamo vinto un premio, non siamo i primi della classe. Non abbiamo vinto nulla, anzi sono preoccupato perch\u00e9 giallo sole non \u00e8 un segno di pericolo, che qualcuno non abbassi la guardia. Chiedo ai ragazzi di evitare assembramenti, ci arrivano sempre segnalazioni di chi organizza eventi, anche a mezzogiorno alle 11 del mattino. Non si esorcizza il covid, lo si prende. Un discorso \u00e8 andare a pranzo, al bar, tutt&#8217;altro partecipare ad altri eventi. <strong>LE SCUOLE GUIDA E NAUTICHE FANNO LE LEZIONI IN PRESENZA PUR NEL RISPETTO DELLE DISTANZE <\/strong>Sono autorizzate ma nulla vieta che lo possano fare in video conferenza non in presenza ma \u00e8 una prerogativa di chi organizza. Meno presenze di costituiscono e meglio \u00e8 anche perch\u00e8 mi auguro sia una fase che duri poco. Io faccio tutte le dirette in televisione con un telefonino quindi le conferenze si possono fare con decine di persone.<strong> IERI DICEVO CHE NON C&#8217;ERANO I DISPOSITIVI, OGGI CONFERMO CHE INVECE CI SONO <\/strong>Annunci che invitero&#8217; la dottoressa SImionato e l&#8217;ingegner Fattori a spiegare. Non accetto che si dica che in Veneto mancano le mascherine. Sapevo che la risposta al sindacalista era una sola: non c&#8217;\u00e8 problema. Siamo stati ossesionati dall&#8217;aquisto delle mascherine e non accetto nemmeno che si dica che si ha paura di finire i Dpi<strong>. REPUBBLICA CHIEDE UNA VERIFICA DEI RICOVERI DOVE SI DIMETTE IN FRETTA<\/strong>\u00a0 Si vende un&#8217;azione di organizzazione e di sanit\u00e0 seria come una biscarata di gente che dice di svuotare letti. Siamo troppo perfettini e ben organizzati abbiamo un controllo puntuale. Il dottor Rosi in una videoconferenza dice che nei dati emerge che ci sono tra tutti i nostri pazienti 200 asintomatici ricoverati, covid positivi ma in ospedale per altre patologie. Da qui a dire noi diamo ordini di svuotare gli ospedali&#8230; abbiamo l&#8217;obbligo di controllare altro che dare ordini di svuotare i letti. Ci sono anche ricoveri &#8220;sociali&#8221;. <strong>COSA VI SIETE DETTI CON IL MINISTRO DELLA SALUTE SPERANZA IN MERITO ALLA FASCIA GIALLO PLUS?<\/strong> Il Ministro mi ha comunicato l&#8217;area gialla, ovvio che abbiamo un Rt che si \u00e8 abbassato, l&#8217;ospedalizzazione controllata con il paziente che non rimane in giro 3 giorni con e ambulanze. Avevamo avuto due problemi sostanziali\u00a0 con la comunicazione dei dati (problema informatico) e presa in carico dei pazienti a domicilio ora siamo a livello. <strong>I SINDACI SI SONO FATTI VIVI?<\/strong> Sono stati eccezionali,solidali, li abbiamo incontrati con l&#8217;assesore Lanzarin e si sono dichiarati disponibili. Non chiediamo impegni di ordinanze ma li abbiamo messi nelle condizioni di poter operare, dovranno fare dei controlli certo. Mi dispiace per gli operatori dei centri storici ma non avevamo alternative se non chiudere tutto.\u00a0 Questo fine settimana abbiamo ancora la possibilit\u00e0 di passeggiare anche oltre Comune e non \u00e8 cosa da poco, pensate ai &#8220;morosi&#8221;. <strong>IN AUTO PUR CON LA MASCHERINA CI SI INFETTA<\/strong> la mascherina non protegge dall&#8217;aerosol nei luoghi chiusi e condivisi per lungo tempo.<\/p>\n<p><strong><span style=\"color: #ff0000;\">\u00a0\u00a0<\/span><\/strong><\/p>\n<p>https:\/\/www.facebook.com\/zaiaufficiale\/videos\/2668948596768932<\/p>\n<p>&nbsp;<\/p>\n<hr \/>\n<p>&nbsp;<\/p>\n<p>&nbsp;<\/p>\n<p>&nbsp;<\/p>\n<p>&nbsp;<\/p>\n<blockquote>\n<h3>CIVILTA&#8217; IN DECLINO, MA GLI ECOVOLONTARI NON MOLLANO, CON IL GRAZIE DELLA COMUNITA&#8217;<\/h3>\n<\/blockquote>\n<p><strong>FONZASO<\/strong><em> &#8220;Qui sotto c&#8217;\u00e8 di tutto, impressionante&#8221; <\/em>Il pensiero dell&#8217;ecovolontaria Isabella mette in evidenza la maleducazione di molte persone che scambiano i boschi per una discarica e lo fanno da tempo come conferma la montagna di immondizia raccolta. In effetti le foto che proponiamo nella galleria fotografica sono il simbolo di una civilt\u00e0 in declino. Per fortuna ci sono ancora persone come gli ecovolontari\u00a0 feltrini che dedicano il loro tempo e le loro fatiche alla bonifica di intere zone. Pochi giorni fa nei pressi dell&#8217;ospedale Santa Maria del Prato di Feltre (vedi articolo che segue), oggi a Fonzaso.nel &#8220;boschetto della civilt\u00e0 perduta&#8221;. Gli ecovolontari sono diretti da\u00a0 Stefano Pauletti dell&#8217;Unione Montana Feltrina,\u00a0 referente\u00a0 Ermes Zanella e oggi alle operazioni di bonifica dell&#8217;area era presente anche il sindaco Giorgio Slongo. <em>&#8220;Dovremo tornare c&#8217;\u00e8\u00a0 ancora un sacco di roba da raccogliere&#8221;<\/em> ci ricordano i volontari che gi\u00e0 pensano alla prossima uscita.<\/p>\n<div class=\"im_history_message_wrap im_grouped_short\">\n<div class=\"im_message_outer_wrap hasselect\" data-msg-id=\"15476\">\n<div class=\"im_message_wrap clearfix\">\n<div class=\"im_content_message_wrap im_message_in\">\n<div class=\"im_message_meta pull-right text-right noselect\"><\/div>\n<div>\n\n\t\t\t<style type='text\/css'>\n\t\t\t\t#gallery-2 {\n\t\t\t\t\tmargin: auto;\n\t\t\t\t}\n\t\t\t\t#gallery-2 .gallery-item {\n\t\t\t\t\tfloat: left;\n\t\t\t\t\tmargin-top: 10px;\n\t\t\t\t\ttext-align: center;\n\t\t\t\t\twidth: 20%;\n\t\t\t\t}\n\t\t\t\t#gallery-2 img {\n\t\t\t\t\tborder: 2px solid #cfcfcf;\n\t\t\t\t}\n\t\t\t\t#gallery-2 .gallery-caption {\n\t\t\t\t\tmargin-left: 0;\n\t\t\t\t}\n\t\t\t\t\/* see gallery_shortcode() in wp-includes\/media.php *\/\n\t\t\t<\/style>\n\t\t<div id='gallery-2' class='dt-gallery-container gallery galleryid-172612 gallery-columns-5 gallery-size-thumbnail'><dl class='gallery-item'>\n\t\t\t\t<dt class='gallery-icon portrait'>\n\t\t\t\t\t<a class=\"rollover rollover-zoom dt-pswp-item\" title=\"ba77d713-9d4f-41fd-a2b0-6c55bb898177\" data-dt-img-description=\"\" data-large_image_width=\"291\" data-large_image_height=\"320\"href='https:\/\/www.radiopiu.net\/wordpress\/wp-content\/uploads\/2020\/11\/ba77d713-9d4f-41fd-a2b0-6c55bb898177.jpg'><img loading=\"lazy\" decoding=\"async\" width=\"150\" height=\"150\" src=\"https:\/\/www.radiopiu.net\/wordpress\/wp-content\/uploads\/2020\/11\/ba77d713-9d4f-41fd-a2b0-6c55bb898177-150x150.jpg\" class=\"attachment-thumbnail size-thumbnail\" alt=\"\" \/><\/a>\n\t\t\t\t<\/dt><\/dl><dl class='gallery-item'>\n\t\t\t\t<dt class='gallery-icon landscape'>\n\t\t\t\t\t<a class=\"rollover rollover-zoom dt-pswp-item\" title=\"72be5cd6-991f-4469-a71e-cf420cedc361\" data-dt-img-description=\"\" data-large_image_width=\"320\" data-large_image_height=\"240\"href='https:\/\/www.radiopiu.net\/wordpress\/wp-content\/uploads\/2020\/11\/72be5cd6-991f-4469-a71e-cf420cedc361.jpg'><img loading=\"lazy\" decoding=\"async\" width=\"150\" height=\"150\" src=\"https:\/\/www.radiopiu.net\/wordpress\/wp-content\/uploads\/2020\/11\/72be5cd6-991f-4469-a71e-cf420cedc361-150x150.jpg\" class=\"attachment-thumbnail size-thumbnail\" alt=\"\" \/><\/a>\n\t\t\t\t<\/dt><\/dl><dl class='gallery-item'>\n\t\t\t\t<dt class='gallery-icon portrait'>\n\t\t\t\t\t<a class=\"rollover rollover-zoom dt-pswp-item\" title=\"ee7849c8-4a5e-434b-b7d0-090b5844ec05\" data-dt-img-description=\"\" data-large_image_width=\"240\" data-large_image_height=\"320\"href='https:\/\/www.radiopiu.net\/wordpress\/wp-content\/uploads\/2020\/11\/ee7849c8-4a5e-434b-b7d0-090b5844ec05.jpg'><img loading=\"lazy\" decoding=\"async\" width=\"150\" height=\"150\" src=\"https:\/\/www.radiopiu.net\/wordpress\/wp-content\/uploads\/2020\/11\/ee7849c8-4a5e-434b-b7d0-090b5844ec05-150x150.jpg\" class=\"attachment-thumbnail size-thumbnail\" alt=\"\" \/><\/a>\n\t\t\t\t<\/dt><\/dl><dl class='gallery-item'>\n\t\t\t\t<dt class='gallery-icon portrait'>\n\t\t\t\t\t<a class=\"rollover rollover-zoom dt-pswp-item\" title=\"94238201-2e20-42cd-bf10-f36909e53e43\" data-dt-img-description=\"\" data-large_image_width=\"240\" data-large_image_height=\"320\"href='https:\/\/www.radiopiu.net\/wordpress\/wp-content\/uploads\/2020\/11\/94238201-2e20-42cd-bf10-f36909e53e43.jpg'><img loading=\"lazy\" decoding=\"async\" width=\"150\" height=\"150\" src=\"https:\/\/www.radiopiu.net\/wordpress\/wp-content\/uploads\/2020\/11\/94238201-2e20-42cd-bf10-f36909e53e43-150x150.jpg\" class=\"attachment-thumbnail size-thumbnail\" alt=\"\" \/><\/a>\n\t\t\t\t<\/dt><\/dl><dl class='gallery-item'>\n\t\t\t\t<dt class='gallery-icon portrait'>\n\t\t\t\t\t<a class=\"rollover rollover-zoom dt-pswp-item\" title=\"674814e4-8d0e-4a2f-a70a-cb33743d549d\" data-dt-img-description=\"\" data-large_image_width=\"240\" data-large_image_height=\"320\"href='https:\/\/www.radiopiu.net\/wordpress\/wp-content\/uploads\/2020\/11\/674814e4-8d0e-4a2f-a70a-cb33743d549d.jpg'><img loading=\"lazy\" decoding=\"async\" width=\"150\" height=\"150\" src=\"https:\/\/www.radiopiu.net\/wordpress\/wp-content\/uploads\/2020\/11\/674814e4-8d0e-4a2f-a70a-cb33743d549d-150x150.jpg\" class=\"attachment-thumbnail size-thumbnail\" alt=\"\" \/><\/a>\n\t\t\t\t<\/dt><\/dl><br style=\"clear: both\" \/><dl class='gallery-item'>\n\t\t\t\t<dt class='gallery-icon portrait'>\n\t\t\t\t\t<a class=\"rollover rollover-zoom dt-pswp-item\" title=\"96bf7bde-deff-4526-b0d8-872cd957210c\" data-dt-img-description=\"\" data-large_image_width=\"240\" data-large_image_height=\"320\"href='https:\/\/www.radiopiu.net\/wordpress\/wp-content\/uploads\/2020\/11\/96bf7bde-deff-4526-b0d8-872cd957210c.jpg'><img loading=\"lazy\" decoding=\"async\" width=\"150\" height=\"150\" src=\"https:\/\/www.radiopiu.net\/wordpress\/wp-content\/uploads\/2020\/11\/96bf7bde-deff-4526-b0d8-872cd957210c-150x150.jpg\" class=\"attachment-thumbnail size-thumbnail\" alt=\"\" \/><\/a>\n\t\t\t\t<\/dt><\/dl><dl class='gallery-item'>\n\t\t\t\t<dt class='gallery-icon portrait'>\n\t\t\t\t\t<a class=\"rollover rollover-zoom dt-pswp-item\" title=\"4277833b-afe5-43ed-b985-5df39fa02fc6\" data-dt-img-description=\"\" data-large_image_width=\"450\" data-large_image_height=\"800\"href='https:\/\/www.radiopiu.net\/wordpress\/wp-content\/uploads\/2020\/11\/4277833b-afe5-43ed-b985-5df39fa02fc6.jpg'><img loading=\"lazy\" decoding=\"async\" width=\"150\" height=\"150\" src=\"https:\/\/www.radiopiu.net\/wordpress\/wp-content\/uploads\/2020\/11\/4277833b-afe5-43ed-b985-5df39fa02fc6-150x150.jpg\" class=\"attachment-thumbnail size-thumbnail\" alt=\"\" \/><\/a>\n\t\t\t\t<\/dt><\/dl><dl class='gallery-item'>\n\t\t\t\t<dt class='gallery-icon portrait'>\n\t\t\t\t\t<a class=\"rollover rollover-zoom dt-pswp-item\" title=\"0612627b-e6b1-436c-b89b-9caf431f6ada\" data-dt-img-description=\"\" data-large_image_width=\"240\" data-large_image_height=\"320\"href='https:\/\/www.radiopiu.net\/wordpress\/wp-content\/uploads\/2020\/11\/0612627b-e6b1-436c-b89b-9caf431f6ada.jpg'><img loading=\"lazy\" decoding=\"async\" width=\"150\" height=\"150\" src=\"https:\/\/www.radiopiu.net\/wordpress\/wp-content\/uploads\/2020\/11\/0612627b-e6b1-436c-b89b-9caf431f6ada-150x150.jpg\" class=\"attachment-thumbnail size-thumbnail\" alt=\"\" \/><\/a>\n\t\t\t\t<\/dt><\/dl><dl class='gallery-item'>\n\t\t\t\t<dt class='gallery-icon portrait'>\n\t\t\t\t\t<a class=\"rollover rollover-zoom dt-pswp-item\" title=\"f01ee625-30e0-417c-be9c-9b38681d240f\" data-dt-img-description=\"\" data-large_image_width=\"450\" data-large_image_height=\"800\"href='https:\/\/www.radiopiu.net\/wordpress\/wp-content\/uploads\/2020\/11\/f01ee625-30e0-417c-be9c-9b38681d240f.jpg'><img loading=\"lazy\" decoding=\"async\" width=\"150\" height=\"150\" src=\"https:\/\/www.radiopiu.net\/wordpress\/wp-content\/uploads\/2020\/11\/f01ee625-30e0-417c-be9c-9b38681d240f-150x150.jpg\" class=\"attachment-thumbnail size-thumbnail\" alt=\"\" \/><\/a>\n\t\t\t\t<\/dt><\/dl><dl class='gallery-item'>\n\t\t\t\t<dt class='gallery-icon portrait'>\n\t\t\t\t\t<a class=\"rollover rollover-zoom dt-pswp-item\" title=\"fe115857-d6f6-4e88-b154-a171bef5e638\" data-dt-img-description=\"\" data-large_image_width=\"240\" data-large_image_height=\"320\"href='https:\/\/www.radiopiu.net\/wordpress\/wp-content\/uploads\/2020\/11\/fe115857-d6f6-4e88-b154-a171bef5e638.jpg'><img loading=\"lazy\" decoding=\"async\" width=\"150\" height=\"150\" src=\"https:\/\/www.radiopiu.net\/wordpress\/wp-content\/uploads\/2020\/11\/fe115857-d6f6-4e88-b154-a171bef5e638-150x150.jpg\" class=\"attachment-thumbnail size-thumbnail\" alt=\"\" \/><\/a>\n\t\t\t\t<\/dt><\/dl><br style=\"clear: both\" \/><dl class='gallery-item'>\n\t\t\t\t<dt class='gallery-icon portrait'>\n\t\t\t\t\t<a class=\"rollover rollover-zoom dt-pswp-item\" title=\"9be045c9-f604-4b9b-ac8a-8144abaf2d17\" data-dt-img-description=\"\" data-large_image_width=\"240\" data-large_image_height=\"320\"href='https:\/\/www.radiopiu.net\/wordpress\/wp-content\/uploads\/2020\/11\/9be045c9-f604-4b9b-ac8a-8144abaf2d17.jpg'><img loading=\"lazy\" decoding=\"async\" width=\"150\" height=\"150\" src=\"https:\/\/www.radiopiu.net\/wordpress\/wp-content\/uploads\/2020\/11\/9be045c9-f604-4b9b-ac8a-8144abaf2d17-150x150.jpg\" class=\"attachment-thumbnail size-thumbnail\" alt=\"\" \/><\/a>\n\t\t\t\t<\/dt><\/dl><dl class='gallery-item'>\n\t\t\t\t<dt class='gallery-icon portrait'>\n\t\t\t\t\t<a class=\"rollover rollover-zoom dt-pswp-item\" title=\"20b13283-8718-434c-9821-339da05bf0d6\" data-dt-img-description=\"\" data-large_image_width=\"240\" data-large_image_height=\"320\"href='https:\/\/www.radiopiu.net\/wordpress\/wp-content\/uploads\/2020\/11\/20b13283-8718-434c-9821-339da05bf0d6.jpg'><img loading=\"lazy\" decoding=\"async\" width=\"150\" height=\"150\" src=\"https:\/\/www.radiopiu.net\/wordpress\/wp-content\/uploads\/2020\/11\/20b13283-8718-434c-9821-339da05bf0d6-150x150.jpg\" class=\"attachment-thumbnail size-thumbnail\" alt=\"\" \/><\/a>\n\t\t\t\t<\/dt><\/dl><dl class='gallery-item'>\n\t\t\t\t<dt class='gallery-icon portrait'>\n\t\t\t\t\t<a class=\"rollover rollover-zoom dt-pswp-item\" title=\"40059159-6b74-47c2-bcd2-4ade2edb2c53\" data-dt-img-description=\"\" data-large_image_width=\"240\" data-large_image_height=\"320\"href='https:\/\/www.radiopiu.net\/wordpress\/wp-content\/uploads\/2020\/11\/40059159-6b74-47c2-bcd2-4ade2edb2c53.jpg'><img loading=\"lazy\" decoding=\"async\" width=\"150\" height=\"150\" src=\"https:\/\/www.radiopiu.net\/wordpress\/wp-content\/uploads\/2020\/11\/40059159-6b74-47c2-bcd2-4ade2edb2c53-150x150.jpg\" class=\"attachment-thumbnail size-thumbnail\" alt=\"\" \/><\/a>\n\t\t\t\t<\/dt><\/dl><dl class='gallery-item'>\n\t\t\t\t<dt class='gallery-icon portrait'>\n\t\t\t\t\t<a class=\"rollover rollover-zoom dt-pswp-item\" title=\"5eba6038-d577-4f23-a4ac-253c271ccf96\" data-dt-img-description=\"\" data-large_image_width=\"240\" data-large_image_height=\"320\"href='https:\/\/www.radiopiu.net\/wordpress\/wp-content\/uploads\/2020\/11\/5eba6038-d577-4f23-a4ac-253c271ccf96.jpg'><img loading=\"lazy\" decoding=\"async\" width=\"150\" height=\"150\" src=\"https:\/\/www.radiopiu.net\/wordpress\/wp-content\/uploads\/2020\/11\/5eba6038-d577-4f23-a4ac-253c271ccf96-150x150.jpg\" class=\"attachment-thumbnail size-thumbnail\" alt=\"\" \/><\/a>\n\t\t\t\t<\/dt><\/dl><dl class='gallery-item'>\n\t\t\t\t<dt class='gallery-icon portrait'>\n\t\t\t\t\t<a class=\"rollover rollover-zoom dt-pswp-item\" title=\"1fd306b8-f25f-4dcf-be76-9d2dee1bcc65\" data-dt-img-description=\"\" data-large_image_width=\"240\" data-large_image_height=\"320\"href='https:\/\/www.radiopiu.net\/wordpress\/wp-content\/uploads\/2020\/11\/1fd306b8-f25f-4dcf-be76-9d2dee1bcc65.jpg'><img loading=\"lazy\" decoding=\"async\" width=\"150\" height=\"150\" src=\"https:\/\/www.radiopiu.net\/wordpress\/wp-content\/uploads\/2020\/11\/1fd306b8-f25f-4dcf-be76-9d2dee1bcc65-150x150.jpg\" class=\"attachment-thumbnail size-thumbnail\" alt=\"\" \/><\/a>\n\t\t\t\t<\/dt><\/dl><br style=\"clear: both\" \/><dl class='gallery-item'>\n\t\t\t\t<dt class='gallery-icon portrait'>\n\t\t\t\t\t<a class=\"rollover rollover-zoom dt-pswp-item\" title=\"0091a5bc-a5d0-4c65-b5aa-dde87d1d0746\" data-dt-img-description=\"\" data-large_image_width=\"240\" data-large_image_height=\"320\"href='https:\/\/www.radiopiu.net\/wordpress\/wp-content\/uploads\/2020\/11\/0091a5bc-a5d0-4c65-b5aa-dde87d1d0746.jpg'><img loading=\"lazy\" decoding=\"async\" width=\"150\" height=\"150\" src=\"https:\/\/www.radiopiu.net\/wordpress\/wp-content\/uploads\/2020\/11\/0091a5bc-a5d0-4c65-b5aa-dde87d1d0746-150x150.jpg\" class=\"attachment-thumbnail size-thumbnail\" alt=\"\" \/><\/a>\n\t\t\t\t<\/dt><\/dl><dl class='gallery-item'>\n\t\t\t\t<dt class='gallery-icon portrait'>\n\t\t\t\t\t<a class=\"rollover rollover-zoom dt-pswp-item\" title=\"8309f441-8d6e-4198-aac9-8f3c678ae9cd\" data-dt-img-description=\"\" data-large_image_width=\"240\" data-large_image_height=\"320\"href='https:\/\/www.radiopiu.net\/wordpress\/wp-content\/uploads\/2020\/11\/8309f441-8d6e-4198-aac9-8f3c678ae9cd.jpg'><img loading=\"lazy\" decoding=\"async\" width=\"150\" height=\"150\" src=\"https:\/\/www.radiopiu.net\/wordpress\/wp-content\/uploads\/2020\/11\/8309f441-8d6e-4198-aac9-8f3c678ae9cd-150x150.jpg\" class=\"attachment-thumbnail size-thumbnail\" alt=\"\" \/><\/a>\n\t\t\t\t<\/dt><\/dl><dl class='gallery-item'>\n\t\t\t\t<dt class='gallery-icon portrait'>\n\t\t\t\t\t<a class=\"rollover rollover-zoom dt-pswp-item\" title=\"f408372a-b68b-4063-8433-cf7d0f4cfc63\" data-dt-img-description=\"\" data-large_image_width=\"240\" data-large_image_height=\"320\"href='https:\/\/www.radiopiu.net\/wordpress\/wp-content\/uploads\/2020\/11\/f408372a-b68b-4063-8433-cf7d0f4cfc63.jpg'><img loading=\"lazy\" decoding=\"async\" width=\"150\" height=\"150\" src=\"https:\/\/www.radiopiu.net\/wordpress\/wp-content\/uploads\/2020\/11\/f408372a-b68b-4063-8433-cf7d0f4cfc63-150x150.jpg\" class=\"attachment-thumbnail size-thumbnail\" alt=\"\" \/><\/a>\n\t\t\t\t<\/dt><\/dl><dl class='gallery-item'>\n\t\t\t\t<dt class='gallery-icon portrait'>\n\t\t\t\t\t<a class=\"rollover rollover-zoom dt-pswp-item\" title=\"062d47c0-db7d-4e5a-8f9b-76b2ede0d374\" data-dt-img-description=\"\" data-large_image_width=\"240\" data-large_image_height=\"320\"href='https:\/\/www.radiopiu.net\/wordpress\/wp-content\/uploads\/2020\/11\/062d47c0-db7d-4e5a-8f9b-76b2ede0d374.jpg'><img loading=\"lazy\" decoding=\"async\" width=\"150\" height=\"150\" src=\"https:\/\/www.radiopiu.net\/wordpress\/wp-content\/uploads\/2020\/11\/062d47c0-db7d-4e5a-8f9b-76b2ede0d374-150x150.jpg\" class=\"attachment-thumbnail size-thumbnail\" alt=\"\" \/><\/a>\n\t\t\t\t<\/dt><\/dl><dl class='gallery-item'>\n\t\t\t\t<dt class='gallery-icon portrait'>\n\t\t\t\t\t<a class=\"rollover rollover-zoom dt-pswp-item\" title=\"61bb3c6b-246c-4129-803b-c9bbe679de48\" data-dt-img-description=\"\" data-large_image_width=\"240\" data-large_image_height=\"320\"href='https:\/\/www.radiopiu.net\/wordpress\/wp-content\/uploads\/2020\/11\/61bb3c6b-246c-4129-803b-c9bbe679de48.jpg'><img loading=\"lazy\" decoding=\"async\" width=\"150\" height=\"150\" src=\"https:\/\/www.radiopiu.net\/wordpress\/wp-content\/uploads\/2020\/11\/61bb3c6b-246c-4129-803b-c9bbe679de48-150x150.jpg\" class=\"attachment-thumbnail size-thumbnail\" alt=\"\" \/><\/a>\n\t\t\t\t<\/dt><\/dl><br style=\"clear: both\" \/>\n\t\t\t<\/div>\n\n<\/div>\n<div class=\"im_message_body\">\n<blockquote>\n<h3 class=\"im_message_text\" dir=\"auto\">ARTICOLO PRECEDENTE<\/h3>\n<\/blockquote>\n<div dir=\"auto\"><\/div>\n<div dir=\"auto\">\n<p>FELTRE Il gruppo di ecovolontari dell&#8217;Unione Montana Feltrina anche ieri \u00e8 entrato in azione. Uomini e donne di diversa et\u00e0 si sono dati obbiettivi importanti per il bene della collettivit\u00e0: ripulire angoli della citt\u00e0 di Feltre &#8211; in questa occazione &#8211;\u00a0 lasciati all&#8217;incuria e spesso dall&#8217;incivilt\u00e0. Sabato mattina appuntamento nei pressi dell&#8217;ospedale Santa Maria del Prato, come evidenziato dalle fotografie emerge l&#8217;indecenza, ma \u00e8 anche un modo per sensibilizzare la comunit\u00e0 e prestare maggiore attenzione al bene comune, e perch\u00e9 no, un invito ad entrare nel gruppo degli ecovolontari per una citt\u00e0 pi\u00f9 vivibile, pulita, decorosa.<\/p>\n<\/div>\n<blockquote>\n<p dir=\"auto\"><em>&#8220;Io frequento il gruppo con referente Ermes Zanella da un anno dopo aver sentito le finalit\u00e0 pienamente condivise e mi sono attivata con entusiasmo. Sabato abbiamo deciso di ripulire la zona dietro l&#8217;ospedale Santa Maria del Prato. Abbiamo raccolto centinaia di bottiglie, parecchi sacchetti pieni di rifiuti. Come abbiamo trovato la zona? Credo che le fotografie siano l&#8217;effettiva espressione dell&#8217;incivilt\u00e0&#8221; <\/em>questa la testimonianza di una volontaria del gruppo ecovolontari dell&#8217;Unione Montana Feltrina<\/p>\n<\/blockquote>\n<hr \/>\n<h3 dir=\"auto\"><\/h3>\n<p>&nbsp;<\/p>\n<p>&nbsp;<\/p>\n<p>&nbsp;<\/p>\n<blockquote>\n<h3 dir=\"auto\">COVID, BOND (FI): \u00abCOVID HOTEL PER ALLENTARE LA PRESSIONE SULLE CASE DI RIPOSO: STUDIAMO LE VARIE POSSIBILIT\u00c0 ANCHE PER DARE UNA MANO AGLI ALBERGATORI\u00bb<\/h3>\n<\/blockquote>\n<div dir=\"auto\">\n<p><b><a href=\"https:\/\/www.radiopiu.net\/wordpress\/giornale-radiopiu-20-maggio-2020-direttore-mirko-mezzacasa\/dario-bond-11\/\" rel=\"attachment wp-att-138833\"><img loading=\"lazy\" decoding=\"async\" class=\"size-full wp-image-138833 alignleft\" src=\"https:\/\/www.radiopiu.net\/wordpress\/wp-content\/uploads\/2020\/05\/Dario-Bond.jpg\" alt=\"\" width=\"165\" height=\"228\" \/><\/a>ROMA <\/b>\u00ab<i>Servono misure adeguate per rispondere alle esigenze delle Rsa, messe sotto pressione dall\u2019aumento dei contagi. Per proteggere i nostri anziani, una soluzione potrebbe essere quella di creare delle aree in cui ospitare solo anziani positivi o viceversa, spostare temporaneamente tutti i negativi in altre strutture. Penso ad esempio alla collaborazione con gli alberghi delle localit\u00e0 di montagna, che oggi sono drammaticamente fermi a causa delle misure dell\u2019ultimo Dpcm<\/i>\u00bb. \u00c8 quanto afferma il deputato di Forza Italia Dario Bond, che ha avanzato la proposta anche su alcuni emendamenti alla proroga dello stato di emergenza.\u00a0\u00ab<i>La promiscuit\u00e0 tra positivi e non positivi all\u2019interno delle case di riposo ha creato vere e proprie bombe a orologeria nella prima ondata. Adesso non possiamo permettere che accada di nuovo. Per cui le soluzioni sono due. O si creano luoghi in cui prendersi cura degli anziani positivi, con tutta la dotazione medica possibile, senza dover ricorrere agli ospedali. Oppure si spostano i non positivi in altre strutture, per tutta la durata dell\u2019emergenza sanitaria. Una misura straordinaria, che richiede ovviamente uno sforzo enorme da parte delle Rsa, ma che metterebbe al sicuro i nostri anziani. E che darebbe una possibilit\u00e0 in pi\u00f9 anche agli albergatori, perch\u00e9 potrebbero essere proprio alcuni alberghi a essere individuati come strutture in grado di ospitare gli anziani. Studiamo insieme le varie opportunit\u00e0. Da parte mia, massima disponibilit\u00e0. Ho ribadito questa idea anche all\u2019interno degli emendamenti alla proroga dello stato di emergenza<\/i>\u00bb.<\/p>\n<p>&nbsp;<\/p>\n<p>&nbsp;<\/p>\n<hr \/>\n<p>&nbsp;<\/p>\n<p>&nbsp;<\/p>\n<p>&nbsp;<\/p>\n<\/div>\n<\/div>\n<\/div>\n<\/div>\n<\/div>\n<\/div>\n<blockquote>\n<h3>TUTTO REGOLARE AL MERCATO SETTIMANALE DI CENCENIGHE. IL GRAZIE DEL SINDACO MAURO SOPPELSA<\/h3>\n<\/blockquote>\n<p><strong>CENCENIGHE<\/strong> L\u2019apertura del mercato settimanale con le nuove direttive ha dato esito positivo. &#8220;<em>Grazie alla collaborazione del vigile e protezione civile ma anche alle persone che hanno rispettato le norme. Commercianti soddisfatti, tutto si \u00e8 svolto con regolarit\u00e0 e senza assembramenti. Ritengo sia giusto, dove non ci sono particolari pericoli, continuare a fornire l\u2019opportunit\u00e0 di vivere momenti di normalit\u00e0 per scaricare un po\u2019 la tensione del momento che stiamo vivendo e che dovremo sopportare ancora per un po\u2019 ti tempo<\/em>&#8221; dice il sindaco di Cencenighe Mauro Soppelsa.<\/p>\n\n\t\t\t<style type='text\/css'>\n\t\t\t\t#gallery-3 {\n\t\t\t\t\tmargin: auto;\n\t\t\t\t}\n\t\t\t\t#gallery-3 .gallery-item {\n\t\t\t\t\tfloat: left;\n\t\t\t\t\tmargin-top: 10px;\n\t\t\t\t\ttext-align: center;\n\t\t\t\t\twidth: 25%;\n\t\t\t\t}\n\t\t\t\t#gallery-3 img {\n\t\t\t\t\tborder: 2px solid #cfcfcf;\n\t\t\t\t}\n\t\t\t\t#gallery-3 .gallery-caption {\n\t\t\t\t\tmargin-left: 0;\n\t\t\t\t}\n\t\t\t\t\/* see gallery_shortcode() in wp-includes\/media.php *\/\n\t\t\t<\/style>\n\t\t<div id='gallery-3' class='dt-gallery-container gallery galleryid-172612 gallery-columns-4 gallery-size-thumbnail'><dl class='gallery-item'>\n\t\t\t\t<dt class='gallery-icon landscape'>\n\t\t\t\t\t<a class=\"rollover rollover-zoom dt-pswp-item\" title=\"6bfefbe6-4484-4193-aacd-3b9595b0ed29\" data-dt-img-description=\"\" data-large_image_width=\"1024\" data-large_image_height=\"768\"href='https:\/\/www.radiopiu.net\/wordpress\/wp-content\/uploads\/2020\/11\/6bfefbe6-4484-4193-aacd-3b9595b0ed29.jpg'><img loading=\"lazy\" decoding=\"async\" width=\"150\" height=\"150\" src=\"https:\/\/www.radiopiu.net\/wordpress\/wp-content\/uploads\/2020\/11\/6bfefbe6-4484-4193-aacd-3b9595b0ed29-150x150.jpg\" class=\"attachment-thumbnail size-thumbnail\" alt=\"\" \/><\/a>\n\t\t\t\t<\/dt><\/dl><dl class='gallery-item'>\n\t\t\t\t<dt class='gallery-icon portrait'>\n\t\t\t\t\t<a class=\"rollover rollover-zoom dt-pswp-item\" title=\"066569c6-d560-4739-a833-49c749e60da4\" data-dt-img-description=\"\" data-large_image_width=\"768\" data-large_image_height=\"1024\"href='https:\/\/www.radiopiu.net\/wordpress\/wp-content\/uploads\/2020\/11\/066569c6-d560-4739-a833-49c749e60da4.jpg'><img loading=\"lazy\" decoding=\"async\" width=\"150\" height=\"150\" src=\"https:\/\/www.radiopiu.net\/wordpress\/wp-content\/uploads\/2020\/11\/066569c6-d560-4739-a833-49c749e60da4-150x150.jpg\" class=\"attachment-thumbnail size-thumbnail\" alt=\"\" \/><\/a>\n\t\t\t\t<\/dt><\/dl><dl class='gallery-item'>\n\t\t\t\t<dt class='gallery-icon landscape'>\n\t\t\t\t\t<a class=\"rollover rollover-zoom dt-pswp-item\" title=\"4c1a8ed8-ed04-4f70-b0c9-2ad55f913390\" data-dt-img-description=\"\" data-large_image_width=\"1024\" data-large_image_height=\"768\"href='https:\/\/www.radiopiu.net\/wordpress\/wp-content\/uploads\/2020\/11\/4c1a8ed8-ed04-4f70-b0c9-2ad55f913390.jpg'><img loading=\"lazy\" decoding=\"async\" width=\"150\" height=\"150\" src=\"https:\/\/www.radiopiu.net\/wordpress\/wp-content\/uploads\/2020\/11\/4c1a8ed8-ed04-4f70-b0c9-2ad55f913390-150x150.jpg\" class=\"attachment-thumbnail size-thumbnail\" alt=\"\" \/><\/a>\n\t\t\t\t<\/dt><\/dl><dl class='gallery-item'>\n\t\t\t\t<dt class='gallery-icon portrait'>\n\t\t\t\t\t<a class=\"rollover rollover-zoom dt-pswp-item\" title=\"d0891779-f8cb-49ec-867e-abb9b05ea1c8\" data-dt-img-description=\"\" data-large_image_width=\"768\" data-large_image_height=\"1024\"href='https:\/\/www.radiopiu.net\/wordpress\/wp-content\/uploads\/2020\/11\/d0891779-f8cb-49ec-867e-abb9b05ea1c8.jpg'><img loading=\"lazy\" decoding=\"async\" width=\"150\" height=\"150\" src=\"https:\/\/www.radiopiu.net\/wordpress\/wp-content\/uploads\/2020\/11\/d0891779-f8cb-49ec-867e-abb9b05ea1c8-150x150.jpg\" class=\"attachment-thumbnail size-thumbnail\" alt=\"\" \/><\/a>\n\t\t\t\t<\/dt><\/dl><br style=\"clear: both\" \/>\n\t\t\t<\/div>\n\n<p>&nbsp;<\/p>\n<p>&nbsp;<\/p>\n<p>&nbsp;<\/p>\n<hr \/>\n<p>&nbsp;<\/p>\n<blockquote>\n<h3>PROCEDONO I LAVORI AL CAMPO SORTIVO DI FALCADE<\/h3>\n<\/blockquote>\n<p><strong>FALCADE<\/strong> Sono a buon punto i lavori del campo sportivo di Falcade. Un lavoro che render\u00e0 lustro alla Valle del Biois come spiega il sindaco di Falcade Michele Costa<\/p>\n<audio class=\"wp-audio-shortcode\" id=\"audio-172612-5\" preload=\"none\" style=\"width: 100%;\" controls=\"controls\"><source type=\"audio\/mpeg\" src=\"https:\/\/www.radiopiu.net\/wordpress\/wp-content\/uploads\/2020\/11\/MICHELE-COSTA-CAMPO-FALCADE.mp3?_=5\" \/><a href=\"https:\/\/www.radiopiu.net\/wordpress\/wp-content\/uploads\/2020\/11\/MICHELE-COSTA-CAMPO-FALCADE.mp3\">https:\/\/www.radiopiu.net\/wordpress\/wp-content\/uploads\/2020\/11\/MICHELE-COSTA-CAMPO-FALCADE.mp3<\/a><\/audio>\n<p>&nbsp;<\/p>\n\n\t\t\t<style type='text\/css'>\n\t\t\t\t#gallery-4 {\n\t\t\t\t\tmargin: auto;\n\t\t\t\t}\n\t\t\t\t#gallery-4 .gallery-item {\n\t\t\t\t\tfloat: left;\n\t\t\t\t\tmargin-top: 10px;\n\t\t\t\t\ttext-align: center;\n\t\t\t\t\twidth: 25%;\n\t\t\t\t}\n\t\t\t\t#gallery-4 img {\n\t\t\t\t\tborder: 2px solid #cfcfcf;\n\t\t\t\t}\n\t\t\t\t#gallery-4 .gallery-caption {\n\t\t\t\t\tmargin-left: 0;\n\t\t\t\t}\n\t\t\t\t\/* see gallery_shortcode() in wp-includes\/media.php *\/\n\t\t\t<\/style>\n\t\t<div id='gallery-4' class='dt-gallery-container gallery galleryid-172612 gallery-columns-4 gallery-size-medium'><dl class='gallery-item'>\n\t\t\t\t<dt class='gallery-icon landscape'>\n\t\t\t\t\t<a class=\"rollover rollover-zoom dt-pswp-item\" title=\"136be709-2809-4ea6-b8c4-eeaa96807d86\" data-dt-img-description=\"\" data-large_image_width=\"1600\" data-large_image_height=\"1201\"href='https:\/\/www.radiopiu.net\/wordpress\/wp-content\/uploads\/2020\/11\/136be709-2809-4ea6-b8c4-eeaa96807d86.jpg'><img loading=\"lazy\" decoding=\"async\" width=\"300\" height=\"225\" src=\"https:\/\/www.radiopiu.net\/wordpress\/wp-content\/uploads\/2020\/11\/136be709-2809-4ea6-b8c4-eeaa96807d86-300x225.jpg\" class=\"attachment-medium size-medium\" alt=\"\" srcset=\"https:\/\/www.radiopiu.net\/wordpress\/wp-content\/uploads\/2020\/11\/136be709-2809-4ea6-b8c4-eeaa96807d86-300x225.jpg 300w, https:\/\/www.radiopiu.net\/wordpress\/wp-content\/uploads\/2020\/11\/136be709-2809-4ea6-b8c4-eeaa96807d86-1024x769.jpg 1024w, https:\/\/www.radiopiu.net\/wordpress\/wp-content\/uploads\/2020\/11\/136be709-2809-4ea6-b8c4-eeaa96807d86-768x576.jpg 768w, https:\/\/www.radiopiu.net\/wordpress\/wp-content\/uploads\/2020\/11\/136be709-2809-4ea6-b8c4-eeaa96807d86-1536x1153.jpg 1536w, https:\/\/www.radiopiu.net\/wordpress\/wp-content\/uploads\/2020\/11\/136be709-2809-4ea6-b8c4-eeaa96807d86.jpg 1600w\" sizes=\"auto, (max-width: 300px) 100vw, 300px\" \/><\/a>\n\t\t\t\t<\/dt><\/dl><dl class='gallery-item'>\n\t\t\t\t<dt class='gallery-icon landscape'>\n\t\t\t\t\t<a class=\"rollover rollover-zoom dt-pswp-item\" title=\"3bd70a41-83ae-4642-b4bf-9febe548b8e4\" data-dt-img-description=\"\" data-large_image_width=\"1600\" data-large_image_height=\"1201\"href='https:\/\/www.radiopiu.net\/wordpress\/wp-content\/uploads\/2020\/11\/3bd70a41-83ae-4642-b4bf-9febe548b8e4.jpg'><img loading=\"lazy\" decoding=\"async\" width=\"300\" height=\"225\" src=\"https:\/\/www.radiopiu.net\/wordpress\/wp-content\/uploads\/2020\/11\/3bd70a41-83ae-4642-b4bf-9febe548b8e4-300x225.jpg\" class=\"attachment-medium size-medium\" alt=\"\" srcset=\"https:\/\/www.radiopiu.net\/wordpress\/wp-content\/uploads\/2020\/11\/3bd70a41-83ae-4642-b4bf-9febe548b8e4-300x225.jpg 300w, https:\/\/www.radiopiu.net\/wordpress\/wp-content\/uploads\/2020\/11\/3bd70a41-83ae-4642-b4bf-9febe548b8e4-1024x769.jpg 1024w, https:\/\/www.radiopiu.net\/wordpress\/wp-content\/uploads\/2020\/11\/3bd70a41-83ae-4642-b4bf-9febe548b8e4-768x576.jpg 768w, https:\/\/www.radiopiu.net\/wordpress\/wp-content\/uploads\/2020\/11\/3bd70a41-83ae-4642-b4bf-9febe548b8e4-1536x1153.jpg 1536w, https:\/\/www.radiopiu.net\/wordpress\/wp-content\/uploads\/2020\/11\/3bd70a41-83ae-4642-b4bf-9febe548b8e4.jpg 1600w\" sizes=\"auto, (max-width: 300px) 100vw, 300px\" \/><\/a>\n\t\t\t\t<\/dt><\/dl><dl class='gallery-item'>\n\t\t\t\t<dt class='gallery-icon landscape'>\n\t\t\t\t\t<a class=\"rollover rollover-zoom dt-pswp-item\" title=\"563f8be4-c79e-4add-8ad2-0d1214c5b936\" data-dt-img-description=\"\" data-large_image_width=\"1600\" data-large_image_height=\"1201\"href='https:\/\/www.radiopiu.net\/wordpress\/wp-content\/uploads\/2020\/11\/563f8be4-c79e-4add-8ad2-0d1214c5b936.jpg'><img loading=\"lazy\" decoding=\"async\" width=\"300\" height=\"225\" src=\"https:\/\/www.radiopiu.net\/wordpress\/wp-content\/uploads\/2020\/11\/563f8be4-c79e-4add-8ad2-0d1214c5b936-300x225.jpg\" class=\"attachment-medium size-medium\" alt=\"\" srcset=\"https:\/\/www.radiopiu.net\/wordpress\/wp-content\/uploads\/2020\/11\/563f8be4-c79e-4add-8ad2-0d1214c5b936-300x225.jpg 300w, https:\/\/www.radiopiu.net\/wordpress\/wp-content\/uploads\/2020\/11\/563f8be4-c79e-4add-8ad2-0d1214c5b936-1024x769.jpg 1024w, https:\/\/www.radiopiu.net\/wordpress\/wp-content\/uploads\/2020\/11\/563f8be4-c79e-4add-8ad2-0d1214c5b936-768x576.jpg 768w, https:\/\/www.radiopiu.net\/wordpress\/wp-content\/uploads\/2020\/11\/563f8be4-c79e-4add-8ad2-0d1214c5b936-1536x1153.jpg 1536w, https:\/\/www.radiopiu.net\/wordpress\/wp-content\/uploads\/2020\/11\/563f8be4-c79e-4add-8ad2-0d1214c5b936.jpg 1600w\" sizes=\"auto, (max-width: 300px) 100vw, 300px\" \/><\/a>\n\t\t\t\t<\/dt><\/dl><dl class='gallery-item'>\n\t\t\t\t<dt class='gallery-icon landscape'>\n\t\t\t\t\t<a class=\"rollover rollover-zoom dt-pswp-item\" title=\"6179eb91-6631-449b-9487-6732f160303a\" data-dt-img-description=\"\" data-large_image_width=\"1600\" data-large_image_height=\"1201\"href='https:\/\/www.radiopiu.net\/wordpress\/wp-content\/uploads\/2020\/11\/6179eb91-6631-449b-9487-6732f160303a.jpg'><img loading=\"lazy\" decoding=\"async\" width=\"300\" height=\"225\" src=\"https:\/\/www.radiopiu.net\/wordpress\/wp-content\/uploads\/2020\/11\/6179eb91-6631-449b-9487-6732f160303a-300x225.jpg\" class=\"attachment-medium size-medium\" alt=\"\" srcset=\"https:\/\/www.radiopiu.net\/wordpress\/wp-content\/uploads\/2020\/11\/6179eb91-6631-449b-9487-6732f160303a-300x225.jpg 300w, https:\/\/www.radiopiu.net\/wordpress\/wp-content\/uploads\/2020\/11\/6179eb91-6631-449b-9487-6732f160303a-1024x769.jpg 1024w, https:\/\/www.radiopiu.net\/wordpress\/wp-content\/uploads\/2020\/11\/6179eb91-6631-449b-9487-6732f160303a-768x576.jpg 768w, https:\/\/www.radiopiu.net\/wordpress\/wp-content\/uploads\/2020\/11\/6179eb91-6631-449b-9487-6732f160303a-1536x1153.jpg 1536w, https:\/\/www.radiopiu.net\/wordpress\/wp-content\/uploads\/2020\/11\/6179eb91-6631-449b-9487-6732f160303a.jpg 1600w\" sizes=\"auto, (max-width: 300px) 100vw, 300px\" \/><\/a>\n\t\t\t\t<\/dt><\/dl><br style=\"clear: both\" \/>\n\t\t\t<\/div>\n\n<p>&nbsp;<\/p>\n<hr \/>\n<p>&nbsp;<\/p>\n<p>&nbsp;<\/p>\n<p>&nbsp;<\/p>\n<blockquote>\n<h3>60MILA EURO PER CHI VUOLE INVESTIRE IN NEVEGAL MARTED\u00cc SU ZOOM LA PRESENTAZIONE DEL BANDO<\/h3>\n<\/blockquote>\n<p><strong>BELLUNO<\/strong> Presentazione ufficiale in remoto per il bando che metter\u00e0 60mila euro a disposizione dei privati e delle associazioni che vorranno investire in Nevegal. Il bando prevede contributi fino al 50% della spesa per investimenti strutturali o per attrezzature per interventi nei settori sport, natura, famiglia o cultura. Per illustrare a tutti gli interessati le caratteristiche e i requisiti del bando, \u00e8 stata organizzata una presentazione pubblica che si terr\u00e0 marted\u00ec 17 novembre alle ore 18.00 sulla piattaforma Zoom e che vedr\u00e0 partecipare gli assessori Yuki d&#8217;Emilia e Marco Bogo. \u00abSi tratta di un&#8217;occasione importante per conoscere questa nuova iniziativa a sostegno del nostro colle. &#8211; commentano gli assessori \u2013 Per questo, invitiamo tutti i soggetti privati, ma anche le associazioni che possono avere progetti per il Nevegal, a partecipare all&#8217;evento di presentazione, dove spiegheremo con precisione i termini del bando e dove potranno avere tutti i chiarimenti necessari\u00bb. Per ogni ulteriore necessit\u00e0 e per i codici di accesso alla riunione \u00e8 possibile contattare la Segreteria degli Assessori allo 0437\/913140.<\/p>\n<p>&nbsp;<\/p>\n<p>&nbsp;<\/p>\n<hr \/>\n<p>&nbsp;<\/p>\n<blockquote>\n<h3>VAIA: UNA DONAZIONE DI ALBERI E GRUPPI ELETTROGENI SUGGELLA IL LEGAME TRA E-DISTRIBUZIONE E LE COMUNIT\u00c0 DI VENETO E FRIULI VENEZIA GIULIA<\/h3>\n<\/blockquote>\n<p><strong><a href=\"https:\/\/www.radiopiu.net\/wordpress\/vaia-una-donazione-di-alberi-e-gruppi-elettrogeni-suggella-il-legame-tra-e-distribuzione-e-le-comunita-di-veneto-e-friuli-venezia-giulia\/belluno-alberi-caduti\/\" rel=\"attachment wp-att-172629\"><img loading=\"lazy\" decoding=\"async\" class=\"size-medium wp-image-172629 alignleft\" src=\"https:\/\/www.radiopiu.net\/wordpress\/wp-content\/uploads\/2020\/11\/belluno-alberi-caduti-199x300.jpg\" alt=\"\" width=\"199\" height=\"300\" srcset=\"https:\/\/www.radiopiu.net\/wordpress\/wp-content\/uploads\/2020\/11\/belluno-alberi-caduti-199x300.jpg 199w, https:\/\/www.radiopiu.net\/wordpress\/wp-content\/uploads\/2020\/11\/belluno-alberi-caduti.jpg 425w\" sizes=\"auto, (max-width: 199px) 100vw, 199px\" \/><\/a>VENEZIA<\/strong>\u00a0Il radicamento di E-Distribuzione sul territorio prende corpo in alcuni alberi che hanno trovato dimora a Selva di Cadore (Bl), Sappada (Ud) e Paularo (Ud). Nel secondo anniversario di Vaia, E-Distribuzione testimonia anche simbolicamente la sua attenzione al territorio e la stretta collaborazione con gli enti e le popolazioni locali attraverso la donazione, a ciascuno dei comuni interessati, di alberi di diverse specie, tra cui il carpino bianco piramidale, il ciliegio selvatico e la betulla, che sono stati piantumati presso scuole, parchi gioco, chiese e parcheggi. Gli alberi continueranno cos\u00ec a ricordare anche nei prossimi anni non solo quell\u2019evento, rimasto impresso nella mente di tutti, ma anche la vicinanza alla popolazione e ai sindaci del territorio.\u00a0<em>\u201cLa donazione &#8211; <\/em>commenta\u00a0Roberto Zanchi, responsabile dell\u2019Area Nord di E-Distribuzione &#8211; <em>rappresenta un ulteriore elemento simbolico del forte legame con le comunit\u00e0 di Selva di Cadore, Sappada e Paularo. Un legame che si esprime anche nella salda collaborazione con le istituzioni della zona, aspetto imprescindibile per lo svolgimento delle nostre attivit\u00e0 quotidiane\u201d.\u00a0<\/em>Nell\u2019ottobre 2018 nel bellunese, in Carnia e sull\u2019Altopiano di Asiago, Vaia provoc\u00f2 danni gravissimi a 120 km di linee di media tensione, a centinaia di linee di bassa tensione e a 3 stazioni di trasformazione AT\/MT gestite da E-Distribuzione, la societ\u00e0 del Gruppo Enel che gestisce la rete a media e bassa tensione. Da allora l\u2019Azienda ha lavorato incessantemente alla ricostruzione della rete di Media Tensione, portata a nuova vita prediligendo il cavo aereo e, dove le condizioni lo hanno permesso, l\u2019interramento della linea, cos\u00ec da renderla resiliente a condizioni metereologiche estreme come neve, vento e caduta piante. Gli interventi hanno cercato di minimizzare l\u2019impatto ambientale e, l\u00ec dove le linee aree sono state interrate &#8211; circa 50 chilometri, si sono ripristinate interamente le carreggiate danneggiate. L\u2019iniziativa di questi giorni si aggiunge alla donazione ai Vigili del Fuoco di 66 gruppi elettrogeni utilizzati a seguito <a href=\"https:\/\/www.radiopiu.net\/wordpress\/vaia-una-donazione-di-alberi-e-gruppi-elettrogeni-suggella-il-legame-tra-e-distribuzione-e-le-comunita-di-veneto-e-friuli-venezia-giulia\/img-20181106-wa0019\/\" rel=\"attachment wp-att-172630\"><img loading=\"lazy\" decoding=\"async\" class=\" wp-image-172630 alignright\" src=\"https:\/\/www.radiopiu.net\/wordpress\/wp-content\/uploads\/2020\/11\/IMG-20181106-WA0019-300x169.jpg\" alt=\"\" width=\"447\" height=\"252\" srcset=\"https:\/\/www.radiopiu.net\/wordpress\/wp-content\/uploads\/2020\/11\/IMG-20181106-WA0019-300x169.jpg 300w, https:\/\/www.radiopiu.net\/wordpress\/wp-content\/uploads\/2020\/11\/IMG-20181106-WA0019-1024x576.jpg 1024w, https:\/\/www.radiopiu.net\/wordpress\/wp-content\/uploads\/2020\/11\/IMG-20181106-WA0019-768x432.jpg 768w, https:\/\/www.radiopiu.net\/wordpress\/wp-content\/uploads\/2020\/11\/IMG-20181106-WA0019-1536x864.jpg 1536w, https:\/\/www.radiopiu.net\/wordpress\/wp-content\/uploads\/2020\/11\/IMG-20181106-WA0019.jpg 1600w\" sizes=\"auto, (max-width: 447px) 100vw, 447px\" \/><\/a>della tempesta Vaia per far fronte alle difficolt\u00e0 di ripristino immediato del servizio elettrico in localit\u00e0 difficilmente raggiungibili. Strumenti essenziali da utilizzare a servizio della popolazione che adesso saranno nelle mani di chi, per mestiere e vocazione, garantisce il pronto intervento e conosce il territorio. \u201c<em>Vaia \u2013 <\/em>sottolinea il sindaco di Selva di Cadore, Silvia Cestaro<em> &#8211; ha rappresentato per la nostra comunit\u00e0 una grande sfida, nel saper affrontare la paura e nel riuscire a reagire senza essere sopraffatti dallo sconforto. In tutto questo un grande aiuto \u00e8 arrivato da tutti coloro che si sono messi a disposizione per rendere maggiormente sostenibile la situazione, specialmente nella fornitura di acqua ed energia elettrica. I gruppi elettrogeni installati hanno permesso di riprendere molte attivit\u00e0 propedeutiche alla vita del paese e a ridare comfort alle abitazioni e a tutti coloro che in quei giorni, stanchi e sfiniti ritrovavano tra le mura domestiche nuovamente tepore e riposo. Un grazie quindi ad Enel \u2013 <\/em>conclude Cestaro &#8211; <em>per il sostegno dato nell\u2019emergenza e nel post Vaia con i grandi lavori di ripristino e aumento della resilienza dei loro impianti di distribuzione\u201d.\u00a0<\/em>\u201c<em>Come amministrazione comunale di Sappada\/Plodn &#8211; afferma il sindaco Manuel Piller Hoffer &#8211;\u00a0 teniamo a ringraziare\u00a0E-Distribuzione per il supporto dato ai nostri territori durante l&#8217;emergenza Vaia, adoperandosi per gestire l&#8217;emergenza e garantire il servizio elettrico. A nome della mia comunit\u00e0 vorrei ringraziare inoltre E-Distribuzione per il progetto artistico di abbellimento delle cabine e per la donazione degli alberi, due progetti che evidenziano l&#8217;attenzione dell&#8217;azienda\u00a0verso i territori<\/em>\u201d. Il forte rapporto tra Azienda e territorio ha trovato forma e colore anche con il progetto \u201cE-Distribuzione per la montagna\u201d, un progetto di grande valore culturale e artistico, che ha coinvolto quattro cabine elettriche in Veneto e Friuli Venezia Giulia dipinte dall\u2019estro e dalla creativit\u00e0 di quattro artisti a Selva di Cadore (Belluno), Rocca Pietore (Belluno), Sappada (Udine) e Sauris (Udine). A Rocca Pietore (Belluno), Manuel Giacometti, in arte \u201cJako\u201d, ha ritratto un bambino e una bambina uniti tra loro da una collana di pini, sottolineando la forza per un impegno comune, per vivere e realizzare un mondo migliore. In\u00a0\u201cInnovazione e futuro\u201d, a Sauris (Ud), Diego Montagner ha invece illustrato la luce positiva delle stelle e dei pi\u00f9 piccoli che rappresentano rispettivamente l\u2019energia e il futuro. Allo stesso modo, la nuova generazione \u201cfa capolino\u201d nell\u2019arte di Vittorio Valiante a Sappada (Ud); mentre Serena Giribuola, a Selva di Cadore (Bl), ha scelto un personaggio ispirato al mondo dei fumetti per farci immergere nel flusso vitale dell&#8217;energia intesa come trasformazione.\u00a0<em>\u201cIl progetto per la Montagna \u2013<\/em><em> aggiunge Roberto Zanchi <\/em><em>&#8211; continua ancora oggi e coniuga valori di sostenibilit\u00e0, innovazione e rispetto per l\u2019ambiente. La tutela del territorio e dei suoi abitanti \u00e8 infatti per E-Distribuzione non solo un valore, ma un impegno concreto.<\/em>\u00a0<em>Quello montano \u2013 <\/em><em>conclude Zanchi<\/em><em> &#8211; \u00e8 infatti un territorio che da sempre rappresenta per noi una sfida che ci vede impegnati nel trovare soluzioni tecniche e gestionali idonee a rispondere a condizioni ambientali difficili, ma \u00e8 anche una straordinaria risorsa per l\u2019economia delle comunit\u00e0 che la abitano\u201d.<\/em><\/p>\n<p>&nbsp;<\/p>\n<p>&nbsp;<\/p>\n<hr \/>\n<blockquote>\n<h3><\/h3>\n<h3>&#8220;PER NON DIMENTICARE\u201d: UN LIBRO CELEBRA I 60 ANNI DEL GRUPPO ALPINI PONTE NELLE ALPI-SOVERZENE<\/h3>\n<\/blockquote>\n<p><strong><a href=\"https:\/\/www.radiopiu.net\/wordpress\/per-non-dimenticare-un-libro-celebra-i-60-anni-del-gruppo-alpini-ponte-nelle-alpi-soverzene\/copertina_libro\/\" rel=\"attachment wp-att-172619\"><img loading=\"lazy\" decoding=\"async\" class=\"size-medium wp-image-172619 alignleft\" src=\"https:\/\/www.radiopiu.net\/wordpress\/wp-content\/uploads\/2020\/11\/Copertina_libro-225x300.jpg\" alt=\"\" width=\"225\" height=\"300\" srcset=\"https:\/\/www.radiopiu.net\/wordpress\/wp-content\/uploads\/2020\/11\/Copertina_libro-225x300.jpg 225w, https:\/\/www.radiopiu.net\/wordpress\/wp-content\/uploads\/2020\/11\/Copertina_libro.jpg 768w\" sizes=\"auto, (max-width: 225px) 100vw, 225px\" \/><\/a>PONTE NELLE ALPI\u00a0<\/strong><span style=\"color: #000000; font-family: Helvetica;\">I 60 anni del Gruppo Alpini Ponte nelle Alpi-Soverzene sono ora racchiusi in un libro: \u00e8 a cura di Cesare Poncato e si intitola \u201cPer non dimenticare \u2013 Almeno il nome \u2013 Caduti e vittime della Guerra 1940-1945\u201d. <\/span><span style=\"color: #000000; font-family: Helvetica;\">La prima copia del volume \u00e8 stata consegnata, in municipio, al sindaco Paolo Vendramini: \u00abAvremmo voluto organizzare una presentazione nella palestra della scuola \u201cArrigo Boito\u201d &#8211; spiegano lo stesso Poncato e il capogruppo Mauro Carlin &#8211; e un\u2019altra nella sede della sezione Ana di Belluno. Ma, a causa dei provvedimenti legati alla pandemia da Covid-19, non \u00e8 stato possibile. E cos\u00ec, con la consegna al sindaco, abbiamo aperto la distribuzione del libro ai soci e alla collettivit\u00e0\u00bb. <\/span><span style=\"color: #000000; font-family: Helvetica;\">In queste pagine ricche di Storia, e di valori, sono descritti gli eventi fin dalle radici del Corpo degli Alpini e dalla fondazione del Gruppo di Ponte nelle Alpi, nel lontano 1922: uno tra i primi del territorio bellunese. Nel testo, inoltre, compaiono i nomi dei 142 di Ponte nelle Alpi e Soverzene che hanno perso la vita durante la Seconda guerra mondiale. Non mancano poi gli avvenimenti pi\u00f9 significativi dell&#8217;attivit\u00e0: a cominciare dalla rifondazione del Gruppo, avvenuta nel 1960. Attualmente i soci sono 379.\u00a0<\/span><span style=\"color: #000000; font-family: Helvetica;\">\u00abPreme ringraziare quanti hanno collaborato alla stesura del testo &#8211; riprende Poncato &#8211; e le ditte che, grazie alla loro generosit\u00e0, hanno reso possibile la pubblicazione del volume, la cui grafica \u00e8 stata curata dalla ditta De Poli &amp; Cometto e Viviana Orzes\u00bb. <a href=\"https:\/\/www.radiopiu.net\/wordpress\/per-non-dimenticare-un-libro-celebra-i-60-anni-del-gruppo-alpini-ponte-nelle-alpi-soverzene\/gruppo_alpini_1\/\" rel=\"attachment wp-att-172620\"><img loading=\"lazy\" decoding=\"async\" class=\"size-medium wp-image-172620 alignright\" src=\"https:\/\/www.radiopiu.net\/wordpress\/wp-content\/uploads\/2020\/11\/Gruppo_Alpini_1-300x201.jpg\" alt=\"\" width=\"300\" height=\"201\" srcset=\"https:\/\/www.radiopiu.net\/wordpress\/wp-content\/uploads\/2020\/11\/Gruppo_Alpini_1-300x201.jpg 300w, https:\/\/www.radiopiu.net\/wordpress\/wp-content\/uploads\/2020\/11\/Gruppo_Alpini_1-1024x685.jpg 1024w, https:\/\/www.radiopiu.net\/wordpress\/wp-content\/uploads\/2020\/11\/Gruppo_Alpini_1-768x514.jpg 768w, https:\/\/www.radiopiu.net\/wordpress\/wp-content\/uploads\/2020\/11\/Gruppo_Alpini_1.jpg 1251w\" sizes=\"auto, (max-width: 300px) 100vw, 300px\" \/><\/a><\/span><span style=\"color: #000000; font-family: Helvetica;\">Dalle parole del sindaco Vendramini, infine, traspare una profonda gratitudine: \u00abNel libro sono contenuti i valori alpini e tantissimi progetti e attivit\u00e0 portate avanti nel nostro territorio. Ci sono anche i nomi e il ricordo di chi ha combattuto per la Patria. Un plauso al Gruppo Alpini nella figura del presidente Mauro Carlin e allo storico scrittore alpino Cesare Poncato per aver cos\u00ec minuziosamente portato a compimento il libro, arricchito da tantissime immagini\u00bb.\u00a0<\/span><span style=\"color: #000000; font-family: Helvetica;\">Al costo di 15 euro, \u201cPer non dimenticare\u201d pu\u00f2 essere richiesto a Mauro Carlin (335.7494084 o <a href=\"mailto:mauro.carlin56@gmail.com\">mauro.carlin56@gmail.com<\/a>), Cesare Poncato (349.5863910 o <a href=\"mailto:cesare.poncato@gmail.com\">cesare.poncato@gmail.com<\/a>), Mario Dall\u2019Anese (339.4185370 o <a href=\"mailto:dallanese.mario@gmail.com\">dallanese.mario@gmail.com<\/a>) e Omar De Fina (347.4529547 oppure <a href=\"mailto:omar.defina@libero.it\">omar.defina@libero.it<\/a>.\u00a0<\/span><\/p>\n<p>&nbsp;<\/p>\n<p>&nbsp;<\/p>\n<p>&nbsp;<\/p>\n<p>&nbsp;<\/p>\n<hr \/>\n<p>&nbsp;<\/p>\n<blockquote>\n<h3>I CARABINIERI PRESENTANO IL CALENDARIO STORICO E L\u2019AGENDA STORICA 2021 DANTE, PINOCCHIO E L\u2019ARMA DEI CARABINIERI: UNA SINTESI DELL\u2019ITALIA<\/h3>\n<\/blockquote>\n<p>&nbsp;<\/p>\n<p><strong><a href=\"https:\/\/www.radiopiu.net\/wordpress\/i-carabinieri-presentano-il-calendario-storico-e-lagenda-storica-2021-dante-pinocchio-e-larma-dei-carabinieri-una-sintesi-dellitalia\/000_copertina_01-2\/\" rel=\"attachment wp-att-172749\"><img loading=\"lazy\" decoding=\"async\" class=\"size-medium wp-image-172749 alignleft\" src=\"https:\/\/www.radiopiu.net\/wordpress\/wp-content\/uploads\/2020\/11\/000_COPERTINA_01-218x300.jpg\" alt=\"\" width=\"218\" height=\"300\" srcset=\"https:\/\/www.radiopiu.net\/wordpress\/wp-content\/uploads\/2020\/11\/000_COPERTINA_01-218x300.jpg 218w, https:\/\/www.radiopiu.net\/wordpress\/wp-content\/uploads\/2020\/11\/000_COPERTINA_01-745x1024.jpg 745w, https:\/\/www.radiopiu.net\/wordpress\/wp-content\/uploads\/2020\/11\/000_COPERTINA_01-768x1056.jpg 768w, https:\/\/www.radiopiu.net\/wordpress\/wp-content\/uploads\/2020\/11\/000_COPERTINA_01-1118x1536.jpg 1118w, https:\/\/www.radiopiu.net\/wordpress\/wp-content\/uploads\/2020\/11\/000_COPERTINA_01.jpg 1418w\" sizes=\"auto, (max-width: 218px) 100vw, 218px\" \/><\/a>ROMA\u00a0<\/strong>Le misure connesse al contenimento della pandemia non hanno permesso quest\u2019anno di presentare il Calendario Storico dell\u2019Arma dei Carabinieri ed.2021 nell\u2019ambito della consueta manifestazione. Tuttavia questa mattina a Roma il Comandante Generale, Generale di Corpo d\u2019Armata Giovanni Nistri, ha voluto svelare al pubblico in videocollegamento l\u2019ormai atteso prodotto editoriale, accompagnato da coloro che hanno contribuito alla realizzazione dell\u2019opera: il prof Aldo Onorati e lo scrittore Valerio Massimo Manfredi, con il giornalista Aldo Cazzullo a tenere le fila del racconto, che celebra uno dei massimi simboli italiani, Dante Alighieri, di cui ricorre il settecentenario della scomparsa. Per il Calendario Storico del 2021, l\u2019Arma dei Carabinieri si \u00e8 affidata alla penna di Valerio Massimo Manfredi, cantore e custode della storia antica, e alle tavole realizzate da un esponente della Transavanguardia italiana, Francesco Clemente. Un Maresciallo, Donato Alighieri, emblema del buon carabiniere, toscano come il Sommo Poeta, \u00e8 il filo conduttore trasversale fra i dodici racconti, uno per ogni mese. Alighieri, colto fino al punto di conoscere a memoria l\u2019intero Poema, narra di vicende verosimilmente accadute nel suo percorso di carriera e nelle diverse esperienze operative maturate, percependo le parole di Dante come fonte insostituibile d\u2019ispirazione per coraggio, inventiva e generosit\u00e0. Le storie, ispirate da episodi di vita vissuta, e le immagini, raffiguranti simboli ed elementi dei Carabinieri facilmente riconoscibili, si sposano e dialogano fra loro in una letteratura mista che riporta a stili ed epoche da cui traspare lo spirito eroico del militare e la consapevolezza di trovare anche nei gesti pi\u00f9 piccoli il coraggio di una vita di Valore, facendo inoltre da contrappunto alle terzine della Divina Commedia del Sommo Poeta e celebrarne il 700esimo anniversario della scomparsa. Nella forza delle parole si distinguono in modo tangibile i livelli di cura e attenzione espressi nelle attivit\u00e0 del narratore, cos\u00ec come lo spirito di sacrificio e fedelt\u00e0 del Carabiniere che veglia ogni giorno sugli altri. Dietro le quinte, il dantista Aldo Onorati, collaboratore di punta della prestigiosa \u201cSociet\u00e0 Dante Alighieri\u201d e penna accreditata della rivista \u201cIl Carabiniere\u201d, mensile dell\u2019Arma. Con questo esclusivo Calendario Storico, l\u2019Istituzione offre un insieme di emozioni coinvolgenti e appassionanti da donare al lettore in ciascuna singola pagina, ove ogni carabiniere rappresentato esalta e racchiude quelli del passato, del presente e del futuro. La tiratura sar\u00e0 di oltre un milione di copie, di cui circa 10.000 in lingue straniere (inglese, francese, spagnolo, tedesco, russo, giapponese, cinese e arabo). Il notevole interesse verso il Calendario Storico dell\u2019Arma \u00e8 manifestazione sia dell\u2019affetto e della vicinanza che ciascun cittadino nutre nei confronti della Benemerita a cui \u00e8 legato da uno speciale vincolo, sia dei sentimenti di coesione e unit\u00e0 esistenti tra i Carabinieri attraverso il richiamo a intramontabili valori e semplici eroici gesti quotidiani. Iniziata nel 1928, la pubblicazione del Calendario, giunta alla sua 81^ edizione, dopo l\u2019interruzione post-bellica dal 1945 al 1949 venne ripresa regolarmente nel 1950 e da allora \u00e8 stata puntuale interprete, con le sue tavole, delle vicende dell\u2019Arma e, attraverso di essa, della Storia d\u2019Italia. Oltre al Calendario, \u00e8 stata pubblicata anche l\u2019edizione 2021 dell\u2019Agenda, incentrata sul tema \u201cPinocchio e i Carabinieri\u201d, ove \u00e8 tangibile il legame indissolubile tra il celebre racconto e l\u2019Arma, celebrando cos\u00ec i 140 anni dalla prima apparizione pubblica dell\u2019opera di Carlo Lorenzini, conosciuto come Collodi, e ricordando al contempo le sue espressioni nel mondo delle arti grazie al prezioso contributo offerto da moltissimi illustratori e artisti in una sorta di sfida artistica. In quasi un secolo e mezzo di storia, sono stati moltissimi, tra i pi\u00f9 celebri illustratori e artisti, che si sono cimentati nella sfida di raccontare le vicende del burattino. Una storia caratterizzata dal registro narrativo avvincente e da un susseguirsi di immagini letterarie suggestive che regalano uno spazio senza tempo all\u2019iconografia dei Carabinieri. Una forza evocativa capace di creare un binomio culturale ancora oggi inscindibile: Pinocchio e i Carabinieri. Altre due opere completano l\u2019offerta editoriale: \u00a0Il Calendarietto da tavolo, dedicato al gioco e all\u2019uomo, come importante attivit\u00e0 svolta da bambini e adulti. L\u2019attivit\u00e0 ludica risponde non solo al bisogno primario della persona per rigenerarsi, ma rappresenta anche il ponte insostituibile fra l\u2019universo dei piccoli e quello dei grandi, aprendo la porta segreta del dialogo tra generazioni. <a href=\"https:\/\/www.radiopiu.net\/wordpress\/i-carabinieri-presentano-il-calendario-storico-e-lagenda-storica-2021-dante-pinocchio-e-larma-dei-carabinieri-una-sintesi-dellitalia\/image-2020-11-14-155759\/\" rel=\"attachment wp-att-172753\"><img loading=\"lazy\" decoding=\"async\" class=\"size-medium wp-image-172753 alignright\" src=\"https:\/\/www.radiopiu.net\/wordpress\/wp-content\/uploads\/2020\/11\/IMAGE-2020-11-14-155759-300x199.jpg\" alt=\"\" width=\"300\" height=\"199\" srcset=\"https:\/\/www.radiopiu.net\/wordpress\/wp-content\/uploads\/2020\/11\/IMAGE-2020-11-14-155759-300x199.jpg 300w, https:\/\/www.radiopiu.net\/wordpress\/wp-content\/uploads\/2020\/11\/IMAGE-2020-11-14-155759-1024x678.jpg 1024w, https:\/\/www.radiopiu.net\/wordpress\/wp-content\/uploads\/2020\/11\/IMAGE-2020-11-14-155759-768x509.jpg 768w, https:\/\/www.radiopiu.net\/wordpress\/wp-content\/uploads\/2020\/11\/IMAGE-2020-11-14-155759.jpg 1280w\" sizes=\"auto, (max-width: 300px) 100vw, 300px\" \/><\/a>L\u2019intero ricavato della vendita di questo calendarietto da tavolo \u00e8 devoluto all\u2019Opera Nazionale di Assistenza per gli Orfani dei Militari dell\u2019Arma dei Carabinieri. Il Planning da tavolo dedicato al 150\u00b0 anniversario di Roma Capitale e alle altre Capitali d\u2019Italia. Da un secolo e mezzo la Citt\u00e0 Eterna detiene il titolo di Capitale d\u2019Italia ma la storia racconta che \u00e8 stata preceduta da Torino e Firenze. Vengono quindi celebrate, attraverso le immagini riportate in copertina, le sedi del primo Parlamento unitario: Palazzo Carignano (Torino), Palazzo Vecchio (Firenze) e Palazzo Madama (Roma). L\u2019intero ricavato della vendita di questo planning verr\u00e0 devoluto all\u2019ospedale pediatrico \u201cBambino Ges\u00f9\u201d di Roma, una delle pi\u00f9 antiche istituzioni dedicate all\u2019infanzia e polo di ricerca d\u2019eccellenza a livello internazionale.<\/p>\n<p>&nbsp;<\/p>\n<p><strong>IL VIDEO DELLA PRESENTAZIONE DEL CALENDARIO<\/strong><\/p>\n<div style=\"width: 1200px;\" class=\"wp-video\"><video class=\"wp-video-shortcode\" id=\"video-172612-1\" width=\"1200\" height=\"675\" preload=\"metadata\" controls=\"controls\"><source type=\"video\/mp4\" src=\"https:\/\/www.radiopiu.net\/wordpress\/wp-content\/uploads\/2020\/11\/CALENDARIO-CARABINIERI-OK.mp4?_=1\" \/><a href=\"https:\/\/www.radiopiu.net\/wordpress\/wp-content\/uploads\/2020\/11\/CALENDARIO-CARABINIERI-OK.mp4\">https:\/\/www.radiopiu.net\/wordpress\/wp-content\/uploads\/2020\/11\/CALENDARIO-CARABINIERI-OK.mp4<\/a><\/video><\/div>\n<p>&nbsp;<\/p>\n<p><strong>IL CALENDARIO DELL&#8217;ARMA DEI CARABINIERI<\/strong><\/p>\n\n\t\t\t<style type='text\/css'>\n\t\t\t\t#gallery-5 {\n\t\t\t\t\tmargin: auto;\n\t\t\t\t}\n\t\t\t\t#gallery-5 .gallery-item {\n\t\t\t\t\tfloat: left;\n\t\t\t\t\tmargin-top: 10px;\n\t\t\t\t\ttext-align: center;\n\t\t\t\t\twidth: 16%;\n\t\t\t\t}\n\t\t\t\t#gallery-5 img {\n\t\t\t\t\tborder: 2px solid #cfcfcf;\n\t\t\t\t}\n\t\t\t\t#gallery-5 .gallery-caption {\n\t\t\t\t\tmargin-left: 0;\n\t\t\t\t}\n\t\t\t\t\/* see gallery_shortcode() in wp-includes\/media.php *\/\n\t\t\t<\/style>\n\t\t<div id='gallery-5' class='dt-gallery-container gallery galleryid-172612 gallery-columns-6 gallery-size-thumbnail'><dl class='gallery-item'>\n\t\t\t\t<dt class='gallery-icon landscape'>\n\t\t\t\t\t<a class=\"rollover rollover-zoom dt-pswp-item\" title=\"00_Copertina\" data-dt-img-description=\"\" data-large_image_width=\"1890\" data-large_image_height=\"1300\"href='https:\/\/www.radiopiu.net\/wordpress\/wp-content\/uploads\/2020\/11\/00_Copertina.jpg'><img loading=\"lazy\" decoding=\"async\" width=\"150\" height=\"150\" src=\"https:\/\/www.radiopiu.net\/wordpress\/wp-content\/uploads\/2020\/11\/00_Copertina-150x150.jpg\" class=\"attachment-thumbnail size-thumbnail\" alt=\"\" \/><\/a>\n\t\t\t\t<\/dt><\/dl><dl class='gallery-item'>\n\t\t\t\t<dt class='gallery-icon landscape'>\n\t\t\t\t\t<a class=\"rollover rollover-zoom dt-pswp-item\" title=\"00_Introduzione\" data-dt-img-description=\"\" data-large_image_width=\"2560\" data-large_image_height=\"1760\"href='https:\/\/www.radiopiu.net\/wordpress\/wp-content\/uploads\/2020\/11\/00_Introduzione-scaled.jpg'><img loading=\"lazy\" decoding=\"async\" width=\"150\" height=\"150\" src=\"https:\/\/www.radiopiu.net\/wordpress\/wp-content\/uploads\/2020\/11\/00_Introduzione-150x150.jpg\" class=\"attachment-thumbnail size-thumbnail\" alt=\"\" \/><\/a>\n\t\t\t\t<\/dt><\/dl><dl class='gallery-item'>\n\t\t\t\t<dt class='gallery-icon landscape'>\n\t\t\t\t\t<a class=\"rollover rollover-zoom dt-pswp-item\" title=\"01_Gennaio\" data-dt-img-description=\"\" data-large_image_width=\"2560\" data-large_image_height=\"1760\"href='https:\/\/www.radiopiu.net\/wordpress\/wp-content\/uploads\/2020\/11\/01_Gennaio-scaled.jpg'><img loading=\"lazy\" decoding=\"async\" width=\"150\" height=\"150\" src=\"https:\/\/www.radiopiu.net\/wordpress\/wp-content\/uploads\/2020\/11\/01_Gennaio-150x150.jpg\" class=\"attachment-thumbnail size-thumbnail\" alt=\"\" \/><\/a>\n\t\t\t\t<\/dt><\/dl><dl class='gallery-item'>\n\t\t\t\t<dt class='gallery-icon landscape'>\n\t\t\t\t\t<a class=\"rollover rollover-zoom dt-pswp-item\" title=\"02_Febbraio\" data-dt-img-description=\"\" data-large_image_width=\"2560\" data-large_image_height=\"1760\"href='https:\/\/www.radiopiu.net\/wordpress\/wp-content\/uploads\/2020\/11\/02_Febbraio-scaled.jpg'><img loading=\"lazy\" decoding=\"async\" width=\"150\" height=\"150\" src=\"https:\/\/www.radiopiu.net\/wordpress\/wp-content\/uploads\/2020\/11\/02_Febbraio-150x150.jpg\" class=\"attachment-thumbnail size-thumbnail\" alt=\"\" \/><\/a>\n\t\t\t\t<\/dt><\/dl><dl class='gallery-item'>\n\t\t\t\t<dt class='gallery-icon landscape'>\n\t\t\t\t\t<a class=\"rollover rollover-zoom dt-pswp-item\" title=\"03_Marzo\" data-dt-img-description=\"\" data-large_image_width=\"2560\" data-large_image_height=\"1760\"href='https:\/\/www.radiopiu.net\/wordpress\/wp-content\/uploads\/2020\/11\/03_Marzo-scaled.jpg'><img loading=\"lazy\" decoding=\"async\" width=\"150\" height=\"150\" src=\"https:\/\/www.radiopiu.net\/wordpress\/wp-content\/uploads\/2020\/11\/03_Marzo-150x150.jpg\" class=\"attachment-thumbnail size-thumbnail\" alt=\"\" \/><\/a>\n\t\t\t\t<\/dt><\/dl><dl class='gallery-item'>\n\t\t\t\t<dt class='gallery-icon landscape'>\n\t\t\t\t\t<a class=\"rollover rollover-zoom dt-pswp-item\" title=\"04_Aprile\" data-dt-img-description=\"\" data-large_image_width=\"2560\" data-large_image_height=\"1760\"href='https:\/\/www.radiopiu.net\/wordpress\/wp-content\/uploads\/2020\/11\/04_Aprile-scaled.jpg'><img loading=\"lazy\" decoding=\"async\" width=\"150\" height=\"150\" src=\"https:\/\/www.radiopiu.net\/wordpress\/wp-content\/uploads\/2020\/11\/04_Aprile-150x150.jpg\" class=\"attachment-thumbnail size-thumbnail\" alt=\"\" \/><\/a>\n\t\t\t\t<\/dt><\/dl><br style=\"clear: both\" \/><dl class='gallery-item'>\n\t\t\t\t<dt class='gallery-icon landscape'>\n\t\t\t\t\t<a class=\"rollover rollover-zoom dt-pswp-item\" title=\"05_Maggio_\" data-dt-img-description=\"\" data-large_image_width=\"2560\" data-large_image_height=\"1760\"href='https:\/\/www.radiopiu.net\/wordpress\/wp-content\/uploads\/2020\/11\/05_Maggio_-scaled.jpg'><img loading=\"lazy\" decoding=\"async\" width=\"150\" height=\"150\" src=\"https:\/\/www.radiopiu.net\/wordpress\/wp-content\/uploads\/2020\/11\/05_Maggio_-150x150.jpg\" class=\"attachment-thumbnail size-thumbnail\" alt=\"\" \/><\/a>\n\t\t\t\t<\/dt><\/dl><dl class='gallery-item'>\n\t\t\t\t<dt class='gallery-icon landscape'>\n\t\t\t\t\t<a class=\"rollover rollover-zoom dt-pswp-item\" title=\"06_Giugno\" data-dt-img-description=\"\" data-large_image_width=\"2560\" data-large_image_height=\"1760\"href='https:\/\/www.radiopiu.net\/wordpress\/wp-content\/uploads\/2020\/11\/06_Giugno-scaled.jpg'><img loading=\"lazy\" decoding=\"async\" width=\"150\" height=\"150\" src=\"https:\/\/www.radiopiu.net\/wordpress\/wp-content\/uploads\/2020\/11\/06_Giugno-150x150.jpg\" class=\"attachment-thumbnail size-thumbnail\" alt=\"\" \/><\/a>\n\t\t\t\t<\/dt><\/dl><dl class='gallery-item'>\n\t\t\t\t<dt class='gallery-icon landscape'>\n\t\t\t\t\t<a class=\"rollover rollover-zoom dt-pswp-item\" title=\"07_Paginone\" data-dt-img-description=\"\" data-large_image_width=\"2560\" data-large_image_height=\"1760\"href='https:\/\/www.radiopiu.net\/wordpress\/wp-content\/uploads\/2020\/11\/07_Paginone-scaled.jpg'><img loading=\"lazy\" decoding=\"async\" width=\"150\" height=\"150\" src=\"https:\/\/www.radiopiu.net\/wordpress\/wp-content\/uploads\/2020\/11\/07_Paginone-150x150.jpg\" class=\"attachment-thumbnail size-thumbnail\" alt=\"\" \/><\/a>\n\t\t\t\t<\/dt><\/dl><dl class='gallery-item'>\n\t\t\t\t<dt class='gallery-icon landscape'>\n\t\t\t\t\t<a class=\"rollover rollover-zoom dt-pswp-item\" title=\"08_Luglio\" data-dt-img-description=\"\" data-large_image_width=\"2560\" data-large_image_height=\"1760\"href='https:\/\/www.radiopiu.net\/wordpress\/wp-content\/uploads\/2020\/11\/08_Luglio-scaled.jpg'><img loading=\"lazy\" decoding=\"async\" width=\"150\" height=\"150\" src=\"https:\/\/www.radiopiu.net\/wordpress\/wp-content\/uploads\/2020\/11\/08_Luglio-150x150.jpg\" class=\"attachment-thumbnail size-thumbnail\" alt=\"\" \/><\/a>\n\t\t\t\t<\/dt><\/dl><dl class='gallery-item'>\n\t\t\t\t<dt class='gallery-icon landscape'>\n\t\t\t\t\t<a class=\"rollover rollover-zoom dt-pswp-item\" title=\"09_Agosto\" data-dt-img-description=\"\" data-large_image_width=\"2560\" data-large_image_height=\"1760\"href='https:\/\/www.radiopiu.net\/wordpress\/wp-content\/uploads\/2020\/11\/09_Agosto-scaled.jpg'><img loading=\"lazy\" decoding=\"async\" width=\"150\" height=\"150\" src=\"https:\/\/www.radiopiu.net\/wordpress\/wp-content\/uploads\/2020\/11\/09_Agosto-150x150.jpg\" class=\"attachment-thumbnail size-thumbnail\" alt=\"\" \/><\/a>\n\t\t\t\t<\/dt><\/dl><dl class='gallery-item'>\n\t\t\t\t<dt class='gallery-icon landscape'>\n\t\t\t\t\t<a class=\"rollover rollover-zoom dt-pswp-item\" title=\"10_Settembre\" data-dt-img-description=\"\" data-large_image_width=\"2560\" data-large_image_height=\"1760\"href='https:\/\/www.radiopiu.net\/wordpress\/wp-content\/uploads\/2020\/11\/10_Settembre-scaled.jpg'><img loading=\"lazy\" decoding=\"async\" width=\"150\" height=\"150\" src=\"https:\/\/www.radiopiu.net\/wordpress\/wp-content\/uploads\/2020\/11\/10_Settembre-150x150.jpg\" class=\"attachment-thumbnail size-thumbnail\" alt=\"\" \/><\/a>\n\t\t\t\t<\/dt><\/dl><br style=\"clear: both\" \/><dl class='gallery-item'>\n\t\t\t\t<dt class='gallery-icon landscape'>\n\t\t\t\t\t<a class=\"rollover rollover-zoom dt-pswp-item\" title=\"11_Ottobre\" data-dt-img-description=\"\" data-large_image_width=\"2560\" data-large_image_height=\"1760\"href='https:\/\/www.radiopiu.net\/wordpress\/wp-content\/uploads\/2020\/11\/11_Ottobre-scaled.jpg'><img loading=\"lazy\" decoding=\"async\" width=\"150\" height=\"150\" src=\"https:\/\/www.radiopiu.net\/wordpress\/wp-content\/uploads\/2020\/11\/11_Ottobre-150x150.jpg\" class=\"attachment-thumbnail size-thumbnail\" alt=\"\" \/><\/a>\n\t\t\t\t<\/dt><\/dl><dl class='gallery-item'>\n\t\t\t\t<dt class='gallery-icon landscape'>\n\t\t\t\t\t<a class=\"rollover rollover-zoom dt-pswp-item\" title=\"12_Novembre\" data-dt-img-description=\"\" data-large_image_width=\"2560\" data-large_image_height=\"1760\"href='https:\/\/www.radiopiu.net\/wordpress\/wp-content\/uploads\/2020\/11\/12_Novembre-scaled.jpg'><img loading=\"lazy\" decoding=\"async\" width=\"150\" height=\"150\" src=\"https:\/\/www.radiopiu.net\/wordpress\/wp-content\/uploads\/2020\/11\/12_Novembre-150x150.jpg\" class=\"attachment-thumbnail size-thumbnail\" alt=\"\" \/><\/a>\n\t\t\t\t<\/dt><\/dl><dl class='gallery-item'>\n\t\t\t\t<dt class='gallery-icon landscape'>\n\t\t\t\t\t<a class=\"rollover rollover-zoom dt-pswp-item\" title=\"13_Dicembre\" data-dt-img-description=\"\" data-large_image_width=\"2560\" data-large_image_height=\"1760\"href='https:\/\/www.radiopiu.net\/wordpress\/wp-content\/uploads\/2020\/11\/13_Dicembre-scaled.jpg'><img loading=\"lazy\" decoding=\"async\" width=\"150\" height=\"150\" src=\"https:\/\/www.radiopiu.net\/wordpress\/wp-content\/uploads\/2020\/11\/13_Dicembre-150x150.jpg\" class=\"attachment-thumbnail size-thumbnail\" alt=\"\" \/><\/a>\n\t\t\t\t<\/dt><\/dl><dl class='gallery-item'>\n\t\t\t\t<dt class='gallery-icon landscape'>\n\t\t\t\t\t<a class=\"rollover rollover-zoom dt-pswp-item\" title=\"14_Ricompense\" data-dt-img-description=\"\" data-large_image_width=\"2560\" data-large_image_height=\"1760\"href='https:\/\/www.radiopiu.net\/wordpress\/wp-content\/uploads\/2020\/11\/14_Ricompense-scaled.jpg'><img loading=\"lazy\" decoding=\"async\" width=\"150\" height=\"150\" src=\"https:\/\/www.radiopiu.net\/wordpress\/wp-content\/uploads\/2020\/11\/14_Ricompense-150x150.jpg\" class=\"attachment-thumbnail size-thumbnail\" alt=\"\" \/><\/a>\n\t\t\t\t<\/dt><\/dl><dl class='gallery-item'>\n\t\t\t\t<dt class='gallery-icon portrait'>\n\t\t\t\t\t<a class=\"rollover rollover-zoom dt-pswp-item\" title=\"15_IV di COPERTINA\" data-dt-img-description=\"\" data-large_image_width=\"945\" data-large_image_height=\"1300\"href='https:\/\/www.radiopiu.net\/wordpress\/wp-content\/uploads\/2020\/11\/15_IV-di-COPERTINA.jpg'><img loading=\"lazy\" decoding=\"async\" width=\"150\" height=\"150\" src=\"https:\/\/www.radiopiu.net\/wordpress\/wp-content\/uploads\/2020\/11\/15_IV-di-COPERTINA-150x150.jpg\" class=\"attachment-thumbnail size-thumbnail\" alt=\"\" \/><\/a>\n\t\t\t\t<\/dt><\/dl>\n\t\t\t\t<br style='clear: both' \/>\n\t\t\t<\/div>\n\n<p>&nbsp;<\/p>\n<hr \/>\n<p>&nbsp;<\/p>\n<p>&nbsp;<\/p>\n<blockquote>\n<h3>ASCA CERCA PERSONALE INFERMIERISTICO E ASSISTENZIALE<\/h3>\n<\/blockquote>\n<p><strong><a href=\"https:\/\/www.radiopiu.net\/wordpress\/asca-ricerca-personale-infermieristico\/asca-4\/\" rel=\"attachment wp-att-128881\"><img loading=\"lazy\" decoding=\"async\" class=\"size-medium wp-image-128881 alignleft\" src=\"https:\/\/i0.wp.com\/www.radiopiu.net\/wordpress\/wp-content\/uploads\/2020\/04\/ASCA.png?resize=300%2C165&amp;ssl=1\" sizes=\"auto, (max-width: 300px) 100vw, 300px\" srcset=\"https:\/\/i0.wp.com\/www.radiopiu.net\/wordpress\/wp-content\/uploads\/2020\/04\/ASCA.png?resize=300%2C165&amp;ssl=1 300w, https:\/\/i0.wp.com\/www.radiopiu.net\/wordpress\/wp-content\/uploads\/2020\/04\/ASCA.png?resize=1024%2C565&amp;ssl=1 1024w, https:\/\/i0.wp.com\/www.radiopiu.net\/wordpress\/wp-content\/uploads\/2020\/04\/ASCA.png?resize=768%2C424&amp;ssl=1 768w, https:\/\/i0.wp.com\/www.radiopiu.net\/wordpress\/wp-content\/uploads\/2020\/04\/ASCA.png?w=1211&amp;ssl=1 1211w\" alt=\"\" width=\"300\" height=\"166\" \/><\/a>AGORDO\u00a0<\/strong>ASCA comunica che in relazione alla selezione pubblica finalizzata alla formulazione di una graduatoria di idoneit\u00e0 utile all\u2019inserimento a tempo indeterminato e a tempo pieno\u00a0presso la RSA di Agordo di INFERMIERI in scadenza il 16\/11\/2020, \u00e8 stato prorogato il termine<strong>\u00a0<\/strong>ultimo per la presentazione delle candidature al giorno\u00a018 dicembre 2020.\u00a0Viene confermato invece il termine del\u00a023 novembre 2020\u00a0\u00a0per la selezione pubblica finalizzata alla formulazione di una graduatoria di idoneit\u00e0 utile all\u2019inserimento a tempo indeterminato e\u00a0a tempo pieno presso la RSA di Agordo di OPERATORI SOCIO SANITARI.\u00a0Si avvisa che per ragioni legate alla emergenza pandemica in corso sono state semplificate le procedure di selezione che avverranno sulla base dei curricula pervenuti.\u00a0Tutte le informazioni sono presenti sulla home page del sito aziendale\u00a0<a href=\"http:\/\/www.servizisocialiasca.it\/\">www.servizisocialiasca.it<\/a>.<\/p>\n<p>&nbsp;<\/p>\n<p>&nbsp;<\/p>\n<p>&nbsp;<\/p>\n<p>&nbsp;<\/p>\n<hr \/>\n<p>&nbsp;<\/p>\n<blockquote>\n<h3><\/h3>\n<h3>BORSE DI STUDIO IN RIVA AL LAGO, ECCO IL BANDO<\/h3>\n<\/blockquote>\n<p><strong>ALLEGHE\u00a0 <\/strong>Il Comune ha pubblicato il Bando per l\u2019assegnazione di borse di studio comunali agli studenti, residenti, frequentanti le scuole superiori o laureatesi nel 2020. Il modulo di domanda si pu\u00f2 reperire sul sito del Comune di Alleghe o richiedere direttamente all\u2019Ufficio Servizi Demografici; le domande potranno essere inoltrate fino al 20 dicembre 2020.\u201d<\/p>\n<p>&nbsp;<\/p>\n<p>&nbsp;<\/p>\n<hr \/>\n<blockquote>\n<h3><\/h3>\n<h3>CONCORSO PUBBLICO PER L\u2019ASSUNZIONE DI UN ISTRUTTORE TECNICO E UN AGENTE DI POLIZIA LOCALE<\/h3>\n<\/blockquote>\n<p><strong>PEDAVENA<\/strong> Concorso pubblico per l\u2019assunzione a tempo indeterminato e pieno di un istruttore tecnico categoria C1 presso l\u2019Area Tecnica del Comune di Pedavena, presso lo stesso Comune altro concorso per l\u2019assunzione a tempo indeterminato e pieno di un Agente di Polizia Locale categoria C1.\u00a0 Le domande di partecipazione dovranno pervenire all\u2019ufficio protocollo dell\u2019Unione Montana Feltrina. Informazioni sul sito istituzionale dell\u2019ente.\u00a0 Termine di scadenza per la presentazione delle domande alle 12 del\u00a0 10 dicembre.<\/p>\n<p>&nbsp;<\/p>\n<hr \/>\n<p>&nbsp;<\/p>\n<p>&nbsp;<\/p>\n<blockquote>\n<h3>RICONOSCERE E MONITORARE LE FARFALLE<\/h3>\n<\/blockquote>\n<p><strong><a href=\"https:\/\/www.radiopiu.net\/wordpress\/farfalla-vivere-a-colori-blogger\/\"><img loading=\"lazy\" decoding=\"async\" class=\"wp-image-29945 alignleft\" src=\"https:\/\/i1.wp.com\/www.radiopiu.net\/wordpress\/wp-content\/uploads\/2017\/03\/farfalla-vivere-a-colori-blogger.jpg?resize=171%2C129&amp;ssl=1\" alt=\"\" width=\"171\" height=\"129\" \/><\/a>FELTRE<\/strong> Il Parco Nazionale delle Dolomiti Bellunesi ospita l\u20198\u00b0 workshop nazionale di formazione dei volontari.<br \/>\nL\u2019incontro si terr\u00e0 mercoled\u00ec 25 novembre, con inizio alle 9:45, sulla piattaforma Zoom, nel rispetto delle attuali normative anti Covid. Per partecipare al workshop online \u00e8 necessario iscriversi inviando una mail a federica.paradiso@unito.it entro e non oltre luned\u00ec 23 novembre. Il workshop \u00e8 gratuito ed \u00e8 aperto a chiunque desideri contriburie alla raccolta di dati sulle farfalle, sia all\u2019interno che all\u2019esterno del Parco. Tutte le informazioni raccolte confluiranno in un unico grande database europeo, che consentir\u00e0 di monitorare nel tempo lo stato di conservazione delle diverse specie di farfalle, dalla Scandinavia al Mediterraneo.<\/p>\n<p>&nbsp;<\/p>\n<p>&nbsp;<\/p>\n<hr \/>\n<p>&nbsp;<\/p>\n<blockquote>\n<h3><b>\u00a0<\/b><\/h3>\n<h3><b>UN NATALE SOLIDALE PER LE AZIENDE CON LE CESTE DI \u201cINSIEME SI PU<\/b><b>\u00d2<\/b><b>\u2026\u201d<\/b><\/h3>\n<\/blockquote>\n<p><a href=\"https:\/\/www.radiopiu.net\/wordpress\/giornale-radiopiu-14-novembre-2020-direttore-mirko-mezzacasa\/isp_ceste-solidali-natale\/\" rel=\"attachment wp-att-172574\"><img loading=\"lazy\" decoding=\"async\" class=\" wp-image-172574 alignleft\" src=\"https:\/\/www.radiopiu.net\/wordpress\/wp-content\/uploads\/2020\/11\/ISP_ceste-solidali-natale-300x300.jpeg\" alt=\"\" width=\"179\" height=\"179\" srcset=\"https:\/\/www.radiopiu.net\/wordpress\/wp-content\/uploads\/2020\/11\/ISP_ceste-solidali-natale-300x300.jpeg 300w, https:\/\/www.radiopiu.net\/wordpress\/wp-content\/uploads\/2020\/11\/ISP_ceste-solidali-natale-150x150.jpeg 150w, https:\/\/www.radiopiu.net\/wordpress\/wp-content\/uploads\/2020\/11\/ISP_ceste-solidali-natale.jpeg 716w\" sizes=\"auto, (max-width: 179px) 100vw, 179px\" \/><\/a><strong>BELLUNO <\/strong>\u201cInsieme si pu\u00f2\u2026\u201d non vuole fermare il proprio impegno verso i pi\u00f9 deboli, in particolare nei confronti dei bambini della Provincia di Belluno e in Uganda, le cui famiglie sono entrate in situazione di difficolt\u00e0 proprio per le conseguenze della pandemia. Per le aziende interessate a sostenere l\u2019iniziativa \u201cPerch\u00e9 nessun bambino resti escluso\u201d sono disponibili le ceste solidali di Natale, realizzate con prodotti artigianali o biologici provenienti dal\u00a0 territorio. Nella Provincia di Belluno, attraverso il progetto \u201cLa povert\u00e0 a casa nostra\u201d, l\u2019associazione nel 2020 ha sostenuto circa 200 nuclei familiari in difficolt\u00e0 socio-economica.\u00a0 Anche in Uganda la situazione \u00e8 drammatica. Il governo ugandese ha disposto la chiusura di quasi tutte le scuole nel marzo scorso, e ad oggi ha riaperto la frequenza solo per le ultime classi dei vari cicli di studi.<\/p>\n<blockquote><p>Per ricevere ulteriori informazioni o richiedere le ceste natalizie solidali di Insieme si pu\u00f2 basta contattare l\u2019associazione via mail all\u2019indirizzo info@365giorni.org oppure chiamare al numero 0437 291298 (dal luned\u00ec al venerd\u00ec ore 8-12.30 e 15-18 e il sabato mattina ore 9-12).<\/p>\n<p>&nbsp;<\/p><\/blockquote>\n<p>&nbsp;<\/p>\n<hr \/>\n<p>&nbsp;<\/p>\n<div class=\"im_message_wrap clearfix\">\n<div class=\"im_content_message_wrap im_message_out\">\n<h2><span style=\"color: #ff0000;\">IERI ALLA RADIO\u00a0 IN VIVO VERSO 2020-21<\/span><\/h2>\n<p><strong>IL RITORNO DI IN VIVO VERSO, LA SESTA STAGIONE, SECONDA SETTIMANA DA UN&#8217;IDEA DI BRUNELLA MORO:\u00a0 <\/strong>Poeti nuovi, per In Vivo Verso, e poeti gi\u00e0 conosciuti e amati, da domani.. versi che toccano, che fanno bene al cuore. Soprattutto in questo momento in cui l&#8217; arte e le sue espressioni hanno le ali tarpate .. E allora benvenuti e ben rivisti, Bianca Soligo, Nicola Scodro, Cristina De Iasi,\u00a0 Daniele Sommariva e il meraviglioso video di Sara Casal<\/p>\n<p><strong><span style=\"color: #0000ff;\">IN ONDA DAL LUNEDI AL VENERDI ALLE 7.10, 10.10, 18.50\u00a0<\/span><\/strong><\/p>\n<\/div>\n<\/div>\n<p><strong><span style=\"font-family: Verdana, sans-serif;\"><span style=\"font-size: medium;\">LA RACCOLTA COMPLETA, TUTTE LE COLLEZIONI<\/span><\/span><\/strong><\/p>\n<blockquote><p>&nbsp;<\/p><\/blockquote>\n<blockquote class=\"wp-embedded-content\" data-secret=\"A3cOOlGkUQ\"><p><a href=\"https:\/\/www.radiopiu.net\/wordpress\/in-vivo-verso\/\">In Vivo Verso<\/a><\/p><\/blockquote>\n<p><iframe loading=\"lazy\" class=\"wp-embedded-content\" sandbox=\"allow-scripts\" security=\"restricted\" style=\"position: absolute; clip: rect(1px, 1px, 1px, 1px);\" title=\"&#8220;In Vivo Verso&#8221; &#8212; Radio Pi\u00f9\" src=\"https:\/\/www.radiopiu.net\/wordpress\/in-vivo-verso\/embed\/#?secret=A3cOOlGkUQ\" data-secret=\"A3cOOlGkUQ\" width=\"600\" height=\"338\" frameborder=\"0\" marginwidth=\"0\" marginheight=\"0\" scrolling=\"no\"><\/iframe><\/p>\n<hr \/>\n<p>&nbsp;<\/p>\n<h2>007 IN CONDOTTA CON LA PROF. MARIA ROSA SALMAZO IL LUNEDI ALLE 10,30 E ALLE 19.00 LA DOMENICA ALLE 8 DEL MATTINO. NONA STAGIONE<\/h2>\n<h2>LA RACCOLTA COMPLETA<\/h2>\n<blockquote class=\"wp-embedded-content\" data-secret=\"OaxZsbd7ll\"><p><a href=\"https:\/\/www.radiopiu.net\/wordpress\/007incondotta-9\/\">007 in condotta<\/a><\/p><\/blockquote>\n<p><iframe loading=\"lazy\" class=\"wp-embedded-content\" sandbox=\"allow-scripts\" security=\"restricted\" style=\"position: absolute; clip: rect(1px, 1px, 1px, 1px);\" title=\"&#8220;007 in condotta&#8221; &#8212; Radio Pi\u00f9\" src=\"https:\/\/www.radiopiu.net\/wordpress\/007incondotta-9\/embed\/#?secret=OaxZsbd7ll\" data-secret=\"OaxZsbd7ll\" width=\"600\" height=\"338\" frameborder=\"0\" marginwidth=\"0\" marginheight=\"0\" scrolling=\"no\"><\/iframe><\/p>\n<p>&nbsp;<\/p>\n<hr \/>\n<p>&nbsp;<\/p>\n<blockquote>\n<h2>SALUTE E SOCIETA&#8217; IL LUNEDI ALLE 13.10 E ALLE 20.10, LA DOMENICA ALLE 10.30 A CURA DEL DOTTOR MARCO CARACCIOLO. QUINTA STAGIONE<\/h2>\n<\/blockquote>\n<h3>LA RACCOLTA COMPLETA<\/h3>\n<blockquote class=\"wp-embedded-content\" data-secret=\"r5RMSvhqff\"><p><a href=\"https:\/\/www.radiopiu.net\/wordpress\/saluteesocieta\/\">Salute e Societ\u00e0<\/a><\/p><\/blockquote>\n<p><iframe loading=\"lazy\" class=\"wp-embedded-content\" sandbox=\"allow-scripts\" security=\"restricted\" style=\"position: absolute; clip: rect(1px, 1px, 1px, 1px);\" title=\"&#8220;Salute e Societ\u00e0&#8221; &#8212; Radio Pi\u00f9\" src=\"https:\/\/www.radiopiu.net\/wordpress\/saluteesocieta\/embed\/#?secret=r5RMSvhqff\" data-secret=\"r5RMSvhqff\" width=\"600\" height=\"338\" frameborder=\"0\" marginwidth=\"0\" marginheight=\"0\" scrolling=\"no\"><\/iframe><\/p>\n<hr \/>\n<blockquote>\n<h2><\/h2>\n<h2>FANTASTICHE DOLOMITI, NUOVA STAGIONE. APPUNTAMENTO QUINDICINALE IL GIOVEDI ALLE 10.30 E 1900<\/h2>\n<\/blockquote>\n<h1>LA RACCOLTA COMPLETA<\/h1>\n<blockquote class=\"wp-embedded-content\" data-secret=\"rM4DPgydwE\"><p><a href=\"https:\/\/www.radiopiu.net\/wordpress\/fantastiche-dolomiti-la-presentazione-con-claudio-canova\/\">FANTASTICHE DOLOMITI: IL QUINDICINALE APPUNTAMENTO ALLA RADIO<\/a><\/p><\/blockquote>\n<p><iframe loading=\"lazy\" class=\"wp-embedded-content\" sandbox=\"allow-scripts\" security=\"restricted\" style=\"position: absolute; clip: rect(1px, 1px, 1px, 1px);\" title=\"&#8220;FANTASTICHE DOLOMITI: IL QUINDICINALE APPUNTAMENTO ALLA RADIO&#8221; &#8212; Radio Pi\u00f9\" src=\"https:\/\/www.radiopiu.net\/wordpress\/fantastiche-dolomiti-la-presentazione-con-claudio-canova\/embed\/#?secret=rM4DPgydwE\" data-secret=\"rM4DPgydwE\" width=\"600\" height=\"338\" frameborder=\"0\" marginwidth=\"0\" marginheight=\"0\" scrolling=\"no\"><\/iframe><\/p>\n<p>&nbsp;<\/p>\n<p>&nbsp;<\/p>\n<div class=\"mw-parser-output\">\n<p>&nbsp;<\/p>\n<\/div>\n<p>&nbsp;<\/p>\n<hr \/>\n<p>&nbsp;<\/p>\n<h2><span style=\"color: #ff0000;\">IERI ALLA RADIO\u00a0<\/span><\/h2>\n<h2><strong><a href=\"https:\/\/www.radiopiu.net\/wordpress\/?attachment_id=172615\" rel=\"attachment wp-att-172615\"><img loading=\"lazy\" decoding=\"async\" class=\"size-medium wp-image-172615 alignleft\" src=\"https:\/\/www.radiopiu.net\/wordpress\/wp-content\/uploads\/2020\/11\/volontari-san-martino-300x77.jpg\" alt=\"\" width=\"300\" height=\"77\" srcset=\"https:\/\/www.radiopiu.net\/wordpress\/wp-content\/uploads\/2020\/11\/volontari-san-martino-300x77.jpg 300w, https:\/\/www.radiopiu.net\/wordpress\/wp-content\/uploads\/2020\/11\/volontari-san-martino.jpg 388w\" sizes=\"auto, (max-width: 300px) 100vw, 300px\" \/><\/a><span style=\"color: #800080;\">LA RASSEGNA STAMPA DA L&#8217;AMICO DEL POPOLO &#8211; 14 NOVEMBRE 2020<\/span><\/strong><\/h2>\n<p><strong>di\u00a0Gianni\u00a0<\/strong><b>Santomaso\u00a0<\/b><\/p>\n<p>OSPITE: Daniela Farenzena dell&#8217;associazione San Martino<\/p>\n<audio class=\"wp-audio-shortcode\" id=\"audio-172612-6\" preload=\"none\" style=\"width: 100%;\" controls=\"controls\"><source type=\"audio\/mpeg\" src=\"https:\/\/www.radiopiu.net\/wordpress\/wp-content\/uploads\/2020\/11\/RASSEGNA-GIANNI-1.mp3?_=6\" \/><a href=\"https:\/\/www.radiopiu.net\/wordpress\/wp-content\/uploads\/2020\/11\/RASSEGNA-GIANNI-1.mp3\">https:\/\/www.radiopiu.net\/wordpress\/wp-content\/uploads\/2020\/11\/RASSEGNA-GIANNI-1.mp3<\/a><\/audio>\n<p>&nbsp;<\/p>\n<hr \/>\n<p>&nbsp;<\/p>\n<h2><span style=\"color: #808000;\">DUE MINUTI UN LIBRO\u00a0 TUTTI I GIORNI ALLA RADIO ALLE 9.30 E ALLE 18. QUINTA STAGIONE\u00a0<\/span><\/h2>\n<blockquote class=\"wp-embedded-content\" data-secret=\"VFxeGlmze0\"><p><a href=\"https:\/\/www.radiopiu.net\/wordpress\/il-santuario-degli-eretici\/\">IL SANTUARIO DEGLI ERETICI<\/a><\/p><\/blockquote>\n<p><iframe loading=\"lazy\" class=\"wp-embedded-content\" sandbox=\"allow-scripts\" security=\"restricted\" style=\"position: absolute; clip: rect(1px, 1px, 1px, 1px);\" title=\"&#8220;IL SANTUARIO DEGLI ERETICI&#8221; &#8212; Radio Pi\u00f9\" src=\"https:\/\/www.radiopiu.net\/wordpress\/il-santuario-degli-eretici\/embed\/#?secret=VFxeGlmze0\" data-secret=\"VFxeGlmze0\" width=\"600\" height=\"338\" frameborder=\"0\" marginwidth=\"0\" marginheight=\"0\" scrolling=\"no\"><\/iframe><\/p>\n<p>&nbsp;<\/p>\n<h2>LA RACCOLTA COMPLETA<\/h2>\n<blockquote class=\"wp-embedded-content\" data-secret=\"Er1Tc9W2Em\"><p><a href=\"https:\/\/www.radiopiu.net\/wordpress\/due-minuti-un-libro\/\">Due minuti un libro<\/a><\/p><\/blockquote>\n<p><iframe loading=\"lazy\" class=\"wp-embedded-content\" sandbox=\"allow-scripts\" security=\"restricted\" style=\"position: absolute; clip: rect(1px, 1px, 1px, 1px);\" title=\"&#8220;Due minuti un libro&#8221; &#8212; Radio Pi\u00f9\" src=\"https:\/\/www.radiopiu.net\/wordpress\/due-minuti-un-libro\/embed\/#?secret=Er1Tc9W2Em\" data-secret=\"Er1Tc9W2Em\" width=\"600\" height=\"338\" frameborder=\"0\" marginwidth=\"0\" marginheight=\"0\" scrolling=\"no\"><\/iframe><\/p>\n<p>&nbsp;<\/p>\n<hr \/>\n<p>&nbsp;<\/p>\n<p>&nbsp;<\/p>\n<blockquote>\n<h2><a href=\"https:\/\/www.radiopiu.net\/wordpress\/speciale-solidarieta-veneto\/solidarieta-veneto-3\/\" rel=\"attachment wp-att-134366\"><img loading=\"lazy\" decoding=\"async\" class=\"wp-image-134366 alignleft\" src=\"https:\/\/www.radiopiu.net\/wordpress\/wp-content\/uploads\/2020\/05\/solidariet\u00e0-veneto-300x210.jpg\" alt=\"\" width=\"179\" height=\"125\" srcset=\"https:\/\/www.radiopiu.net\/wordpress\/wp-content\/uploads\/2020\/05\/solidariet\u00e0-veneto-300x210.jpg 300w, https:\/\/www.radiopiu.net\/wordpress\/wp-content\/uploads\/2020\/05\/solidariet\u00e0-veneto-1024x717.jpg 1024w, https:\/\/www.radiopiu.net\/wordpress\/wp-content\/uploads\/2020\/05\/solidariet\u00e0-veneto-768x538.jpg 768w, https:\/\/www.radiopiu.net\/wordpress\/wp-content\/uploads\/2020\/05\/solidariet\u00e0-veneto.jpg 1373w\" sizes=\"auto, (max-width: 179px) 100vw, 179px\" \/><\/a>SOLIDARIETA&#8217; VENETO FONDO PENSIONE, IN ONDA IL PRIMO VENERDI DEL MESE ALLE 10.30 E ALLE 19.00 QUINTA STAGIONE<\/h2>\n<h2>LA RACCOLTA COMPLETA<\/h2>\n<\/blockquote>\n<blockquote class=\"wp-embedded-content\" data-secret=\"BsLbfkCw3J\"><p><a href=\"https:\/\/www.radiopiu.net\/wordpress\/solidarieta-veneto\/\">Solidariet\u00e0 Veneto<\/a><\/p><\/blockquote>\n<p><iframe loading=\"lazy\" class=\"wp-embedded-content\" sandbox=\"allow-scripts\" security=\"restricted\" style=\"position: absolute; clip: rect(1px, 1px, 1px, 1px);\" title=\"&#8220;Solidariet\u00e0 Veneto&#8221; &#8212; Radio Pi\u00f9\" src=\"https:\/\/www.radiopiu.net\/wordpress\/solidarieta-veneto\/embed\/#?secret=BsLbfkCw3J\" data-secret=\"BsLbfkCw3J\" width=\"600\" height=\"338\" frameborder=\"0\" marginwidth=\"0\" marginheight=\"0\" scrolling=\"no\"><\/iframe><\/p>\n<p>&nbsp;<\/p>\n<p>&nbsp;<\/p>\n<div>\n<p>&nbsp;<\/p>\n<hr \/>\n<p>&nbsp;<\/p>\n<div>\n<h2><span style=\"color: #33cccc;\">I RACCONTI DI PAOLO SOPPELSA il lunedi alle 9.30 e 18.30<\/span><\/h2>\n<h2><span style=\"color: #33cccc;\"><strong>LA RACCOLTA COMPLETA<\/strong><\/span><\/h2>\n<blockquote class=\"wp-embedded-content\" data-secret=\"vWZPW2GMET\"><p><a href=\"https:\/\/www.radiopiu.net\/wordpress\/i-racconti-di-paolo-soppelsa\/\">I racconti di Paolo Soppelsa<\/a><\/p><\/blockquote>\n<p><iframe loading=\"lazy\" class=\"wp-embedded-content\" sandbox=\"allow-scripts\" security=\"restricted\" style=\"position: absolute; clip: rect(1px, 1px, 1px, 1px);\" title=\"&#8220;I racconti di Paolo Soppelsa&#8221; &#8212; Radio Pi\u00f9\" src=\"https:\/\/www.radiopiu.net\/wordpress\/i-racconti-di-paolo-soppelsa\/embed\/#?secret=vWZPW2GMET\" data-secret=\"vWZPW2GMET\" width=\"600\" height=\"338\" frameborder=\"0\" marginwidth=\"0\" marginheight=\"0\" scrolling=\"no\"><\/iframe><\/p>\n<\/div>\n<p>&nbsp;<\/p>\n<hr \/>\n<p>&nbsp;<\/p>\n<h2><strong>LE\u00a0 PUNTATE di Luisa Alchini di Leggermente Bellunesi, la domenica alle 11, il martedi alle 10.30 e alle 19.00<\/strong><\/h2>\n<h1><span style=\"color: #000000;\">LA RACCOLTA COMPLETA<\/span><\/h1>\n<blockquote class=\"wp-embedded-content\" data-secret=\"pm5rxJOL5H\"><p><a href=\"https:\/\/www.radiopiu.net\/wordpress\/leggermente-20\/\">LEGGERmente&#8230;Bellunesi<\/a><\/p><\/blockquote>\n<p><iframe loading=\"lazy\" class=\"wp-embedded-content\" sandbox=\"allow-scripts\" security=\"restricted\" style=\"position: absolute; clip: rect(1px, 1px, 1px, 1px);\" title=\"&#8220;LEGGERmente&#8230;Bellunesi&#8221; &#8212; Radio Pi\u00f9\" src=\"https:\/\/www.radiopiu.net\/wordpress\/leggermente-20\/embed\/#?secret=pm5rxJOL5H\" data-secret=\"pm5rxJOL5H\" width=\"600\" height=\"338\" frameborder=\"0\" marginwidth=\"0\" marginheight=\"0\" scrolling=\"no\"><\/iframe><\/p>\n<hr \/>\n<p>&nbsp;<\/p>\n<blockquote>\n<h3>L&#8217;ALMANACCO LADINO CON L&#8217;ISTITUT CESA DE JAN QUINDICINALE APPUNTAMENTO. LA DOMENICA ALLE 9 IL LUNEDI ALE 8.35 IL MARTEDI ALLE 12.35 IL MERCOLEDI ALLE 18.35. SECONDA STAGIONE.<\/h3>\n<\/blockquote>\n<p>&nbsp;<\/p>\n<p><strong>LA RACCOLTA COMPLETA\u00a0<\/strong><\/p>\n<blockquote class=\"wp-embedded-content\" data-secret=\"AeCei3dxfs\"><p><a href=\"https:\/\/www.radiopiu.net\/wordpress\/almanacco-ladino\/\">Almanacco Ladino<\/a><\/p><\/blockquote>\n<p><iframe loading=\"lazy\" class=\"wp-embedded-content\" sandbox=\"allow-scripts\" security=\"restricted\" style=\"position: absolute; clip: rect(1px, 1px, 1px, 1px);\" title=\"&#8220;Almanacco Ladino&#8221; &#8212; Radio Pi\u00f9\" src=\"https:\/\/www.radiopiu.net\/wordpress\/almanacco-ladino\/embed\/#?secret=AeCei3dxfs\" data-secret=\"AeCei3dxfs\" width=\"600\" height=\"338\" frameborder=\"0\" marginwidth=\"0\" marginheight=\"0\" scrolling=\"no\"><\/iframe><\/p>\n<p>&nbsp;<\/p>\n<\/div>\n<hr \/>\n<div>\n<h2><span style=\"color: #000080;\"><a class=\"dt-pswp-item\" href=\"https:\/\/www.radiopiu.net\/wordpress\/wp-content\/uploads\/2020\/10\/pp.jpg\" data-dt-img-description=\"\" data-large_image_width=\"640\" data-large_image_height=\"640\"><img loading=\"lazy\" decoding=\"async\" class=\"wp-image-163678 alignleft\" src=\"https:\/\/www.radiopiu.net\/wordpress\/wp-content\/uploads\/2020\/10\/pp-300x300.jpg\" alt=\"\" width=\"106\" height=\"106\" srcset=\"https:\/\/www.radiopiu.net\/wordpress\/wp-content\/uploads\/2020\/10\/pp-300x300.jpg 300w, https:\/\/www.radiopiu.net\/wordpress\/wp-content\/uploads\/2020\/10\/pp-150x150.jpg 150w, https:\/\/www.radiopiu.net\/wordpress\/wp-content\/uploads\/2020\/10\/pp-125x125.jpg 125w, https:\/\/www.radiopiu.net\/wordpress\/wp-content\/uploads\/2020\/10\/pp-200x200.jpg 200w, https:\/\/www.radiopiu.net\/wordpress\/wp-content\/uploads\/2020\/10\/pp-80x80.jpg 80w, https:\/\/www.radiopiu.net\/wordpress\/wp-content\/uploads\/2020\/10\/pp-480x480.jpg 480w, https:\/\/www.radiopiu.net\/wordpress\/wp-content\/uploads\/2020\/10\/pp.jpg 640w\" sizes=\"auto, (max-width: 106px) 100vw, 106px\" \/><\/a> <\/span><\/h2>\n<h2><span style=\"color: #000080;\">DON CESARE, IL PENSIERO DEL GIORNO. ALLA RADIO ALLE 7 DEL MATTINO E ALLE 19.30 DELLA SERA.\u00a0\u00a0<\/span><\/h2>\n<\/div>\n<p>&nbsp;<\/p>\n<audio class=\"wp-audio-shortcode\" id=\"audio-172612-7\" preload=\"none\" style=\"width: 100%;\" controls=\"controls\"><source type=\"audio\/mpeg\" src=\"https:\/\/www.radiopiu.net\/wordpress\/wp-content\/uploads\/2020\/11\/CESARE-10.mp3?_=7\" \/><a href=\"https:\/\/www.radiopiu.net\/wordpress\/wp-content\/uploads\/2020\/11\/CESARE-10.mp3\">https:\/\/www.radiopiu.net\/wordpress\/wp-content\/uploads\/2020\/11\/CESARE-10.mp3<\/a><\/audio>\n<p>&nbsp;<\/p>\n<hr \/>\n<p>&nbsp;<\/p>\n<p>&nbsp;<\/p>\n<blockquote>\n<h3><a href=\"https:\/\/www.radiopiu.net\/wordpress\/giornale-radio-piu-16-09-direttore-mirko-mezzacasa-ed-principale-grp-alle-12-30-e-alla-mezzanotte\/don_giorgio2\/\" rel=\"attachment wp-att-10391\"><img loading=\"lazy\" decoding=\"async\" class=\"size-full wp-image-10391 alignleft\" src=\"https:\/\/www.radiopiu.net\/wordpress\/wp-content\/uploads\/2015\/09\/don_giorgio2.jpg\" alt=\"\" width=\"216\" height=\"137\" \/><\/a>IL MESSAGGIO DI MONSIGNOR GIORGIO LISE<\/h3>\n<\/blockquote>\n<audio class=\"wp-audio-shortcode\" id=\"audio-172612-8\" preload=\"none\" style=\"width: 100%;\" controls=\"controls\"><source type=\"audio\/mpeg\" src=\"https:\/\/www.radiopiu.net\/wordpress\/wp-content\/uploads\/2020\/11\/GIORGIO-1.mp3?_=8\" \/><a href=\"https:\/\/www.radiopiu.net\/wordpress\/wp-content\/uploads\/2020\/11\/GIORGIO-1.mp3\">https:\/\/www.radiopiu.net\/wordpress\/wp-content\/uploads\/2020\/11\/GIORGIO-1.mp3<\/a><\/audio>\n<p>&nbsp;<\/p>\n<p>&nbsp;<\/p>\n<hr \/>\n<p>&nbsp;<\/p>\n<div>\n<p class=\"photoswipe-wrapper\"><a class=\"dt-pswp-item pspw-wrap-ready\" href=\"https:\/\/i0.wp.com\/www.radiopiu.net\/wordpress\/wp-content\/uploads\/2018\/09\/viabilita.jpeg?ssl=1\" data-dt-img-description=\"\" data-large_image_width=\"800\" data-large_image_height=\"100\"><img loading=\"lazy\" decoding=\"async\" class=\"aligncenter wp-image-61954 size-full\" src=\"https:\/\/i0.wp.com\/www.radiopiu.net\/wordpress\/wp-content\/uploads\/2018\/09\/viabilita.jpeg?resize=800%2C100&amp;ssl=1\" sizes=\"auto, (max-width: 800px) 100vw, 800px\" srcset=\"https:\/\/i0.wp.com\/www.radiopiu.net\/wordpress\/wp-content\/uploads\/2018\/09\/viabilita.jpeg?w=800&amp;ssl=1 800w, https:\/\/i0.wp.com\/www.radiopiu.net\/wordpress\/wp-content\/uploads\/2018\/09\/viabilita.jpeg?resize=300%2C38&amp;ssl=1 300w, https:\/\/i0.wp.com\/www.radiopiu.net\/wordpress\/wp-content\/uploads\/2018\/09\/viabilita.jpeg?resize=768%2C96&amp;ssl=1 768w\" alt=\"\" width=\"800\" height=\"100\" \/><\/a><\/p>\n<\/div>\n<p>&nbsp;<\/p>\n<p><strong>PROVINCIALE 35 DI LASTE<\/strong> fino al 20 novembre in localit\u00e0 Digonera di Rocca Pietore senso unico alternato regolato a vista per esecuzione indagini geognostiche<\/p>\n<p><strong>PROVINCIALE 3 VALLE IMPERINA<\/strong>: dal 16 novembre al 12 dicembre senso unico alternato (tutti i giorni nessuno escluso) in locailt\u00e0 Gona per messa in sicurezza della strada.<\/p>\n<p><strong>PROVINCIALE 48 DELLE DOLOMITI<\/strong> fino al 30 novembre (tutti i giorni nessuno escluso) senso unico alternato in localit\u00e0 Livin\u00e8 a Livinallongo del Col di Lana<\/p>\n<p><strong>PROVINCIALE 28 DELLE COSTE D\u2019ALPAGO<\/strong> chiusura totale al transito dalle 8 alle 17 dal 16 al 21 novembre in localit\u00e0 Roncazza di Tambre per taglio ed esbosco piante<\/p>\n<p><strong>PROVINCIALE 25 PASSO VALLES_CAVERSON<\/strong>\u00a0 INTERRUZIONI fino a 15 minuti dalle 7.30 alle 12 e dalle 13 alle 17, dal 9 al 20 novembre. Inoltre senso unico alternato regolato da movieri o semaforo per manutenzione sovrapasso pista da sci<\/p>\n<p><strong>REGIONALE 203 AGORDINA COLLAZ-LIVINALLONGO<\/strong>\u00a0 fino al 4 dicembre (sabato e festivi esclusi) senso unico alternato per singoli tratti di 150 metri<\/p>\n<p><strong>SR 203 AGORDINA<\/strong> fino al 20 novembre, brevi interruzioni al traffico di massimo 15 minuti in localit\u00e0 Collaz di Livinallongo dalle 7:30 alle 17:30 per taglio ed esbosco alberi a monte della strada<\/p>\n<p><strong>SP 13 VAL VANES<\/strong> senso unico alternato regolato da semaforo o movieri in localit\u00e0 Al Cristo di Santa Giustina per posa fibre ottiche<\/p>\n<p><strong>SR 203 AGORDINA<\/strong>\u00a0fino al 30 novembre, compresi sabato e domenica, \u00a0senso unico alternato regolato da semaforo in localit\u00e0 Sopra Sac di Alleghe per allestimento opere di difesa valanghiva<\/p>\n<p><strong>SP\u00a0423 LAGO DI SANTA CROCE_POIATTE_ALPAGO <\/strong>Fino al 12 dicembre (esclusi festivi e prefestivi) senso unico alternato con movieri o semaforo per esecuzione paramassi a monte della strada<\/p>\n<p><strong>SR 473 DI CROCE D\u2019AUNE\u00a0 <\/strong>fino \u00a0al 20 novembre, dalle 7:30 alle 17 esclusi sabati e domeniche, senso unico alternato regolato da semaforo in localit\u00e0 Croce D\u2019Aune di Pedavena per ripristino impianto di illuminazione pubblica<\/p>\n<p><strong>SR 50 SCALE DI PRIMOLANO<\/strong> fino al 18 novembre, dalle 8 alle 12 e dalle 13 alle 18 esclusi sabato e domenica, senso unico alternato regolato da movieri per ripristino piano viabile su cavidotto e-distribuzione<\/p>\n<p><strong>SP 422 DELL\u2019ALPAGO E DEL CANSIGLIO\u00a0<\/strong>fino al 30 novembre, esclusi sabato e domenica, senso unico alternato regolato da movieri tra Puos e Cornei per posa fibre ottiche<\/p>\n<p><strong>SR 48 DELLE DOLOMITI<\/strong>\u00a0fino al 30 novembre senso unico alternato regolato da impianto semaforico tra Arabba e Cernadoi per consolidamento ciglio stradale e sostituzione barriere di sicurezza<\/p>\n<p><strong>SR 48 DELLE DOLOMITI\u00a0<\/strong>tra i comuni di Livinallongo Del Col Di Lana e Cortina, senso unico alternato regolato da movieri fino\u00a0 al 20 novembre, sabato e domenica compresi, \u00a0per collegamento elettrodotto interrato e-distribuzione<\/p>\n<p><strong>PROVINCIALE 251\u00a0<\/strong> COLLE SANTA LUCIA Fino al 28 novembre senso unico (per asfaltature) compresi sabato e domenica (stessa situazione lungo la 203 agordina in localit\u00e0 Rucav\u00e0)<\/p>\n<p><strong>SP 3 DELLA VAL IMPERINA<\/strong> fino a revoca, senso unico alternato regolato a vista in localit\u00e0 Gona di Conedera di Rivamonte per cedimento della carreggiata stradale<\/p>\n<p><strong>SP 49 DI MISURINA <\/strong>fino al\u00a020 novembre, senso unico alternato regolato da impianto semaforico tra Misurina e il confine con la provincia di Bolzano per posa elettrodotto interrato<\/p>\n<p><strong>REGIONALE 203 AGORDINA<\/strong>\u00a0 Fino\u00a0 al 18 dicembre (esclusi festivi e prefestivi) senso unico alternato tra Peron e Candaten con movieri dalle 7.30 alle 9 e dalle 16.30 alle 18. Con semaforo negli altri orari<\/p>\n<p><strong>REGIONALE 203 AGORDINA<\/strong> Fino al 30 novembre (sabato e domenica esclusi) tra Candaten e La Stanga dalle 7.30 alle 9 e dalle 16.30 alle 18 con movieri e negli altri orari con semaforo, senso unico alternato.<\/p>\n<div>\n<p>&nbsp;<\/p>\n<hr \/>\n<p>&nbsp;<\/p>\n<p class=\"photoswipe-wrapper\"><a class=\"dt-pswp-item pspw-wrap-ready\" href=\"https:\/\/i0.wp.com\/www.radiopiu.net\/wordpress\/wp-content\/uploads\/2018\/09\/WhatsApp-Image-2018-09-20-at-16.04.06.jpeg?ssl=1\" data-dt-img-description=\"\" data-large_image_width=\"800\" data-large_image_height=\"100\"><img loading=\"lazy\" decoding=\"async\" class=\"aligncenter wp-image-61378 size-full jetpack-lazy-image jetpack-lazy-image--handled\" src=\"https:\/\/i0.wp.com\/www.radiopiu.net\/wordpress\/wp-content\/uploads\/2018\/09\/WhatsApp-Image-2018-09-20-at-16.04.06.jpeg?resize=800%2C100&amp;ssl=1\" sizes=\"auto, (max-width: 800px) 100vw, 800px\" srcset=\"https:\/\/i0.wp.com\/www.radiopiu.net\/wordpress\/wp-content\/uploads\/2018\/09\/WhatsApp-Image-2018-09-20-at-16.04.06.jpeg?w=800&amp;ssl=1 800w, https:\/\/i0.wp.com\/www.radiopiu.net\/wordpress\/wp-content\/uploads\/2018\/09\/WhatsApp-Image-2018-09-20-at-16.04.06.jpeg?resize=300%2C38&amp;ssl=1 300w, https:\/\/i0.wp.com\/www.radiopiu.net\/wordpress\/wp-content\/uploads\/2018\/09\/WhatsApp-Image-2018-09-20-at-16.04.06.jpeg?resize=768%2C96&amp;ssl=1 768w\" alt=\"\" width=\"800\" height=\"100\" data-lazy-loaded=\"1\" \/><\/a><\/p>\n<\/div>\n<p>&nbsp;<\/p>\n<p><center><b>Domenica 15<\/b><\/center><b>Tempo atteso:\u00a0<\/b>Sulle Dolomiti al mattino cielo generalmente sereno o poco nuvoloso. Nel corso del pomeriggio graduale aumento della nuvolosit\u00e0, dapprima per velature e successivamente per nubi stratiformi. Sulle Prealpi inizialmente poco nuvoloso, tendente a divenire parzialmente nuvoloso o nuvoloso verso la fine della mattinata e molto nuvoloso o coperto nel pomeriggio, con foschie\/nebbie o nubi basse nelle ore pi\u00f9 fredde in alcune valli, in dissolvimento anche parziale nel corso della giornata.<br \/>\n<b>Precipitazioni:\u00a0<\/b>Generalmente assenti, salvo una bassa probabilit\u00e0 (5-10%) alla sera di qualche occasionale piovasco sulle zone prealpine.<br \/>\n<b>Temperature:\u00a0<\/b>Minime senza notevoli variazioni, massime stazionarie o in lieve o contenuta diminuzione specie sulle zone prealpine, con valori prossimi alle medie stagionali. Su Prealpi a 1500 m min 2\u00b0C max 6\u00b0C, a 2000 m min 0\u00b0C max 4\u00b0C. Su Dolomiti a 2000 m min 1\u00b0C max 5\u00b0C, a 3000 m min -5\u00b0C max -2\u00b0C.<br \/>\n<b>Venti:\u00a0<\/b>Nelle valli generalmente deboli per brezze, a tratti e localmente moderati; in quota in prevalenza da sud-ovest, inizialmente moderati tendenti a rinforzare nel corso del pomeriggio fino a divenire tesi\/forti a fine giornata, fino a 25-35 km\/h a 2000 m e fino a 35\/50 km\/h a 3000 m.<\/p>\n<hr \/>\n<p><center><b>Lunedi 16<\/b><\/center><b>Tempo atteso:\u00a0<\/b>Al mattino cielo molto nuvoloso o coperto, associato a possibili deboli precipitazioni specie in mattinata. Nel corso del pomeriggio diradamento della nuvolosit\u00e0 con schiarite a partire dalle Dolomiti in successiva estensione alle Prealpi.<br \/>\n<b>Precipitazioni:\u00a0<\/b>Al mattino probabilit\u00e0 medio-alta, specie dopo l&#8217;alba, di precipitazioni sparse, localmente a carattere di rovescio, ma complessivamente modeste. Le nevicate inizialmente tra i 2200 e i 2400 m in successivo calo fino ai 1700-2000 localmente pi\u00f9 in basso fino a 1500-1600 sulle Dolomiti in caso di rovesci con cumuli di qualche cm tra i 1700 e i 1900, tra i 5 e i 10 cm oltre i 2000<br \/>\n<b>Temperature:\u00a0<\/b>Temperature minime in diminuzione in quota, stazionarie o in lieve aumento nelle valli e osservate a fine giornata; massime in diminuzione. Su Prealpi a 1500 m min 2\u00b0C max 3\u00b0C, a 2000 m min -1\u00b0C max 1\u00b0C. Su Dolomiti a 2000 m min -1\u00b0C max 1\u00b0C, a 3000 m min -8\u00b0C max -3\u00b0C.<br \/>\n<b>Venti:\u00a0<\/b>Nelle valli deboli di direzione variabile, eccetto locali episodi di Foehn serale; in quota, ancora da sud-ovest, inizialmente ancora tesi\/forti, poi da met\u00e0 giornata moderati da nord nord-ovest, fino a a 25-35 km\/h a 2000 m e fino a 35\/55 km\/h a 3000 m.<\/p>\n<hr \/>\n<p><center><b>Martedi 17<\/b><\/center>Tempo soleggiato con cielo generalmente poco nuvoloso su tutte le zone montane, soprattutto sulle Dolomiti, salvo qualche temporanea foschia o nube bassa nelle ore pi\u00f9 fredde in alcune conche prealpine, meno estese e meno probabili rispetto ai giorni precedenti. Temperature minime in lieve calo, massime in aumento. Venti in quota tesi dai quadranti settentrionali.<\/p>\n<hr \/>\n<p><center><b>Mercoledi 18<\/b><\/center>Tempo ancora soleggiato con cielo generalmente sereno o poco nuvoloso con aria asciutta e ottima visibilit\u00e0 a tutte le quote. Clima meno freddo rispetto a marted\u00ec con temperature in ripresa e prossime ai valori medi del periodo. Venti in quota dai quadranti settentrionali inizialmente moderati, in graduale attenuazione nel corso della giornata. Previsore M.Padoan<\/p>\n<p>&nbsp;<\/p>\n<p>&nbsp;<\/p>\n<hr \/>\n<p>&nbsp;<\/p>\n<p><a href=\"https:\/\/www.radiopiu.net\/wordpress\/giornale-radiopiu-15-settembre-2018-direttore-mirko-mezzacasa\/sport-7\/\" rel=\"attachment wp-att-60761\"><img loading=\"lazy\" decoding=\"async\" class=\"aligncenter wp-image-60761 size-full\" src=\"https:\/\/www.radiopiu.net\/wordpress\/wp-content\/uploads\/2018\/09\/sport.jpg\" alt=\"\" width=\"800\" height=\"100\" srcset=\"https:\/\/www.radiopiu.net\/wordpress\/wp-content\/uploads\/2018\/09\/sport.jpg 800w, https:\/\/www.radiopiu.net\/wordpress\/wp-content\/uploads\/2018\/09\/sport-300x38.jpg 300w, https:\/\/www.radiopiu.net\/wordpress\/wp-content\/uploads\/2018\/09\/sport-768x96.jpg 768w\" sizes=\"auto, (max-width: 800px) 100vw, 800px\" \/><\/a><\/p>\n<blockquote>\n<h3><\/h3>\n<h3><\/h3>\n<h3>AGORDINA CALCIO FERMA ANCHE CON GLI ALLENAMENTI, SI ASPETTANO TEMPI MIGLIORI<\/h3>\n<\/blockquote>\n<p><strong><a href=\"https:\/\/www.radiopiu.net\/wordpress\/agordina-seconda-categoria-il-punto-dopo-6-giornate\/marco-lorenzi-ok\/\" rel=\"attachment wp-att-64292\"><img loading=\"lazy\" decoding=\"async\" class=\"size-medium wp-image-64292 alignleft\" src=\"https:\/\/www.radiopiu.net\/wordpress\/wp-content\/uploads\/2018\/10\/MARCO-LORENZI-OK-300x180.png\" alt=\"\" width=\"300\" height=\"180\" srcset=\"https:\/\/www.radiopiu.net\/wordpress\/wp-content\/uploads\/2018\/10\/MARCO-LORENZI-OK-300x180.png 300w, https:\/\/www.radiopiu.net\/wordpress\/wp-content\/uploads\/2018\/10\/MARCO-LORENZI-OK.png 669w\" sizes=\"auto, (max-width: 300px) 100vw, 300px\" \/><\/a>AGORDO<\/strong> L&#8217;Agordina Calcio \u00e8 ai box. Ancora niente allenamenti per la squadra di Lorenzi ma anche per il settore giovanile. Tutto fermo aspettando tempi migliori, anche perch\u00e9 la compagine di Agordo \u00e8 stata colpita dal Covid-19. Alcune settimane fa la notizia di alcuni elementi della squadra positivi al virus e la conseguente coda per fare i tamponi a tutti i giocatori e lo staff. In questo momento due terzi dei positivi si sono negativizzati ma le condizioni per riprendere gli allenamenti secondo protocollo FIGC non ci sono. Si aspetta il 2021 poi se ne riparler\u00e0.<\/p>\n<p><strong>AI MICROFONI DI RADIO PIU&#8217; MARCO LORENZI<\/strong><\/p>\n<audio class=\"wp-audio-shortcode\" id=\"audio-172612-9\" preload=\"none\" style=\"width: 100%;\" controls=\"controls\"><source type=\"audio\/mpeg\" src=\"https:\/\/www.radiopiu.net\/wordpress\/wp-content\/uploads\/2020\/11\/CACO-AGORDINA.mp3?_=9\" \/><a href=\"https:\/\/www.radiopiu.net\/wordpress\/wp-content\/uploads\/2020\/11\/CACO-AGORDINA.mp3\">https:\/\/www.radiopiu.net\/wordpress\/wp-content\/uploads\/2020\/11\/CACO-AGORDINA.mp3<\/a><\/audio>\n<p>&nbsp;<\/p>\n<p>&nbsp;<\/p>\n<p>&nbsp;<\/p>\n<hr \/>\n<p>&nbsp;<\/p>\n<blockquote>\n<h3>L&#8217;ALLEGHE HOCKEY HA FERMATO GLI ALLENAMENTI. SI ASPETTANO LE NUOVE DECISIONI PER IL CAMPIONATO<\/h3>\n<\/blockquote>\n<p><strong><a href=\"https:\/\/www.radiopiu.net\/wordpress\/civette-vittoriose-allesordio-con-lappiano-ne-parla-davide-testori\/davide-testori\/\" rel=\"attachment wp-att-164395\"><img loading=\"lazy\" decoding=\"async\" class=\" wp-image-164395 alignleft\" src=\"https:\/\/www.radiopiu.net\/wordpress\/wp-content\/uploads\/2020\/10\/DAVIDE-TESTORI-300x300.png\" alt=\"\" width=\"176\" height=\"176\" srcset=\"https:\/\/www.radiopiu.net\/wordpress\/wp-content\/uploads\/2020\/10\/DAVIDE-TESTORI-300x300.png 300w, https:\/\/www.radiopiu.net\/wordpress\/wp-content\/uploads\/2020\/10\/DAVIDE-TESTORI-150x150.png 150w, https:\/\/www.radiopiu.net\/wordpress\/wp-content\/uploads\/2020\/10\/DAVIDE-TESTORI-768x768.png 768w, https:\/\/www.radiopiu.net\/wordpress\/wp-content\/uploads\/2020\/10\/DAVIDE-TESTORI-125x125.png 125w, https:\/\/www.radiopiu.net\/wordpress\/wp-content\/uploads\/2020\/10\/DAVIDE-TESTORI-200x200.png 200w, https:\/\/www.radiopiu.net\/wordpress\/wp-content\/uploads\/2020\/10\/DAVIDE-TESTORI-80x80.png 80w, https:\/\/www.radiopiu.net\/wordpress\/wp-content\/uploads\/2020\/10\/DAVIDE-TESTORI-480x480.png 480w, https:\/\/www.radiopiu.net\/wordpress\/wp-content\/uploads\/2020\/10\/DAVIDE-TESTORI.png 788w\" sizes=\"auto, (max-width: 176px) 100vw, 176px\" \/><\/a>ALLEGHE <\/strong>Ad inizio settimana, dopo la riunione tra le 10 societ\u00e0 dell&#8217;Italian Hockey League, la Lega ha deciso di fermare il campionato. Non solo, in questo momento l&#8217;Alleghe Hockey ha anche fermato le sedute di allenamento. Tutti a casa in attesa di nuove decisioni. Di sicuro fino al 5 dicembre il campionato non partir\u00e0 ma nel frattempo si attendono nuove notizie perch\u00e9 le societ\u00e0 nei prossimi giorni faranno di nuovo il punto della situazione su l&#8217;emergenza sanitaria e su eventuali DPCM che potrebbero modificare gli stili di vita, specialmente in spostamenti. In questo momento l&#8217;Alto Adige \u00e8 zona rossa e di conseguenza le squadre non possono accedere alla zona per eventuali partite.<\/p>\n<p><strong>AI MICROFONI DI RADIO PIU&#8217; IL GIOCATORE DELL&#8217;ALLEGHE DAVIDE TESTORI<\/strong><\/p>\n<audio class=\"wp-audio-shortcode\" id=\"audio-172612-10\" preload=\"none\" style=\"width: 100%;\" controls=\"controls\"><source type=\"audio\/mpeg\" src=\"https:\/\/www.radiopiu.net\/wordpress\/wp-content\/uploads\/2020\/11\/TESTORI-ALLEGHE.mp3?_=10\" \/><a href=\"https:\/\/www.radiopiu.net\/wordpress\/wp-content\/uploads\/2020\/11\/TESTORI-ALLEGHE.mp3\">https:\/\/www.radiopiu.net\/wordpress\/wp-content\/uploads\/2020\/11\/TESTORI-ALLEGHE.mp3<\/a><\/audio>\n<p>&nbsp;<\/p>\n","protected":false},"excerpt":{"rendered":"<p>PER RICEVERE QUESTO NOTIZIARIO DIRETTAMENTE SUL TUO CELLULARE ISCRIVITI AL CANALE TELEGRAM \u201cRADIO PIU\u00a0 INFORMAZIONE&#8221; ATTENZIONE: LA NUOVA APP PER IOS-IPHONE https:\/\/apps.apple.com\/it\/app\/radio-pi%C3%B9-emittente-agordina\/id1515939845 ATTENZIONE: LA NUOVA APP RADIO\u00a0 PER ANDROID https:\/\/play.google.com\/store\/apps\/details?id=net.radiopiu.iniko\u00a0\u00a0 &nbsp; &nbsp; L&#8217;AUTOCERTIFICAZIONE PER SCARICARE L&#8217;AUTOCERTIFICAZIONE CLICCA QUI &nbsp; &nbsp; &nbsp; EMERGENZA COVID-19: IL MESSAGGIO DEI SINDACI DELL&#8217;AGORDINO &nbsp; SILVIA CESTARO, CONSIGLIERE REGIONALE, PRESENZA IMPORTANTE&hellip;<\/p>\n","protected":false},"author":4,"featured_media":172753,"comment_status":"closed","ping_status":"closed","sticky":false,"template":"","format":"standard","meta":{"_monsterinsights_skip_tracking":false,"_monsterinsights_sitenote_active":false,"_monsterinsights_sitenote_note":"","_monsterinsights_sitenote_category":0,"footnotes":""},"categories":[1,51,86,49],"tags":[],"class_list":["post-172612","post","type-post","status-publish","format-standard","has-post-thumbnail","hentry","category-senza-categoria","category-evidenza-top","category-gr","category-news-18","category-1","category-51","category-86","category-49","description-off"],"img_url":"https:\/\/www.radiopiu.net\/wordpress\/wp-content\/uploads\/2020\/11\/IMAGE-2020-11-14-155759.jpg","_links":{"self":[{"href":"https:\/\/www.radiopiu.net\/wordpress\/wp-json\/wp\/v2\/posts\/172612","targetHints":{"allow":["GET"]}}],"collection":[{"href":"https:\/\/www.radiopiu.net\/wordpress\/wp-json\/wp\/v2\/posts"}],"about":[{"href":"https:\/\/www.radiopiu.net\/wordpress\/wp-json\/wp\/v2\/types\/post"}],"author":[{"embeddable":true,"href":"https:\/\/www.radiopiu.net\/wordpress\/wp-json\/wp\/v2\/users\/4"}],"replies":[{"embeddable":true,"href":"https:\/\/www.radiopiu.net\/wordpress\/wp-json\/wp\/v2\/comments?post=172612"}],"version-history":[{"count":0,"href":"https:\/\/www.radiopiu.net\/wordpress\/wp-json\/wp\/v2\/posts\/172612\/revisions"}],"wp:featuredmedia":[{"embeddable":true,"href":"https:\/\/www.radiopiu.net\/wordpress\/wp-json\/wp\/v2\/media\/172753"}],"wp:attachment":[{"href":"https:\/\/www.radiopiu.net\/wordpress\/wp-json\/wp\/v2\/media?parent=172612"}],"wp:term":[{"taxonomy":"category","embeddable":true,"href":"https:\/\/www.radiopiu.net\/wordpress\/wp-json\/wp\/v2\/categories?post=172612"},{"taxonomy":"post_tag","embeddable":true,"href":"https:\/\/www.radiopiu.net\/wordpress\/wp-json\/wp\/v2\/tags?post=172612"}],"curies":[{"name":"wp","href":"https:\/\/api.w.org\/{rel}","templated":true}]}}