{"id":172618,"date":"2020-11-14T10:24:00","date_gmt":"2020-11-14T09:24:00","guid":{"rendered":"https:\/\/www.radiopiu.net\/wordpress\/?p=172618"},"modified":"2020-11-14T10:24:01","modified_gmt":"2020-11-14T09:24:01","slug":"per-non-dimenticare-un-libro-celebra-i-60-anni-del-gruppo-alpini-ponte-nelle-alpi-soverzene","status":"publish","type":"post","link":"https:\/\/www.radiopiu.net\/wordpress\/per-non-dimenticare-un-libro-celebra-i-60-anni-del-gruppo-alpini-ponte-nelle-alpi-soverzene\/","title":{"rendered":"&#8220;PER NON DIMENTICARE\u201d: UN LIBRO CELEBRA I 60 ANNI DEL GRUPPO ALPINI PONTE NELLE ALPI-SOVERZENE"},"content":{"rendered":"<p><strong><a href=\"https:\/\/www.radiopiu.net\/wordpress\/per-non-dimenticare-un-libro-celebra-i-60-anni-del-gruppo-alpini-ponte-nelle-alpi-soverzene\/copertina_libro\/\" rel=\"attachment wp-att-172619\"><img loading=\"lazy\" decoding=\"async\" class=\"size-medium wp-image-172619 alignleft\" src=\"https:\/\/www.radiopiu.net\/wordpress\/wp-content\/uploads\/2020\/11\/Copertina_libro-225x300.jpg\" alt=\"\" width=\"225\" height=\"300\" srcset=\"https:\/\/www.radiopiu.net\/wordpress\/wp-content\/uploads\/2020\/11\/Copertina_libro-225x300.jpg 225w, https:\/\/www.radiopiu.net\/wordpress\/wp-content\/uploads\/2020\/11\/Copertina_libro.jpg 768w\" sizes=\"auto, (max-width: 225px) 100vw, 225px\" \/><\/a>PONTE NELLE ALPI\u00a0<\/strong><span style=\"color: #000000; font-family: Helvetica;\">I 60 anni del Gruppo Alpini Ponte nelle Alpi-Soverzene sono ora racchiusi in un libro: \u00e8 a cura di Cesare Poncato e si intitola \u201cPer non dimenticare \u2013 Almeno il nome \u2013 Caduti e vittime della Guerra 1940-1945\u201d. <\/span><span style=\"color: #000000; font-family: Helvetica;\">La prima copia del volume \u00e8 stata consegnata, in municipio, al sindaco Paolo Vendramini: \u00abAvremmo voluto organizzare una presentazione nella palestra della scuola \u201cArrigo Boito\u201d &#8211; spiegano lo stesso Poncato e il capogruppo Mauro Carlin &#8211; e un\u2019altra nella sede della sezione Ana di Belluno. Ma, a causa dei provvedimenti legati alla pandemia da Covid-19, non \u00e8 stato possibile. E cos\u00ec, con la consegna al sindaco, abbiamo aperto la distribuzione del libro ai soci e alla collettivit\u00e0\u00bb. <\/span><span style=\"color: #000000; font-family: Helvetica;\">In queste pagine ricche di Storia, e di valori, sono descritti gli eventi fin dalle radici del Corpo degli Alpini e dalla fondazione del Gruppo di Ponte nelle Alpi, nel lontano 1922: uno tra i primi del territorio bellunese. Nel testo, inoltre, compaiono i nomi dei 142 di Ponte nelle Alpi e Soverzene che hanno perso la vita durante la Seconda guerra mondiale. Non mancano poi gli avvenimenti pi\u00f9 significativi dell&#8217;attivit\u00e0: a cominciare dalla rifondazione del Gruppo, avvenuta nel 1960. Attualmente i soci sono 379.\u00a0<\/span><span style=\"color: #000000; font-family: Helvetica;\">\u00abPreme ringraziare quanti hanno collaborato alla stesura del testo &#8211; riprende Poncato &#8211; e le ditte che, grazie alla loro generosit\u00e0, hanno reso possibile la pubblicazione del volume, la cui grafica \u00e8 stata curata dalla ditta De Poli &amp; Cometto e Viviana Orzes\u00bb. <a href=\"https:\/\/www.radiopiu.net\/wordpress\/per-non-dimenticare-un-libro-celebra-i-60-anni-del-gruppo-alpini-ponte-nelle-alpi-soverzene\/gruppo_alpini_1\/\" rel=\"attachment wp-att-172620\"><img loading=\"lazy\" decoding=\"async\" class=\"size-medium wp-image-172620 alignright\" src=\"https:\/\/www.radiopiu.net\/wordpress\/wp-content\/uploads\/2020\/11\/Gruppo_Alpini_1-300x201.jpg\" alt=\"\" width=\"300\" height=\"201\" srcset=\"https:\/\/www.radiopiu.net\/wordpress\/wp-content\/uploads\/2020\/11\/Gruppo_Alpini_1-300x201.jpg 300w, https:\/\/www.radiopiu.net\/wordpress\/wp-content\/uploads\/2020\/11\/Gruppo_Alpini_1-1024x685.jpg 1024w, https:\/\/www.radiopiu.net\/wordpress\/wp-content\/uploads\/2020\/11\/Gruppo_Alpini_1-768x514.jpg 768w, https:\/\/www.radiopiu.net\/wordpress\/wp-content\/uploads\/2020\/11\/Gruppo_Alpini_1.jpg 1251w\" sizes=\"auto, (max-width: 300px) 100vw, 300px\" \/><\/a><\/span><span style=\"color: #000000; font-family: Helvetica;\">Dalle parole del sindaco Vendramini, infine, traspare una profonda gratitudine: \u00abNel libro sono contenuti i valori alpini e tantissimi progetti e attivit\u00e0 portate avanti nel nostro territorio. Ci sono anche i nomi e il ricordo di chi ha combattuto per la Patria. Un plauso al Gruppo Alpini nella figura del presidente Mauro Carlin e allo storico scrittore alpino Cesare Poncato per aver cos\u00ec minuziosamente portato a compimento il libro, arricchito da tantissime immagini\u00bb.\u00a0<\/span><span style=\"color: #000000; font-family: Helvetica;\">Al costo di 15 euro, \u201cPer non dimenticare\u201d pu\u00f2 essere richiesto a Mauro Carlin (335.7494084 o <a href=\"mailto:mauro.carlin56@gmail.com\">mauro.carlin56@gmail.com<\/a>), Cesare Poncato (349.5863910 o <a href=\"mailto:cesare.poncato@gmail.com\">cesare.poncato@gmail.com<\/a>), Mario Dall\u2019Anese (339.4185370 o <a href=\"mailto:dallanese.mario@gmail.com\">dallanese.mario@gmail.com<\/a>) e Omar De Fina (347.4529547 oppure <a href=\"mailto:omar.defina@libero.it\">omar.defina@libero.it<\/a>.\u00a0<\/span><\/p>\n","protected":false},"excerpt":{"rendered":"<p>PONTE NELLE ALPI\u00a0I 60 anni del Gruppo Alpini Ponte nelle Alpi-Soverzene sono ora racchiusi in un libro: \u00e8 a cura di Cesare Poncato e si intitola \u201cPer non dimenticare \u2013 Almeno il nome \u2013 Caduti e vittime della Guerra 1940-1945\u201d. La prima copia del volume \u00e8 stata consegnata, in municipio, al sindaco Paolo Vendramini: \u00abAvremmo&hellip;<\/p>\n","protected":false},"author":4,"featured_media":172620,"comment_status":"closed","ping_status":"closed","sticky":false,"template":"","format":"standard","meta":{"_monsterinsights_skip_tracking":false,"_monsterinsights_sitenote_active":false,"_monsterinsights_sitenote_note":"","_monsterinsights_sitenote_category":0,"footnotes":""},"categories":[49],"tags":[],"class_list":["post-172618","post","type-post","status-publish","format-standard","has-post-thumbnail","hentry","category-news-18","category-49","description-off"],"img_url":"https:\/\/www.radiopiu.net\/wordpress\/wp-content\/uploads\/2020\/11\/Gruppo_Alpini_1.jpg","_links":{"self":[{"href":"https:\/\/www.radiopiu.net\/wordpress\/wp-json\/wp\/v2\/posts\/172618","targetHints":{"allow":["GET"]}}],"collection":[{"href":"https:\/\/www.radiopiu.net\/wordpress\/wp-json\/wp\/v2\/posts"}],"about":[{"href":"https:\/\/www.radiopiu.net\/wordpress\/wp-json\/wp\/v2\/types\/post"}],"author":[{"embeddable":true,"href":"https:\/\/www.radiopiu.net\/wordpress\/wp-json\/wp\/v2\/users\/4"}],"replies":[{"embeddable":true,"href":"https:\/\/www.radiopiu.net\/wordpress\/wp-json\/wp\/v2\/comments?post=172618"}],"version-history":[{"count":0,"href":"https:\/\/www.radiopiu.net\/wordpress\/wp-json\/wp\/v2\/posts\/172618\/revisions"}],"wp:featuredmedia":[{"embeddable":true,"href":"https:\/\/www.radiopiu.net\/wordpress\/wp-json\/wp\/v2\/media\/172620"}],"wp:attachment":[{"href":"https:\/\/www.radiopiu.net\/wordpress\/wp-json\/wp\/v2\/media?parent=172618"}],"wp:term":[{"taxonomy":"category","embeddable":true,"href":"https:\/\/www.radiopiu.net\/wordpress\/wp-json\/wp\/v2\/categories?post=172618"},{"taxonomy":"post_tag","embeddable":true,"href":"https:\/\/www.radiopiu.net\/wordpress\/wp-json\/wp\/v2\/tags?post=172618"}],"curies":[{"name":"wp","href":"https:\/\/api.w.org\/{rel}","templated":true}]}}