{"id":172650,"date":"2020-11-15T07:28:12","date_gmt":"2020-11-15T06:28:12","guid":{"rendered":"https:\/\/www.radiopiu.net\/wordpress\/?p=172650"},"modified":"2020-11-15T07:53:09","modified_gmt":"2020-11-15T06:53:09","slug":"si-fa-consegnare-17-mila-euro-da-un-pensionato-arrestato-e-in-carcere-a-treviso","status":"publish","type":"post","link":"https:\/\/www.radiopiu.net\/wordpress\/si-fa-consegnare-17-mila-euro-da-un-pensionato-arrestato-e-in-carcere-a-treviso\/","title":{"rendered":"SI FA CONSEGNARE 17 MILA EURO DA UN PENSIONATO. ARRESTATO E&#8217; IN CARCERE A TREVISO"},"content":{"rendered":"<p><strong><a href=\"https:\/\/www.radiopiu.net\/wordpress\/si-fa-consegnare-17-mila-euro-da-un-pensionato-arrestato-e-in-carcere-a-treviso\/photo_2020-11-14_12-49-55\/\" rel=\"attachment wp-att-172655\"><img loading=\"lazy\" decoding=\"async\" class=\"size-medium wp-image-172655 alignleft\" src=\"https:\/\/www.radiopiu.net\/wordpress\/wp-content\/uploads\/2020\/11\/photo_2020-11-14_12-49-55-225x300.jpg\" alt=\"\" width=\"225\" height=\"300\" srcset=\"https:\/\/www.radiopiu.net\/wordpress\/wp-content\/uploads\/2020\/11\/photo_2020-11-14_12-49-55-225x300.jpg 225w, https:\/\/www.radiopiu.net\/wordpress\/wp-content\/uploads\/2020\/11\/photo_2020-11-14_12-49-55.jpg 768w\" sizes=\"auto, (max-width: 225px) 100vw, 225px\" \/><\/a>PIEVE DI SOLIGO <\/strong>Un venditore ambulante domiciliato a Belluno, ma di origini marocchine, \u00e8 stato arrestato e associato al carcere di Treviso dai Carabinieri di Pieve di Soligo. Il fatto a Refrontolo in provincia di Treviso dove l&#8217;uomo \u00e8 stato colto all&#8217;interno di un&#8217;abitazione dove si era appena fatto consegnare 1000 euro in contanti da un pensionato. Da tempo erano in atto episodi estorsivi, in particolare da 3 mesi lo straniero si era gi\u00e0 fatto consegnare dall&#8217;anziano, in pi\u00f9 occasioni, 17 mila euro. L&#8217;uomo \u00e8 stato colto in flagranza di reato, segno evidente che gli uomini dell&#8217;Arma erano sul &#8220;pezzo&#8221; pronti a far scattare la trappola che ha portato all&#8217;arresto del venditore ambulante.<\/p>\n","protected":false},"excerpt":{"rendered":"<p>PIEVE DI SOLIGO Un venditore ambulante domiciliato a Belluno, ma di origini marocchine, \u00e8 stato arrestato e associato al carcere di Treviso dai Carabinieri di Pieve di Soligo. Il fatto a Refrontolo in provincia di Treviso dove l&#8217;uomo \u00e8 stato colto all&#8217;interno di un&#8217;abitazione dove si era appena fatto consegnare 1000 euro in contanti da&hellip;<\/p>\n","protected":false},"author":4,"featured_media":172655,"comment_status":"closed","ping_status":"closed","sticky":false,"template":"","format":"standard","meta":{"_monsterinsights_skip_tracking":false,"_monsterinsights_sitenote_active":false,"_monsterinsights_sitenote_note":"","_monsterinsights_sitenote_category":0,"footnotes":""},"categories":[1,51,49],"tags":[],"class_list":["post-172650","post","type-post","status-publish","format-standard","has-post-thumbnail","hentry","category-senza-categoria","category-evidenza-top","category-news-18","category-1","category-51","category-49","description-off"],"img_url":"https:\/\/www.radiopiu.net\/wordpress\/wp-content\/uploads\/2020\/11\/photo_2020-11-14_12-49-55.jpg","_links":{"self":[{"href":"https:\/\/www.radiopiu.net\/wordpress\/wp-json\/wp\/v2\/posts\/172650","targetHints":{"allow":["GET"]}}],"collection":[{"href":"https:\/\/www.radiopiu.net\/wordpress\/wp-json\/wp\/v2\/posts"}],"about":[{"href":"https:\/\/www.radiopiu.net\/wordpress\/wp-json\/wp\/v2\/types\/post"}],"author":[{"embeddable":true,"href":"https:\/\/www.radiopiu.net\/wordpress\/wp-json\/wp\/v2\/users\/4"}],"replies":[{"embeddable":true,"href":"https:\/\/www.radiopiu.net\/wordpress\/wp-json\/wp\/v2\/comments?post=172650"}],"version-history":[{"count":0,"href":"https:\/\/www.radiopiu.net\/wordpress\/wp-json\/wp\/v2\/posts\/172650\/revisions"}],"wp:featuredmedia":[{"embeddable":true,"href":"https:\/\/www.radiopiu.net\/wordpress\/wp-json\/wp\/v2\/media\/172655"}],"wp:attachment":[{"href":"https:\/\/www.radiopiu.net\/wordpress\/wp-json\/wp\/v2\/media?parent=172650"}],"wp:term":[{"taxonomy":"category","embeddable":true,"href":"https:\/\/www.radiopiu.net\/wordpress\/wp-json\/wp\/v2\/categories?post=172650"},{"taxonomy":"post_tag","embeddable":true,"href":"https:\/\/www.radiopiu.net\/wordpress\/wp-json\/wp\/v2\/tags?post=172650"}],"curies":[{"name":"wp","href":"https:\/\/api.w.org\/{rel}","templated":true}]}}