{"id":172833,"date":"2020-11-15T11:00:06","date_gmt":"2020-11-15T10:00:06","guid":{"rendered":"https:\/\/www.radiopiu.net\/wordpress\/?p=172833"},"modified":"2020-11-15T11:00:06","modified_gmt":"2020-11-15T10:00:06","slug":"sono-9-i-nuovi-maestri-del-lavoro-in-provincia-di-belluno","status":"publish","type":"post","link":"https:\/\/www.radiopiu.net\/wordpress\/sono-9-i-nuovi-maestri-del-lavoro-in-provincia-di-belluno\/","title":{"rendered":"SONO 9 I NUOVI MAESTRI DEL LAVORO IN PROVINCIA DI BELLUNO"},"content":{"rendered":"<p><strong>BELLUNO<\/strong>\u00a0Sono nove i nuovi Maestri del Lavoro bellunesi che a breve riceveranno il brevetto con la \u201cStella al Merito del Lavoro\u201d, onorificenza decretata in questi giorni dal Presidente della Repubblica Sergio Mattarella su proposta del Ministro del Lavoro Nunzia Catalfo. Sono 81 in tutto il Veneto le \u201cStelle al Merito del Lavoro\u201d conferite ai lavoratori che si sono particolarmente distinti nell\u2019attivit\u00e0 lavorativa con ingegno, professionalit\u00e0, moralit\u00e0 e capacit\u00e0 di trasferimento delle professionalit\u00e0 alle giovani generazioni. I bellunesi insigniti quest\u2019anno sono: Oscar Casaril di Gosaldo (Luxottica srl), Luigi Corte Metto di Auronzo di Cadore (Cadore Asfalti srl), Norina Da Cas di Longarone (Marcolin Spa), Patrizia De Moliner di Sedico (De Rigo Vision spa), Antonio Adriano Fattor di Val di Zoldo (Valdizoldo Funivie spa), Valentina Fedon di S. Stefano di Cadore (Giorgio Fedon &amp; Figli spa), Ines Smaniotto di Pieve di Cadore (Safilo spa), Massimo Sommacal di Limana (EPTA Spa &#8211; Costan) e Fabrizio Zampolli di Perarolo di Cadore (Sicet srl). Come prevede la legge istitutiva dell\u2019onorificenza, la consegna del brevetto ha luogo nel capoluogo di Regione nella giornata del 1\u00b0 maggio, Festa del Lavoro. Quest\u2019anno, a causa della pandemia e delle restrizioni contenute nei decreti che si sono susseguiti, la cerimonia non ha avuto luogo. \u00ab<em>Speriamo &#8211; sottolinea il Console Provinciale della Federazione dei Maestri del Lavoro d\u2019Italia Giuseppe Colferai &#8211; che quanto prima il Ministero del Lavoro, di concerto con le Prefetture, possa provvedere a comunicare ai singoli insigniti le date e i luoghi di conferimento del brevetto e delle relative insegne giallo-verdi<\/em>\u00bb. Ricorda sempre Colferai: \u00ab<em>Poter contare su nove nuovi decorati nella nostra provincia, che conta pochi abitanti e un limitato numero di aziende ed occupati, \u00e8 un segno evidente che la nostra provincia esprime realt\u00e0 produttive di alto livello, con altrettante maestranze che hanno raggiunto posti di rilievo all\u2019interno delle imprese e del mondo del lavoro<\/em>\u00bb.<\/p>\n<p><strong>LE FOTO DEI NUOVI MAESTRI DEL LAVORO BELLUNESI<\/strong><\/p>\n\n\t\t\t<style type='text\/css'>\n\t\t\t\t#gallery-1 {\n\t\t\t\t\tmargin: auto;\n\t\t\t\t}\n\t\t\t\t#gallery-1 .gallery-item {\n\t\t\t\t\tfloat: left;\n\t\t\t\t\tmargin-top: 10px;\n\t\t\t\t\ttext-align: center;\n\t\t\t\t\twidth: 33%;\n\t\t\t\t}\n\t\t\t\t#gallery-1 img {\n\t\t\t\t\tborder: 2px solid #cfcfcf;\n\t\t\t\t}\n\t\t\t\t#gallery-1 .gallery-caption {\n\t\t\t\t\tmargin-left: 0;\n\t\t\t\t}\n\t\t\t\t\/* see gallery_shortcode() in wp-includes\/media.php *\/\n\t\t\t<\/style>\n\t\t<div id='gallery-1' class='dt-gallery-container gallery galleryid-172833 gallery-columns-3 gallery-size-medium'><dl class='gallery-item'>\n\t\t\t\t<dt class='gallery-icon portrait'>\n\t\t\t\t\t<a class=\"rollover rollover-zoom dt-pswp-item\" title=\"adriano fattor\" data-dt-img-description=\"\" data-large_image_width=\"182\" data-large_image_height=\"241\"href='https:\/\/www.radiopiu.net\/wordpress\/wp-content\/uploads\/2020\/11\/adriano-fattor.jpg'><img loading=\"lazy\" decoding=\"async\" width=\"182\" height=\"241\" src=\"https:\/\/www.radiopiu.net\/wordpress\/wp-content\/uploads\/2020\/11\/adriano-fattor.jpg\" class=\"attachment-medium size-medium\" alt=\"\" aria-describedby=\"gallery-1-172834\" \/><\/a>\n\t\t\t\t<\/dt>\n\t\t\t\t\t<dd class='wp-caption-text gallery-caption' id='gallery-1-172834'>\n\t\t\t\t\tADRIANO FATTOR\n\t\t\t\t\t<\/dd><\/dl><dl class='gallery-item'>\n\t\t\t\t<dt class='gallery-icon portrait'>\n\t\t\t\t\t<a class=\"rollover rollover-zoom dt-pswp-item\" title=\"fabrizio zampolli\" data-dt-img-description=\"\" data-large_image_width=\"172\" data-large_image_height=\"270\"href='https:\/\/www.radiopiu.net\/wordpress\/wp-content\/uploads\/2020\/11\/fabrizio-zampolli.jpg'><img loading=\"lazy\" decoding=\"async\" width=\"172\" height=\"270\" src=\"https:\/\/www.radiopiu.net\/wordpress\/wp-content\/uploads\/2020\/11\/fabrizio-zampolli.jpg\" class=\"attachment-medium size-medium\" alt=\"\" aria-describedby=\"gallery-1-172835\" \/><\/a>\n\t\t\t\t<\/dt>\n\t\t\t\t\t<dd class='wp-caption-text gallery-caption' id='gallery-1-172835'>\n\t\t\t\t\tFABRIZIO ZAMPOLLI\n\t\t\t\t\t<\/dd><\/dl><dl class='gallery-item'>\n\t\t\t\t<dt class='gallery-icon portrait'>\n\t\t\t\t\t<a class=\"rollover rollover-zoom dt-pswp-item\" title=\"ines smaniotto\" data-dt-img-description=\"\" data-large_image_width=\"181\" data-large_image_height=\"269\"href='https:\/\/www.radiopiu.net\/wordpress\/wp-content\/uploads\/2020\/11\/ines-smaniotto.jpg'><img loading=\"lazy\" decoding=\"async\" width=\"181\" height=\"269\" src=\"https:\/\/www.radiopiu.net\/wordpress\/wp-content\/uploads\/2020\/11\/ines-smaniotto.jpg\" class=\"attachment-medium size-medium\" alt=\"\" aria-describedby=\"gallery-1-172836\" \/><\/a>\n\t\t\t\t<\/dt>\n\t\t\t\t\t<dd class='wp-caption-text gallery-caption' id='gallery-1-172836'>\n\t\t\t\t\tINES SMANIOTTO\n\t\t\t\t\t<\/dd><\/dl><br style=\"clear: both\" \/><dl class='gallery-item'>\n\t\t\t\t<dt class='gallery-icon portrait'>\n\t\t\t\t\t<a class=\"rollover rollover-zoom dt-pswp-item\" title=\"luigi corte metto\" data-dt-img-description=\"\" data-large_image_width=\"162\" data-large_image_height=\"241\"href='https:\/\/www.radiopiu.net\/wordpress\/wp-content\/uploads\/2020\/11\/luigi-corte-metto.jpg'><img loading=\"lazy\" decoding=\"async\" width=\"162\" height=\"241\" src=\"https:\/\/www.radiopiu.net\/wordpress\/wp-content\/uploads\/2020\/11\/luigi-corte-metto.jpg\" class=\"attachment-medium size-medium\" alt=\"\" aria-describedby=\"gallery-1-172837\" \/><\/a>\n\t\t\t\t<\/dt>\n\t\t\t\t\t<dd class='wp-caption-text gallery-caption' id='gallery-1-172837'>\n\t\t\t\t\tLUIGI CORTE METTO\n\t\t\t\t\t<\/dd><\/dl><dl class='gallery-item'>\n\t\t\t\t<dt class='gallery-icon portrait'>\n\t\t\t\t\t<a class=\"rollover rollover-zoom dt-pswp-item\" title=\"massimo sommacal\" data-dt-img-description=\"\" data-large_image_width=\"188\" data-large_image_height=\"272\"href='https:\/\/www.radiopiu.net\/wordpress\/wp-content\/uploads\/2020\/11\/massimo-sommacal.jpg'><img loading=\"lazy\" decoding=\"async\" width=\"188\" height=\"272\" src=\"https:\/\/www.radiopiu.net\/wordpress\/wp-content\/uploads\/2020\/11\/massimo-sommacal.jpg\" class=\"attachment-medium size-medium\" alt=\"\" aria-describedby=\"gallery-1-172838\" \/><\/a>\n\t\t\t\t<\/dt>\n\t\t\t\t\t<dd class='wp-caption-text gallery-caption' id='gallery-1-172838'>\n\t\t\t\t\tMASSIMO SOMMACAL\n\t\t\t\t\t<\/dd><\/dl><dl class='gallery-item'>\n\t\t\t\t<dt class='gallery-icon portrait'>\n\t\t\t\t\t<a class=\"rollover rollover-zoom dt-pswp-item\" title=\"norina da cas\" data-dt-img-description=\"\" data-large_image_width=\"186\" data-large_image_height=\"239\"href='https:\/\/www.radiopiu.net\/wordpress\/wp-content\/uploads\/2020\/11\/norina-da-cas.jpg'><img loading=\"lazy\" decoding=\"async\" width=\"186\" height=\"239\" src=\"https:\/\/www.radiopiu.net\/wordpress\/wp-content\/uploads\/2020\/11\/norina-da-cas.jpg\" class=\"attachment-medium size-medium\" alt=\"\" aria-describedby=\"gallery-1-172839\" \/><\/a>\n\t\t\t\t<\/dt>\n\t\t\t\t\t<dd class='wp-caption-text gallery-caption' id='gallery-1-172839'>\n\t\t\t\t\tNORINA DA CAS\n\t\t\t\t\t<\/dd><\/dl><br style=\"clear: both\" \/><dl class='gallery-item'>\n\t\t\t\t<dt class='gallery-icon portrait'>\n\t\t\t\t\t<a class=\"rollover rollover-zoom dt-pswp-item\" title=\"oscar casaril\" data-dt-img-description=\"\" data-large_image_width=\"177\" data-large_image_height=\"239\"href='https:\/\/www.radiopiu.net\/wordpress\/wp-content\/uploads\/2020\/11\/oscar-casaril.jpg'><img loading=\"lazy\" decoding=\"async\" width=\"177\" height=\"239\" src=\"https:\/\/www.radiopiu.net\/wordpress\/wp-content\/uploads\/2020\/11\/oscar-casaril.jpg\" class=\"attachment-medium size-medium\" alt=\"\" aria-describedby=\"gallery-1-172840\" \/><\/a>\n\t\t\t\t<\/dt>\n\t\t\t\t\t<dd class='wp-caption-text gallery-caption' id='gallery-1-172840'>\n\t\t\t\t\tOSCAR CASARIL\n\t\t\t\t\t<\/dd><\/dl><dl class='gallery-item'>\n\t\t\t\t<dt class='gallery-icon portrait'>\n\t\t\t\t\t<a class=\"rollover rollover-zoom dt-pswp-item\" title=\"patrizia de moliner\" data-dt-img-description=\"\" data-large_image_width=\"170\" data-large_image_height=\"241\"href='https:\/\/www.radiopiu.net\/wordpress\/wp-content\/uploads\/2020\/11\/patrizia-de-moliner.jpg'><img loading=\"lazy\" decoding=\"async\" width=\"170\" height=\"241\" src=\"https:\/\/www.radiopiu.net\/wordpress\/wp-content\/uploads\/2020\/11\/patrizia-de-moliner.jpg\" class=\"attachment-medium size-medium\" alt=\"\" aria-describedby=\"gallery-1-172841\" \/><\/a>\n\t\t\t\t<\/dt>\n\t\t\t\t\t<dd class='wp-caption-text gallery-caption' id='gallery-1-172841'>\n\t\t\t\t\tPATRIZIA DE MOLINER\n\t\t\t\t\t<\/dd><\/dl><dl class='gallery-item'>\n\t\t\t\t<dt class='gallery-icon portrait'>\n\t\t\t\t\t<a class=\"rollover rollover-zoom dt-pswp-item\" title=\"valentina fedon\" data-dt-img-description=\"\" data-large_image_width=\"189\" data-large_image_height=\"242\"href='https:\/\/www.radiopiu.net\/wordpress\/wp-content\/uploads\/2020\/11\/valentina-fedon.jpg'><img loading=\"lazy\" decoding=\"async\" width=\"189\" height=\"242\" src=\"https:\/\/www.radiopiu.net\/wordpress\/wp-content\/uploads\/2020\/11\/valentina-fedon.jpg\" class=\"attachment-medium size-medium\" alt=\"\" aria-describedby=\"gallery-1-172842\" \/><\/a>\n\t\t\t\t<\/dt>\n\t\t\t\t\t<dd class='wp-caption-text gallery-caption' id='gallery-1-172842'>\n\t\t\t\t\tVALENTINA FEDON\n\t\t\t\t\t<\/dd><\/dl><br style=\"clear: both\" \/>\n\t\t\t<\/div>\n\n","protected":false},"excerpt":{"rendered":"<p>BELLUNO\u00a0Sono nove i nuovi Maestri del Lavoro bellunesi che a breve riceveranno il brevetto con la \u201cStella al Merito del Lavoro\u201d, onorificenza decretata in questi giorni dal Presidente della Repubblica Sergio Mattarella su proposta del Ministro del Lavoro Nunzia Catalfo. Sono 81 in tutto il Veneto le \u201cStelle al Merito del Lavoro\u201d conferite ai lavoratori&hellip;<\/p>\n","protected":false},"author":4,"featured_media":172843,"comment_status":"closed","ping_status":"closed","sticky":false,"template":"","format":"standard","meta":{"_monsterinsights_skip_tracking":false,"_monsterinsights_sitenote_active":false,"_monsterinsights_sitenote_note":"","_monsterinsights_sitenote_category":0,"footnotes":""},"categories":[49],"tags":[],"class_list":["post-172833","post","type-post","status-publish","format-standard","has-post-thumbnail","hentry","category-news-18","category-49","description-off"],"img_url":"https:\/\/www.radiopiu.net\/wordpress\/wp-content\/uploads\/2020\/11\/MAESTRI-LAVORO.jpg","_links":{"self":[{"href":"https:\/\/www.radiopiu.net\/wordpress\/wp-json\/wp\/v2\/posts\/172833","targetHints":{"allow":["GET"]}}],"collection":[{"href":"https:\/\/www.radiopiu.net\/wordpress\/wp-json\/wp\/v2\/posts"}],"about":[{"href":"https:\/\/www.radiopiu.net\/wordpress\/wp-json\/wp\/v2\/types\/post"}],"author":[{"embeddable":true,"href":"https:\/\/www.radiopiu.net\/wordpress\/wp-json\/wp\/v2\/users\/4"}],"replies":[{"embeddable":true,"href":"https:\/\/www.radiopiu.net\/wordpress\/wp-json\/wp\/v2\/comments?post=172833"}],"version-history":[{"count":0,"href":"https:\/\/www.radiopiu.net\/wordpress\/wp-json\/wp\/v2\/posts\/172833\/revisions"}],"wp:featuredmedia":[{"embeddable":true,"href":"https:\/\/www.radiopiu.net\/wordpress\/wp-json\/wp\/v2\/media\/172843"}],"wp:attachment":[{"href":"https:\/\/www.radiopiu.net\/wordpress\/wp-json\/wp\/v2\/media?parent=172833"}],"wp:term":[{"taxonomy":"category","embeddable":true,"href":"https:\/\/www.radiopiu.net\/wordpress\/wp-json\/wp\/v2\/categories?post=172833"},{"taxonomy":"post_tag","embeddable":true,"href":"https:\/\/www.radiopiu.net\/wordpress\/wp-json\/wp\/v2\/tags?post=172833"}],"curies":[{"name":"wp","href":"https:\/\/api.w.org\/{rel}","templated":true}]}}