{"id":172880,"date":"2020-11-16T05:49:10","date_gmt":"2020-11-16T04:49:10","guid":{"rendered":"https:\/\/www.radiopiu.net\/wordpress\/?p=172880"},"modified":"2020-11-16T08:26:35","modified_gmt":"2020-11-16T07:26:35","slug":"grave-incidente-in-repubblica-dominicana-perde-la-vita-una","status":"publish","type":"post","link":"https:\/\/www.radiopiu.net\/wordpress\/grave-incidente-in-repubblica-dominicana-perde-la-vita-una\/","title":{"rendered":"ANGELICA 18 ANNI DI SANTA GIUSTINA MUORE A SANTO DOMINGO, IN MOTO CON UN AMICO TRAVOLTA DA UN PICK UP PIRATA"},"content":{"rendered":"<p><strong><a href=\"https:\/\/www.radiopiu.net\/wordpress\/grave-incidente-in-repubblica-dominicana-perde-la-vita-una-diciottenne-di-santa-giustina\/schermata-2020-11-15-alle-14-10-05\/\" rel=\"attachment wp-att-172881\"><img loading=\"lazy\" decoding=\"async\" class=\" wp-image-172881 alignleft\" src=\"https:\/\/www.radiopiu.net\/wordpress\/wp-content\/uploads\/2020\/11\/Schermata-2020-11-15-alle-14.10.05-300x237.png\" alt=\"\" width=\"229\" height=\"181\" srcset=\"https:\/\/www.radiopiu.net\/wordpress\/wp-content\/uploads\/2020\/11\/Schermata-2020-11-15-alle-14.10.05-300x237.png 300w, https:\/\/www.radiopiu.net\/wordpress\/wp-content\/uploads\/2020\/11\/Schermata-2020-11-15-alle-14.10.05.png 750w\" sizes=\"auto, (max-width: 229px) 100vw, 229px\" \/><\/a>SANTA GIUSTINA <\/strong>Angelica Gerlin diciottenne di Santa Giustina, gi\u00e0 studente all&#8217;Istituto Segato di Belluno \u00e8 morta in un grave incidente stradale nella Repubblica Dominicana. \u00a0La ragazza era a bordo di una moto condotta da un amico della zona, Manuel di professione Dj, anche lui ha perso la vita nel drammatico sinistro. La moto si \u00e8 scontrata con un&#8217;autovettura pick up il cui conducente si \u00e8 dato alla fuga. La notizia ha fatto rapidamente il giro di Santa Giustina lasciando nello sconforto pap\u00e0 Renato, mamma Daniela e la sorella Nicole. Alla famiglia Gerlin (molto conosciuta in paese per aver aperto e gestito la pizzeria al taglio)\u00a0 cos\u00ec duramente colpita stanno arrivando numerosi messaggi di solidariet\u00e0.\u00a0 La sorella Nicole ha affidato alla pagina facebook un commovente ricordo di Angelica<em> &#8220;Come potr\u00f2 vivere con questo vuoto che solo tu colmavi con il tuo amore, i tuoi sorrisi e l&#8217;essere te. Come posso non vederti e parlarti pi\u00f9. Avevi finalmente trovato l&#8217;amore della tua vita, eri felice nel paese in cui tanto desideravi vivere. Nessuno riempir\u00e0 il vuoto che hai lasciato in me&#8230;&#8221;.\u00a0<\/em>La dinamica dell&#8217;incidente a Santo Domingo non \u00e8 ancora del tutto chiaro, fonti spagnole riferiscono che il pick up avrebbe agganciato la moto trascinandola per un lungo tratto, il conducente non si sarebbe fermato dopo lo schianto. Poi ha abbandonato il pick up facendo perdere le proprie tracce. Per Santa Giustina \u00e8 la seconda tragedia in pochi mesi dopo la morte della scorsa estate di Alessio, 16 anni, schiacciato dai sassi sulle rive del Piave.<\/p>\n<p>&nbsp;<\/p>\n<p>&nbsp;<\/p>\n<p>&nbsp;<\/p>\n","protected":false},"excerpt":{"rendered":"<p>SANTA GIUSTINA Angelica Gerlin diciottenne di Santa Giustina, gi\u00e0 studente all&#8217;Istituto Segato di Belluno \u00e8 morta in un grave incidente stradale nella Repubblica Dominicana. \u00a0La ragazza era a bordo di una moto condotta da un amico della zona, Manuel di professione Dj, anche lui ha perso la vita nel drammatico sinistro. La moto si \u00e8&hellip;<\/p>\n","protected":false},"author":4,"featured_media":172881,"comment_status":"closed","ping_status":"closed","sticky":false,"template":"","format":"standard","meta":{"_monsterinsights_skip_tracking":false,"_monsterinsights_sitenote_active":false,"_monsterinsights_sitenote_note":"","_monsterinsights_sitenote_category":0,"footnotes":""},"categories":[51,49],"tags":[],"class_list":["post-172880","post","type-post","status-publish","format-standard","has-post-thumbnail","hentry","category-evidenza-top","category-news-18","category-51","category-49","description-off"],"img_url":"https:\/\/www.radiopiu.net\/wordpress\/wp-content\/uploads\/2020\/11\/Schermata-2020-11-15-alle-14.10.05.png","_links":{"self":[{"href":"https:\/\/www.radiopiu.net\/wordpress\/wp-json\/wp\/v2\/posts\/172880","targetHints":{"allow":["GET"]}}],"collection":[{"href":"https:\/\/www.radiopiu.net\/wordpress\/wp-json\/wp\/v2\/posts"}],"about":[{"href":"https:\/\/www.radiopiu.net\/wordpress\/wp-json\/wp\/v2\/types\/post"}],"author":[{"embeddable":true,"href":"https:\/\/www.radiopiu.net\/wordpress\/wp-json\/wp\/v2\/users\/4"}],"replies":[{"embeddable":true,"href":"https:\/\/www.radiopiu.net\/wordpress\/wp-json\/wp\/v2\/comments?post=172880"}],"version-history":[{"count":0,"href":"https:\/\/www.radiopiu.net\/wordpress\/wp-json\/wp\/v2\/posts\/172880\/revisions"}],"wp:featuredmedia":[{"embeddable":true,"href":"https:\/\/www.radiopiu.net\/wordpress\/wp-json\/wp\/v2\/media\/172881"}],"wp:attachment":[{"href":"https:\/\/www.radiopiu.net\/wordpress\/wp-json\/wp\/v2\/media?parent=172880"}],"wp:term":[{"taxonomy":"category","embeddable":true,"href":"https:\/\/www.radiopiu.net\/wordpress\/wp-json\/wp\/v2\/categories?post=172880"},{"taxonomy":"post_tag","embeddable":true,"href":"https:\/\/www.radiopiu.net\/wordpress\/wp-json\/wp\/v2\/tags?post=172880"}],"curies":[{"name":"wp","href":"https:\/\/api.w.org\/{rel}","templated":true}]}}