{"id":172932,"date":"2020-11-16T05:45:46","date_gmt":"2020-11-16T04:45:46","guid":{"rendered":"https:\/\/www.radiopiu.net\/wordpress\/?p=172932"},"modified":"2020-11-16T06:01:06","modified_gmt":"2020-11-16T05:01:06","slug":"volano-dalla-via-benvegnu-sulla-moiazza","status":"publish","type":"post","link":"https:\/\/www.radiopiu.net\/wordpress\/volano-dalla-via-benvegnu-sulla-moiazza\/","title":{"rendered":"VOLANO DALLA VIA BENVEGNU&#8217; SULLA MOIAZZA"},"content":{"rendered":"<p><strong><a href=\"https:\/\/www.radiopiu.net\/wordpress\/nel-2019-sono-stati-908-gli-interventi-del-soccorso-alpino-e-speleologico-in-calo-del-4-32\/salt_20190824_170014_036\/\" rel=\"attachment wp-att-129118\"><img loading=\"lazy\" decoding=\"async\" class=\" wp-image-129118 alignleft\" src=\"https:\/\/www.radiopiu.net\/wordpress\/wp-content\/uploads\/2020\/04\/salt_20190824_170014_036-300x225.jpg\" alt=\"\" width=\"225\" height=\"169\" srcset=\"https:\/\/www.radiopiu.net\/wordpress\/wp-content\/uploads\/2020\/04\/salt_20190824_170014_036-300x225.jpg 300w, https:\/\/www.radiopiu.net\/wordpress\/wp-content\/uploads\/2020\/04\/salt_20190824_170014_036-1024x768.jpg 1024w, https:\/\/www.radiopiu.net\/wordpress\/wp-content\/uploads\/2020\/04\/salt_20190824_170014_036-768x576.jpg 768w, https:\/\/www.radiopiu.net\/wordpress\/wp-content\/uploads\/2020\/04\/salt_20190824_170014_036.jpg 1240w\" sizes=\"auto, (max-width: 225px) 100vw, 225px\" \/><\/a>VAL DI ZOLDO<\/strong> Alle 11.40 circa la Centrale del 118 \u00e8 stata allertata da alcune persone che avevano visto volare due persone dalla Via Benvegn\u00f9 alla Pala della Gigia, in Moiazza. Mentre l&#8217;elicottero del Suem di Pieve di Cadore decollava, \u00e8 arrivata una seconda chiamata, da parte di una seconda cordata, che avvisava che i due rocciatori, caduti per una decina di metri dal terzo tiro, si trovavano sulla cengia assieme a loro: un ragazzo era incolume, una ragazza, L.C., 30 anni, di Conegliano (TV), aveva invece riportato possibili traumi. Una volta individuati, l&#8217;eliambulanza ha recuperato l&#8217;infortunata con un verricello di 45 metri, per trasportarla all&#8217;ospedale di Belluno. Il compagno \u00e8 invece rientrato con l&#8217;altra cordata.<\/p>\n","protected":false},"excerpt":{"rendered":"<p>VAL DI ZOLDO Alle 11.40 circa la Centrale del 118 \u00e8 stata allertata da alcune persone che avevano visto volare due persone dalla Via Benvegn\u00f9 alla Pala della Gigia, in Moiazza. Mentre l&#8217;elicottero del Suem di Pieve di Cadore decollava, \u00e8 arrivata una seconda chiamata, da parte di una seconda cordata, che avvisava che i&hellip;<\/p>\n","protected":false},"author":4,"featured_media":129118,"comment_status":"closed","ping_status":"closed","sticky":false,"template":"","format":"standard","meta":{"_monsterinsights_skip_tracking":false,"_monsterinsights_sitenote_active":false,"_monsterinsights_sitenote_note":"","_monsterinsights_sitenote_category":0,"footnotes":""},"categories":[51,49],"tags":[],"class_list":["post-172932","post","type-post","status-publish","format-standard","has-post-thumbnail","hentry","category-evidenza-top","category-news-18","category-51","category-49","description-off"],"img_url":"https:\/\/www.radiopiu.net\/wordpress\/wp-content\/uploads\/2020\/04\/salt_20190824_170014_036.jpg","_links":{"self":[{"href":"https:\/\/www.radiopiu.net\/wordpress\/wp-json\/wp\/v2\/posts\/172932","targetHints":{"allow":["GET"]}}],"collection":[{"href":"https:\/\/www.radiopiu.net\/wordpress\/wp-json\/wp\/v2\/posts"}],"about":[{"href":"https:\/\/www.radiopiu.net\/wordpress\/wp-json\/wp\/v2\/types\/post"}],"author":[{"embeddable":true,"href":"https:\/\/www.radiopiu.net\/wordpress\/wp-json\/wp\/v2\/users\/4"}],"replies":[{"embeddable":true,"href":"https:\/\/www.radiopiu.net\/wordpress\/wp-json\/wp\/v2\/comments?post=172932"}],"version-history":[{"count":0,"href":"https:\/\/www.radiopiu.net\/wordpress\/wp-json\/wp\/v2\/posts\/172932\/revisions"}],"wp:featuredmedia":[{"embeddable":true,"href":"https:\/\/www.radiopiu.net\/wordpress\/wp-json\/wp\/v2\/media\/129118"}],"wp:attachment":[{"href":"https:\/\/www.radiopiu.net\/wordpress\/wp-json\/wp\/v2\/media?parent=172932"}],"wp:term":[{"taxonomy":"category","embeddable":true,"href":"https:\/\/www.radiopiu.net\/wordpress\/wp-json\/wp\/v2\/categories?post=172932"},{"taxonomy":"post_tag","embeddable":true,"href":"https:\/\/www.radiopiu.net\/wordpress\/wp-json\/wp\/v2\/tags?post=172932"}],"curies":[{"name":"wp","href":"https:\/\/api.w.org\/{rel}","templated":true}]}}