{"id":172983,"date":"2020-11-16T05:42:22","date_gmt":"2020-11-16T04:42:22","guid":{"rendered":"https:\/\/www.radiopiu.net\/wordpress\/?p=172983"},"modified":"2020-11-16T06:03:00","modified_gmt":"2020-11-16T05:03:00","slug":"al-volante-con-3-grammi-litro-di-alcool-nel-sangue-6-volte-oltre-il-consentito","status":"publish","type":"post","link":"https:\/\/www.radiopiu.net\/wordpress\/al-volante-con-3-grammi-litro-di-alcool-nel-sangue-6-volte-oltre-il-consentito\/","title":{"rendered":"AL VOLANTE CON 3 GRAMMI LITRO DI ALCOOL NEL SANGUE, 6 VOLTE OLTRE IL CONSENTITO"},"content":{"rendered":"<p><strong><a href=\"https:\/\/www.radiopiu.net\/wordpress\/al-volante-con-3-grammi-litro-di-alcool-nel-sangue-6-volte-oltre-il-consentito\/f4f351b5-bc62-444f-a077-1b731b02f134\/\" rel=\"attachment wp-att-172984\"><img loading=\"lazy\" decoding=\"async\" class=\"size-medium wp-image-172984 alignleft\" src=\"https:\/\/www.radiopiu.net\/wordpress\/wp-content\/uploads\/2020\/11\/f4f351b5-bc62-444f-a077-1b731b02f134-138x300.jpg\" alt=\"\" width=\"138\" height=\"300\" srcset=\"https:\/\/www.radiopiu.net\/wordpress\/wp-content\/uploads\/2020\/11\/f4f351b5-bc62-444f-a077-1b731b02f134-138x300.jpg 138w, https:\/\/www.radiopiu.net\/wordpress\/wp-content\/uploads\/2020\/11\/f4f351b5-bc62-444f-a077-1b731b02f134-472x1024.jpg 472w, https:\/\/www.radiopiu.net\/wordpress\/wp-content\/uploads\/2020\/11\/f4f351b5-bc62-444f-a077-1b731b02f134.jpg 590w\" sizes=\"auto, (max-width: 138px) 100vw, 138px\" \/><\/a>SOSPIROLO\u00a0<\/strong> Per un po&#8217; non potr\u00e0 pi\u00f9 guidare l&#8217;auto, perch\u00e8 i Carabinieri al controllo con l&#8217;etilometro hanno verificato un alto grado alcoolico. Gli uomini dell&#8217;Arma sono intervenuti in seguito ad un sinistro, un&#8217;uscita autonoma con l&#8217;auto (una Opel corsa). La conducente C.C. 49 anni del posto mentre percorreva la provinciale 2 verso il lago del Mis ha impostato male la curva a sinistra. Per lei nessuna ferita, 3gr\/l invece il risultato dell&#8217;alcool test, inoltre viaggiava con un&#8217;auto priva di assicurazione e revisione.<\/p>\n<p>&nbsp;<\/p>\n","protected":false},"excerpt":{"rendered":"<p>SOSPIROLO\u00a0 Per un po&#8217; non potr\u00e0 pi\u00f9 guidare l&#8217;auto, perch\u00e8 i Carabinieri al controllo con l&#8217;etilometro hanno verificato un alto grado alcoolico. Gli uomini dell&#8217;Arma sono intervenuti in seguito ad un sinistro, un&#8217;uscita autonoma con l&#8217;auto (una Opel corsa). La conducente C.C. 49 anni del posto mentre percorreva la provinciale 2 verso il lago del&hellip;<\/p>\n","protected":false},"author":4,"featured_media":172984,"comment_status":"closed","ping_status":"closed","sticky":false,"template":"","format":"standard","meta":{"_monsterinsights_skip_tracking":false,"_monsterinsights_sitenote_active":false,"_monsterinsights_sitenote_note":"","_monsterinsights_sitenote_category":0,"footnotes":""},"categories":[51,104,49],"tags":[],"class_list":["post-172983","post","type-post","status-publish","format-standard","has-post-thumbnail","hentry","category-evidenza-top","category-evidenza_3","category-news-18","category-51","category-104","category-49","description-off"],"img_url":"https:\/\/www.radiopiu.net\/wordpress\/wp-content\/uploads\/2020\/11\/f4f351b5-bc62-444f-a077-1b731b02f134.jpg","_links":{"self":[{"href":"https:\/\/www.radiopiu.net\/wordpress\/wp-json\/wp\/v2\/posts\/172983","targetHints":{"allow":["GET"]}}],"collection":[{"href":"https:\/\/www.radiopiu.net\/wordpress\/wp-json\/wp\/v2\/posts"}],"about":[{"href":"https:\/\/www.radiopiu.net\/wordpress\/wp-json\/wp\/v2\/types\/post"}],"author":[{"embeddable":true,"href":"https:\/\/www.radiopiu.net\/wordpress\/wp-json\/wp\/v2\/users\/4"}],"replies":[{"embeddable":true,"href":"https:\/\/www.radiopiu.net\/wordpress\/wp-json\/wp\/v2\/comments?post=172983"}],"version-history":[{"count":0,"href":"https:\/\/www.radiopiu.net\/wordpress\/wp-json\/wp\/v2\/posts\/172983\/revisions"}],"wp:featuredmedia":[{"embeddable":true,"href":"https:\/\/www.radiopiu.net\/wordpress\/wp-json\/wp\/v2\/media\/172984"}],"wp:attachment":[{"href":"https:\/\/www.radiopiu.net\/wordpress\/wp-json\/wp\/v2\/media?parent=172983"}],"wp:term":[{"taxonomy":"category","embeddable":true,"href":"https:\/\/www.radiopiu.net\/wordpress\/wp-json\/wp\/v2\/categories?post=172983"},{"taxonomy":"post_tag","embeddable":true,"href":"https:\/\/www.radiopiu.net\/wordpress\/wp-json\/wp\/v2\/tags?post=172983"}],"curies":[{"name":"wp","href":"https:\/\/api.w.org\/{rel}","templated":true}]}}